{"id":85469,"date":"2023-06-12T11:01:48","date_gmt":"2023-06-12T09:01:48","guid":{"rendered":"https:\/\/obera.fr\/a-mi-tanacsunk\/poussiere-de-silice-renovation-du-portail-st-laurent-de-la-cathedrale-de-strasbourg\/"},"modified":"2025-04-23T08:54:44","modified_gmt":"2025-04-23T06:54:44","slug":"poussiere-de-silice-renovation-du-portail-st-laurent-de-la-cathedrale-de-strasbourg","status":"publish","type":"post","link":"https:\/\/obera.fr\/hu\/a-mi-tanacsunk\/poussiere-de-silice-renovation-du-portail-st-laurent-de-la-cathedrale-de-strasbourg\/","title":{"rendered":"Szilikapor: A strasbourgi katedr\u00e1lis Szent L\u0151rinc-kapuj\u00e1nak fel\u00faj\u00edt\u00e1sa"},"content":{"rendered":"\n<p><strong>A strasbourgi katedr\u00e1lis<\/strong> \u00e9p\u00edt\u00e9szeti \u00e9kszer, amely Franciaorsz\u00e1g \u00f6r\u00f6ks\u00e9g\u00e9nek gazdags\u00e1g\u00e1t \u00e9s pomp\u00e1j\u00e1t testes\u00edti meg. Ez az impoz\u00e1ns g\u00f3tikus katedr\u00e1lis a vil\u00e1g minden t\u00e1j\u00e1r\u00f3l \u00e9rkez\u0151 l\u00e1togat\u00f3t leny\u0171g\u00f6z fens\u00e9g\u00e9vel \u00e9s t\u00f6rt\u00e9nelm\u00e9vel. <\/p>\n\n<h2 class=\"wp-block-heading\">A strasbourgi katedr\u00e1lis, az UNESCO vil\u00e1g\u00f6r\u00f6ks\u00e9g r\u00e9sze<\/h2>\n\n<figure class=\"wp-block-embed is-type-video is-provider-youtube wp-block-embed-youtube wp-embed-aspect-16-9 wp-has-aspect-ratio\"><div class=\"wp-block-embed__wrapper\">\n<iframe title=\"R\u00e9novation du portail saint-Laurent \u00e0 la cath\u00e9drale de Strasbourg par OberA\" width=\"1200\" height=\"675\" src=\"https:\/\/www.youtube.com\/embed\/QwxNtAw6KLQ?feature=oembed\" frameborder=\"0\" allow=\"accelerometer; autoplay; clipboard-write; encrypted-media; gyroscope; picture-in-picture; web-share\" referrerpolicy=\"strict-origin-when-cross-origin\" allowfullscreen><\/iframe>\n<\/div><\/figure>\n\n<p>A strasbourgi sz\u00e9kesegyh\u00e1z, hivatalos nev\u00e9n Notre-Dame de Strasbourg sz\u00e9kesegyh\u00e1z, igazi \u00e9p\u00edt\u00e9szeti remekm\u0171. A 12. \u00e9s 15. sz\u00e1zad k\u00f6z\u00f6tt \u00e9p\u00fclt, \u00e9s a g\u00f3tikus \u00e9p\u00edt\u00e9szet egyik legjelent\u0151sebb p\u00e9ld\u00e1jak\u00e9nt tartj\u00e1k sz\u00e1mon. 1988-ban felvett\u00e9k az <strong>UNESCO vil\u00e1g\u00f6r\u00f6ks\u00e9gi<\/strong> list\u00e1j\u00e1ra, kiemelve kiv\u00e9teles kultur\u00e1lis \u00e9s t\u00f6rt\u00e9nelmi jelent\u0151s\u00e9g\u00e9t.  <\/p>\n\n<h2 class=\"wp-block-heading\">A Szent L\u0151rinc port\u00e1l fel\u00faj\u00edt\u00e1sa, vesz\u00e9lyt jelent a munkav\u00e1llal\u00f3k sz\u00e1m\u00e1ra<\/h2>\n\n<h3 class=\"wp-block-heading\">A Szent L\u0151rinc-kapu<\/h3>\n\n<p>A <strong>Saint Laurent-kapu<\/strong> a strasbourgi sz\u00e9kesegyh\u00e1z egyik f\u0151bej\u00e1rata. A g\u00f3tikus szobr\u00e1szat remekm\u0171ve, igazi l\u00e1tv\u00e1nyoss\u00e1g. A port\u00e1lt d\u00edsz\u00edt\u0151 szobrok bibliai jeleneteket \u00e9s vall\u00e1si alakokat \u00e1br\u00e1zolnak. Figyelemre m\u00e9lt\u00f3 finoms\u00e1ggal k\u00e9sz\u00fcltek, \u00e9s a korabeli m\u0171v\u00e9szek \u00fcgyess\u00e9g\u00e9r\u0151l tan\u00faskodnak. A l\u00e1togat\u00f3k megcsod\u00e1lhatj\u00e1k a <strong>szobrok kifinomult r\u00e9szletess\u00e9g\u00e9t<\/strong>, \u00e9s r\u00e1csod\u00e1lkozhatnak a fontos bibliai t\u00f6rt\u00e9netek m\u0171v\u00e9szi \u00e1br\u00e1zol\u00e1s\u00e1ra.    <\/p>\n\n<h3 class=\"wp-block-heading\">A Szent L\u0151rinc-kapu fel\u00faj\u00edt\u00e1sa<\/h3>\n\n<p><strong> A k\u0151farag\u00e1s \u0151si \u00e9s elismert szakma<\/strong>, de jelent\u0151s eg\u00e9szs\u00e9g\u00fcgyi kock\u00e1zatot is jelenthet a mesteremberek sz\u00e1m\u00e1ra. Az egyik legaggaszt\u00f3bb kock\u00e1zatot a szil\u00edcium-dioxid jelenti, amely sz\u00e1mos k\u0151ben term\u00e9szetes m\u00f3don jelen van. <\/p>\n\n<h2 class=\"wp-block-heading\">A szil\u00edcium-dioxid \u00e9s eg\u00e9szs\u00e9g\u00fcgyi kock\u00e1zatai<\/h2>\n\n<p><strong> A szil\u00edcium-dioxid<\/strong> a szil\u00edcium-dioxid<strong> krist\u00e1lyos form\u00e1ja<\/strong>, amely sz\u00e1mos k\u0151fajt\u00e1ban, t\u00f6bbek k\u00f6z\u00f6tt a homokk\u0151ben is megtal\u00e1lhat\u00f3. A k\u0151 v\u00e1g\u00e1sakor a s\u00farl\u00f3d\u00e1s \u00e9s az \u00fct\u00e9s szil\u00edcium-dioxidot tartalmaz\u00f3 porszemcs\u00e9ket termel, amelyeket<strong> a mesteremberek bel\u00e9legezhetnek<\/strong>. A szil\u00edcium-dioxidnak val\u00f3 kr\u00f3nikus kitetts\u00e9g s\u00falyos eg\u00e9szs\u00e9g\u00fcgyi probl\u00e9m\u00e1khoz vezethet, p\u00e9ld\u00e1ul szilik\u00f3zishoz, egy gy\u00f3gy\u00edthatatlan t\u00fcd\u0151betegs\u00e9ghez, amely cs\u00f6kkenti a l\u00e9gz\u00e9si kapacit\u00e1st. A szil\u00edcium-dioxid a<strong> t\u00fcd\u0151r\u00e1k, a<\/strong> l\u00e9gz\u0151szervi megbeteged\u00e9sek \u00e9s m\u00e1s t\u00fcd\u0151betegs\u00e9gek<strong> fokozott kock\u00e1zat\u00e1val<\/strong> is \u00f6sszef\u00fcgg\u00e9sbe hozhat\u00f3.   <\/p>\n\n<h2 class=\"wp-block-heading\">Megel\u0151z\u00e9si \u00e9s v\u00e9delmi int\u00e9zked\u00e9sek<\/h2>\n\n<p>A <strong>k\u0151farag\u00e1s sor\u00e1n a szil\u00edcium-dioxiddal kapcsolatos kock\u00e1zatok<\/strong> minimaliz\u00e1l\u00e1sa \u00e9rdek\u00e9ben elengedhetetlen a megfelel\u0151 megel\u0151z\u00e9si \u00e9s v\u00e9delmi int\u00e9zked\u00e9sek bevezet\u00e9se. El\u0151sz\u00f6r is, a mesterembereket speci\u00e1lisan a <strong>szil\u00edcium-dioxid-r\u00e9szecsk\u00e9k<\/strong> kisz\u0171r\u00e9s\u00e9re tervezett l\u00e9gz\u0151maszkokkal kell felszerelni. Ezeket a maszkokat megfelel\u0151en kell felszerelni \u00e9s rendszeresen cser\u00e9lni az optim\u00e1lis v\u00e9delem biztos\u00edt\u00e1sa \u00e9rdek\u00e9ben.  <\/p>\n\n<p>A <strong>St Laurent port\u00e1l fel\u00faj\u00edt\u00e1sa<\/strong> sor\u00e1n az OberA a Franciaorsz\u00e1gban egyed\u00fcl\u00e1ll\u00f3 k\u00f6zponti porelsz\u00edv\u00f3 rendszer tervez\u00e9s\u00e9re, beszerz\u00e9s\u00e9re \u00e9s fejleszt\u00e9s\u00e9re vonatkoz\u00f3 specifik\u00e1ci\u00f3ra is v\u00e1laszolt. A k\u0151m\u0171vesek optim\u00e1lis v\u00e9delm\u00e9nek biztos\u00edt\u00e1sa \u00e9rdek\u00e9ben az OberA porelsz\u00edv\u00f3t telep\u00edtett. <strong><a href=\"https:\/\/obera.fr\/hu\/produits\/depoussiereurs-industriels\/mobiles\/extracteur-poussiere-dustomat-4\/\" data-type=\"page\" data-id=\"440\">Dustomat 4.24<\/a><\/strong> cs\u0151rendszerrel, amely a <strong>Saint-Laurent port\u00e1l k\u00fcl\u00f6nb\u00f6z\u0151 szintjein<\/strong> tal\u00e1lhat\u00f3 t\u00f6bb k\u0151farag\u00f3 \u00e1llom\u00e1st l\u00e1t el. A berendez\u00e9s ak\u00e1r 3<strong> k\u0151farag\u00f3\u00e1llom\u00e1s egyidej\u0171<\/strong> m\u0171k\u00f6d\u00e9s\u00e9t is lehet\u0151v\u00e9 teszi<strong>.<\/strong>  <\/p>\n\n<p><\/p>\n\n<div class=\"wp-block-columns is-layout-flex wp-container-core-columns-is-layout-28f84493 wp-block-columns-is-layout-flex\">\n<div class=\"wp-block-column is-layout-flow wp-block-column-is-layout-flow\">\n<div class=\"wp-block-buttons alignwide is-content-justification-center is-layout-flex wp-container-core-buttons-is-layout-a89b3969 wp-block-buttons-is-layout-flex\">\n<div class=\"wp-block-button\"><a class=\"wp-block-button__link wp-element-button\" href=\"https:\/\/obera.fr\/produits\/depoussiereurs-industriels\/mobiles\/\">Mobil ipari porlev\u00e1laszt\u00f3ink<\/a><\/div>\n<\/div>\n<\/div>\n\n\n\n<div class=\"wp-block-column is-layout-flow wp-block-column-is-layout-flow\">\n<div class=\"wp-block-buttons is-horizontal is-content-justification-center is-layout-flex wp-container-core-buttons-is-layout-03627597 wp-block-buttons-is-layout-flex\">\n<div class=\"wp-block-button\"><a class=\"wp-block-button__link wp-element-button\" href=\"https:\/\/obera.fr\/contact\/\">Tudjon meg t\u00f6bbet<\/a><\/div>\n<\/div>\n<\/div>\n<\/div>\n","protected":false},"excerpt":{"rendered":"<p>A strasbourgi katedr\u00e1lis \u00e9p\u00edt\u00e9szeti \u00e9kszer, amely Franciaorsz\u00e1g \u00f6r\u00f6ks\u00e9g\u00e9nek gazdags\u00e1g\u00e1t \u00e9s pomp\u00e1j\u00e1t testes\u00edti meg. Ez az impoz\u00e1ns g\u00f3tikus katedr\u00e1lis a vil\u00e1g minden t\u00e1j\u00e1r\u00f3l \u00e9rkez\u0151 l\u00e1togat\u00f3t leny\u0171g\u00f6z fens\u00e9g\u00e9vel \u00e9s t\u00f6rt\u00e9nelm\u00e9vel. <\/p>\n","protected":false},"author":4,"featured_media":0,"comment_status":"closed","ping_status":"closed","sticky":false,"template":"","format":"standard","meta":{"_acf_changed":false,"_seopress_robots_primary_cat":"none","_seopress_titles_title":"A Saint-Laurent port\u00e1l fel\u00faj\u00edt\u00e1sa, Notre-Dame sz\u00e9kesegyh\u00e1z, Strasbourg","_seopress_titles_desc":"A strasbourgi sz\u00e9kesegyh\u00e1z Szent L\u0151rinc-kapuj\u00e1nak fel\u00faj\u00edt\u00e1sa sor\u00e1n az OberA egy Franciaorsz\u00e1gban egyed\u00fcl\u00e1ll\u00f3 k\u00f6zponti v\u00e1kuumrendszert telep\u00edtett.","_seopress_robots_index":"","footnotes":""},"categories":[314],"tags":[323],"class_list":["post-85469","post","type-post","status-publish","format-standard","hentry","category-a-mi-tanacsunk","tag-entete-kicsi","generate-columns","tablet-grid-50","mobile-grid-100","grid-parent","grid-50","no-featured-image-padding"],"acf":[],"_links":{"self":[{"href":"https:\/\/obera.fr\/hu\/wp-json\/wp\/v2\/posts\/85469","targetHints":{"allow":["GET"]}}],"collection":[{"href":"https:\/\/obera.fr\/hu\/wp-json\/wp\/v2\/posts"}],"about":[{"href":"https:\/\/obera.fr\/hu\/wp-json\/wp\/v2\/types\/post"}],"author":[{"embeddable":true,"href":"https:\/\/obera.fr\/hu\/wp-json\/wp\/v2\/users\/4"}],"replies":[{"embeddable":true,"href":"https:\/\/obera.fr\/hu\/wp-json\/wp\/v2\/comments?post=85469"}],"version-history":[{"count":1,"href":"https:\/\/obera.fr\/hu\/wp-json\/wp\/v2\/posts\/85469\/revisions"}],"predecessor-version":[{"id":85471,"href":"https:\/\/obera.fr\/hu\/wp-json\/wp\/v2\/posts\/85469\/revisions\/85471"}],"wp:attachment":[{"href":"https:\/\/obera.fr\/hu\/wp-json\/wp\/v2\/media?parent=85469"}],"wp:term":[{"taxonomy":"category","embeddable":true,"href":"https:\/\/obera.fr\/hu\/wp-json\/wp\/v2\/categories?post=85469"},{"taxonomy":"post_tag","embeddable":true,"href":"https:\/\/obera.fr\/hu\/wp-json\/wp\/v2\/tags?post=85469"}],"curies":[{"name":"wp","href":"https:\/\/api.w.org\/{rel}","templated":true}]}}