{"id":85707,"date":"2023-04-25T16:45:46","date_gmt":"2023-04-25T14:45:46","guid":{"rendered":"https:\/\/obera.fr\/a-mi-tanacsunk\/les-avantages-de-la-purification-dair-sur-vos-factures-energetiques\/"},"modified":"2025-04-23T09:02:51","modified_gmt":"2025-04-23T07:02:51","slug":"les-avantages-de-la-purification-dair-sur-vos-factures-energetiques","status":"publish","type":"post","link":"https:\/\/obera.fr\/hu\/a-mi-tanacsunk\/les-avantages-de-la-purification-dair-sur-vos-factures-energetiques\/","title":{"rendered":"Milyen el\u0151ny\u00f6kkel j\u00e1r a l\u00e9gtiszt\u00edt\u00f3 az energiasz\u00e1ml\u00e1kra n\u00e9zve?"},"content":{"rendered":"\n<p>Az ipari helyis\u00e9gekben a leveg\u0151 <strong>r\u00e9tegz\u0151d\u00e9se <\/strong>jelent\u0151s h\u0151vesztes\u00e9ghez, rossz leveg\u0151min\u0151s\u00e9ghez \u00e9s a dolgoz\u00f3k komfort\u00e9rzet\u00e9nek hi\u00e1ny\u00e1hoz vezethet. <strong>A l\u00e9gr\u00e9tegtelen\u00edt\u00e9s <\/strong>a meleg \u00e9s hideg leveg\u0151 kever\u00e9s\u00e9t jelenti, hogy kiegyenl\u00edtse a helyis\u00e9g h\u0151m\u00e9rs\u00e9klet\u00e9t, ez\u00e1ltal cs\u00f6kkentve a h\u0151vesztes\u00e9get \u00e9s korl\u00e1tozva a f\u0171t\u00e9si \u00e9s l\u00e9gkondicion\u00e1l\u00e1si fogyaszt\u00e1st. Az OberA <strong>ipari l\u00e9gtiszt\u00edt\u00f3 berendez\u00e9sei<\/strong> lehet\u0151v\u00e9 teszik, hogy ez a destratifik\u00e1ci\u00f3 gazdas\u00e1gosan \u00e9s hat\u00e9konyan t\u00f6rt\u00e9njen, mik\u00f6zben a porszemcs\u00e9ket, g\u00e1zokat \u00e9s szagokat elt\u00e1vol\u00edtj\u00e1k, eg\u00e9szs\u00e9gesebb \u00e9s biztons\u00e1gosabb munkak\u00f6rnyezetet teremtve a dolgoz\u00f3k sz\u00e1m\u00e1ra. Az al\u00e1bbi cikkben ezt r\u00e9szletesebben is kifejtj\u00fck.   <\/p>\n\n<div class=\"wp-block-buttons is-horizontal is-content-justification-center is-layout-flex wp-container-core-buttons-is-layout-03627597 wp-block-buttons-is-layout-flex\">\n<div class=\"wp-block-button\"><a class=\"wp-block-button__link wp-element-button\" href=\"https:\/\/obera.fr\/contact\/\">Tudjon meg t\u00f6bbet<\/a><\/div>\n<\/div>\n\n<h2 class=\"wp-block-heading\">Mi az a l\u00e9gr\u00e9tegz\u0151d\u00e9s?<\/h2>\n\n<p>A leveg\u0151 <strong>r\u00e9tegz\u0151d\u00e9se <\/strong>gyakori jelens\u00e9g az olyan ipari helyis\u00e9gekben, ahol a leveg\u0151t f\u0171tik. Ez abban nyilv\u00e1nul meg, hogy a helyis\u00e9g fels\u0151 r\u00e9sz\u00e9n meleg, m\u00edg az als\u00f3 r\u00e9sz\u00e9n hideg leveg\u0151b\u0151l \u00e1ll\u00f3 r\u00e9tegek k\u00e9pz\u0151dnek,<strong> jelent\u0151s h\u0151m\u00e9rs\u00e9kletk\u00fcl\u00f6nbs\u00e9geket<\/strong> l\u00e9trehozva. Ez a r\u00e9tegz\u0151d\u00e9s jelent\u0151s h\u0151vesztes\u00e9ghez, a dolgoz\u00f3k komfort\u00e9rzet\u00e9nek hi\u00e1ny\u00e1hoz \u00e9s <a href=\"https:\/\/obera.fr\/conseils\/qualite-l-air-interieur-critere-essentiel-industrie\/\">rossz leveg\u0151min\u0151s\u00e9ghez<\/a> vezethet.  <\/p>\n\n<figure class=\"wp-block-image aligncenter size-medium is-resized\"><img decoding=\"async\" width=\"300\" height=\"300\" src=\"https:\/\/obera.fr\/wp-content\/uploads\/2023\/04\/sans-titre-2023-04-25t154307.808-300x300.png\" alt=\"Leveg&#x151; r&#xE9;tegz&#x151;d&#xE9;s\" class=\"wp-image-21980\" style=\"width:225px;height:225px\" srcset=\"https:\/\/obera.fr\/wp-content\/uploads\/2023\/04\/sans-titre-2023-04-25t154307.808-300x300.png 300w, https:\/\/obera.fr\/wp-content\/uploads\/2023\/04\/sans-titre-2023-04-25t154307.808-150x150.png 150w, https:\/\/obera.fr\/wp-content\/uploads\/2023\/04\/sans-titre-2023-04-25t154307.808.png 700w\" sizes=\"(max-width: 300px) 100vw, 300px\" \/><\/figure>\n\n<h2 class=\"wp-block-heading\">Mi az a leveg\u0151 destratifik\u00e1l\u00e1sa?<\/h2>\n\n<p>A leveg\u0151 <strong>destratifik\u00e1ci\u00f3ja <\/strong>a meleg \u00e9s hideg leveg\u0151 kevered\u00e9s\u00e9t jelenti, hogy kiegyenl\u00edtse<strong> a helyis\u00e9g h\u0151m\u00e9rs\u00e9klet\u00e9t<\/strong>. Ez a technika cs\u00f6kkenti a h\u0151vesztes\u00e9get, el\u0151seg\u00edti a l\u00e9gkering\u00e9st \u00e9s k\u00e9nyelmesebb munkak\u00f6rnyezetet teremt az alkalmazottak sz\u00e1m\u00e1ra. Ezenk\u00edv\u00fcl a leveg\u0151 desztratifik\u00e1l\u00e1sa <a href=\"https:\/\/obera.fr\/conseils\/industriels-des-solutions-pour-faire-des-economies-denergie\/\">cs\u00f6kkenti az energiak\u00f6lts\u00e9geket<\/a> a f\u0171t\u00e9si k\u00f6vetelm\u00e9nyek korl\u00e1toz\u00e1s\u00e1val.  <\/p>\n\n<figure class=\"wp-block-image aligncenter size-medium is-resized\"><img decoding=\"async\" width=\"300\" height=\"300\" src=\"https:\/\/obera.fr\/wp-content\/uploads\/2023\/04\/sans-titre-76-300x300.jpg\" alt=\"leveg&#x151; destratifik&#xE1;ci&#xF3;\" class=\"wp-image-21984\" style=\"width:225px;height:225px\" srcset=\"https:\/\/obera.fr\/wp-content\/uploads\/2023\/04\/sans-titre-76-300x300.jpg 300w, https:\/\/obera.fr\/wp-content\/uploads\/2023\/04\/sans-titre-76-150x150.jpg 150w, https:\/\/obera.fr\/wp-content\/uploads\/2023\/04\/sans-titre-76.jpg 700w\" sizes=\"(max-width: 300px) 100vw, 300px\" \/><\/figure>\n\n<h2 class=\"wp-block-heading\">Milyen el\u0151nyei vannak a leveg\u0151 desztr\u00e1ci\u00f3j\u00e1nak ipari k\u00f6rnyezetben?<\/h2>\n\n<p>Ipari k\u00f6rnyezetben a destratifik\u00e1ci\u00f3nak sz\u00e1mos el\u0151nye van. El\u0151sz\u00f6r is, seg\u00edt <strong>fenntartani az \u00e1lland\u00f3 h\u0151m\u00e9rs\u00e9kletet<\/strong> a munkater\u00fcleteken, ami <strong>jav\u00edtja a dolgoz\u00f3k k\u00e9nyelm\u00e9t \u00e9s termel\u00e9kenys\u00e9g\u00e9t<\/strong>. A leveg\u0151 destratifik\u00e1l\u00e1sa a f\u0171t\u00e9si \u00e9s l\u00e9gkondicion\u00e1l\u00e1si fogyaszt\u00e1s korl\u00e1toz\u00e1s\u00e1val az <strong>energiak\u00f6lts\u00e9gek cs\u00f6kkent\u00e9s\u00e9ben <\/strong>is seg\u00edt.  <\/p>\n\n<p>Eml\u00e9keztet\u0151\u00fcl, az ADEME a f\u0171t\u00e9si h\u0151m\u00e9rs\u00e9klet 1\u00b0C-kal val\u00f3 cs\u00f6kkent\u00e9s\u00e9t javasolja a <strong>jelent\u0151s energiamegtakar\u00edt\u00e1s<\/strong> \u00e9rdek\u00e9ben. Val\u00f3j\u00e1ban minden egyes fokkal alacsonyabb h\u0151m\u00e9rs\u00e9klet 7%-kal cs\u00f6kkenti a f\u0171t\u00e9si fogyaszt\u00e1st. Ez az egyszer\u0171 \u00e9s hat\u00e9kony int\u00e9zked\u00e9s teh\u00e1t jelent\u0151s energiamegtakar\u00edt\u00e1st eredm\u00e9nyezhet, \u00e9s seg\u00edthet az \u00e9ghajlatv\u00e1ltoz\u00e1s elleni k\u00fczdelemben.  <\/p>\n\n<h2 class=\"wp-block-heading\">Mit tehetek a munkater\u00fcletem\u00e9rt vagy a logisztikai csarnok\u00e9rt?  <\/h2>\n\n<div class=\"wp-block-columns is-layout-flex wp-container-core-columns-is-layout-28f84493 wp-block-columns-is-layout-flex\">\n<div class=\"wp-block-column is-vertically-aligned-center is-layout-flow wp-block-column-is-layout-flow\" style=\"flex-basis:66.66%\">\n<p>Az OberA-n\u00e1l k\u00edn\u00e1ljuk az <a href=\"https:\/\/obera.fr\/hu\/produits\/purificateurs-air\/\" data-type=\"page\" data-id=\"26\">ipari l\u00e9gtiszt\u00edt\u00f3inkat<\/a>, amelyek <strong>hat\u00e9konyan \u00e9s gazdas\u00e1gosan t\u00e1vol\u00edtj\u00e1k el a leveg\u0151t<\/strong>. Nagy teljes\u00edtm\u00e9ny\u0171 sz\u00edv\u00f3rendszerrel vannak felszerelve, amely a meleg leveg\u0151t a helyis\u00e9g tetej\u00e9n \u00f6sszegy\u0171jti, \u00e9s visszahozza lefel\u00e9, ahol \u00f6sszekeveredik a hideg leveg\u0151vel. Ez a technika cs\u00f6kkenti a h\u0151m\u00e9rs\u00e9kletk\u00fcl\u00f6nbs\u00e9geket \u00e9s<strong>jav\u00edtja a leveg\u0151 min\u0151s\u00e9g\u00e9t<\/strong>.  <\/p>\n\n\n\n<p>Ipari l\u00e9gtiszt\u00edt\u00f3ink a <strong>l\u00e9gtelen\u00edt\u00e9s<\/strong> mellett m\u00e1s el\u0151ny\u00f6ket is k\u00edn\u00e1lnak. Elt\u00e1vol\u00edtj\u00e1k a porszemcs\u00e9ket, g\u00e1zokat \u00e9s szagokat, eg\u00e9szs\u00e9gesebb \u00e9s biztons\u00e1gosabb munkak\u00f6rnyezetet teremtve a munkav\u00e1llal\u00f3k sz\u00e1m\u00e1ra. R\u00e1ad\u00e1sul ipari l\u00e9gtiszt\u00edt\u00f3ink<strong> energiatakar\u00e9kosak<\/strong>, \u00edgy cs\u00f6kkentheti az energiafogyaszt\u00e1st \u00e9s meghosszabb\u00edthatja a csarnokokban \u00e9s m\u0171helyekben l\u00e9v\u0151 berendez\u00e9sek \u00e9lettartam\u00e1t.  <\/p>\n<\/div>\n\n\n\n<div class=\"wp-block-column is-vertically-aligned-center is-layout-flow wp-block-column-is-layout-flow\" style=\"flex-basis:33.33%\">\n<figure class=\"wp-block-image aligncenter size-medium is-resized\"><a href=\"https:\/\/obera.fr\/produits\/purificateurs-air\/industriel-epur\/\"><img decoding=\"async\" width=\"300\" height=\"300\" src=\"https:\/\/obera.fr\/wp-content\/uploads\/2023\/05\/gamme-de-purificateur-dair-epur-garantie-300x300.png\" alt=\"epur l&#xE9;gtiszt&#xED;t&#xF3; term&#xE9;kcsal&#xE1;d garant&#xE1;lt\" class=\"wp-image-22613\" style=\"width:225px;height:225px\" srcset=\"https:\/\/obera.fr\/wp-content\/uploads\/2023\/05\/gamme-de-purificateur-dair-epur-garantie-300x300.png 300w, https:\/\/obera.fr\/wp-content\/uploads\/2023\/05\/gamme-de-purificateur-dair-epur-garantie-150x150.png 150w, https:\/\/obera.fr\/wp-content\/uploads\/2023\/05\/gamme-de-purificateur-dair-epur-garantie.png 600w\" sizes=\"(max-width: 300px) 100vw, 300px\" \/><\/a><\/figure>\n<\/div>\n<\/div>\n\n<div class=\"wp-block-buttons is-horizontal is-content-justification-center is-layout-flex wp-container-core-buttons-is-layout-03627597 wp-block-buttons-is-layout-flex\">\n<div class=\"wp-block-button\"><a class=\"wp-block-button__link wp-element-button\" href=\"https:\/\/obera.fr\/contact\/\">Tudjon meg t\u00f6bbet<\/a><\/div>\n<\/div>\n\n<h2 class=\"wp-block-heading\">K\u00f6vetkeztet\u00e9s<\/h2>\n\n<p>\u00d6sszefoglalva, a leveg\u0151 destratifik\u00e1l\u00e1sa <strong>hat\u00e9kony technika az energiak\u00f6lts\u00e9gek cs\u00f6kkent\u00e9s\u00e9re<\/strong>, a dolgoz\u00f3k komfort\u00e9rzet\u00e9nek jav\u00edt\u00e1s\u00e1ra \u00e9s a leveg\u0151 kering\u00e9s\u00e9nek el\u0151seg\u00edt\u00e9s\u00e9re az ipari terekben. Az OberA ipari l\u00e9gtiszt\u00edt\u00f3k hat\u00e9kony megold\u00e1st jelentenek a <strong>destratifik\u00e1ci\u00f3 gazdas\u00e1gos<\/strong>megval\u00f3s\u00edt\u00e1s\u00e1ra, \u00e9s tov\u00e1bbi el\u0151ny\u00f6kkel j\u00e1rnak a leveg\u0151min\u0151s\u00e9g \u00e9s az energiahat\u00e9konys\u00e1g tekintet\u00e9ben. <\/p>\n","protected":false},"excerpt":{"rendered":"<p>A l\u00e9gtiszt\u00edt\u00e1snak sz\u00e1mos el\u0151nye van az ipari k\u00f6rnyezetben, de hallott m\u00e1r a l\u00e9gtelen\u00edt\u00e9sr\u0151l? Ez a jelens\u00e9g az \u00e9p\u00fclet tetej\u00e9n l\u00e9v\u0151 meleg leveg\u0151t keveri \u00f6ssze az alul l\u00e9v\u0151 friss leveg\u0151vel, eg\u00e9szs\u00e9ges, k\u00e9nyelmes munkater\u00fcletet biztos\u00edtva, \u00e9s cs\u00f6kkentve az energiak\u00f6lts\u00e9geket.   <\/p>\n","protected":false},"author":4,"featured_media":0,"comment_status":"closed","ping_status":"closed","sticky":false,"template":"","format":"standard","meta":{"_acf_changed":false,"_seopress_robots_primary_cat":"none","_seopress_titles_title":"Milyen el\u0151nyei vannak a l\u00e9gtiszt\u00edt\u00f3nak a sz\u00e1ml\u00e1kra n\u00e9zve?","_seopress_titles_desc":"Ebben a cikkben megtudhatja, hogy az ipari l\u00e9gtiszt\u00edt\u00e1snak k\u00f6sz\u00f6nhet\u0151en milyen el\u0151ny\u00f6kkel j\u00e1r a leveg\u0151 desztrat\u00e1l\u00e1sa az energiak\u00f6lts\u00e9gekre n\u00e9zve.","_seopress_robots_index":"","footnotes":""},"categories":[314],"tags":[323],"class_list":["post-85707","post","type-post","status-publish","format-standard","hentry","category-a-mi-tanacsunk","tag-entete-kicsi","generate-columns","tablet-grid-50","mobile-grid-100","grid-parent","grid-50","no-featured-image-padding"],"acf":[],"_links":{"self":[{"href":"https:\/\/obera.fr\/hu\/wp-json\/wp\/v2\/posts\/85707","targetHints":{"allow":["GET"]}}],"collection":[{"href":"https:\/\/obera.fr\/hu\/wp-json\/wp\/v2\/posts"}],"about":[{"href":"https:\/\/obera.fr\/hu\/wp-json\/wp\/v2\/types\/post"}],"author":[{"embeddable":true,"href":"https:\/\/obera.fr\/hu\/wp-json\/wp\/v2\/users\/4"}],"replies":[{"embeddable":true,"href":"https:\/\/obera.fr\/hu\/wp-json\/wp\/v2\/comments?post=85707"}],"version-history":[{"count":1,"href":"https:\/\/obera.fr\/hu\/wp-json\/wp\/v2\/posts\/85707\/revisions"}],"predecessor-version":[{"id":85709,"href":"https:\/\/obera.fr\/hu\/wp-json\/wp\/v2\/posts\/85707\/revisions\/85709"}],"wp:attachment":[{"href":"https:\/\/obera.fr\/hu\/wp-json\/wp\/v2\/media?parent=85707"}],"wp:term":[{"taxonomy":"category","embeddable":true,"href":"https:\/\/obera.fr\/hu\/wp-json\/wp\/v2\/categories?post=85707"},{"taxonomy":"post_tag","embeddable":true,"href":"https:\/\/obera.fr\/hu\/wp-json\/wp\/v2\/tags?post=85707"}],"curies":[{"name":"wp","href":"https:\/\/api.w.org\/{rel}","templated":true}]}}