{"id":86013,"date":"2023-04-18T09:58:13","date_gmt":"2023-04-18T07:58:13","guid":{"rendered":"https:\/\/obera.fr\/a-mi-tanacsunk\/le-rafraichissement-adiabatique-savere-un-mode-de-climatisation-tres-economique\/"},"modified":"2025-04-23T09:10:49","modified_gmt":"2025-04-23T07:10:49","slug":"le-rafraichissement-adiabatique-savere-un-mode-de-climatisation-tres-economique","status":"publish","type":"post","link":"https:\/\/obera.fr\/hu\/a-mi-tanacsunk\/le-rafraichissement-adiabatique-savere-un-mode-de-climatisation-tres-economique\/","title":{"rendered":"Az adiabatikus h\u0171t\u00e9s a l\u00e9gkondicion\u00e1l\u00e1s rendk\u00edv\u00fcl gazdas\u00e1gos form\u00e1ja."},"content":{"rendered":"\n<h2 class=\"wp-block-heading\">Egy adiabatikus h\u0171t\u0151 olyan befektet\u00e9s, amely k\u00f6nnyen megt\u00e9r\u00fcl.<\/h2>\n\n<p>A megfizethet\u0151,<strong> adiabatikus h\u0171t\u00e9s<\/strong> alacsony k\u00f6lts\u00e9g\u0171, nyeres\u00e9ges beruh\u00e1z\u00e1s. Nem ig\u00e9nyel olyan m\u00e9rt\u00e9k\u0171 k\u00f6lts\u00e9gvet\u00e9st, mint a hagyom\u00e1nyos l\u00e9gkondicion\u00e1l\u00e1s. A berendez\u00e9s \u00e9rt\u00e9kcs\u00f6kken\u00e9se 10 \u00e9v alatt mind\u00f6ssze <strong>n\u00e9h\u00e1ny sz\u00e1z eur\u00f3t<\/strong> jelent <strong>\u00e9vente.<\/strong>  <\/p>\n\n<h2 class=\"wp-block-heading\">A telep\u00edt\u00e9si k\u00f6lts\u00e9gek az adiabatikus h\u0171t\u0151rendszer t\u00edpus\u00e1t\u00f3l f\u00fcgg\u0151en alacsonyak vagy egy\u00e1ltal\u00e1n nem l\u00e9teznek.<\/h2>\n\n<div class=\"wp-block-columns is-layout-flex wp-container-core-columns-is-layout-28f84493 wp-block-columns-is-layout-flex\">\n<div class=\"wp-block-column is-layout-flow wp-block-column-is-layout-flow\" style=\"flex-basis:50%\">\n<p>A<a href=\"https:\/\/obera.fr\/hu\/produits\/rafraichisseurs-air\/\"> mobil adiabatikus h\u0171t\u0151k<\/a> eset\u00e9ben nincsenek telep\u00edt\u00e9si k\u00f6lts\u00e9gek. Mind\u00f6ssze egy konnektorra van sz\u00fcks\u00e9ge a bekapcsol\u00e1shoz.<\/p>\n\n\n\n<p>A <strong>tet\u0151re szerelt p\u00e1rologtat\u00f3 h\u0171t\u0151berendez\u00e9s<\/strong> telep\u00edt\u00e9si k\u00f6lts\u00e9gei sokkal alacsonyabbak, mint egy l\u00e9gkondicion\u00e1l\u00f3 egys\u00e9g\u00e9, mivel olyan k\u00f6nny\u0171 (nincs sz\u00fcks\u00e9g a tet\u0151szerkezet meger\u0151s\u00edt\u00e9s\u00e9re). A <strong>diff\u00fazi\u00f3s rendszer<\/strong> telep\u00edt\u00e9si k\u00f6lts\u00e9gei a rendszer \u00f6sszetetts\u00e9g\u00e9t\u0151l f\u00fcggnek, de alacsonyabbak, mint a hagyom\u00e1nyos ipari l\u00e9gkondicion\u00e1l\u00e1s\u00e9. <\/p>\n<\/div>\n\n\n\n<div class=\"wp-block-column is-layout-flow wp-block-column-is-layout-flow\" style=\"flex-basis:50%\">\n<figure class=\"wp-block-embed is-type-video is-provider-youtube wp-block-embed-youtube wp-embed-aspect-16-9 wp-has-aspect-ratio\"><div class=\"wp-block-embed__wrapper\">\n<iframe title=\"Rafraichisseur d&#039;air - Gamme IC - OberA\" width=\"1200\" height=\"675\" src=\"https:\/\/www.youtube.com\/embed\/NG-Ssy2oM70?feature=oembed\" frameborder=\"0\" allow=\"accelerometer; autoplay; clipboard-write; encrypted-media; gyroscope; picture-in-picture; web-share\" referrerpolicy=\"strict-origin-when-cross-origin\" allowfullscreen><\/iframe>\n<\/div><\/figure>\n<\/div>\n<\/div>\n\n<h2 class=\"wp-block-heading\">A p\u00e1rologtat\u00f3 h\u0171t\u0151k \u00fczemeltet\u00e9si k\u00f6lts\u00e9gei nevets\u00e9gesek.<\/h2>\n\n<p>Ez l\u00e9nyeg\u00e9ben az <strong>energia- \u00e9s v\u00edzfogyaszt\u00e1s k\u00f6lts\u00e9g\u00e9nek<\/strong> felel meg. Mivel ez a k\u00e9t fogyaszt\u00e1s nagyon alacsony (l\u00e1sd fentebb), a napi \u00fczemeltet\u00e9si k\u00f6lts\u00e9g egy 250 m\u00b2-es \u00e9p\u00fclet eset\u00e9ben k\u00f6r\u00fclbel\u00fcl t\u00edz cent. <\/p>\n\n<h2 class=\"wp-block-heading\">A p\u00e1rologtat\u00f3 h\u0171t\u0151 szervizel\u00e9s\u00e9nek \u00e9s karbantart\u00e1s\u00e1nak k\u00f6lts\u00e9gei nagyon alacsonyak.<\/h2>\n\n<p>Az <a href=\"https:\/\/obera.fr\/hu\/a-mi-tanacsunk\/comment-fonctionne-un-rafraichisseur-adiabatique\/\">adiabatikus h\u0171t\u0151k<\/a>karbantart\u00e1sa<strong> mag\u00e1ban foglalja a porsz\u0171r\u0151 <\/strong>(havi), a v\u00edzvisszatart\u00f3 t\u00e1lca \u00e9s a p\u00e1rologtat\u00f3 k\u00f6zeg<strong> tiszt\u00edt\u00e1s\u00e1t <\/strong>, valamint a ny\u00e1ri haszn\u00e1lat v\u00e9g\u00e9n t\u00f6rt\u00e9n\u0151 sz\u00e1r\u00edt\u00e1st. A karbantart\u00e1s els\u0151sorban a p\u00e1rologtat\u00f3 k\u00f6zeg k\u00e9t\u00e9vente t\u00f6rt\u00e9n\u0151 cser\u00e9j\u00e9b\u0151l \u00e1ll. <\/p>\n\n<p>A szervizel\u00e9s \u00e9s karbantart\u00e1s nem ig\u00e9nyel h\u0171t\u0151k\u00f6zeg-enged\u00e9llyel <strong>rendelkez\u0151 szakszem\u00e9lyzetet<\/strong>. Ezeket a helysz\u00edni szem\u00e9lyzet is elv\u00e9gezheti. E m\u0171veletek egyszer\u0171s\u00e9ge \u00e9s alacsony gyakoris\u00e1ga, valamint a cs\u00f6kkentett <strong>munkaterhel\u00e9s<\/strong> miatt a szervizel\u00e9si \u00e9s karbantart\u00e1si k\u00f6lts\u00e9gek nagyon alacsonyak.  <\/p>\n\n<h2 class=\"wp-block-heading\">K\u00f6vetkeztet\u00e9s: a h\u0171t\u0151k \u00fczemeltet\u00e9si k\u00f6lts\u00e9gei nagyon alacsonyak, \u00edgy a befektet\u00e9s nagyon gyorsan megt\u00e9r\u00fcl.<\/h2>\n\n<p>A<strong> h\u0171t\u0151k\u00e9sz\u00fcl\u00e9k beszerz\u00e9s\u00e9nek \u00e9s telep\u00edt\u00e9s\u00e9nek amortiz\u00e1ci\u00f3s k\u00f6lts\u00e9gei, valamint<\/strong> az \u00fczemeltet\u00e9si, szervizel\u00e9si \u00e9s karbantart\u00e1si k\u00f6lts\u00e9gek azt jelentik, hogy az \u00fczemeltet\u00e9si k\u00f6lts\u00e9gek alacsonyabbak, mint a hagyom\u00e1nyos l\u00e9gkondicion\u00e1l\u00f3k\u00e9. A hagyom\u00e1nyos l\u00e9gkondicion\u00e1l\u00e1ssal \u00f6sszehasonl\u00edtva az el\u00e9rt megtakar\u00edt\u00e1sok <strong>gyors<\/strong> megt\u00e9r\u00fcl\u00e9st jelentenek. <\/p>\n\n<div style=\"height:20px\" aria-hidden=\"true\" class=\"wp-block-spacer\"><\/div>\n\n<div class=\"wp-block-buttons alignwide is-content-justification-center is-layout-flex wp-container-core-buttons-is-layout-a89b3969 wp-block-buttons-is-layout-flex\">\n<div class=\"wp-block-button\"><a class=\"wp-block-button__link wp-element-button\" href=\"https:\/\/obera.fr\/hu\/contact\/\">SZEM\u00c9LYRE SZABOTT TAN\u00c1CSAD\u00c1SRA VAN SZ\u00dcKS\u00c9GE?<\/a><\/div>\n<\/div>\n","protected":false},"excerpt":{"rendered":"<p>Az adiabatikus h\u0171t\u00e9s nagyon gazdas\u00e1gos megold\u00e1s, a beruh\u00e1z\u00e1s k\u00f6nnyen megt\u00e9r\u00fcl, nincs telep\u00edt\u00e9si k\u00f6lts\u00e9g, nagyon alacsonyak az \u00fczemeltet\u00e9si k\u00f6lts\u00e9gek \u00e9s nagyon alacsonyak a szerviz- \u00e9s karbantart\u00e1si k\u00f6lts\u00e9gek.<\/p>\n","protected":false},"author":4,"featured_media":0,"comment_status":"closed","ping_status":"closed","sticky":false,"template":"","format":"standard","meta":{"_acf_changed":false,"_seopress_robots_primary_cat":"none","_seopress_titles_title":"Gazdas\u00e1gos l\u00e9gkondicion\u00e1l\u00e1s: adiabatikus h\u0171t\u00e9s","_seopress_titles_desc":"A nagyon alacsony telep\u00edt\u00e9si \u00e9s karbantart\u00e1si k\u00f6lts\u00e9gek miatt az adiabatikus h\u0171t\u00e9s a leggazdas\u00e1gosabb megold\u00e1s a leveg\u0151 ny\u00e1ri h\u0171t\u00e9s\u00e9re.","_seopress_robots_index":"","footnotes":""},"categories":[314],"tags":[323],"class_list":["post-86013","post","type-post","status-publish","format-standard","hentry","category-a-mi-tanacsunk","tag-entete-kicsi","generate-columns","tablet-grid-50","mobile-grid-100","grid-parent","grid-50","no-featured-image-padding"],"acf":[],"_links":{"self":[{"href":"https:\/\/obera.fr\/hu\/wp-json\/wp\/v2\/posts\/86013","targetHints":{"allow":["GET"]}}],"collection":[{"href":"https:\/\/obera.fr\/hu\/wp-json\/wp\/v2\/posts"}],"about":[{"href":"https:\/\/obera.fr\/hu\/wp-json\/wp\/v2\/types\/post"}],"author":[{"embeddable":true,"href":"https:\/\/obera.fr\/hu\/wp-json\/wp\/v2\/users\/4"}],"replies":[{"embeddable":true,"href":"https:\/\/obera.fr\/hu\/wp-json\/wp\/v2\/comments?post=86013"}],"version-history":[{"count":1,"href":"https:\/\/obera.fr\/hu\/wp-json\/wp\/v2\/posts\/86013\/revisions"}],"predecessor-version":[{"id":86039,"href":"https:\/\/obera.fr\/hu\/wp-json\/wp\/v2\/posts\/86013\/revisions\/86039"}],"wp:attachment":[{"href":"https:\/\/obera.fr\/hu\/wp-json\/wp\/v2\/media?parent=86013"}],"wp:term":[{"taxonomy":"category","embeddable":true,"href":"https:\/\/obera.fr\/hu\/wp-json\/wp\/v2\/categories?post=86013"},{"taxonomy":"post_tag","embeddable":true,"href":"https:\/\/obera.fr\/hu\/wp-json\/wp\/v2\/tags?post=86013"}],"curies":[{"name":"wp","href":"https:\/\/api.w.org\/{rel}","templated":true}]}}