{"id":86079,"date":"2023-04-18T10:02:38","date_gmt":"2023-04-18T08:02:38","guid":{"rendered":"https:\/\/obera.fr\/a-mi-tanacsunk\/code-du-travail-et-canicule-lobligation-de-rafraichir-les-locaux\/"},"modified":"2025-04-23T09:12:33","modified_gmt":"2025-04-23T07:12:33","slug":"code-du-travail-et-canicule-lobligation-de-rafraichir-les-locaux","status":"publish","type":"post","link":"https:\/\/obera.fr\/hu\/a-mi-tanacsunk\/code-du-travail-et-canicule-lobligation-de-rafraichir-les-locaux\/","title":{"rendered":"Hogyan \u00edrja el\u0151 a Munka T\u00f6rv\u00e9nyk\u00f6nyve a munkahelyek felfriss\u00edt\u00e9s\u00e9t?"},"content":{"rendered":"\n<p>Az \u00e9ghajlatv\u00e1ltoz\u00e1s miatt<strong> Franciaorsz\u00e1gban egyre intenz\u00edvebb \u00e9s gyakoribb h\u0151hull\u00e1mok alakulnak ki<\/strong>. A M\u00e9t\u00e9o France adatai szerint 1989 el\u0151tt Franciaorsz\u00e1gban \u00e9vente \u00e1tlagosan 1,7 nap h\u0151hull\u00e1mot kellett elviselni. Az elm\u00falt \u00e9vtizedben ez a sz\u00e1m 9,4 napra emelkedett. A M\u00e9t\u00e9o France el\u0151rejelz\u00e9se szerint a h\u0151hull\u00e1mok 2050-re megdupl\u00e1z\u00f3dnak.   <\/p>\n\n<p>Ezek az intenz\u00edv h\u0151s\u00e9ggel j\u00e1r\u00f3 id\u0151szakok <strong>szokatlanul magas h\u0151m\u00e9rs\u00e9kletet<\/strong> eredm\u00e9nyeznek, \u00e9s eg\u00e9szs\u00e9g\u00fcgyi kock\u00e1zatot jelentenek a munkav\u00e1llal\u00f3k sz\u00e1m\u00e1ra. Fenn\u00e1ll a kisz\u00e1rad\u00e1s, a kimer\u00fclts\u00e9g, a h\u0151guta stb. vesz\u00e9lye. Ezek a kock\u00e1zatok m\u00e1r a h\u0151s\u00e9g els\u0151 napjaiban nyilv\u00e1nval\u00f3v\u00e1 v\u00e1lhatnak. <\/p>\n\n<p>A francia <strong>munka t\u00f6rv\u00e9nyk\u00f6nyve<\/strong> kimondja, hogy a munk\u00e1ltat\u00f3nak meg kell tennie a sz\u00fcks\u00e9ges int\u00e9zked\u00e9seket a <a href=\"https:\/\/obera.fr\/conseils\/qualite-de-lair-etablissements-de-sante\/\">munkav\u00e1llal\u00f3k biztons\u00e1g\u00e1nak \u00e9s eg\u00e9szs\u00e9g\u00e9nek v\u00e9delme<\/a> \u00e9rdek\u00e9ben a h\u0151m\u00e9rs\u00e9klet-emelked\u00e9s tekintet\u00e9ben. Ezek az int\u00e9zked\u00e9sek a k\u00f6vetkez\u0151kre vonatkoznak: <\/p>\n\n<ul class=\"wp-block-list\">\n<li><strong>a szell\u0151ztet\u0151berendez\u00e9s szab\u00e1lyoknak megfelel\u0151 felszerel\u00e9se<\/strong> (a francia Munka T\u00f6rv\u00e9nyk\u00f6nyv\u00e9nek R4222-1 cikke).<\/li>\n\n\n\n<li><strong>a munkav\u00e1llal\u00f3k <\/strong>v\u00e9delme az extr\u00e9m h\u0151s\u00e9g ellen.<\/li>\n\n\n\n<li><strong>Ingyenes friss v\u00edz.<\/strong><\/li>\n<\/ul>\n\n<p>A munk\u00e1ltat\u00f3 ezeket az int\u00e9zked\u00e9seket a <strong>M\u00e9t\u00e9o France meteorol\u00f3giai \u00e9bers\u00e9gi <\/strong>rendszer\u00e9re hivatkozva alkalmazza, amely az eg\u00e9szs\u00e9get vesz\u00e9lyeztet\u0151 h\u0151hull\u00e1mokra figyelmeztet. Ezt a rendszert a h\u0151m\u00e9rs\u00e9kleti k\u00fcsz\u00f6b\u00e9rt\u00e9kek jellemzik, amelyeket nem szabad t\u00fall\u00e9pni. <\/p>\n\n<figure class=\"wp-block-image aligncenter size-full is-resized\"><img decoding=\"async\" width=\"500\" height=\"500\" src=\"https:\/\/obera.fr\/wp-content\/uploads\/2023\/06\/france_ete-1.png\" alt=\"Franciaorsz&#xE1;g ete 1\" class=\"wp-image-23220\" style=\"width:375px;height:375px\" srcset=\"https:\/\/obera.fr\/wp-content\/uploads\/2023\/06\/france_ete-1.png 500w, https:\/\/obera.fr\/wp-content\/uploads\/2023\/06\/france_ete-1-300x300.png 300w, https:\/\/obera.fr\/wp-content\/uploads\/2023\/06\/france_ete-1-150x150.png 150w\" sizes=\"(max-width: 500px) 100vw, 500px\" \/><\/figure>\n\n<p><strong>K\u00e9k riaszt\u00e1s:<\/strong> 1 vagy 2 napon \u00e1t tart\u00f3, a k\u00fcsz\u00f6b\u00e9rt\u00e9ket meghalad\u00f3 intenz\u00edv <strong>h\u0151s\u00e9gcs\u00facs <\/strong>vagy <strong>tart\u00f3s h\u0151s\u00e9gepiz\u00f3d<\/strong> (t\u00f6bb mint 3 nap), az oszt\u00e1lyos k\u00fcsz\u00f6b\u00e9rt\u00e9khez k\u00f6zeli h\u0151m\u00e9rs\u00e9klettel. Ezek az esem\u00e9nyek eg\u00e9szs\u00e9g\u00fcgyi kock\u00e1zatot jelentenek a t\u00falhev\u00fcl\u00e9snek kitett munkav\u00e1llal\u00f3k sz\u00e1m\u00e1ra olyan k\u00f6rnyezetben, mint a fest\u0151\u00fczemek, mosod\u00e1k, konyh\u00e1k, \u00f6nt\u00f6d\u00e9k stb. Gyors \u00e9s hat\u00e9kony megold\u00e1st jelent, ha a t\u00falhev\u00fcl\u00e9snek kitett dolgoz\u00f3k k\u00f6zel\u00e9ben mobil h\u0171t\u0151ket helyeznek el.  <\/p>\n\n<p><strong>Narancss\u00e1rga riaszt\u00e1s:<\/strong> 3 egym\u00e1st k\u00f6vet\u0151 napon \u00e9s \u00e9jszak\u00e1n \u00e1t tart\u00f3 <strong>h\u0151hull\u00e1m<\/strong>, amely meghaladja a minimum \u00e9s maximum k\u00fcsz\u00f6b\u00e9rt\u00e9ket. A gyors \u00e9s megfelel\u0151 megold\u00e1s itt is egy <a href=\"https:\/\/obera.fr\/conseils\/rafraichisseur-dair-adiabatique-mobile-une-solution-souple-et-pratique-pour-lindustriel\/\">mobil adiabatikus h\u0171t\u0151<\/a> a fizikai tev\u00e9kenys\u00e9g\u00fck vagy a munkahelyi h\u0151k\u00f6rnyezet miatt h\u0151s\u00e9gnek kitett munkav\u00e1llal\u00f3k sz\u00e1m\u00e1ra. <\/p>\n\n<p><strong>V\u00f6r\u00f6s riaszt\u00e1s:<\/strong> <strong>extr\u00e9m h\u0151hull\u00e1m. <\/strong>H\u0151hull\u00e1m, amely id\u0151tartam\u00e1t \u00e9s intenzit\u00e1s\u00e1t tekintve rendk\u00edv\u00fcli, \u00e9s s\u00falyosb\u00edt\u00f3 t\u00e9nyez\u0151kkel j\u00e1r, amelyek jelent\u0151s hat\u00e1ssal vannak a munkav\u00e1llal\u00f3k minden t\u00edpus\u00e1nak eg\u00e9szs\u00e9g\u00e9re, \u00e9s amelyeknek j\u00e1rul\u00e9kos hat\u00e1sai lehetnek az \u00fczletmenet folytonoss\u00e1ga szempontj\u00e1b\u00f3l.<\/p>\n\n<div class=\"wp-block-columns is-layout-flex wp-container-core-columns-is-layout-28f84493 wp-block-columns-is-layout-flex\">\n<div class=\"wp-block-column is-layout-flow wp-block-column-is-layout-flow\" style=\"flex-basis:50%\">\n<p>A v\u00f6r\u00f6s riaszt\u00e1s automatikusan szab\u00e1lyoz\u00e1si k\u00f6telezetts\u00e9geket v\u00e1lt ki. A munk\u00e1ltat\u00f3nak minden nap \u00fajra kell \u00e9rt\u00e9kelnie a munkav\u00e1llal\u00f3kat fenyeget\u0151 kock\u00e1zatokat, figyelembe v\u00e9ve: a h\u0151m\u00e9rs\u00e9klet napk\u00f6zbeni v\u00e1ltoz\u00e1sait, a munka jelleg\u00e9t, valamint a munkav\u00e1llal\u00f3k \u00e9letkor\u00e1t \u00e9s eg\u00e9szs\u00e9gi \u00e1llapot\u00e1t. Ha a munk\u00e1ltat\u00f3 ezt elmulasztja, a munkav\u00e1llal\u00f3 a munka\u00fcgyi fel\u00fcgyel\u0151s\u00e9ghez vagy a Szoci\u00e1lis \u00e9s Gazdas\u00e1gi Bizotts\u00e1ghoz fordulhat, vagy \u00e9lhet el\u00e1ll\u00e1si jog\u00e1val.  <\/p>\n\n\n\n<p>V\u00f6r\u00f6s riaszt\u00e1s eset\u00e9n a<strong>munk\u00e1ltat\u00f3knak<\/strong> gyorsan kell reag\u00e1lniuk. A l\u00e9gfriss\u00edt\u0151k b\u00e9rl\u00e9se a megold\u00e1s erre a probl\u00e9m\u00e1ra. Min\u00e9l magasabb a h\u0151m\u00e9rs\u00e9klet, ann\u00e1l hat\u00e9konyabb a h\u0171s\u00edt\u0151. V\u00f6r\u00f6s riaszt\u00e1s eset\u00e9n a h\u0171t\u0151nek kell\u0151en nagy l\u00e9g\u00e1raml\u00e1ssal kell rendelkeznie a kellemes h\u0151m\u00e9rs\u00e9klet fenntart\u00e1s\u00e1hoz. Egy sz\u00e9ls\u0151s\u00e9ges h\u0151hull\u00e1m hat\u00e9kony lek\u00fczd\u00e9se \u00e9rdek\u00e9ben \u00e9rdemes t\u00f6bb h\u0171t\u0151t is b\u00e9relni.    <\/p>\n<\/div>\n\n\n\n<div class=\"wp-block-column is-layout-flow wp-block-column-is-layout-flow\" style=\"flex-basis:50%\">\n<figure class=\"wp-block-embed is-type-video is-provider-youtube wp-block-embed-youtube wp-embed-aspect-16-9 wp-has-aspect-ratio\"><div class=\"wp-block-embed__wrapper\">\n<iframe title=\"Rafraichisseur d&#039;air - Gamme IC - OberA\" width=\"1200\" height=\"675\" src=\"https:\/\/www.youtube.com\/embed\/NG-Ssy2oM70?feature=oembed\" frameborder=\"0\" allow=\"accelerometer; autoplay; clipboard-write; encrypted-media; gyroscope; picture-in-picture; web-share\" referrerpolicy=\"strict-origin-when-cross-origin\" allowfullscreen><\/iframe>\n<\/div><\/figure>\n<\/div>\n<\/div>\n\n<div style=\"height:20px\" aria-hidden=\"true\" class=\"wp-block-spacer\"><\/div>\n\n<div class=\"wp-block-buttons is-content-justification-center is-layout-flex wp-container-core-buttons-is-layout-a89b3969 wp-block-buttons-is-layout-flex\">\n<div class=\"wp-block-button\"><a class=\"wp-block-button__link wp-element-button\" href=\"https:\/\/obera.fr\/hu\/contact\/\">SZEM\u00c9LYRE SZABOTT TAN\u00c1CSAD\u00c1SRA VAN SZ\u00dcKS\u00c9GE?<\/a><\/div>\n<\/div>\n","protected":false},"excerpt":{"rendered":"<p>Az \u00e9ghajlatv\u00e1ltoz\u00e1s miatt Franciaorsz\u00e1gban egyre intenz\u00edvebb \u00e9s gyakoribb h\u0151hull\u00e1mok alakulnak ki. A M\u00e9t\u00e9o France adatai szerint 1989 el\u0151tt Franciaorsz\u00e1gban \u00e9vente \u00e1tlagosan 1,7 nap h\u0151hull\u00e1mot kellett elviselni. Az elm\u00falt \u00e9vtizedben ez a sz\u00e1m 9,4 napra emelkedett. A M\u00e9t\u00e9o France el\u0151rejelz\u00e9se szerint a h\u0151hull\u00e1mok 2050-re megdupl\u00e1z\u00f3dnak.   <\/p>\n","protected":false},"author":4,"featured_media":0,"comment_status":"closed","ping_status":"closed","sticky":false,"template":"","format":"standard","meta":{"_acf_changed":false,"_seopress_robots_primary_cat":"none","_seopress_titles_title":"El\u0151\u00edrja-e a Munka T\u00f6rv\u00e9nyk\u00f6nyve a munkahelyi friss\u00edt\u0151ket?","_seopress_titles_desc":"A Munka T\u00f6rv\u00e9nyk\u00f6nyve szerint a munk\u00e1ltat\u00f3k k\u00f6telesek gondoskodni arr\u00f3l, hogy a h\u0151s\u00e9griad\u00f3k idej\u00e9n h\u0171v\u00f6s helyen tarts\u00e1k a helyis\u00e9geket. Tudjon meg t\u00f6bbet a bevezetend\u0151 int\u00e9zked\u00e9sekr\u0151l. ","_seopress_robots_index":"","footnotes":""},"categories":[314],"tags":[323],"class_list":["post-86079","post","type-post","status-publish","format-standard","hentry","category-a-mi-tanacsunk","tag-entete-kicsi","generate-columns","tablet-grid-50","mobile-grid-100","grid-parent","grid-50","no-featured-image-padding"],"acf":[],"_links":{"self":[{"href":"https:\/\/obera.fr\/hu\/wp-json\/wp\/v2\/posts\/86079","targetHints":{"allow":["GET"]}}],"collection":[{"href":"https:\/\/obera.fr\/hu\/wp-json\/wp\/v2\/posts"}],"about":[{"href":"https:\/\/obera.fr\/hu\/wp-json\/wp\/v2\/types\/post"}],"author":[{"embeddable":true,"href":"https:\/\/obera.fr\/hu\/wp-json\/wp\/v2\/users\/4"}],"replies":[{"embeddable":true,"href":"https:\/\/obera.fr\/hu\/wp-json\/wp\/v2\/comments?post=86079"}],"version-history":[{"count":1,"href":"https:\/\/obera.fr\/hu\/wp-json\/wp\/v2\/posts\/86079\/revisions"}],"predecessor-version":[{"id":86082,"href":"https:\/\/obera.fr\/hu\/wp-json\/wp\/v2\/posts\/86079\/revisions\/86082"}],"wp:attachment":[{"href":"https:\/\/obera.fr\/hu\/wp-json\/wp\/v2\/media?parent=86079"}],"wp:term":[{"taxonomy":"category","embeddable":true,"href":"https:\/\/obera.fr\/hu\/wp-json\/wp\/v2\/categories?post=86079"},{"taxonomy":"post_tag","embeddable":true,"href":"https:\/\/obera.fr\/hu\/wp-json\/wp\/v2\/tags?post=86079"}],"curies":[{"name":"wp","href":"https:\/\/api.w.org\/{rel}","templated":true}]}}