{"id":86394,"date":"2023-01-25T10:26:15","date_gmt":"2023-01-25T08:26:15","guid":{"rendered":"https:\/\/obera.fr\/a-mi-tanacsunk\/obera-se-devoile-sur-bfm-alsace\/"},"modified":"2025-04-23T09:18:12","modified_gmt":"2025-04-23T07:18:12","slug":"obera-se-devoile-sur-bfm-alsace","status":"publish","type":"post","link":"https:\/\/obera.fr\/hu\/a-mi-tanacsunk\/obera-se-devoile-sur-bfm-alsace\/","title":{"rendered":"Az OberA megmutatja mag\u00e1t a BFM Alsace-on"},"content":{"rendered":"\n<h2 class=\"wp-block-heading\">A BFM Alsace \u00e1ltal k\u00e9sz\u00edtett interj\u00fa vide\u00f3ja<\/h2>\n\n<p>Az elz\u00e1szi ipari szerepl\u0151k bemutat\u00e1sa c\u00e9lj\u00e1b\u00f3l a BFM Alsace a KKI-n kereszt\u00fcl interj\u00fat k\u00e9sz\u00edtett, hogy n\u00e9pszer\u0171s\u00edtse tev\u00e9kenys\u00e9g\u00fcnket \u00e9s az OberA l\u00e9trej\u00f6tt\u00e9t.<\/p>\n\n<figure class=\"wp-block-video aligncenter\"><video height=\"1080\" style=\"aspect-ratio: 1920 \/ 1080;\" width=\"1920\" controls=\"\" src=\"https:\/\/obera.fr\/wp-content\/uploads\/2023\/01\/bfm-tv-x-obera_nzuvdkgl.mp4\"><\/video><\/figure>\n\n<h3 class=\"wp-block-heading\"><strong>Az OberA kialakul\u00e1sa<\/strong><\/h3>\n\n<p>Amint azt a felel\u0151s, Samsel \u00far kifejtette, az OberA az ipar\u00e1gakat azzal a c\u00e9llal szereli fel, hogy a munkahelyi expoz\u00edci\u00f3s hat\u00e1r\u00e9rt\u00e9kekhez kapcsol\u00f3d\u00f3 val\u00f3s sz\u00fcks\u00e9gletre vagy k\u00e9nyszerre reag\u00e1lva megv\u00e9dj\u00e9k munkav\u00e1llal\u00f3ik eg\u00e9szs\u00e9g\u00e9t.  <\/p>\n\n<h3 class=\"wp-block-heading\"><strong>Az OberA szakm\u00e1k<\/strong><\/h3>\n\n<p>Az interj\u00faban l\u00e1thatjuk az OberA 3 f\u0151 \u00fczlet\u00e1g\u00e1t. Az els\u0151 a k\u00f6rnyezeti leveg\u0151 tiszt\u00edt\u00e1sa l\u00e9gtiszt\u00edt\u00f3kon kereszt\u00fcl. A m\u00e1sodik a portalan\u00edt\u00e1s, a k\u00f6zvetlen\u00fcl a forr\u00e1sn\u00e1l t\u00f6rt\u00e9n\u0151 elsz\u00edv\u00e1sra sz\u00e1nt ipari porlev\u00e1laszt\u00f3kkal. Egy \u00fajabb fejleszt\u00e9s az ipari leveg\u0151 h\u0171t\u00e9se adiabatikus h\u0171t\u0151kkel, az ipar\u00e1gak \u00f6kol\u00f3giai \u00e9s gazdas\u00e1gos h\u0171t\u00e9se \u00e9rdek\u00e9ben (ak\u00e1r 10-szer olcs\u00f3bb, mint a l\u00e9gkondicion\u00e1l\u00e1s).   <\/p>\n\n<div class=\"wp-block-columns is-layout-flex wp-container-core-columns-is-layout-28f84493 wp-block-columns-is-layout-flex\">\n<div class=\"wp-block-column is-layout-flow wp-block-column-is-layout-flow\">\n<div class=\"wp-block-buttons is-layout-flex wp-block-buttons-is-layout-flex\">\n<div class=\"wp-block-button aligncenter\"><a class=\"wp-block-button__link wp-element-button\" href=\"https:\/\/obera.fr\/produits\/purificateurs-air\/\">L\u00e9gtiszt\u00edt\u00f3ink<\/a><\/div>\n<\/div>\n<\/div>\n\n\n\n<div class=\"wp-block-column is-layout-flow wp-block-column-is-layout-flow\">\n<div class=\"wp-block-buttons is-layout-flex wp-block-buttons-is-layout-flex\">\n<div class=\"wp-block-button aligncenter\"><a class=\"wp-block-button__link wp-element-button\" href=\"https:\/\/obera.fr\/produits\/depoussiereurs-industriels\/\">Porlev\u00e1laszt\u00f3ink<\/a><\/div>\n<\/div>\n<\/div>\n\n\n\n<div class=\"wp-block-column is-layout-flow wp-block-column-is-layout-flow\">\n<div class=\"wp-block-buttons is-layout-flex wp-block-buttons-is-layout-flex\">\n<div class=\"wp-block-button aligncenter\"><a class=\"wp-block-button__link wp-element-button\" href=\"https:\/\/obera.fr\/produits\/rafraichisseurs-air\/\">H\u0171t\u0151ink<\/a><\/div>\n<\/div>\n<\/div>\n<\/div>\n","protected":false},"excerpt":{"rendered":"<p>A BFM Alsace interj\u00fat k\u00e9sz\u00edtett OberA-val a CCI-nek az elz\u00e1szi ipari \u00e1gazat el\u0151mozd\u00edt\u00e1s\u00e1ra ir\u00e1nyul\u00f3 kezdem\u00e9nyez\u00e9s\u00e9r\u0151l. Tudjon meg t\u00f6bbet az OberA eredet\u00e9r\u0151l \u00e9s a k\u00fcl\u00f6nb\u00f6z\u0151 szakm\u00e1kr\u00f3l. <\/p>\n","protected":false},"author":4,"featured_media":85735,"comment_status":"open","ping_status":"closed","sticky":false,"template":"","format":"standard","meta":{"_acf_changed":false,"_seopress_robots_primary_cat":"none","_seopress_titles_title":"Az OberA megmutatja mag\u00e1t a BFM Alsace-on","_seopress_titles_desc":"A BFM Alsace interj\u00fat k\u00e9sz\u00edtett OberA-val a CCI-nek az elz\u00e1szi ipari \u00e1gazat el\u0151mozd\u00edt\u00e1s\u00e1ra ir\u00e1nyul\u00f3 kezdem\u00e9nyez\u00e9s\u00e9r\u0151l.","_seopress_robots_index":"","footnotes":""},"categories":[314],"tags":[323],"class_list":["post-86394","post","type-post","status-publish","format-standard","has-post-thumbnail","hentry","category-a-mi-tanacsunk","tag-entete-kicsi","generate-columns","tablet-grid-50","mobile-grid-100","grid-parent","grid-50","no-featured-image-padding","resize-featured-image"],"acf":[],"_links":{"self":[{"href":"https:\/\/obera.fr\/hu\/wp-json\/wp\/v2\/posts\/86394","targetHints":{"allow":["GET"]}}],"collection":[{"href":"https:\/\/obera.fr\/hu\/wp-json\/wp\/v2\/posts"}],"about":[{"href":"https:\/\/obera.fr\/hu\/wp-json\/wp\/v2\/types\/post"}],"author":[{"embeddable":true,"href":"https:\/\/obera.fr\/hu\/wp-json\/wp\/v2\/users\/4"}],"replies":[{"embeddable":true,"href":"https:\/\/obera.fr\/hu\/wp-json\/wp\/v2\/comments?post=86394"}],"version-history":[{"count":1,"href":"https:\/\/obera.fr\/hu\/wp-json\/wp\/v2\/posts\/86394\/revisions"}],"predecessor-version":[{"id":86400,"href":"https:\/\/obera.fr\/hu\/wp-json\/wp\/v2\/posts\/86394\/revisions\/86400"}],"wp:featuredmedia":[{"embeddable":true,"href":"https:\/\/obera.fr\/hu\/wp-json\/wp\/v2\/media\/85735"}],"wp:attachment":[{"href":"https:\/\/obera.fr\/hu\/wp-json\/wp\/v2\/media?parent=86394"}],"wp:term":[{"taxonomy":"category","embeddable":true,"href":"https:\/\/obera.fr\/hu\/wp-json\/wp\/v2\/categories?post=86394"},{"taxonomy":"post_tag","embeddable":true,"href":"https:\/\/obera.fr\/hu\/wp-json\/wp\/v2\/tags?post=86394"}],"curies":[{"name":"wp","href":"https:\/\/api.w.org\/{rel}","templated":true}]}}