{"id":89807,"date":"2023-04-18T10:12:23","date_gmt":"2023-04-18T08:12:23","guid":{"rendered":"https:\/\/obera.fr\/a-mi-tanacsunk\/le-rafraichisseur-adiabatique-mobile-repond-aux-situations-de-rafraichissement-durgence-et-aux-besoins-temporaires\/"},"modified":"2025-04-25T09:58:44","modified_gmt":"2025-04-25T07:58:44","slug":"le-rafraichisseur-adiabatique-mobile-repond-aux-situations-de-rafraichissement-durgence-et-aux-besoins-temporaires","status":"publish","type":"post","link":"https:\/\/obera.fr\/hu\/a-mi-tanacsunk\/le-rafraichisseur-adiabatique-mobile-repond-aux-situations-de-rafraichissement-durgence-et-aux-besoins-temporaires\/","title":{"rendered":"A mobil adiabatikus h\u0171t\u0151 megfelel a v\u00e9szhelyzeti h\u0171t\u00e9si k\u00f6vetelm\u00e9nyeknek \u00e9s az ideiglenes ig\u00e9nyeknek"},"content":{"rendered":"\n<p>K\u00e9ts\u00e9gtelen, hogy az <strong>\u00e9ghajlatv\u00e1ltoz\u00e1s t\u00f6bb \u00e9ves h\u0151s\u00e9get<\/strong> \u00e9s v\u00e1ratlan h\u0151hull\u00e1mokat <strong>okoz<\/strong>.<\/p>\n\n<p>Ezek a v\u00e9letlenszer\u0171 id\u0151szakok <strong>t\u00falterhelhetik a telephely szok\u00e1sos h\u0171t\u0151rendszer\u00e9t<\/strong>. Ez olyan hat\u00e1rhelyzetekhez vezet, amelyeket nagyon gyorsan meg kell oldani. A dolgoz\u00f3k vesz\u00edtenek termel\u00e9kenys\u00e9g\u00fckb\u0151l \u00e9s kock\u00e1ztatj\u00e1k eg\u00e9szs\u00e9g\u00fcket (f\u00fclledt leveg\u0151, rosszabb munkak\u00f6r\u00fclm\u00e9nyek). A <strong>berendez\u00e9sek m\u0171k\u00f6d\u00e9se bizonytalann\u00e1 v\u00e1lik <\/strong>(elektrosztatikus kock\u00e1zat, t\u00falmeleged\u00e9s vesz\u00e9lye), ami a termel\u00e9sre n\u00e9zve k\u00f6vetkezm\u00e9nyekkel j\u00e1r.   <\/p>\n\n<p>A<strong> <\/strong>A mobil adiabatikus h\u0171t\u0151k jelentik a megold\u00e1st erre a probl\u00e9m\u00e1ra. A telep\u00edt\u00e9s mind\u00f6ssze 5 percet vesz ig\u00e9nybe. Azonnal haszn\u00e1latra k\u00e9szek. A h\u0171v\u00f6s leveg\u0151 nagyon gyorsan keletkezik. Gyorsan megfelelnek a k\u00fcl\u00f6nb\u00f6z\u0151 h\u0171t\u00e9si k\u00f6vetelm\u00e9nyeknek. <a href=\"https:\/\/obera.fr\/hu\/a-mi-tanacsunk\/le-rafraichissement-adiabatique-savere-un-mode-de-climatisation-tres-economique\/\">Alkalmazhat\u00f3k<\/a> <strong>a v\u00e1llalatok \u00e1ltal a forr\u00f3 id\u0151j\u00e1r\u00e1sban tapasztalt<\/strong> probl\u00e9m\u00e1k sz\u00e9les sk\u00e1l\u00e1j\u00e1hoz.     <\/p>\n\n<p>A legk\u00fcl\u00f6nb\u00f6z\u0151bb helyeken helyezkednek el. T\u00f6bb <strong>mobil adiabatikus h\u0171t\u0151berendez\u00e9s<\/strong> is telep\u00edthet\u0151, hogy k\u00fcl\u00f6nb\u00f6z\u0151 helysz\u00edneken egyidej\u0171leg felmer\u00fcl\u0151 v\u00e9szhelyzeteket lehessen kezelni. V\u00e1ltoznak a h\u0171t\u00e9si priorit\u00e1sok? A mobil p\u00e1rologtat\u00f3 h\u0171t\u0151 azonnal \u00e1thelyezhet\u0151.   <\/p>\n\n<div class=\"wp-block-columns is-layout-flex wp-container-core-columns-is-layout-28f84493 wp-block-columns-is-layout-flex\">\n<div class=\"wp-block-column is-layout-flow wp-block-column-is-layout-flow\" style=\"flex-basis:50%\">\n<p>A mobil <a href=\"https:\/\/obera.fr\/hu\/a-mi-tanacsunk\/comment-fonctionne-un-rafraichisseur-adiabatique\/\">adiabatikus h\u0171t\u0151berendez\u00e9s<\/a> <strong>ideiglenes, egyszeri ig\u00e9nyeket<\/strong> is kiel\u00e9g\u00edt, amelyek \u00e1ltal\u00e1ban a v\u00e1llalat \u00e1ltal a telephely\u00e9n tervezett esem\u00e9nyhez kapcsol\u00f3dnak. Ny\u00e1ron az esem\u00e9nyt \u00e1ltal\u00e1ban nem szigetelt szabadt\u00e9ri ter\u00fcleten (terasz, s\u00e1tor, terasz) tartj\u00e1k. H\u0151hull\u00e1m idej\u00e9n a r\u00e9sztvev\u0151k <strong>kellemetlen l\u00e9gk\u00f6rben tal\u00e1lhatj\u00e1k magukat<\/strong>, ami k\u00e1rosan hat a rendezv\u00e9ny c\u00e9ljaira. Az adiabatikus h\u0171t\u00e9s kiv\u00e1l\u00f3an alkalmas az ilyen t\u00edpus\u00fa helyzetekre, mivel t\u00f6k\u00e9letesen m\u0171k\u00f6dik a j\u00f3l szell\u0151z\u0151 k\u00f6rnyezetben.   <\/p>\n\n\n\n<p>Ha a<strong>v\u00e1llalaton bel\u00fcli beruh\u00e1z\u00e1sr\u00f3l<\/strong> val\u00f3 d\u00f6nt\u00e9s id\u0151be telik, v\u00e9szhelyzetben a b\u00e9rl\u00e9s mellett d\u00f6nt\u00fcnk. A b\u00e9rl\u00e9s a meleg szezonban pr\u00f3baid\u0151szakra is ig\u00e9nybe vehet\u0151. Ez felhaszn\u00e1lhat\u00f3 a <strong>v\u00e1llalat adiabatikus h\u0171t\u00e9si ig\u00e9nyeinek meghat\u00e1roz\u00e1s\u00e1ra<\/strong> \u00e9s a beruh\u00e1z\u00e1si projekt el\u0151k\u00e9sz\u00edt\u00e9s\u00e9re.  <\/p>\n<\/div>\n\n\n\n<div class=\"wp-block-column is-layout-flow wp-block-column-is-layout-flow\" style=\"flex-basis:50%\">\n<figure class=\"wp-block-embed is-type-video is-provider-youtube wp-block-embed-youtube wp-embed-aspect-16-9 wp-has-aspect-ratio\"><div class=\"wp-block-embed__wrapper\">\n<iframe title=\"Rafraichisseur d&#039;air - Gamme IC - OberA\" width=\"1200\" height=\"675\" src=\"https:\/\/www.youtube.com\/embed\/NG-Ssy2oM70?feature=oembed\" frameborder=\"0\" allow=\"accelerometer; autoplay; clipboard-write; encrypted-media; gyroscope; picture-in-picture; web-share\" referrerpolicy=\"strict-origin-when-cross-origin\" allowfullscreen><\/iframe>\n<\/div><\/figure>\n<\/div>\n<\/div>\n\n<div style=\"height:20px\" aria-hidden=\"true\" class=\"wp-block-spacer\"><\/div>\n\n<div class=\"wp-block-buttons is-content-justification-center is-layout-flex wp-container-core-buttons-is-layout-a89b3969 wp-block-buttons-is-layout-flex\">\n<div class=\"wp-block-button\"><a class=\"wp-block-button__link wp-element-button\" href=\"https:\/\/obera.fr\/hu\/contact\/\">SZEM\u00c9LYRE SZABOTT TAN\u00c1CSAD\u00c1SRA VAN SZ\u00dcKS\u00c9GE?<\/a><\/div>\n<\/div>\n","protected":false},"excerpt":{"rendered":"<p>K\u00e9ts\u00e9gtelen, hogy az \u00e9ghajlatv\u00e1ltoz\u00e1s t\u00f6bb \u00e9ves h\u0151s\u00e9get \u00e9s v\u00e1ratlan h\u0151hull\u00e1mokat okoz. Ezek a v\u00e9letlenszer\u0171 id\u0151szakok t\u00falterhelhetik egy helysz\u00edn szok\u00e1sos h\u0171t\u0151rendszer\u00e9t.   <\/p>\n","protected":false},"author":4,"featured_media":89781,"comment_status":"closed","ping_status":"closed","sticky":false,"template":"","format":"standard","meta":{"_acf_changed":false,"_seopress_robots_primary_cat":"none","_seopress_titles_title":"Mobil adiabatikus h\u0171t\u0151k: a v\u00e1lasz a s\u00fcrg\u0151s ig\u00e9nyekre","_seopress_titles_desc":"Az adiabatikus h\u0171t\u0151 hat\u00e9kony megold\u00e1s v\u00e9szhelyzetekben \u00e9s ideiglenes l\u00e9gkondicion\u00e1l\u00e1si ig\u00e9nyek eset\u00e9n.","_seopress_robots_index":"","footnotes":""},"categories":[314],"tags":[323],"class_list":["post-89807","post","type-post","status-publish","format-standard","has-post-thumbnail","hentry","category-a-mi-tanacsunk","tag-entete-kicsi","generate-columns","tablet-grid-50","mobile-grid-100","grid-parent","grid-50","no-featured-image-padding","resize-featured-image"],"acf":[],"_links":{"self":[{"href":"https:\/\/obera.fr\/hu\/wp-json\/wp\/v2\/posts\/89807","targetHints":{"allow":["GET"]}}],"collection":[{"href":"https:\/\/obera.fr\/hu\/wp-json\/wp\/v2\/posts"}],"about":[{"href":"https:\/\/obera.fr\/hu\/wp-json\/wp\/v2\/types\/post"}],"author":[{"embeddable":true,"href":"https:\/\/obera.fr\/hu\/wp-json\/wp\/v2\/users\/4"}],"replies":[{"embeddable":true,"href":"https:\/\/obera.fr\/hu\/wp-json\/wp\/v2\/comments?post=89807"}],"version-history":[{"count":3,"href":"https:\/\/obera.fr\/hu\/wp-json\/wp\/v2\/posts\/89807\/revisions"}],"predecessor-version":[{"id":89847,"href":"https:\/\/obera.fr\/hu\/wp-json\/wp\/v2\/posts\/89807\/revisions\/89847"}],"wp:featuredmedia":[{"embeddable":true,"href":"https:\/\/obera.fr\/hu\/wp-json\/wp\/v2\/media\/89781"}],"wp:attachment":[{"href":"https:\/\/obera.fr\/hu\/wp-json\/wp\/v2\/media?parent=89807"}],"wp:term":[{"taxonomy":"category","embeddable":true,"href":"https:\/\/obera.fr\/hu\/wp-json\/wp\/v2\/categories?post=89807"},{"taxonomy":"post_tag","embeddable":true,"href":"https:\/\/obera.fr\/hu\/wp-json\/wp\/v2\/tags?post=89807"}],"curies":[{"name":"wp","href":"https:\/\/api.w.org\/{rel}","templated":true}]}}