{"id":89925,"date":"2023-04-17T08:55:55","date_gmt":"2023-04-17T06:55:55","guid":{"rendered":"https:\/\/obera.fr\/a-mi-tanacsunk\/le-principe-de-fonctionnement-du-refroidissement-adiabatique-air-eau-evaporation\/"},"modified":"2025-04-25T10:03:15","modified_gmt":"2025-04-25T08:03:15","slug":"le-principe-de-fonctionnement-du-refroidissement-adiabatique-air-eau-evaporation","status":"publish","type":"post","link":"https:\/\/obera.fr\/hu\/a-mi-tanacsunk\/le-principe-de-fonctionnement-du-refroidissement-adiabatique-air-eau-evaporation\/","title":{"rendered":"Adiabatikus l\u00e9gh\u0171t\u0151k: m\u0171k\u00f6d\u00e9s \u00e9s el\u0151ny\u00f6k"},"content":{"rendered":"\n<div class=\"wp-block-columns is-layout-flex wp-container-core-columns-is-layout-28f84493 wp-block-columns-is-layout-flex\">\n<div class=\"wp-block-column is-vertically-aligned-center is-layout-flow wp-block-column-is-layout-flow\" style=\"flex-basis:66.66%\">\n<p>A k\u00f6rnyezetv\u00e9delmi agg\u00e1lyok \u00e9s az emelked\u0151 energiak\u00f6lts\u00e9gek miatt \u00fajra megn\u0151tt az \u00e9rdekl\u0151d\u00e9s az <strong>adiabatikus l\u00e9gh\u0171t\u0151k<\/strong> ir\u00e1nt, k\u00fcl\u00f6n\u00f6sen az ipari, kereskedelmi \u00e9s szolg\u00e1ltat\u00f3 \u00e9p\u00fcletek <strong>leveg\u0151j\u00e9nek h\u0171t\u00e9s\u00e9re <\/strong>.  <\/p>\n\n\n\n<p>Az \u00e9vsz\u00e1zadok \u00f3ta alkalmazott <a href=\"https:\/\/obera.fr\/hu\/a-mi-tanacsunk\/comment-fonctionne-un-rafraichisseur-adiabatique\/\">adiabatikus h\u0171t\u00e9s<\/a> a p\u00e1rolg\u00e1sra t\u00e1maszkodik a k\u00f6rnyezeti leveg\u0151 term\u00e9szetes temper\u00e1l\u00e1sa \u00e9rdek\u00e9ben. A foly\u00e9kony v\u00edz g\u0151zz\u00e9 alakul\u00e1sa elnyeli a h\u0151t a k\u00f6rnyezetb\u0151l, cs\u00f6kkentve a leveg\u0151 h\u0151m\u00e9rs\u00e9klet\u00e9t. <\/p>\n\n\n\n<p>Mindannyian ismerj\u00fck ezt a h\u0171t\u00e9si folyamatot, amely olyan mindennapi jelens\u00e9gekben \u00e9rz\u00e9kelhet\u0151, mint p\u00e9ld\u00e1ul a forr\u00f3 id\u0151ben, \u00fasz\u00e1s ut\u00e1n \u00e9rzett h\u0171v\u00f6s \u00e9rz\u00e9s, amikor a meleg, sz\u00e1raz sz\u00e9l s\u00farolja nedves b\u0151r\u00fcnket.  <\/p>\n\n\n\n<p>Azonban r\u00e9szletesebb magyar\u00e1zatra van sz\u00fcks\u00e9g ahhoz, hogy teljes m\u00e9rt\u00e9kben meg\u00e9rts\u00fck, hogyan m\u0171k\u00f6dik <strong>az adiabatikus h\u0171t\u00e9s<\/strong>, milyen el\u0151nyei vannak a l\u00e9gkondicion\u00e1l\u00e1ssal szemben, \u00e9s hogyan alkalmazhat\u00f3 az iparban \u00e9s a k\u00f6z\u00f6ss\u00e9gben.<\/p>\n<\/div>\n\n\n\n<div class=\"wp-block-column is-layout-flow wp-block-column-is-layout-flow\" style=\"flex-basis:33.33%\">\n<figure class=\"wp-block-image aligncenter size-full is-resized\"><img decoding=\"async\" width=\"500\" height=\"500\" src=\"https:\/\/obera.fr\/wp-content\/uploads\/2023\/06\/raf_phenomene-naturel-1.png\" alt=\"raf term&#xE9;szeti jelens&#xE9;g 1\" class=\"wp-image-23174\" srcset=\"https:\/\/obera.fr\/wp-content\/uploads\/2023\/06\/raf_phenomene-naturel-1.png 500w, https:\/\/obera.fr\/wp-content\/uploads\/2023\/06\/raf_phenomene-naturel-1-300x300.png 300w, https:\/\/obera.fr\/wp-content\/uploads\/2023\/06\/raf_phenomene-naturel-1-150x150.png 150w\" sizes=\"(max-width: 500px) 100vw, 500px\" \/><\/figure>\n<\/div>\n<\/div>\n\n<h2 class=\"wp-block-heading\">Az <strong>adiabatikus l\u00e9gh\u0171t\u0151<\/strong> m\u0171k\u00f6d\u00e9se<\/h2>\n\n<h3 class=\"wp-block-heading\">Hogyan m\u0171k\u00f6dik <strong>az adiabatikus p\u00e1rologtat\u00f3 h\u0171t\u00e9s<\/strong>?<\/h3>\n\n<p>A leveg\u0151 adiabatikus h\u0171t\u00e9se cs\u00f6kkenti a k\u00f6rnyezeti h\u0151m\u00e9rs\u00e9kletet a v\u00edz \u00e1ltal p\u00e1rolg\u00e1s k\u00f6zben elnyelt energi\u00e1nak k\u00f6sz\u00f6nhet\u0151en. Amikor a v\u00edz forr\u00f3 leveg\u0151vel \u00e9rintkezik, egy r\u00e9sze elp\u00e1rolog. Ehhez az <strong>\u00e1llapotv\u00e1ltoz\u00e1shoz<\/strong> h\u0151energi\u00e1t kell felvenni a hidrog\u00e9nk\u00f6t\u00e9sek felbont\u00e1s\u00e1hoz, ez az energiaig\u00e9nyes folyamat a p\u00e1rolg\u00e1s l\u00e1tens h\u0151jek\u00e9nt ismert. Ahhoz, hogy egy kilogramm v\u00edz 20 \u00b0C-on elp\u00e1rologjon, 2454 kJ h\u0151energi\u00e1t kell felvennie.   <\/p>\n\n<p>A leveg\u0151b\u0151l a v\u00edzbe \u00e1raml\u00f3 h\u0151 leh\u0171ti a k\u00f6rnyez\u0151 leveg\u0151t. A 25 \u00b0C \u00e9s 40 \u00b0C k\u00f6z\u00f6tti kezdeti h\u0151m\u00e9rs\u00e9kletr\u0151l a leveg\u0151 a berendez\u00e9s m\u00e9ret\u00e9t\u0151l \u00e9s a kinti p\u00e1ratartalomt\u00f3l f\u00fcgg\u0151en 5 \u00b0C \u00e9s 11 \u00b0C k\u00f6z\u00f6tt vesz\u00edthet. A bef\u00fajt \u00e9s leh\u0171t\u00f6tt leveg\u0151 p\u00e1ratartalma is magasabb, k\u00fcl\u00f6n\u00f6sen a k\u00f6zvetlen<a href=\"https:\/\/obera.fr\/hu\/produits\/rafraichisseurs-air\/\"> adiabatikus h\u0171t\u0151k<\/a> kimenet\u00e9n\u00e9l.  <\/p>\n\n<p><br\/>Ezt a <strong>h\u0171t\u00e9st adiabatikusnak nevezz\u00fck<\/strong>, mivel az energia a v\u00edz-leveg\u0151 rendszerben megmarad an\u00e9lk\u00fcl, hogy a k\u00fcls\u0151vel kicser\u00e9l\u0151dne: az \u00e9rz\u00e9kelhet\u0151 h\u0151 a p\u00e1rolg\u00e1s r\u00e9v\u00e9n l\u00e1tens h\u0151v\u00e9, azaz nedvess\u00e9gg\u00e9 alakul \u00e1t.<\/p>\n\n<div class=\"wp-block-columns is-layout-flex wp-container-core-columns-is-layout-28f84493 wp-block-columns-is-layout-flex\">\n<div class=\"wp-block-column is-layout-flow wp-block-column-is-layout-flow\">\n<figure class=\"wp-block-image aligncenter size-full is-resized\"><img decoding=\"async\" width=\"600\" height=\"600\" src=\"https:\/\/obera.fr\/wp-content\/uploads\/2023\/04\/evaporation-moleculaire.png\" alt=\"molekul&#xE1;ris p&#xE1;rolg&#xE1;s\" class=\"wp-image-20817\" style=\"width:300px;height:300px\" srcset=\"https:\/\/obera.fr\/wp-content\/uploads\/2023\/04\/evaporation-moleculaire.png 600w, https:\/\/obera.fr\/wp-content\/uploads\/2023\/04\/evaporation-moleculaire-300x300.png 300w, https:\/\/obera.fr\/wp-content\/uploads\/2023\/04\/evaporation-moleculaire-150x150.png 150w\" sizes=\"(max-width: 600px) 100vw, 600px\" \/><\/figure>\n<\/div>\n\n\n\n<div class=\"wp-block-column is-layout-flow wp-block-column-is-layout-flow\">\n<figure class=\"wp-block-image aligncenter size-full is-resized\"><img decoding=\"async\" width=\"600\" height=\"600\" src=\"https:\/\/obera.fr\/wp-content\/uploads\/2023\/04\/evaporation-moleculaire-2-1.png\" alt=\"molekul&#xE1;ris p&#xE1;rolg&#xE1;s 2 1\" class=\"wp-image-20823\" style=\"width:300px;height:300px\" srcset=\"https:\/\/obera.fr\/wp-content\/uploads\/2023\/04\/evaporation-moleculaire-2-1.png 600w, https:\/\/obera.fr\/wp-content\/uploads\/2023\/04\/evaporation-moleculaire-2-1-300x300.png 300w, https:\/\/obera.fr\/wp-content\/uploads\/2023\/04\/evaporation-moleculaire-2-1-150x150.png 150w\" sizes=\"(max-width: 600px) 100vw, 600px\" \/><\/figure>\n<\/div>\n<\/div>\n\n<h3 class=\"wp-block-heading\">Az <strong>adiabatikus h\u0171t\u0151 <\/strong> f\u0151 alkot\u00f3elemei  <\/h3>\n\n<h4 class=\"wp-block-heading\">1. Adiabatikus k\u00f6zegek<\/h4>\n\n<p>A p\u00e1rologtat\u00f3 panel az <strong>adiabatikus h\u0171t\u00e9s k\u00f6zponti eleme.<\/strong> Teljes\u00edtm\u00e9ny\u00fck sz\u00e1mos t\u00e9nyez\u0151t\u0151l f\u00fcgg, p\u00e9ld\u00e1ul a leveg\u0151 h\u0151m\u00e9rs\u00e9klet\u00e9t\u0151l (pontosabban a sz\u00e1raz \u00e9s a nedves h\u0151m\u00e9rs\u00e9klet k\u00f6z\u00f6tti h\u0151m\u00e9rs\u00e9kletk\u00fcl\u00f6nbs\u00e9gt\u0151l), a leveg\u0151 relat\u00edv p\u00e1ratartalm\u00e1t\u00f3l \u00e9s a l\u00e9gk\u00f6ri nyom\u00e1st\u00f3l. Ezek a t\u00e9nyez\u0151k k\u00f6zvetlen hat\u00e1ssal vannak a p\u00e1rolg\u00e1si sebess\u00e9gre \u00e9s k\u00f6vetkez\u00e9sk\u00e9ppen a h\u0171t\u0151rendszer hat\u00e9konys\u00e1g\u00e1ra. <\/p>\n\n<p>A panelek kialak\u00edt\u00e1sa \u00e9s anyaga ugyanilyen fontos. A bord\u00e1zott cellul\u00f3zb\u00f3l k\u00e9sz\u00fclt p\u00e1rologtat\u00f3 k\u00f6zegeknek maximaliz\u00e1lniuk kell a <strong>leveg\u0151 \u00e9s a v\u00edz k\u00f6z\u00f6tti \u00e9rintkez\u00e9si fel\u00fcletet<\/strong>, ami jav\u00edtja az adiabatikus h\u0171t\u00e9st. <\/p>\n\n<h4 class=\"wp-block-heading\">2. V\u00edzeloszt\u00f3 rendszer<\/h4>\n\n<p>A v\u00edz egyenletes \u00e9s \u00e1lland\u00f3 eloszl\u00e1s\u00e1nak biztos\u00edt\u00e1sa az adiabatikus k\u00f6zegben kulcsfontoss\u00e1g\u00fa a panelek optim\u00e1lis tel\u00edtetts\u00e9g\u00e9nek fenntart\u00e1s\u00e1hoz, \u00e9s \u00edgy a hat\u00e9kony adiabatikus h\u0171t\u00e9s biztos\u00edt\u00e1s\u00e1hoz. Ez a feladata az eloszt\u00f3knak, f\u00fav\u00f3k\u00e1knak vagy csepegtet\u0151knek. A szivatty\u00fak, az <strong>\u00e1raml\u00e1sszab\u00e1lyoz\u00f3k<\/strong> \u00e9s a szab\u00e1lyoz\u00f3szelepek \u00e1lland\u00f3 nyom\u00e1st biztos\u00edtanak a v\u00edz\u00e1ramban. A cs\u00f6vek minimaliz\u00e1lj\u00e1k a nyom\u00e1svesztes\u00e9get.     <\/p>\n\n<p>A v\u00edzmin\u0151s\u00e9g szint\u00e9n fontos t\u00e9nyez\u0151 a<strong>p\u00e1rologtat\u00e1si folyamat hat\u00e9konys\u00e1ga<\/strong> szempontj\u00e1b\u00f3l. A s\u00f3t\u00f3l \u00e9s biol\u00f3giai r\u00e9szecsk\u00e9kt\u0151l mentes folyad\u00e9k k\u00f6nnyebben elp\u00e1rolog. A v\u00edz tisztas\u00e1g\u00e1nak garant\u00e1l\u00e1s\u00e1ra demineraliz\u00e1ci\u00f3s sz\u0171r\u0151ket \u00e9s fert\u0151tlen\u00edt\u0151 rendszereket haszn\u00e1lnak.  <\/p>\n\n<h4 class=\"wp-block-heading\">3. Szell\u0151ztet\u0151 rendszer<\/h4>\n\n<p>Az <strong>adiabatikus h\u0171t\u0151rendszerben<\/strong> a szell\u0151z\u00e9s elengedhetetlen. A ventil\u00e1torok szab\u00e1lyozz\u00e1k a meleg leveg\u0151 \u00e1raml\u00e1s\u00e1nak ir\u00e1ny\u00e1t \u00e9s sebess\u00e9g\u00e9t a p\u00e1r\u00e1s\u00edtott panelek fel\u00e9, hat\u00e9konyan szab\u00e1lyozva a leveg\u0151 \u00e1raml\u00e1s\u00e1t a m\u00e9hsejtes k\u00f6zegen kereszt\u00fcl, n\u00f6velve a h\u0171t\u00e9si folyamat hat\u00e9konys\u00e1g\u00e1t.   <\/p>\n\n<p>R\u00e1ad\u00e1sul a l\u00e9gfriss\u00edt\u0151k olyan sz\u0171r\u0151kkel vannak felszerelve, amelyek felfogj\u00e1k a r\u00e9szecsk\u00e9ket \u00e9s a port, jav\u00edtva a belt\u00e9ri leveg\u0151 min\u0151s\u00e9g\u00e9t \u00e9s megv\u00e9dve az <strong>adiabatikus k\u00f6zeget<\/strong> az elt\u00f6m\u0151d\u00e9st\u0151l.<\/p>\n\n<h2 class=\"wp-block-heading\"><strong>P\u00e1rologtat\u00f3 h\u0171t\u00e9s<\/strong> kontra l\u00e9gkondicion\u00e1l\u00e1s: az energetikai, \u00f6kol\u00f3giai \u00e9s p\u00e9nz\u00fcgyi el\u0151ny\u00f6k   <\/h2>\n\n<h3 class=\"wp-block-heading\">Energiahat\u00e9konys\u00e1g<\/h3>\n\n<h4 class=\"wp-block-heading\">Nagyon alacsony \u00e1ramfogyaszt\u00e1s a leveg\u0151 h\u0171t\u00e9s\u00e9hez<\/h4>\n\n<p>Az <strong>adiabatikus h\u0171t\u0151k<\/strong> \u00e1ltal felhaszn\u00e1lt villamos energia kiz\u00e1r\u00f3lag a szell\u0151z\u00e9sb\u0151l \u00e9s a v\u00edzkeringet\u00e9sb\u0151l sz\u00e1rmazik, \u00e9s a biztos\u00edtott h\u0171t\u00e9si kapacit\u00e1snak mind\u00f6ssze 5%-\u00e1t teszi ki. Val\u00f3j\u00e1ban a h\u0171t\u00e9si kapacit\u00e1s 95%-a a v\u00edz term\u00e9szetes p\u00e1rolg\u00e1si folyamat\u00e1b\u00f3l sz\u00e1rmazik, ellent\u00e9tben a l\u00e9gkondicion\u00e1l\u00f3 berendez\u00e9ssel, amely a hideg el\u0151\u00e1ll\u00edt\u00e1s\u00e1hoz teljes m\u00e9rt\u00e9kben az elektromos energi\u00e1t\u00f3l f\u00fcgg. Ennek eredm\u00e9nyek\u00e9nt az adiabatikus l\u00e9gh\u0171t\u0151k 10-szer kevesebb villamos energi\u00e1t fogyasztanak, mint a hagyom\u00e1nyos l\u00e9gkondicion\u00e1l\u00f3k!  <\/p>\n\n<p>T\u00e1j\u00e9koztat\u00e1sul: egy 250 m\u00b2-es helyis\u00e9g h\u0171t\u00e9s\u00e9hez <strong>egy adiabatikus h\u0171t\u0151l\u00e1da \u00e1ramfogyaszt\u00e1sa<\/strong> 1 \u00e9s 3 kWh k\u00f6z\u00f6tt v\u00e1ltozik (a beszerelt modellt\u0151l f\u00fcgg\u0151en).<\/p>\n\n<h4 class=\"wp-block-heading\">Rendk\u00edv\u00fcl alacsony v\u00edzfogyaszt\u00e1s a k\u00f6rnyezeti h\u0171t\u00e9shez<\/h4>\n\n<p>Egy adiabatikus h\u0171t\u0151 naponta k\u00f6r\u00fclbel\u00fcl 120 liter vizet fogyaszt egy 250 m\u00b2-es helyis\u00e9g h\u0171t\u00e9s\u00e9hez. Ez a mennyis\u00e9g jelent\u00e9ktelen: az ipari szektorban naponta \u00e1tlagosan 500 liter vizet haszn\u00e1lnak fel dolgoz\u00f3nk\u00e9nt. <\/p>\n\n<p>Egy p\u00e9lda: ha ebben a helyis\u00e9gben 12 munkahely van, akkor<strong> a h\u0171t\u0151 v\u00edzfogyaszt\u00e1sa<\/strong> az egy alkalmazottra jut\u00f3 \u00e1tlagos napi fogyaszt\u00e1snak mind\u00f6ssze 2%-\u00e1t teszi ki. Az adiabatikus h\u0171t\u0151k teh\u00e1t minim\u00e1lis hat\u00e1ssal vannak az ipari k\u00f6rnyezet teljes v\u00edzfogyaszt\u00e1s\u00e1ra.   <\/p>\n\n<h4 class=\"wp-block-heading\">Kiemelked\u0151 energiahat\u00e9konys\u00e1g<\/h4>\n\n<p>A p\u00e1rologtat\u00f3 h\u0171t\u0151rendszerek energiatakar\u00e9kosabbak, mint a kompresszi\u00f3s h\u0171t\u00e9sen alapul\u00f3 <strong>l\u00e9gkondicion\u00e1l\u00f3 rendszerek<\/strong>: COP 15-20 a 2-5-h\u00f6z k\u00e9pest.  <\/p>\n\n<p>R\u00e1ad\u00e1sul az adiabatikus h\u0171t\u0151k energiahat\u00e9konys\u00e1ga a k\u00f6rnyezeti h\u0151m\u00e9rs\u00e9klet n\u00f6veked\u00e9s\u00e9vel n\u0151, mivel a meleg leveg\u0151 el\u0151seg\u00edti a v\u00edz elp\u00e1rolg\u00e1s\u00e1t, \u00edgy javul a h\u0171t\u00e9si teljes\u00edtm\u00e9ny an\u00e9lk\u00fcl, hogy az energiaig\u00e9ny jelent\u0151sen megn\u00f6vekedne. A l\u00e9gkondicion\u00e1l\u00e1s viszont nagy energiaintenzit\u00e1st ig\u00e9nyel a k\u00edv\u00e1nt belt\u00e9ri h\u0151m\u00e9rs\u00e9klet el\u00e9r\u00e9s\u00e9hez. <\/p>\n\n<p>Az <strong>adiabatikus h\u0171t\u00e9s <\/strong>magas energiahat\u00e9konys\u00e1ga ez\u00e9rt k\u00fcl\u00f6n\u00f6sen el\u0151ny\u00f6s h\u0151hull\u00e1mok idej\u00e9n vagy nagy h\u0151lead\u00e1ssal j\u00e1r\u00f3 ipar\u00e1gakban.<\/p>\n\n<h3 class=\"wp-block-heading\">A k\u00f6rnyezetre gyakorolt hat\u00e1s<\/h3>\n\n<h4 class=\"wp-block-heading\">Alacsony sz\u00e9nl\u00e1bnyom<\/h4>\n\n<p>Az adiabatikus h\u0171t\u0151 csak v\u00edzg\u0151zt haszn\u00e1l h\u0171t\u0151k\u00f6zegk\u00e9nt, ellent\u00e9tben a l\u00e9gkondicion\u00e1l\u00f3kkal, amelyek nagy glob\u00e1lis felmeleged\u00e9si potenci\u00e1llal rendelkez\u0151 k\u00e9miai h\u0171t\u0151k\u00f6zegeket haszn\u00e1lnak. Ez a g\u0151zhaszn\u00e1lat jelent\u0151sen cs\u00f6kkenti a sz\u00e9nl\u00e1bnyomot \u00e9s az \u00fcvegh\u00e1zhat\u00e1s\u00fa g\u00e1zok kibocs\u00e1t\u00e1s\u00e1t. A<strong> l\u00e9gkondicion\u00e1l\u00f3k<\/strong> az \u00e9p\u00edt\u0151ipar<sub>CO2-kibocs\u00e1t\u00e1s\u00e1nak <\/sub>mintegy 5%-\u00e1\u00e9rt felel\u0151sek.  <\/p>\n\n<p>A v\u00edzg\u0151z felhaszn\u00e1l\u00e1s\u00e1val az adiabatikus h\u0171t\u0151 nem j\u00e1rul hozz\u00e1 a l\u00e9gszennyez\u00e9shez, az \u00f3zonr\u00e9teg cs\u00f6kken\u00e9s\u00e9hez vagy a <strong>glob\u00e1lis felmeleged\u00e9shez<\/strong>. A lefoly\u00f3 v\u00edz el\u0151kezel\u00e9s n\u00e9lk\u00fcl a szennyv\u00edzh\u00e1l\u00f3zatba vezethet\u0151, ami tov\u00e1bbi \u00f6kol\u00f3giai el\u0151nyt jelent. <\/p>\n\n<h4 class=\"wp-block-heading\">Nulla hozz\u00e1j\u00e1rul\u00e1s a v\u00e1rosi felmeleged\u00e9shez<\/h4>\n\n<p>Min\u00e9l nagyobb a leveg\u0151csere sebess\u00e9ge, ann\u00e1l hat\u00e9konyabb az adiabatikus h\u0171t\u00e9si folyamat. Az adiabatikus h\u0171t\u0151ket \u00fagy tervezt\u00e9k, hogy nyitott terekben is hat\u00e9konyan m\u0171k\u00f6djenek. Az\u00e1ltal, hogy h\u0171v\u00f6s leveg\u0151t bocs\u00e1tanak ki ezekbe a nyitott terekbe, <strong>az adiabatikus h\u0171t\u0151k <\/strong>cs\u00f6kkentik a h\u0151m\u00e9rs\u00e9kletet mind az \u00e9p\u00fcletek belsej\u00e9ben, mind a helyis\u00e9gek k\u00f6r\u00fcl. Az adiabatikus h\u0171t\u00e9s ez\u00e9rt hat\u00e9kony megold\u00e1s a v\u00e1rosi felmeleged\u00e9s \u00e9s a h\u0151szigetek kialakul\u00e1sa elleni k\u00fczdelemben, ellent\u00e9tben a l\u00e9gkondicion\u00e1l\u00e1ssal, amely a kondenz\u00e1torokb\u00f3l a k\u00fcls\u0151 k\u00f6rnyezetbe juttatja a forr\u00f3 leveg\u0151t.   <\/p>\n\n<h4 class=\"wp-block-heading\">Az alkatr\u00e9szek \u00fajrahasznos\u00edthat\u00f3s\u00e1ga<\/h4>\n\n<p>A <strong>l\u00e9gh\u0171t\u0151k<\/strong> fenntarthat\u00f3ak \u00e9s k\u00f6rnyezetbar\u00e1tok, mivel \u00e9lettartamuk v\u00e9g\u00e9n \u00fajrahasznos\u00edthat\u00f3k, a k\u00f6rnyezeti hat\u00e1sok cs\u00f6kkent\u00e9s\u00e9re ir\u00e1nyul\u00f3 t\u00f6rekv\u00e9s r\u00e9szek\u00e9nt. \u00dajrahasznos\u00edthat\u00f3 anyagokb\u00f3l, p\u00e9ld\u00e1ul propil\u00e9nb\u0151l \u00e9s bevonatos alum\u00edniumb\u00f3l gy\u00e1rtva hozz\u00e1j\u00e1rulnak a k\u00f6rk\u00f6r\u00f6sebb hullad\u00e9kgazd\u00e1lkod\u00e1shoz. <strong>Az elektromos alkatr\u00e9szeket <\/strong>az eur\u00f3pai WEEE-ir\u00e1nyelveknek megfelel\u0151en kezelik. A p\u00e1rologtat\u00f3 k\u00f6zegek hullad\u00e9kkezel\u0151 l\u00e9tes\u00edtm\u00e9nyekben komposzt\u00e1lhat\u00f3k.   <\/p>\n\n<h3 class=\"wp-block-heading\">K\u00f6lts\u00e9gek \u00e9s a befektet\u00e9s megt\u00e9r\u00fcl\u00e9se<\/h3>\n\n<h4 class=\"wp-block-heading\">A beruh\u00e1z\u00e1s gyors megt\u00e9r\u00fcl\u00e9se<\/h4>\n\n<p>A l\u00e9gh\u0171t\u0151k jelent\u0151s p\u00e9nz\u00fcgyi el\u0151nyt jelentenek viszonylag alacsony kezdeti k\u00f6lts\u00e9g\u00fcknek k\u00f6sz\u00f6nhet\u0151en.  <\/p>\n\n<p>A <strong>hagyom\u00e1nyos l\u00e9gkondicion\u00e1l\u00f3khoz<\/strong> k\u00e9pest az adiabatikus rendszer telep\u00edt\u00e9si k\u00f6lts\u00e9gei is cs\u00f6kkennek, m\u00e9g a fix tet\u0151re vagy falra szerelt berendez\u00e9sek eset\u00e9ben is. Ami a mobil adiabatikus h\u0171t\u0151t illeti, nincsenek telep\u00edt\u00e9si k\u00f6lts\u00e9gek; mind\u00f6ssze egy elektromos csatlakoz\u00f3ra van sz\u00fcks\u00e9g.   <\/p>\n\n<p>A berendez\u00e9s 10 \u00e9v alatt t\u00f6rt\u00e9n\u0151 \u00e9rt\u00e9kcs\u00f6kken\u00e9se \u00e9vente csak n\u00e9h\u00e1ny sz\u00e1z eur\u00f3t jelent.<\/p>\n\n<h4 class=\"wp-block-heading\">Alacsony \u00fczemeltet\u00e9si k\u00f6lts\u00e9gek<\/h4>\n\n<p><strong>A l\u00e9gh\u0171t\u0151k<\/strong> kedvez\u0151 \u00fczemeltet\u00e9si k\u00f6lts\u00e9geikkel t\u0171nnek ki, amelyek mind a villamos energi\u00e1t, mind a vizet fedezik. Egy 250 m\u00b2-es helyis\u00e9g eset\u00e9ben a napi \u00fczemeltet\u00e9si k\u00f6lts\u00e9g \u00e1ltal\u00e1ban csak n\u00e9h\u00e1ny t\u00edz cent.   <\/p>\n\n<p>A szerviz- \u00e9s karbantart\u00e1si k\u00f6lts\u00e9gek k\u00f6r\u00fclbel\u00fcl 10-szer alacsonyabbak, mint a hagyom\u00e1nyos l\u00e9gkondicion\u00e1l\u00f3k eset\u00e9ben, k\u00f6sz\u00f6nhet\u0151en egyszer\u0171 kialak\u00edt\u00e1suknak \u00e9s a rendszeres karbantart\u00e1st ig\u00e9nyl\u0151 alkatr\u00e9szek korl\u00e1tozott sz\u00e1m\u00e1nak. A karbantart\u00e1si feladatok, mint p\u00e9ld\u00e1ul <strong>a m\u00e9hsejtes k\u00f6zeg<\/strong>, a sz\u0171r\u0151k \u00e9s a v\u00edzvisszatart\u00f3 t\u00e1lca <strong>tiszt\u00edt\u00e1sa<\/strong> gyorsan elv\u00e9gezhet\u0151, \u00e9s nem ig\u00e9nyel szakk\u00e9pzett szem\u00e9lyzetet. A p\u00e1rologtat\u00f3panel k\u00e9t\u00e9vente t\u00f6rt\u00e9n\u0151 cser\u00e9je a f\u0151 karbantart\u00e1si feladat.    <\/p>\n\n<p>Ha mindezeket a k\u00f6lts\u00e9geket figyelembe vessz\u00fck, <strong>az adiabatikus l\u00e9gh\u0171t\u0151k<\/strong> jelent\u0151sen alacsonyabb \u00f6sszk\u00f6lts\u00e9get k\u00edn\u00e1lnak, mint a l\u00e9gkondicion\u00e1l\u00f3 rendszerek, ami gyors megt\u00e9r\u00fcl\u00e9st eredm\u00e9nyez.<\/p>\n\n<h4 class=\"wp-block-heading\">Jav\u00edtott munkav\u00e1llal\u00f3i k\u00e9nyelem \u00e9s termel\u00e9kenys\u00e9g<\/h4>\n\n<p>A termel\u00e9kenys\u00e9g cs\u00f6kken, amint a h\u0151m\u00e9rs\u00e9klet 24-26 \u00b0C f\u00f6l\u00e9 emelkedik, \u00e9s a fel\u00e9re cs\u00f6kken, ha a h\u0151m\u00e9r\u0151 33-34 \u00b0C f\u00f6l\u00e9 emelkedik, ez a jelens\u00e9g h\u0151stressznek nevezett. Az optim\u00e1lis <strong>h\u0151m\u00e9rs\u00e9klet<\/strong> \u00e9s p\u00e1ratartalom fenntart\u00e1sa teh\u00e1t k\u00f6zvetlen hat\u00e1ssal van a munkav\u00e1llal\u00f3k termel\u00e9kenys\u00e9g\u00e9re.   <\/p>\n\n<p>A l\u00e9gkondicion\u00e1l\u00f3 berendez\u00e9ssel ellent\u00e9tben, amely kisz\u00e1r\u00edtja a leveg\u0151t \u00e9s hideglel\u00e9st okozhat, <strong>az adiabatikus h\u0171t\u0151k<\/strong> k\u00e9nyelmes munkak\u00f6rnyezetet teremtenek, amely megfelel a munkak\u00f6r\u00fclm\u00e9nyekre vonatkoz\u00f3 szab\u00e1lyoz\u00e1si el\u0151\u00edr\u00e1soknak.<\/p>\n\n<p>A megfelel\u0151 p\u00e1ratartalom fenntart\u00e1s\u00e1val az adiabatikus l\u00e9gh\u0171t\u0151k seg\u00edtenek megel\u0151zni az elektrosztatikus kis\u00fcl\u00e9ssel kapcsolatos probl\u00e9m\u00e1kat, jav\u00edtva a berendez\u00e9sek biztons\u00e1g\u00e1t \u00e9s a dolgoz\u00f3k termel\u00e9kenys\u00e9g\u00e9t. Eg\u00e9szs\u00e9g\u00fcgyi el\u0151nyeik mellett alacsonyabb zajszintet bocs\u00e1tanak ki, mint a l\u00e9gkondicion\u00e1l\u00f3k (-10 dB), \u00edgy csendesebb, a koncentr\u00e1ci\u00f3t el\u0151seg\u00edt\u0151 <strong>munkak\u00f6rnyezetet<\/strong> teremtenek. <br\/><\/p>\n\n<h2 class=\"wp-block-heading\"><strong>Adiabatikus p\u00e1rologtat\u00f3 h\u0171t\u0151k<\/strong> alkalmaz\u00e1sa az iparban \u00e9s a kereskedelmi \u00e9p\u00fcletekben<\/h2>\n\n<p><a href=\"https:\/\/obera.fr\/hu\/produits\/rafraichisseurs-air\/rafraichisseurs-par-evaporation-ic\/\">Az adiabatikus p\u00e1rologtat\u00f3 h\u0171t\u00e9s<\/a> hat\u00e9kony \u00e9s gazdas\u00e1gos megold\u00e1s a k\u00e9nyelmes \u00e9s produkt\u00edv k\u00f6rnyezet fenntart\u00e1s\u00e1ra az iparban \u00e9s a k\u00f6z\u00f6ss\u00e9gekben.  <\/p>\n\n<h4 class=\"wp-block-heading\">Ipari rakt\u00e1rak<\/h4>\n\n<p>Ezekben a helyis\u00e9gekben gyakran hat\u00e9kony h\u0171t\u0151rendszerre van sz\u00fcks\u00e9g a szem\u00e9lyzet sz\u00e1m\u00e1ra k\u00e9nyelmes munkak\u00f6r\u00fclm\u00e9nyek fenntart\u00e1s\u00e1hoz \u00e9s a <strong>h\u0151m\u00e9rs\u00e9kletre \u00e9rz\u00e9keny \u00e1ruk<\/strong> v\u00e9delm\u00e9hez. A mobil p\u00e1rologtat\u00f3 h\u0171t\u0151k telep\u00edt\u00e9se rugalmas adiabatikus h\u0171t\u00e9si megold\u00e1st k\u00edn\u00e1l, amely mozgathat\u00f3 \u00e9s az \u00e9p\u00fclet k\u00fcl\u00f6nb\u00f6z\u0151 ter\u00fcleteire igaz\u00edthat\u00f3. Ha a c\u00e9l az \u00e9p\u00fclet \u00e1ltal\u00e1nos h\u0151m\u00e9rs\u00e9klet\u00e9nek cs\u00f6kkent\u00e9se, akkor c\u00e9lszer\u0171 nagyobb \u00e1raml\u00e1si sebess\u00e9g\u0171, fix adiabatikus rendszert telep\u00edteni.  <\/p>\n\n<h4 class=\"wp-block-heading\">Gy\u00e1rt\u00f3\u00fczemek<\/h4>\n\n<p>A gy\u00e1rt\u00f3\u00fczemekben, ahol a g\u00e9pek \u00e9s<strong> berendez\u00e9sek gyakran h\u0151t termelnek<\/strong>, az adiabatikus h\u0171t\u00e9s hat\u00e9kony megold\u00e1s a m\u0171k\u00f6d\u00e9si teljes\u00edtm\u00e9ny fenntart\u00e1s\u00e1ra, mik\u00f6zben megfelel a francia munka t\u00f6rv\u00e9nyk\u00f6nyv\u00e9ben meghat\u00e1rozott belt\u00e9ri k\u00f6rnyezeti krit\u00e9riumoknak. A hordozhat\u00f3 adiabatikus h\u0171t\u0151rendszerek seg\u00edts\u00e9g\u00e9vel pontosan meg lehet c\u00e9lozni a h\u0171t\u00e9st ig\u00e9nyl\u0151 munkater\u00fcleteket vagy berendez\u00e9seket, \u00edgy meg\u0151rizve a h\u0151m\u00e9rs\u00e9kletre \u00e9rz\u00e9keny berendez\u00e9sek \u00e9ps\u00e9g\u00e9t. A p\u00e1rologtat\u00f3 h\u0171t\u0151k biztos\u00edtj\u00e1k a helyis\u00e9gek megfelel\u0151 szell\u0151z\u00e9s\u00e9t \u00e9s el\u0151seg\u00edtik a munkav\u00e1llal\u00f3k <strong>h\u0151komfortj\u00e1t<\/strong>.  <\/p>\n\n<h4 class=\"wp-block-heading\">Nagy szabad terekkel rendelkez\u0151 helyis\u00e9gek<\/h4>\n\n<p>Ezek az \u00e9p\u00fcletek egyedi h\u0171t\u00e9si kih\u00edv\u00e1sokat jelentenek. A nagy belmagass\u00e1g \u00e9s a gyakran nyitott ajt\u00f3k miatt a hagyom\u00e1nyos l\u00e9gkondicion\u00e1l\u00e1s nem praktikus \u00e9s t\u00fal dr\u00e1ga.   <\/p>\n\n<p><strong>Az adiabatikus h\u0171t\u00e9s <\/strong>hat\u00e9kony \u00e9s gazdas\u00e1gos m\u00f3dja annak, hogy az \u00fczemeltet\u0151k sz\u00e1m\u00e1ra kellemes h\u0151m\u00e9rs\u00e9kletet \u00e9s p\u00e1ratartalmat tartsanak fenn, k\u00fcl\u00f6n\u00f6sen akkor, ha a k\u00fcls\u0151 h\u0151m\u00e9rs\u00e9klet ingadozik. Egyes mobil adiabatikus h\u0171t\u0151rendszerek k\u00fcl\u00f6n\u00f6sen hasznosak a szabadban (standokon, g\u00e9p\u00e9szeti m\u0171helyekben stb.) dolgoz\u00f3 oper\u00e1torok h\u0151komfortj\u00e1nak biztos\u00edt\u00e1s\u00e1ra.   <\/p>\n\n<p>Az adiabatikus h\u0171t\u00e9s k\u00fcl\u00f6n\u00f6sen j\u00f3l alkalmazhat\u00f3 az ilyen t\u00edpus\u00fa, nagy, nyitott \u00e9s v\u00e1laszfalak n\u00e9lk\u00fcli helyis\u00e9gekben.  <\/p>\n\n<h4 class=\"wp-block-heading\">Nagy t\u00e9rfogat\u00fa, nagy n\u00e9ps\u0171r\u0171s\u00e9g\u0171 ter\u00fcletek<\/h4>\n\n<p>A k\u00f6zvetlen adiabatikus h\u0171t\u00e9s ide\u00e1lis megold\u00e1st k\u00edn\u00e1l ezekhez a nagy, forgalmas terekhez, ahol a napenergia, valamint a k\u00f6z\u00f6ns\u00e9g \u00e9s a bels\u0151 tev\u00e9kenys\u00e9gek h\u0151nyer\u00e9se<strong> megnehez\u00edti a h\u0151m\u00e9rs\u00e9klet szab\u00e1lyoz\u00e1s\u00e1t<\/strong>, k\u00fcl\u00f6n\u00f6sen, ha az \u00e9p\u00fclet nem l\u00e9gkondicion\u00e1lt \u00e9s k\u00f6nny\u0171szerkezetes. Az adiabatikus h\u0171t\u0151k friss leveg\u0151t biztos\u00edtanak, mik\u00f6zben kellemes k\u00f6rnyezeti h\u0151m\u00e9rs\u00e9kletet \u00e9s optim\u00e1lis p\u00e1ratartalmat tartanak fenn, garant\u00e1lva a ny\u00e1ri k\u00e9nyelmet a lak\u00f3k sz\u00e1m\u00e1ra. A p\u00e1rologtat\u00f3 h\u0171t\u0151kbe \u00e9p\u00edtett szell\u0151ztet\u00e9s biztos\u00edtja a leveg\u0151 megfelel\u0151 kering\u00e9s\u00e9t.  <\/p>\n\n<div style=\"height:20px\" aria-hidden=\"true\" class=\"wp-block-spacer\"><\/div>\n\n<div class=\"wp-block-buttons alignwide is-content-justification-center is-layout-flex wp-container-core-buttons-is-layout-a89b3969 wp-block-buttons-is-layout-flex\">\n<div class=\"wp-block-button\"><a class=\"wp-block-button__link wp-element-button\" href=\"https:\/\/obera.fr\/hu\/contact\/\">Szem\u00e9lyre szabott tan\u00e1csad\u00e1sra van sz\u00fcks\u00e9ge?<\/a><\/div>\n<\/div>\n","protected":false},"excerpt":{"rendered":"<p>Ny\u00e1r van. Annak ellen\u00e9re, hogy a red\u0151ny\u00f6k le vannak h\u00fazva, meleg van a h\u00e1zban. Elm\u00e9sz s\u00e9t\u00e1lni a k\u00f6zeli erd\u0151be; ott h\u0171v\u00f6sebb van, de a nap \u00e1ts\u00fct a lombok k\u00f6z\u00f6tt. Tudd meg, hogyan m\u0171k\u00f6dik az adiabatikus h\u0171t\u00e9s.   <\/p>\n","protected":false},"author":4,"featured_media":89900,"comment_status":"open","ping_status":"closed","sticky":false,"template":"","format":"standard","meta":{"_acf_changed":false,"_seopress_robots_primary_cat":"none","_seopress_titles_title":"Adiabatikus h\u0171t\u00e9si m\u0171velet: leveg\u0151, v\u00edz, p\u00e1rolg\u00e1s","_seopress_titles_desc":"Adiabatikus h\u0171t\u00e9s, a p\u00e1rolg\u00e1son alapul\u00f3 term\u00e9szetes m\u0171k\u00f6d\u00e9si elv. Fedezze fel ezt a technol\u00f3gi\u00e1t a terek h\u0171t\u00e9s\u00e9re. ","_seopress_robots_index":"","footnotes":""},"categories":[314],"tags":[323],"class_list":["post-89925","post","type-post","status-publish","format-standard","has-post-thumbnail","hentry","category-a-mi-tanacsunk","tag-entete-kicsi","generate-columns","tablet-grid-50","mobile-grid-100","grid-parent","grid-50","no-featured-image-padding","resize-featured-image"],"acf":[],"_links":{"self":[{"href":"https:\/\/obera.fr\/hu\/wp-json\/wp\/v2\/posts\/89925","targetHints":{"allow":["GET"]}}],"collection":[{"href":"https:\/\/obera.fr\/hu\/wp-json\/wp\/v2\/posts"}],"about":[{"href":"https:\/\/obera.fr\/hu\/wp-json\/wp\/v2\/types\/post"}],"author":[{"embeddable":true,"href":"https:\/\/obera.fr\/hu\/wp-json\/wp\/v2\/users\/4"}],"replies":[{"embeddable":true,"href":"https:\/\/obera.fr\/hu\/wp-json\/wp\/v2\/comments?post=89925"}],"version-history":[{"count":1,"href":"https:\/\/obera.fr\/hu\/wp-json\/wp\/v2\/posts\/89925\/revisions"}],"predecessor-version":[{"id":89927,"href":"https:\/\/obera.fr\/hu\/wp-json\/wp\/v2\/posts\/89925\/revisions\/89927"}],"wp:featuredmedia":[{"embeddable":true,"href":"https:\/\/obera.fr\/hu\/wp-json\/wp\/v2\/media\/89900"}],"wp:attachment":[{"href":"https:\/\/obera.fr\/hu\/wp-json\/wp\/v2\/media?parent=89925"}],"wp:term":[{"taxonomy":"category","embeddable":true,"href":"https:\/\/obera.fr\/hu\/wp-json\/wp\/v2\/categories?post=89925"},{"taxonomy":"post_tag","embeddable":true,"href":"https:\/\/obera.fr\/hu\/wp-json\/wp\/v2\/tags?post=89925"}],"curies":[{"name":"wp","href":"https:\/\/api.w.org\/{rel}","templated":true}]}}