{"id":90306,"date":"2023-03-21T17:03:53","date_gmt":"2023-03-21T15:03:53","guid":{"rendered":"https:\/\/obera.fr\/a-mi-tanacsunk\/comment-utiliser-la-lie-la-lse-le-domaine-dexplosivite-dune-substance-explosive\/"},"modified":"2025-12-08T13:19:13","modified_gmt":"2025-12-08T11:19:13","slug":"comment-utiliser-la-lie-la-lse-le-domaine-dexplosivite-dune-substance-explosive","status":"publish","type":"post","link":"https:\/\/obera.fr\/hu\/a-mi-tanacsunk\/comment-utiliser-la-lie-la-lse-le-domaine-dexplosivite-dune-substance-explosive\/","title":{"rendered":"Hogyan haszn\u00e1ljuk: a LEL, az UEL, a robban\u00e1svesz\u00e9lyes anyag robban\u00e1si tartom\u00e1ny\u00e1t?"},"content":{"rendered":"\n<p>Mint l\u00e1ttuk, az als\u00f3 \u00e9s fels\u0151 robban\u00e1si hat\u00e1r (LIE \u00e9s LSE) hat\u00e1rolja a <strong>robban\u00e1si tartom\u00e1nyt<\/strong>, amelyet egy robban\u00e1svesz\u00e9lyes anyag robban\u00e1svesz\u00e9lyes koncentr\u00e1ci\u00f3inak \u00f6sszess\u00e9ge alkot a l\u00e9gk\u00f6rben. A kock\u00e1zat felm\u00e9r\u00e9s\u00e9hez a munk\u00e1ltat\u00f3 felm\u00e9ri a <a href=\"https:\/\/obera.fr\/hu\/vegyszerek-petrolkemiai-termekek-parakemiai-termekek\/purificateur-industrie-chimique\/\">robban\u00e1svesz\u00e9lyes anyag<\/a> koncentr\u00e1ci\u00f3j\u00e1t a felhaszn\u00e1lt mennyis\u00e9g alapj\u00e1n, \u00e9s \u00f6sszehasonl\u00edtja azt a robban\u00e1si hat\u00e1r\u00e9rt\u00e9kekkel. Megel\u0151z\u0151 int\u00e9zked\u00e9sk\u00e9nt biztons\u00e1gi marg\u00f3t \u00e1llap\u00edt meg, majd h\u00edg\u00edtja a koncentr\u00e1ci\u00f3t legal\u00e1bb a <strong>biztons\u00e1gi koncentr\u00e1ci\u00f3ig egy ATEX elsz\u00edv\u00f3<\/strong>\/sz\u0171r\u0151 rendszerrel.<\/p>\n\n<h2 class=\"wp-block-heading\">A LEL-t arra haszn\u00e1lj\u00e1k, hogy az ATEX bek\u00f6vetkez\u00e9s\u00e9nek kock\u00e1zat\u00e1t a felhaszn\u00e1lt term\u00e9k mennyis\u00e9g\u00e9hez viszony\u00edts\u00e1k.<\/h2>\n\n<p>Az <strong>als\u00f3 robban\u00e1si hat\u00e1r (LIE)<\/strong> \u00f6sszehasonl\u00edthat\u00f3 a robban\u00e1svesz\u00e9lyes anyag azon koncentr\u00e1ci\u00f3ival, amelyek ATEX-et k\u00e9pezhetnek. Ezek a koncentr\u00e1ci\u00f3k a robban\u00e1svesz\u00e9lyes anyagok kibocs\u00e1t\u00e1si sebess\u00e9g\u00e9t\u0151l f\u00fcggenek. Ez maga a vizsg\u00e1lt m\u0171k\u00f6d\u00e9si helyzetben jelenl\u00e9v\u0151 term\u00e9kek mennyis\u00e9g\u00e9b\u0151l ad\u00f3dik. A munk\u00e1ltat\u00f3 megbecs\u00fcli ezeket a <strong>koncentr\u00e1ci\u00f3kat k\u00fcl\u00f6nb\u00f6z\u0151 ATEX-k\u00e9pz\u0151d\u00e9si forgat\u00f3k\u00f6nyvekhez<\/strong>.<\/p>\n\n<figure class=\"wp-block-image aligncenter size-full\"><img decoding=\"async\" width=\"700\" height=\"227\" src=\"https:\/\/obera.fr\/wp-content\/uploads\/2023\/03\/limite-inferieure-dexplosivite-1.png\" alt=\"als&#xF3; robban&#xE1;shat&#xE1;r\" class=\"wp-image-20113\" srcset=\"https:\/\/obera.fr\/wp-content\/uploads\/2023\/03\/limite-inferieure-dexplosivite-1.png 700w, https:\/\/obera.fr\/wp-content\/uploads\/2023\/03\/limite-inferieure-dexplosivite-1-300x97.png 300w\" sizes=\"(max-width: 700px) 100vw, 700px\" \/><\/figure>\n\n<p>Egy elm\u00e9leti p\u00e9lda: egy <a href=\"https:\/\/obera.fr\/hu\/a-mi-tanacsunk\/mon-produit-peut-il-etre-responsable-dune-explosion-atex\/\">g\u00e1zsziv\u00e1rg\u00e1sos ATEX forgat\u00f3k\u00f6nyv<\/a> egy cs\u0151vezet\u00e9kb\u0151l. A cs\u0151vezet\u00e9kben l\u00e9v\u0151 \u00e1raml\u00e1si sebess\u00e9gt\u0151l f\u00fcgg a gy\u00fal\u00e9kony anyag kibocs\u00e1t\u00e1si sebess\u00e9ge a k\u00f6rnyez\u0151 l\u00e9gk\u00f6rbe. Ebb\u0151l ad\u00f3dik a koncentr\u00e1ci\u00f3gradiens sz\u00e1m\u00edt\u00e1sa a munkater\u00fcleten. A koncentr\u00e1ci\u00f3k \u00e9rt\u00e9keit a <strong>robban\u00e1si tartom\u00e1nyhoz viszony\u00edtva<\/strong> hat\u00e1rozzuk meg. Ebb\u0151l k\u00f6vetkeztet\u00fcnk az ATEX kock\u00e1zat m\u00e9rt\u00e9k\u00e9re. Felm\u00e9rj\u00fck e kock\u00e1zat \u00e1lland\u00f3s\u00e1g\u00e1t, a munkater\u00fcleten elfoglalt poz\u00edci\u00f3t\u00f3l f\u00fcgg\u0151en. Ezut\u00e1n meghat\u00e1rozzuk az ATEX z\u00f3n\u00e1kat. V\u00e9g\u00fcl megel\u0151z\u0151 int\u00e9zked\u00e9seket alkalmazunk, mint p\u00e9ld\u00e1ul a <strong>gy\u00fal\u00e9kony g\u00e1z elsz\u00edv\u00e1sa \u00e9s sz\u0171r\u00e9se<\/strong>. Az elsz\u00edv\u00e1si sebess\u00e9g figyelembe veszi a gy\u00fal\u00e9kony g\u00e1z potenci\u00e1lis sziv\u00e1rg\u00e1si sebess\u00e9g\u00e9t.<\/p>\n\n<p>Egy val\u00f3s p\u00e9lda: 2011-ben egy 95%-ban megt\u00f6lt\u00f6tt <a href=\"https:\/\/obera.fr\/hu\/papir-karton-hu\/depoussiereur-papier-carton\/\">1000 m<sup>3<\/sup>-es pap\u00edrtart\u00e1ly<\/a> robbant fel Nogent sur Seine-ben, egy hal\u00e1los \u00e1ldozatot k\u00f6vetve. A pap\u00edrp\u00e9p hidrog\u00e9nt bocs\u00e1tott ki a tart\u00e1ly l\u00e9gk\u00f6r\u00e9be. A kibocs\u00e1t\u00e1si sebess\u00e9g sz\u00e1raz t\u00f6megegys\u00e9gre vet\u00edtve 20 dm<sup>3<\/sup> \u00f3r\u00e1nk\u00e9nt (a p\u00e9p sz\u00e1razanyagtartalma 10%). Ezen a sebess\u00e9gen az LIE 1,6 \u00f3ra alatt el\u00e9rhet\u0151. A hidrog\u00e9n elkeveredett a <g id=\"gid_3\">tart\u00e1ly l\u00e9gk\u00f6r\u00e9vel, ATEX-et k\u00e9pezve<\/g>. E robban\u00e1s ut\u00e1n a munk\u00e1ltat\u00f3 f\u00fcgg\u0151leges szell\u0151z\u00e9ssel l\u00e1tta el a tart\u00e1lyokat, hogy a hidrog\u00e9nt a l\u00e9gk\u00f6rben h\u00edg\u00edtsa m\u00e1r a <strong>kibocs\u00e1t\u00e1skor, a tart\u00e1ly tetej\u00e9nek nyit\u00e1s\u00e1val.<\/strong>     <\/p>\n\n<h2 class=\"wp-block-heading\">A robban\u00e1svesz\u00e9lyess\u00e9gi tartom\u00e1ny, az LEL \u00e9s az UEL inform\u00e1ci\u00f3t ny\u00fajt az ATEX kialakul\u00e1s\u00e1r\u00f3l \u00e9s a term\u00e9kkel kapcsolatos robban\u00e1svesz\u00e9ly m\u00e9rt\u00e9k\u00e9r\u0151l.<\/h2>\n\n<p>Az LIE \u00e9s LSE pontos\u00edtja a <strong>robban\u00e1si tartom\u00e1ny sz\u00e9less\u00e9g\u00e9t<\/strong>, az als\u00f3 \u00e9s fels\u0151 robban\u00e1si tartom\u00e1nyokat (egy robban\u00e1svesz\u00e9lyes anyag nem robban\u00e1svesz\u00e9lyes koncentr\u00e1ci\u00f3inak tartom\u00e1nyait). K\u00f6vetkez\u00e9sk\u00e9ppen: mind az ATEX gyullad\u00e1si \u00e9s <a href=\"https:\/\/obera.fr\/hu\/vegyszerek-petrolkemiai-termekek-parakemiai-termekek\/purificateur-industrie-chimique\/\">robban\u00e1si val\u00f3sz\u00edn\u0171s\u00e9g\u00e9r\u0151l<\/a>, mind az ATEX k\u00e9pz\u0151d\u00e9s\u00e9nek val\u00f3sz\u00edn\u0171s\u00e9g\u00e9r\u0151l t\u00e1j\u00e9koztatnak. <\/p>\n\n<p>\u00cdgy min\u00e9l <strong>sz\u00e9lesebb a robban\u00e1si tartom\u00e1ny<\/strong>, ann\u00e1l ink\u00e1bb cs\u00f6kkennek a nem robban\u00e1svesz\u00e9lyes koncentr\u00e1ci\u00f3k tartom\u00e1nyai. Teh\u00e1t min\u00e9l nagyobb a val\u00f3sz\u00edn\u0171s\u00e9ge annak, hogy egy robban\u00e1svesz\u00e9lyes anyag kibocs\u00e1t\u00e1sa olyan koncentr\u00e1ci\u00f3t eredm\u00e9nyez, amely a <strong>robban\u00e1si tartom\u00e1nyba<\/strong> esik.<\/p>\n\n<p>Tov\u00e1bb\u00e1, min\u00e9l <strong>sz\u00e9lesebb a robban\u00e1svesz\u00e9lyes koncentr\u00e1ci\u00f3k tartom\u00e1nya<\/strong>, ann\u00e1l nagyobb a robban\u00e1svesz\u00e9ly val\u00f3sz\u00edn\u0171s\u00e9ge. (Megjegyzend\u0151, hogy a robban\u00e1svesz\u00e9ly val\u00f3sz\u00edn\u0171s\u00e9ge m\u00e1s, a l\u00e9gk\u00f6rh\u00f6z \u00e9s az ipari k\u00f6rnyezethez kapcsol\u00f3d\u00f3 t\u00e9nyez\u0151kt\u0151l is f\u00fcgg.) Amikor az <strong>aj\u00e1nlott megel\u0151z\u0151 int\u00e9zked\u00e9s<\/strong> az elsz\u00edv\u00e1s \u00e9s sz\u0171r\u00e9s, az <strong>ATEX elsz\u00edv\u00e1si sebess\u00e9ge<\/strong> r\u00e9szben az adott l\u00e9gk\u00f6r robban\u00e1svesz\u00e9lyes anyag koncentr\u00e1ci\u00f3j\u00e1t\u00f3l f\u00fcgg. (Megjegyzend\u0151, hogy a robban\u00e1svesz\u00e9lyes anyag koncentr\u00e1ci\u00f3ja nem az egyetlen t\u00e9nyez\u0151, amely meghat\u00e1rozza a ter\u00fclet biztons\u00e1g\u00e1nak biztos\u00edt\u00e1s\u00e1hoz sz\u00fcks\u00e9ges elsz\u00edv\u00e1si sebess\u00e9get.)<\/p>\n\n<figure class=\"wp-block-image aligncenter size-full\"><img decoding=\"async\" width=\"700\" height=\"300\" src=\"https:\/\/obera.fr\/wp-content\/uploads\/2023\/03\/domaine-dexplosivite_1.png\" alt=\"alkalmaz&#xE1;si ter&#xFC;let 1\" class=\"wp-image-20117\" srcset=\"https:\/\/obera.fr\/wp-content\/uploads\/2023\/03\/domaine-dexplosivite_1.png 700w, https:\/\/obera.fr\/wp-content\/uploads\/2023\/03\/domaine-dexplosivite_1-300x129.png 300w\" sizes=\"(max-width: 700px) 100vw, 700px\" \/><\/figure>\n\n<p>P\u00e9ld\u00e1ul a <strong>hidrog\u00e9n robban\u00e1si tartom\u00e1nya<\/strong> 71 sz\u00e1zal\u00e9kpont (4% \u00e9s 75% k\u00f6z\u00f6tti t\u00e9rfogatsz\u00e1zal\u00e9k a leveg\u0151ben), m\u00edg a prop\u00e1n\u00e9 7,8 sz\u00e1zal\u00e9kpont (2,2% \u00e9s 10% k\u00f6z\u00f6tti t\u00e9rfogatsz\u00e1zal\u00e9k a leveg\u0151ben); azaz k\u00f6r\u00fclbel\u00fcl 10-szer kevesebb. Ez\u00e9rt a hidrog\u00e9nnel gyakrabban fordulnak el\u0151 robban\u00e1svesz\u00e9lyes helyzetek.<\/p>\n\n<p>\u00c9s az <strong>ATEX-kock\u00e1zat<\/strong> cs\u00f6kkent\u00e9se \u00e9rdek\u00e9ben az <strong>ATEX sz\u00edv\u00e1ssal t\u00f6rt\u00e9n\u0151 h\u00edg\u00edt\u00e1s\u00e1hoz<\/strong> sz\u00fcks\u00e9ges id\u0151 ann\u00e1l hosszabb lesz, min\u00e9l <strong>k\u00f6zelebb <\/strong>van az anyag <strong>robban\u00e1svesz\u00e9lyes koncentr\u00e1ci\u00f3ja <\/strong>a robban\u00e1svesz\u00e9lyes tartom\u00e1ny <strong>fels\u0151 hat\u00e1r\u00e1hoz <\/strong>.<\/p>\n\n<p>Tov\u00e1bb\u00e1, a <strong>robban\u00e1si tartom\u00e1ny azonos sz\u00e9less\u00e9ge<\/strong> eset\u00e9n, min\u00e9l alacsonyabb az LIE (vagy min\u00e9l magasabb az LSE oxig\u00e9nszeg\u00e9ny l\u00e9gk\u00f6r eset\u00e9n), ann\u00e1l kisebb az als\u00f3 (vagy fels\u0151) robban\u00e1si tartom\u00e1ny. K\u00f6vetkez\u00e9sk\u00e9ppen gyorsabb az <strong>\u00e1tmenet egy nem robban\u00e1svesz\u00e9lyes koncentr\u00e1ci\u00f3b\u00f3l<\/strong> egy robban\u00e1svesz\u00e9lyes koncentr\u00e1ci\u00f3ba. Teh\u00e1t min\u00e9l alacsonyabb az LIE, ann\u00e1l nagyobb az ATEX k\u00e9pz\u0151d\u00e9s\u00e9nek kock\u00e1zata.<\/p>\n\n<figure class=\"wp-block-image aligncenter size-full\"><img decoding=\"async\" width=\"700\" height=\"300\" src=\"https:\/\/obera.fr\/wp-content\/uploads\/2023\/03\/domaine-dexplosivite_2.png\" alt=\"alkalmaz&#xE1;si ter&#xFC;let 2\" class=\"wp-image-20121\" srcset=\"https:\/\/obera.fr\/wp-content\/uploads\/2023\/03\/domaine-dexplosivite_2.png 700w, https:\/\/obera.fr\/wp-content\/uploads\/2023\/03\/domaine-dexplosivite_2-300x129.png 300w\" sizes=\"(max-width: 700px) 100vw, 700px\" \/><\/figure>\n\n<p>P\u00e9ld\u00e1ul, ha a kiindul\u00e1si helyzet egy <strong>\u00e9ghet\u0151 anyag n\u00e9lk\u00fcli l\u00e9gk\u00f6r<\/strong>, akkor a prop\u00e1n (LIE = 2,2%) nagyobb ATEX k\u00e9pz\u0151d\u00e9si kock\u00e1zatot jelent, mint a hidrog\u00e9n (LIE = 4,4%). De a <strong>gyullad\u00e1si \u00e9s robban\u00e1si kock\u00e1zat alacsonyabb.<\/strong><\/p>\n\n<p>A legt\u00f6bb \u00fczemeltet\u00e9si k\u00f6r\u00fclm\u00e9ny k\u00f6z\u00f6tt k\u00f6nnyebb a <strong>koncentr\u00e1ci\u00f3t az LIE alatt<\/strong> tartani. Ennek el\u00e9r\u00e9s\u00e9hez az \u00e9ghet\u0151 anyagok elsz\u00edv\u00e1sa\/sz\u0171r\u00e9se a szok\u00e1sos megel\u0151z\u0151 int\u00e9zked\u00e9s. Min\u00e9l alacsonyabb az LIE, ann\u00e1l <strong>magasabbnak kell lennie az elsz\u00edv\u00e1si sebess\u00e9gnek<\/strong>, ak\u00e1r a robban\u00e1si tartom\u00e1nyb\u00f3l val\u00f3 kil\u00e9p\u00e9shez, ak\u00e1r a <strong>robban\u00e1svesz\u00e9lyes koncentr\u00e1ci\u00f3k<\/strong> cs\u00f6kkent\u00e9s\u00e9hez az anyag l\u00e9gk\u00f6rb\u0151l val\u00f3 elt\u00e1vol\u00edt\u00e1s\u00e1ig.<\/p>\n\n<p>Egyes ipari folyamatok ink\u00e1bb azt ig\u00e9nylik, hogy a <strong>robban\u00e1svesz\u00e9lyes anyagot az LSE feletti koncentr\u00e1ci\u00f3n<\/strong> tarts\u00e1k. P\u00e9ld\u00e1ul gy\u00fal\u00e9kony old\u00f3szerbe mer\u00fcl\u0151 tiszt\u00edt\u00e1si elj\u00e1r\u00e1sok z\u00e1rt l\u00e9gk\u00f6rben.<\/p>\n\n<h2 class=\"wp-block-heading\">A robban\u00e1svesz\u00e9lyes tartom\u00e1nyt arra haszn\u00e1lj\u00e1k, hogy biztons\u00e1gi tartal\u00e9kot biztos\u00edtsanak az ATEX kialakul\u00e1s\u00e1nak megel\u0151z\u00e9s\u00e9re.<\/h2>\n\n<p>Az <strong>ATEX k\u00e9pz\u0151d\u00e9s\u00e9nek elker\u00fcl\u00e9se<\/strong> \u00e9rdek\u00e9ben a g\u00e1z vagy g\u0151z koncentr\u00e1ci\u00f3j\u00e1t a robban\u00e1si tartom\u00e1nyon k\u00edv\u00fcl kell tartani. A k\u00f6rnyezeti felt\u00e9telekt\u0151l f\u00fcgg\u0151en egy robban\u00e1svesz\u00e9lyes l\u00e9gk\u00f6r t\u00f6bb\u00e9-kev\u00e9sb\u00e9 <strong>homog\u00e9nn\u00e9 v\u00e1lik \u00e9ghet\u0151 anyagok tekintet\u00e9ben<\/strong>. P\u00e9ld\u00e1ul turbulencia k\u00f6vetkezt\u00e9ben egyes, ATEX-en k\u00edv\u00fclinek tekintett ter\u00fcletek robban\u00e1svesz\u00e9lyes koncentr\u00e1ci\u00f3t \u00e9rhetnek el.<\/p>\n\n<p>\u00cdgy az ATEX kock\u00e1zat megel\u0151z\u00e9se \u00e9rdek\u00e9ben a munk\u00e1ltat\u00f3 <strong>biztons\u00e1gi marg\u00f3t alkalmaz a robban\u00e1si k\u00fcsz\u00f6b\u00e9rt\u00e9kekre<\/strong>. Ezzel kapcsolatban az ATEX szab\u00e1lyoz\u00e1s azt javasolja, hogy a koncentr\u00e1ci\u00f3t legal\u00e1bb 10%-kal az LIE alatt kell tartani azon a munkahelyen, ahol ATEX k\u00e9pz\u0151dhet. \u00c9s 25% alatti k\u00fcsz\u00f6b\u00e9rt\u00e9kkel a t\u00f6bbi helyis\u00e9gben.<a id=\"_ednref1\" href=\"#_edn1\">[i]<\/a><\/p>\n\n<hr class=\"wp-block-separator has-alpha-channel-opacity\"\/>\n\n<p><a href=\"#_ednref1\" id=\"_edn1\">[i]<\/a> <em>A munkahelyek szell\u0151ztet\u00e9s\u00e9r\u0151l \u00e9s higi\u00e9ni\u00e1j\u00e1r\u00f3l sz\u00f3l\u00f3, 1984. december 7-i 84-1093 \u00e9s 84-1094<sup>sz\u00e1m\u00fa <\/sup>rendeletek technikai komment\u00e1rjair\u00f3l sz\u00f3l\u00f3, 1985. m\u00e1jus 09-i k\u00f6rlev\u00e9l.<\/em><\/p>\n\n<p><\/p>\n","protected":false},"excerpt":{"rendered":"<p>Mint l\u00e1ttuk, az als\u00f3 \u00e9s fels\u0151 robban\u00e1si hat\u00e1r (LIE \u00e9s LSE) jel\u00f6li ki azt a robban\u00e1si tartom\u00e1nyt, amelyet egy robban\u00e1svesz\u00e9lyes anyag l\u00e9gk\u00f6rben l\u00e9v\u0151 robban\u00e1svesz\u00e9lyes koncentr\u00e1ci\u00f3inak \u00f6sszess\u00e9ge alkot. A kock\u00e1zat felm\u00e9r\u00e9s\u00e9hez a munk\u00e1ltat\u00f3 felm\u00e9ri a robban\u00e1svesz\u00e9lyes anyag koncentr\u00e1ci\u00f3j\u00e1t a felhaszn\u00e1lt mennyis\u00e9g alapj\u00e1n, \u00e9s \u00f6sszehasonl\u00edtja azt a robban\u00e1si hat\u00e1r\u00e9rt\u00e9kekkel.<\/p>\n","protected":false},"author":4,"featured_media":90173,"comment_status":"closed","ping_status":"closed","sticky":false,"template":"","format":"standard","meta":{"_acf_changed":false,"_seopress_robots_primary_cat":"none","_seopress_titles_title":"Hogyan kell haszn\u00e1lni : LEL, UEL, az anyag robban\u00e1svesz\u00e9lyes tartom\u00e1nya","_seopress_titles_desc":"Tudjon meg t\u00f6bbet az als\u00f3 robban\u00e1shat\u00e1r, a fels\u0151 robban\u00e1shat\u00e1r \u00e9s a robban\u00f3anyag robban\u00e1si tartom\u00e1ny\u00e1nak felhaszn\u00e1l\u00e1s\u00e1r\u00f3l.","_seopress_robots_index":"","footnotes":""},"categories":[314],"tags":[323],"class_list":["post-90306","post","type-post","status-publish","format-standard","has-post-thumbnail","hentry","category-a-mi-tanacsunk","tag-entete-kicsi","generate-columns","tablet-grid-50","mobile-grid-100","grid-parent","grid-50","no-featured-image-padding","resize-featured-image"],"acf":[],"_links":{"self":[{"href":"https:\/\/obera.fr\/hu\/wp-json\/wp\/v2\/posts\/90306","targetHints":{"allow":["GET"]}}],"collection":[{"href":"https:\/\/obera.fr\/hu\/wp-json\/wp\/v2\/posts"}],"about":[{"href":"https:\/\/obera.fr\/hu\/wp-json\/wp\/v2\/types\/post"}],"author":[{"embeddable":true,"href":"https:\/\/obera.fr\/hu\/wp-json\/wp\/v2\/users\/4"}],"replies":[{"embeddable":true,"href":"https:\/\/obera.fr\/hu\/wp-json\/wp\/v2\/comments?post=90306"}],"version-history":[{"count":3,"href":"https:\/\/obera.fr\/hu\/wp-json\/wp\/v2\/posts\/90306\/revisions"}],"predecessor-version":[{"id":135159,"href":"https:\/\/obera.fr\/hu\/wp-json\/wp\/v2\/posts\/90306\/revisions\/135159"}],"wp:featuredmedia":[{"embeddable":true,"href":"https:\/\/obera.fr\/hu\/wp-json\/wp\/v2\/media\/90173"}],"wp:attachment":[{"href":"https:\/\/obera.fr\/hu\/wp-json\/wp\/v2\/media?parent=90306"}],"wp:term":[{"taxonomy":"category","embeddable":true,"href":"https:\/\/obera.fr\/hu\/wp-json\/wp\/v2\/categories?post=90306"},{"taxonomy":"post_tag","embeddable":true,"href":"https:\/\/obera.fr\/hu\/wp-json\/wp\/v2\/tags?post=90306"}],"curies":[{"name":"wp","href":"https:\/\/api.w.org\/{rel}","templated":true}]}}