{"id":93591,"date":"2023-03-01T16:26:45","date_gmt":"2023-03-01T14:26:45","guid":{"rendered":"https:\/\/obera.fr\/a-mi-tanacsunk\/comment-caracteriser-le-risque-de-formation-datex-et-le-risque-dexplosion\/"},"modified":"2025-05-06T08:34:34","modified_gmt":"2025-05-06T06:34:34","slug":"comment-caracteriser-le-risque-de-formation-datex-et-le-risque-dexplosion","status":"publish","type":"post","link":"https:\/\/obera.fr\/hu\/a-mi-tanacsunk\/comment-caracteriser-le-risque-de-formation-datex-et-le-risque-dexplosion\/","title":{"rendered":"Hogyan jellemzi az ATEX kialakul\u00e1s\u00e1nak \u00e9s a robban\u00e1svesz\u00e9lynek a kock\u00e1zat\u00e1t?"},"content":{"rendered":"\n<h2 class=\"wp-block-heading\">ATEX-k\u00e9pz\u0151d\u00e9s \u00e9s robban\u00e1svesz\u00e9ly<\/h2>\n\n<p>Az ATEX-robban\u00e1s azonnali \u00e9s heves \u00e9g\u00e9si reakci\u00f3. K\u00e9t reakt\u00e1ns vesz r\u00e9szt benne: egy robban\u00f3anyag \u00e9s a leveg\u0151 oxig\u00e9nje. A robban\u00e1s megel\u0151z\u00e9s\u00e9nek els\u0151 l\u00e9p\u00e9se az ATEX kialakul\u00e1s\u00e1nak kock\u00e1zat\u00e1nak elker\u00fcl\u00e9se a robban\u00e1svesz\u00e9lyes anyagok kivon\u00e1s\u00e1val \u00e9s sz\u0171r\u00e9s\u00e9vel.  <\/p>\n\n<h3 class=\"wp-block-heading\">Mikor kezd\u0151dik az ATEX kialakul\u00e1s\u00e1nak kock\u00e1zata?<\/h3>\n\n<p>Egyes\u00fclt Kir\u00e1lys\u00e1g, 2010. Egy targonca egy raklapra man\u0151verezik egy aeroszolos higi\u00e9niai term\u00e9keket \u00e1rus\u00edt\u00f3 rakt\u00e1rban. ATEX keletkezik, t\u0171z keletkezik, majd 80 m\u00e1sodperccel az els\u0151 robban\u00e1s ut\u00e1n, majd 150 m\u00e1sodperccel egy m\u00e1sodik robban\u00e1s ut\u00e1n t\u0171z keletkezik, amely teljesen elpuszt\u00edtja a rakt\u00e1rat.  <\/p>\n\n<p>A robban\u00e1svesz\u00e9lyes l\u00e9gk\u00f6r kialakul\u00e1s\u00e1nak vesz\u00e9lye akkor kezd\u0151dik, amikor egy \u00e9ghet\u0151 term\u00e9k ker\u00fcl az ipari telephelyre, vagy amint egy nem \u00e9ghet\u0151 term\u00e9k \u00e1talak\u00edt\u00e1sa sor\u00e1n \u00e9ghet\u0151 anyag keletkezik.<\/p>\n\n<p>Biztons\u00e1gi int\u00e9zked\u00e9sk\u00e9nt a munk\u00e1ltat\u00f3 sz\u00e1mol azzal, hogy a helysz\u00ednen v\u00e9gzett b\u00e1rmely m\u0171velet sor\u00e1n fenn\u00e1ll a val\u00f3sz\u00edn\u0171s\u00e9ge annak, hogy robban\u00e1svesz\u00e9lyes anyag ker\u00fcl a l\u00e9gk\u00f6rbe. A robban\u00e1svesz\u00e9lyes anyag gy\u00fal\u00e9kony g\u00e1z, gy\u00fal\u00e9kony folyad\u00e9kg\u0151z vagy gy\u00fal\u00e9kony por form\u00e1j\u00e1ban szabadul fel. Minden robban\u00e1svesz\u00e9lyes anyagnak megvan a maga m\u00f3dja az ATEX kialak\u00edt\u00e1s\u00e1ra.  <\/p>\n\n<h3 class=\"wp-block-heading\">Hogyan n\u00f6vekszik az ATEX kialakul\u00e1s\u00e1nak kock\u00e1zata?<\/h3>\n\n<p>A robban\u00e1svesz\u00e9lyes l\u00e9gk\u00f6r kialakul\u00e1s\u00e1nak vesz\u00e9ly\u00e9t olyan esem\u00e9nyek sorozata er\u0151s\u00edti meg, amelyek n\u00f6velik a robban\u00e1svesz\u00e9lyes anyag koncentr\u00e1ci\u00f3j\u00e1t a leveg\u0151ben.<\/p>\n\n<p>Kezdj\u00fck egy olyan kiindul\u00e1si helyzettel, amikor nincs \u00e9ghet\u0151 anyag a leveg\u0151ben. A vesz\u00e9ly kinetik\u00e1ja a k\u00f6vetkez\u0151ket foglalja mag\u00e1ban: az \u00e9ghet\u0151 term\u00e9k \u00e9s a l\u00e9gk\u00f6rben l\u00e9v\u0151 oxig\u00e9n jelenl\u00e9te, majd a t\u00fczel\u0151anyag hat\u00e9kony eloszl\u00e1sa a l\u00e9gk\u00f6rben, majd a homogeniz\u00e1ci\u00f3 megkezd\u00e9se. A kinetika az \u00e9ghet\u0151 anyag jellemz\u0151it\u0151l (s\u0171r\u0171s\u00e9g, szemcsem\u00e9ret stb.) \u00e9s a l\u00e9gk\u00f6r jellemz\u0151it\u0151l (turbulencia, h\u0151m\u00e9rs\u00e9klet, nyom\u00e1s stb.) f\u00fcgg.  <\/p>\n\n<p>Ezek az esem\u00e9nyek a g\u00e1zkever\u00e9ket robban\u00e1svesz\u00e9lyess\u00e9 teszik. Megv\u00e1ltoztatj\u00e1k a robban\u00f3anyag koncentr\u00e1ci\u00f3j\u00e1t a l\u00e9gk\u00f6rben. Az \u00e9g\u00e9si reakci\u00f3 azonban mindaddig nem k\u00f6vetkezik be, am\u00edg a k\u00e9t k\u00e9miai reagens k\u00f6z\u00f6tt nincs kiegyens\u00falyozott ar\u00e1ny. Mivel a l\u00e9gk\u00f6r nem tud felrobbanni, robban\u00e1svesz\u00e9lyes l\u00e9gk\u00f6rrel van dolgunk.   <\/p>\n\n<pre class=\"wp-block-verse\"><strong>Robban\u00e1si tartom\u00e1ny<\/strong>: egy \u00e9ghet\u0151 term\u00e9k \u00f6sszes <strong>nem robban\u00e1svesz\u00e9lyes<\/strong> koncentr\u00e1ci\u00f3ja a l\u00e9gk\u00f6rben. Jellemzi az ATEX kialakul\u00e1s\u00e1nak kock\u00e1zat\u00e1nak el\u0151rehalad\u00e1s\u00e1t. <\/pre>\n\n<h3 class=\"wp-block-heading\">Mikor alakul ki az ATEX kock\u00e1zata?<\/h3>\n\n<p>Az ATEX kialakul\u00e1s\u00e1nak vesz\u00e9lye akkor mer\u00fcl fel, ha a t\u00fczel\u0151anyag koncentr\u00e1ci\u00f3ja olyan m\u00e9rt\u00e9k\u0171, hogy a g\u00e1zkever\u00e9k t\u00e9nylegesen robban\u00e1svesz\u00e9lyess\u00e9 v\u00e1lik. Ekkor a kever\u00e9k nem t\u00fal sov\u00e1ny \u00e9s nem is t\u00fal d\u00fas; a t\u00fczel\u0151anyag\/oxid\u00e1ns ar\u00e1nyok kell\u0151en kiegyens\u00falyozottak ahhoz, hogy \u00e9g\u00e9si reakci\u00f3 j\u00f6jj\u00f6n l\u00e9tre. Ekkor a t\u00fczel\u0151anyag-koncentr\u00e1ci\u00f3 a <strong>robban\u00e1svesz\u00e9lyes tartom\u00e1nyon<\/strong> bel\u00fcl van. A robban\u00e1s vesz\u00e9lye megkezd\u0151dik.   <\/p>\n\n<pre class=\"wp-block-verse\"><strong>Robban\u00e1si tartom\u00e1ny <\/strong>: egy \u00e9ghet\u0151 term\u00e9k <strong>robban\u00e1svesz\u00e9lyes <\/strong>koncentr\u00e1ci\u00f3inak \u00f6sszess\u00e9ge a l\u00e9gk\u00f6rben. Olyan ter\u00fclet, ahol a g\u00e1zkever\u00e9k ATEX-t alkot \u00e9s nagyon speci\u00e1lis k\u00f6r\u00fclm\u00e9nyek k\u00f6z\u00f6tt felrobbanhat. <\/pre>\n\n<h3 class=\"wp-block-heading\">Az ATEX-kock\u00e1zatot a robban\u00e1svesz\u00e9lyess\u00e9gi tartom\u00e1ny \u00e9s a robban\u00e1svesz\u00e9lyess\u00e9gi tartom\u00e1ny jellemzi.<\/h3>\n\n<p>Az ATEX-k\u00e9pz\u0151d\u00e9s kock\u00e1zata a term\u00e9khez kapcsol\u00f3d\u00f3 ATEX-robban\u00e1s kock\u00e1zat\u00e1nak el\u0151fut\u00e1ra. Ugyanakkor hozz\u00e1j\u00e1rul is hozz\u00e1. A robbanhat\u00f3s\u00e1gi ter\u00fcletek \u00e9s a robban\u00e1si tartom\u00e1ny jellemzi ezeket a kock\u00e1zatokat.  <\/p>\n\n<h4 class=\"wp-block-heading\">Az \u00e9ghet\u0151 term\u00e9k koncentr\u00e1ci\u00f3j\u00e1nak progresszi\u00f3ja a leveg\u0151ben 0% \u00e9s 100% k\u00f6z\u00f6tt<\/h4>\n\n<figure class=\"wp-block-image size-large is-resized\"><img decoding=\"async\" src=\"https:\/\/obera.fr\/wp-content\/uploads\/2023\/03\/0-1024x555.png\" alt=\"Az &#xE9;ghet&#x151; term&#xE9;k koncentr&#xE1;ci&#xF3;j&#xE1;nak progresszi&#xF3;ja a leveg&#x151;ben 0% &#xE9;s 100% k&#xF6;z&#xF6;tt\" class=\"wp-image-19175\" width=\"768\" height=\"416\" srcset=\"https:\/\/obera.fr\/wp-content\/uploads\/2023\/03\/0-1024x555.png 1024w, https:\/\/obera.fr\/wp-content\/uploads\/2023\/03\/0-300x163.png 300w, https:\/\/obera.fr\/wp-content\/uploads\/2023\/03\/0-768x416.png 768w, https:\/\/obera.fr\/wp-content\/uploads\/2023\/03\/0.png 1200w\" sizes=\"(max-width: 768px) 100vw, 768px\" \/><\/figure>\n\n<p>A robban\u00e1svesz\u00e9ly megel\u0151z\u00e9s\u00e9re szolg\u00e1l\u00f3 egyik int\u00e9zked\u00e9s az, hogy a robban\u00f3anyag koncentr\u00e1ci\u00f3j\u00e1t a robban\u00e1svesz\u00e9lyes tartom\u00e1nyon k\u00edv\u00fcl tarts\u00e1k. Az ATEX-k\u00e9pz\u0151d\u00e9s kock\u00e1zat\u00e1nak cs\u00f6kkent\u00e9se vagy megsz\u00fcntet\u00e9se \u00e9rdek\u00e9ben a munk\u00e1ltat\u00f3 cs\u00f6kkenti vagy megsz\u00fcnteti az als\u00f3 robban\u00e1svesz\u00e9lyes tartom\u00e1nyban tal\u00e1lhat\u00f3 robban\u00f3anyag koncentr\u00e1ci\u00f3j\u00e1t. A robban\u00f3anyag elsz\u00edv\u00e1sa \u00e9s sz\u0171r\u00e9se hozz\u00e1j\u00e1rul e k\u00e9t c\u00e9l el\u00e9r\u00e9s\u00e9hez.  <\/p>\n\n<p>El\u0151fordul, hogy egy ipari folyamat nagy koncentr\u00e1ci\u00f3j\u00fa robban\u00f3anyagokat ig\u00e9nyel. Az ATEX kialakul\u00e1s\u00e1nak kock\u00e1zat\u00e1nak megel\u0151z\u00e9se azt jelenti, hogy koncentr\u00e1ci\u00f3jukat a fels\u0151 robban\u00e1svesz\u00e9lyes tartom\u00e1nyban, a robban\u00e1svesz\u00e9lyes tartom\u00e1nyt\u00f3l a lehet\u0151 legt\u00e1volabb tartjuk.<strong><u>sivity<\/u><\/strong>. Ebben az esetben az oxig\u00e9n helyettes\u00edt\u00e9s\u00e9re szolg\u00e1l\u00f3 inert anyag haszn\u00e1lata a leggyakrabban alkalmazott int\u00e9zked\u00e9s az ATEX kialakul\u00e1s\u00e1nak kock\u00e1zat\u00e1nak megel\u0151z\u00e9s\u00e9re.  <\/p>\n","protected":false},"excerpt":{"rendered":"<p>Ebben a cikkben megtudhatja, hogy mi jellemzi az ATEX-k\u00e9pz\u0151d\u00e9s kock\u00e1zat\u00e1t \u00e9s a robban\u00e1svesz\u00e9lyt egy ipari \u00f6vezetben. Az ATEX-robban\u00e1s egy azonnali \u00e9s heves \u00e9g\u00e9si reakci\u00f3. K\u00e9t reakt\u00e1nst foglal mag\u00e1ban: egy robban\u00f3anyagot \u00e9s a leveg\u0151 oxig\u00e9nj\u00e9t. Ismerje meg a robban\u00e1s megel\u0151z\u00e9s\u00e9nek els\u0151 l\u00e9p\u00e9seit.   <\/p>\n","protected":false},"author":4,"featured_media":0,"comment_status":"closed","ping_status":"closed","sticky":false,"template":"","format":"standard","meta":{"_acf_changed":false,"_seopress_robots_primary_cat":"none","_seopress_titles_title":"Az ATEX-k\u00e9pz\u00e9s \u00e9s a robban\u00e1si kock\u00e1zatok jellemz\u00e9se","_seopress_titles_desc":"Ebben a cikkben megtudhatja, hogyan jellemezhet\u0151 az ATEX-z\u00f3na kialakul\u00e1s\u00e1nak kock\u00e1zata \u00e9s az ATEX-hez kapcsol\u00f3d\u00f3 robban\u00e1s kock\u00e1zata.","_seopress_robots_index":"","footnotes":""},"categories":[314],"tags":[323],"class_list":["post-93591","post","type-post","status-publish","format-standard","hentry","category-a-mi-tanacsunk","tag-entete-kicsi","generate-columns","tablet-grid-50","mobile-grid-100","grid-parent","grid-50","no-featured-image-padding"],"acf":[],"_links":{"self":[{"href":"https:\/\/obera.fr\/hu\/wp-json\/wp\/v2\/posts\/93591","targetHints":{"allow":["GET"]}}],"collection":[{"href":"https:\/\/obera.fr\/hu\/wp-json\/wp\/v2\/posts"}],"about":[{"href":"https:\/\/obera.fr\/hu\/wp-json\/wp\/v2\/types\/post"}],"author":[{"embeddable":true,"href":"https:\/\/obera.fr\/hu\/wp-json\/wp\/v2\/users\/4"}],"replies":[{"embeddable":true,"href":"https:\/\/obera.fr\/hu\/wp-json\/wp\/v2\/comments?post=93591"}],"version-history":[{"count":1,"href":"https:\/\/obera.fr\/hu\/wp-json\/wp\/v2\/posts\/93591\/revisions"}],"predecessor-version":[{"id":93593,"href":"https:\/\/obera.fr\/hu\/wp-json\/wp\/v2\/posts\/93591\/revisions\/93593"}],"wp:attachment":[{"href":"https:\/\/obera.fr\/hu\/wp-json\/wp\/v2\/media?parent=93591"}],"wp:term":[{"taxonomy":"category","embeddable":true,"href":"https:\/\/obera.fr\/hu\/wp-json\/wp\/v2\/categories?post=93591"},{"taxonomy":"post_tag","embeddable":true,"href":"https:\/\/obera.fr\/hu\/wp-json\/wp\/v2\/tags?post=93591"}],"curies":[{"name":"wp","href":"https:\/\/api.w.org\/{rel}","templated":true}]}}