{"id":94511,"date":"2022-12-01T11:12:52","date_gmt":"2022-12-01T09:12:52","guid":{"rendered":"https:\/\/obera.fr\/a-mi-tanacsunk\/debit-volumique-et-depression-quelle-est-la-difference-entre-les-depoussiereurs-et-les-aspirateurs-industriels\/"},"modified":"2026-02-06T13:02:26","modified_gmt":"2026-02-06T11:02:26","slug":"debit-volumique-et-depression-quelle-est-la-difference-entre-les-depoussiereurs-et-les-aspirateurs-industriels","status":"publish","type":"post","link":"https:\/\/obera.fr\/hu\/a-mi-tanacsunk\/debit-volumique-et-depression-quelle-est-la-difference-entre-les-depoussiereurs-et-les-aspirateurs-industriels\/","title":{"rendered":"T\u00e9rfogat\u00e1ram \u00e9s depresszi\u00f3: mi a k\u00fcl\u00f6nbs\u00e9g a porelsz\u00edv\u00f3k \u00e9s az ipari porsz\u00edv\u00f3k k\u00f6z\u00f6tt?"},"content":{"rendered":"\n<h2 class=\"wp-block-heading\">Porelsz\u00edv\u00f3k \u00e9s ipari porsz\u00edv\u00f3k<\/h2>\n\n<p>Egy <strong>porelsz\u00edv\u00f3<\/strong> a leveg\u0151ben <strong>sz\u00e1ll\u00f3 vagy mozg\u00f3 <\/strong><a href=\"https:\/\/obera.fr\/hu\/kohaszat-femmegmunkalas\/depoussiereur-metal\/\">port vagy f\u00fcst\u00f6t<\/a> sz\u00edvja el, m\u00edg egy <strong>ipari porsz\u00edv\u00f3nak<\/strong> a <strong>lerak\u00f3dott porszemcs\u00e9ket<\/strong> \u00e9s a nagyobb <strong>szennyez\u0151d\u00e9seket<\/strong> kell felsz\u00edvnia. Ezen elt\u00e9r\u0151 c\u00e9lok el\u00e9r\u00e9s\u00e9hez az eszk\u00f6z\u00f6k a <strong>t\u00e9rfogat\u00e1ramot<\/strong> \u00e9s a <strong>depresszi\u00f3t<\/strong> ellent\u00e9tes m\u00f3don haszn\u00e1lj\u00e1k. <\/p>\n\n<div class=\"wp-block-columns is-layout-flex wp-container-core-columns-is-layout-28f84493 wp-block-columns-is-layout-flex\">\n<div class=\"wp-block-column is-layout-flow wp-block-column-is-layout-flow\">\n<figure class=\"wp-block-image alignright size-full is-resized\"><img decoding=\"async\" width=\"556\" height=\"364\" src=\"https:\/\/obera.fr\/wp-content\/uploads\/2022\/11\/debit-dair.jpg\" alt=\"l&#xE9;g&#xE1;raml&#xE1;s\" class=\"wp-image-16373\" srcset=\"https:\/\/obera.fr\/wp-content\/uploads\/2022\/11\/debit-dair.jpg 556w, https:\/\/obera.fr\/wp-content\/uploads\/2022\/11\/debit-dair-300x196.jpg 300w\" sizes=\"(max-width: 556px) 100vw, 556px\" \/><\/figure>\n<\/div>\n\n\n\n<div class=\"wp-block-column is-layout-flow wp-block-column-is-layout-flow\">\n<figure class=\"wp-block-image alignleft size-full is-resized\"><img decoding=\"async\" width=\"556\" height=\"366\" src=\"https:\/\/obera.fr\/wp-content\/uploads\/2022\/11\/depression-aspiration.jpg\" alt=\"depresszi&#xF3;s elsz&#xED;v&#xE1;s\" class=\"wp-image-16376\" srcset=\"https:\/\/obera.fr\/wp-content\/uploads\/2022\/11\/depression-aspiration.jpg 556w, https:\/\/obera.fr\/wp-content\/uploads\/2022\/11\/depression-aspiration-300x197.jpg 300w\" sizes=\"(max-width: 556px) 100vw, 556px\" \/><\/figure>\n<\/div>\n<\/div>\n\n<p>A szennyez\u0151 anyagok elsz\u00edv\u00e1s\u00e1hoz egy <strong>porelsz\u00edv\u00f3nak<\/strong> <strong>nagy l\u00e9g\u00e1raml\u00e1sra<\/strong> \u00e9s <strong>alacsony depresszi\u00f3ra<\/strong> van sz\u00fcks\u00e9ge. Ezzel szemben a fel\u00fcletekr\u0151l sz\u00e1rmaz\u00f3 por felsz\u00edv\u00e1s\u00e1hoz \u00e9s elt\u00e1vol\u00edt\u00e1s\u00e1hoz egy <strong>ipari porsz\u00edv\u00f3nak<\/strong> <strong>nagy depresszi\u00f3ra<\/strong>, de <strong>alacsony l\u00e9g\u00e1raml\u00e1sra<\/strong> van sz\u00fcks\u00e9ge. A k\u00f6vetkez\u0151 \u00f6sszehasonl\u00edt\u00e1s egy OberA porelsz\u00edv\u00f3 \u00e9s egy OberA ipari porsz\u00edv\u00f3 k\u00f6z\u00f6tt, mindkett\u0151 2,2 kW teljes\u00edtm\u00e9ny\u0171, illusztr\u00e1lja, mennyire ellent\u00e9tes m\u00f3don haszn\u00e1lj\u00e1k \u0151ket:<\/p>\n\n<figure class=\"wp-block-table\"><table class=\"has-fixed-layout\"><tbody><tr><td><\/td><td>Porelsz\u00edv\u00f3 (DUSTOMAT 4-10)<\/td><td>Ipari porsz\u00edv\u00f3 (EUROSOG-I-D)<\/td><\/tr><tr><td>Max. depresszi\u00f3 (Pa)<\/td><td>2.600<\/td><td>19.500<\/td><\/tr><tr><td>Max. l\u00e9g\u00e1raml\u00e1s (m\u00b3\/h)<\/td><td>2.000<\/td><td>360<\/td><\/tr><tr><td>Csatlakoz\u00e1s (mm)<\/td><td>160<\/td><td>50<\/td><\/tr><\/tbody><\/table><\/figure>\n\n<p>A mobil elsz\u00edv\u00f3 egys\u00e9gek \u00e9s a porelsz\u00edv\u00f3k \u00e1ltal\u00e1ban az alacsony \u00e9s k\u00f6zepes nyom\u00e1s\u00fa elsz\u00edv\u00e1sok kateg\u00f3ri\u00e1j\u00e1ba tartoznak. A k\u00f6zponti tiszt\u00edt\u00f3 elsz\u00edv\u00e1sok \u00e9s a porsz\u00edv\u00f3k \u00e1ltal\u00e1ban a nagynyom\u00e1s\u00fa elsz\u00edv\u00e1sok kateg\u00f3ri\u00e1j\u00e1ba tartoznak. Ez a k\u00e9t kateg\u00f3ria azonos elektromos teljes\u00edtm\u00e9ny mellett k\u00f6zel t\u00edzszeres k\u00fcl\u00f6nbs\u00e9get mutat nyom\u00e1s \u00e9s l\u00e9g\u00e1raml\u00e1s tekintet\u00e9ben.<\/p>\n\n<p>Ezen elv jobb meg\u00e9rt\u00e9se \u00e9rdek\u00e9ben a \u201e<strong>t\u00e9rfogat\u00e1ram<\/strong>\u201d \u00e9s a \u201e<strong>depresszi\u00f3<\/strong>\u201d fogalmakat az al\u00e1bbiakban r\u00e9szletesebben is meghat\u00e1rozzuk.<\/p>\n\n<div class=\"wp-block-buttons is-horizontal is-content-justification-center is-layout-flex wp-container-core-buttons-is-layout-03627597 wp-block-buttons-is-layout-flex\">\n<div class=\"wp-block-button\"><a class=\"wp-block-button__link wp-element-button\" href=\"https:\/\/obera.fr\/contact\/\">Tudjon meg t\u00f6bbet<\/a><\/div>\n<\/div>\n\n<h2 class=\"wp-block-heading\">Mi az a t\u00e9rfogat\u00e1ram?<\/h2>\n\n<p>A <strong>t\u00e9rfogat\u00e1ram<\/strong> egy folyad\u00e9k (g\u00e1z vagy folyad\u00e9k) t\u00e9rfogata, amely adott id\u0151 alatt egy meghat\u00e1rozott keresztmetszeten (p\u00e9ld\u00e1ul egy cs\u00f6v\u00f6n) kereszt\u00fcl \u00e1ramlik. Ahhoz, hogy ez a mozg\u00e1s l\u00e9trej\u00f6jj\u00f6n, mindig nyom\u00e1sk\u00fcl\u00f6nbs\u00e9gnek kell lennie legal\u00e1bb k\u00e9t t\u00e9r\/t\u00e9rfogat k\u00f6z\u00f6tt. Egy elsz\u00edv\u00f3berendez\u00e9s eset\u00e9ben a t\u00e9rfogat\u00e1ram azt a leveg\u0151mennyis\u00e9get \u00edrja le, amely adott id\u0151 alatt egy elsz\u00edv\u00f3cs\u0151ben \u00e1ramlik. A t\u00e9rfogat\u00e1rammal a mindennapi \u00e9letben is tal\u00e1lkozunk, p\u00e9ld\u00e1ul a csapn\u00e1l, foly\u00f3kban \u00e9s patakokban, de g\u00e1z form\u00e1j\u00e1ban is: a leveg\u0151ben, l\u00e9gkondicion\u00e1l\u00f3kban \u00e9s ventil\u00e1torokban.<\/p>\n\n<figure class=\"wp-block-image aligncenter size-large is-resized\"><img decoding=\"async\" width=\"1024\" height=\"408\" src=\"https:\/\/obera.fr\/wp-content\/uploads\/2022\/11\/calcul-debit-volumetrique-1024x408.png\" alt=\"t&#xE9;rfogat&#xE1;ram sz&#xE1;m&#xED;t&#xE1;s\" class=\"wp-image-16382\" srcset=\"https:\/\/obera.fr\/wp-content\/uploads\/2022\/11\/calcul-debit-volumetrique-1024x408.png 1024w, https:\/\/obera.fr\/wp-content\/uploads\/2022\/11\/calcul-debit-volumetrique-300x120.png 300w, https:\/\/obera.fr\/wp-content\/uploads\/2022\/11\/calcul-debit-volumetrique-768x306.png 768w, https:\/\/obera.fr\/wp-content\/uploads\/2022\/11\/calcul-debit-volumetrique-1536x613.png 1536w, https:\/\/obera.fr\/wp-content\/uploads\/2022\/11\/calcul-debit-volumetrique-2048x817.png 2048w\" sizes=\"(max-width: 1024px) 100vw, 1024px\" \/><\/figure>\n\n<p>A <strong>t\u00e9rfogat\u00e1ram<\/strong> szok\u00e1sos m\u00e9rt\u00e9kegys\u00e9ge az m\u00b3\/h. A t\u00e9rfogat\u00e1ram a k\u00f6vetkez\u0151 k\u00e9plettel sz\u00e1m\u00edthat\u00f3 ki: <strong>V = <em>v<\/em>A<\/strong> * A <\/p>\n\n<p>V = T\u00e9rfogat\u00e1ram | <em>v<\/em>A = \u00c1tlagos \u00e1raml\u00e1si sebess\u00e9g [m\/h] | A = Keresztmetszeti fel\u00fclet az adott ponton [m\u00b2]\n\n<p>Ennek megfelel\u0151en egy 2 000 m\u00b3\/h <strong>l\u00e9g\u00e1raml\u00e1s<\/strong> eset\u00e9n 2 000 k\u00f6bm\u00e9ter leveg\u0151 \u00e1ramlik \u00f3r\u00e1nk\u00e9nt egy vezet\u00e9k meghat\u00e1rozott keresztmetszet\u00e9n kereszt\u00fcl. <\/p>\n\n<p>P\u00e9ld\u00e1ul: 2.000 m3\/h \u00e1ramlik 22 m\/s (78 km\/h) sebess\u00e9ggel egy d180mm \u00e1tm\u00e9r\u0151j\u0171 vezet\u00e9kben, vagy 18 m\/s (64 km\/h) sebess\u00e9ggel egy d200mm \u00e1tm\u00e9r\u0151j\u0171 vezet\u00e9kben. <\/p>\n\n<h2 class=\"wp-block-heading\">Mi az a depresszi\u00f3?<\/h2>\n\n<p>A <strong>depresszi\u00f3<\/strong> kifejez\u00e9s egy meghat\u00e1rozott t\u00e9rfogatban uralkod\u00f3 nyom\u00e1st jel\u00f6li, amennyiben az alacsonyabb a <strong>k\u00f6rnyezeti nyom\u00e1sn\u00e1l<\/strong>.<\/p>\n\n<p>A depresszi\u00f3 kifejez\u00e9s haszn\u00e1lata csak akkor hely\u00e9nval\u00f3, ha van referencia nyom\u00e1s. A jelenlegi szabv\u00e1nyokban egy bar (<strong>1 bar<\/strong>) \u00e9rt\u00e9ket haszn\u00e1lnak referencia nyom\u00e1sk\u00e9nt. A depresszi\u00f3 r\u00e9gi m\u00e9rt\u00e9kegys\u00e9ge az <strong>atmoszf\u00e9ra<\/strong> volt; 1978 \u00f3ta a bar-t haszn\u00e1lj\u00e1k. Mivel a depresszi\u00f3 \u00e9rt\u00e9ke alacsonyabb a referencia nyom\u00e1sn\u00e1l, <strong>negat\u00edv nyom\u00e1snak<\/strong> is nevezik.<\/p>\n\n<div class=\"wp-block-columns are-vertically-aligned-center is-layout-flex wp-container-core-columns-is-layout-28f84493 wp-block-columns-is-layout-flex\">\n<div class=\"wp-block-column is-vertically-aligned-center is-layout-flow wp-block-column-is-layout-flow\" style=\"flex-basis:66.66%\">\n<p>Ha p\u00e9ld\u00e1ul egy <strong>ventil\u00e1torral<\/strong> leveg\u0151t sz\u00edvunk el, l\u00e9gelsz\u00edv\u00e1s j\u00f6n l\u00e9tre, ami depresszi\u00f3t okozhat. Ez a hat\u00e1s azonban szinte teljesen kompenz\u00e1l\u00f3dik a leveg\u0151 korl\u00e1tlan t\u00e9rbe val\u00f3 be\u00e1raml\u00e1s\u00e1val. Ha azonban a t\u00e9r korl\u00e1tozott (p\u00e9ld\u00e1ul egy cs\u0151vezet\u00e9k \u00e1ltal), akkor a <strong>t\u00e9rfogat\u00e1ramt\u00f3l<\/strong> \u00e9s a cs\u0151vezet\u00e9k \u00e1tm\u00e9r\u0151j\u00e9t\u0151l f\u00fcgg\u0151en meghat\u00e1rozott depresszi\u00f3 j\u00f6n l\u00e9tre. Egy porsz\u00edv\u00f3 m\u0171k\u00f6d\u00e9si elve az ilyen t\u00edpus\u00fa depresszi\u00f3 el\u0151\u00e1ll\u00edt\u00e1s\u00e1n alapul. A porsz\u00edv\u00f3 h\u00e1z\u00e1ban egy f\u00fav\u00f3 tal\u00e1lhat\u00f3, amely a porsz\u00edv\u00f3cs\u00f6v\u00f6n kereszt\u00fcl sz\u00edvja be a leveg\u0151t, \u00e9s a m\u00e1sik v\u00e9g\u00e9n kiengedi. Az ebb\u0151l ered\u0151 depresszi\u00f3 lehet\u0151v\u00e9 teszi a k\u00f6rnyezeti leveg\u0151 \u00e9s \u00edgy a <strong>szennyez\u0151 r\u00e9szecsk\u00e9k<\/strong> besz\u00edv\u00e1s\u00e1t a porsz\u00edv\u00f3ba. A depresszi\u00f3 n\u00f6vekszik, ha a keresztmetszet v\u00e1ltozatlan marad, \u00e9s a f\u00fav\u00f3 er\u0151sebb. Pontosan ugyanez t\u00f6rt\u00e9nik, ha a keresztmetszeti fel\u00fclet cs\u00f6kken, \u00e9s a f\u00fav\u00f3 teljes\u00edtm\u00e9nye \u00e1lland\u00f3 marad.<\/p>\n<\/div>\n\n\n\n<div class=\"wp-block-column is-vertically-aligned-center is-layout-flow wp-block-column-is-layout-flow\" style=\"flex-basis:33.33%\">\n<figure class=\"wp-block-image aligncenter size-medium is-resized\"><img decoding=\"async\" width=\"300\" height=\"206\" src=\"https:\/\/obera.fr\/wp-content\/uploads\/2020\/11\/DUSTOMAT-10-en-action-300x206.jpg\" alt=\"Porelsz&#xED;v&#xF3; - porsz&#xED;v&#xF3;\" class=\"wp-image-1347\" srcset=\"https:\/\/obera.fr\/wp-content\/uploads\/2020\/11\/DUSTOMAT-10-en-action-300x206.jpg 300w, https:\/\/obera.fr\/wp-content\/uploads\/2020\/11\/DUSTOMAT-10-en-action-768x528.jpg 768w, https:\/\/obera.fr\/wp-content\/uploads\/2020\/11\/DUSTOMAT-10-en-action.jpg 945w\" sizes=\"(max-width: 300px) 100vw, 300px\" \/><\/figure>\n<\/div>\n<\/div>\n\n<p>Ez\u00e9rt \u00e9rthet\u0151, hogy egy <strong>ipari porsz\u00edv\u00f3<\/strong> nagy depresszi\u00f3t haszn\u00e1l ahhoz, hogy elegend\u0151 er\u0151t hozzon l\u00e9tre a <strong>nagyobb \u00e9s lerak\u00f3dott r\u00e9szecsk\u00e9k<\/strong> felsz\u00edv\u00e1s\u00e1hoz. Ehhez nincs sz\u00fcks\u00e9g nagy l\u00e9g\u00e1raml\u00e1sra. Mivel azonban a porelsz\u00edv\u00f3kat nagy l\u00e9gt\u00f6megek tiszt\u00edt\u00e1s\u00e1ra tervezt\u00e9k, elengedhetetlen a nagy l\u00e9g\u00e1raml\u00e1s. A f\u00fcst \u00e9s a leveg\u0151ben sz\u00e1ll\u00f3 por apr\u00f3 \u00e9s k\u00f6nny\u0171 r\u00e9szecsk\u00e9k. Ez\u00e9rt <a href=\"https:\/\/obera.fr\/hu\/megmunkalas-esztergalas-es-feluletkezeles\/depoussiereur-composite\/\">t\u00falzottan nagy depresszi\u00f3 n\u00e9lk\u00fcl is elsz\u00edvhat\u00f3k<\/a>.    <\/p>\n\n<div class=\"wp-block-buttons is-horizontal is-content-justification-center is-layout-flex wp-container-core-buttons-is-layout-03627597 wp-block-buttons-is-layout-flex\">\n<div class=\"wp-block-button\"><a class=\"wp-block-button__link wp-element-button\" href=\"https:\/\/obera.fr\/contact\/\">Tudjon meg t\u00f6bbet<\/a><\/div>\n<\/div>\n\n<h2 class=\"wp-block-heading\">A megfelel\u0151 elsz\u00edv\u00f3berendez\u00e9s<\/h2>\n\n<h3 class=\"wp-block-heading\">Ipari porgy\u0171jt\u0151k<\/h3>\n\n<p>A <strong>porelsz\u00edv\u00e1si<\/strong> alkalmaz\u00e1sokhoz az OberA p\u00e9ld\u00e1ul a mobil <a href=\"https:\/\/obera.fr\/hu\/produits\/depoussiereurs-industriels\/mobiles\/extracteur-poussiere-dustomat-4\/\" data-type=\"page\" data-id=\"440\">DUSTOMAT 4<\/a> porelsz\u00edv\u00f3t, az \u00e1lland\u00f3 <a href=\"https:\/\/obera.fr\/hu\/produits\/depoussiereurs-industriels\/fixes\/depoussiereur-a-sec-estmac\/\" data-type=\"page\" data-id=\"4473\">ESTMAC<\/a> porelsz\u00edv\u00f3t vagy a modul\u00e1ris \u00e1lland\u00f3 <a href=\"https:\/\/obera.fr\/hu\/produits\/depoussiereurs-industriels\/fixes\/aspiration-centralisee-industrielle-dustmac\/\" data-type=\"page\" data-id=\"467\">DUSTMAC<\/a> porelsz\u00edv\u00f3 rendszert k\u00edn\u00e1lja. E h\u00e1rom porelsz\u00edv\u00f3 eset\u00e9ben az <strong>elsz\u00edv\u00e1si<\/strong> \u00e9s <strong>sz\u0171r\u00e9si<\/strong> teljes\u00edtm\u00e9ny sk\u00e1l\u00e1zhat\u00f3.<\/p>\n\n<div class=\"wp-block-columns are-vertically-aligned-top is-layout-flex wp-container-core-columns-is-layout-28f84493 wp-block-columns-is-layout-flex\">\n<div class=\"wp-block-column is-vertically-aligned-top is-layout-flow wp-block-column-is-layout-flow\">\n<figure class=\"wp-block-image aligncenter size-medium is-resized\"><a href=\"https:\/\/obera.fr\/hu\/produits\/depoussiereurs-industriels\/mobiles\/extracteur-poussiere-dustomat-4\/\"><img decoding=\"async\" width=\"300\" height=\"300\" src=\"https:\/\/obera.fr\/wp-content\/uploads\/2020\/08\/extracteur-poussiere-Dustomat-4-ATEX-300x300.png\" alt=\"Porgy&#x171;jt&#x151; - por\" class=\"wp-image-677\" srcset=\"https:\/\/obera.fr\/wp-content\/uploads\/2020\/08\/extracteur-poussiere-Dustomat-4-ATEX-300x300.png 300w, https:\/\/obera.fr\/wp-content\/uploads\/2020\/08\/extracteur-poussiere-Dustomat-4-ATEX-150x150.png 150w, https:\/\/obera.fr\/wp-content\/uploads\/2020\/08\/extracteur-poussiere-Dustomat-4-ATEX.png 600w\" sizes=\"(max-width: 300px) 100vw, 300px\" \/><\/a><figcaption class=\"wp-element-caption\">DUSTOMAT 4<\/figcaption><\/figure>\n\n\n\n<p class=\"has-text-align-center\">Sokoldal\u00fa, nagy energiahat\u00e9konys\u00e1g\u00fa k\u00e9sz\u00fcl\u00e9k: mobil porelsz\u00edv\u00f3k\u00e9nt haszn\u00e1lhat\u00f3 por \u00e9s forg\u00e1cs elsz\u00edv\u00e1s\u00e1ra, vagy sz\u0171r\u0151k\u00e9nt hegeszt\u00e9si f\u00fcst\u00f6k eset\u00e9n.<\/p>\n<\/div>\n\n\n\n<div class=\"wp-block-column is-layout-flow wp-block-column-is-layout-flow\">\n<figure class=\"wp-block-image aligncenter size-medium is-resized\"><img decoding=\"async\" width=\"300\" height=\"300\" src=\"https:\/\/obera.fr\/wp-content\/uploads\/2020\/08\/depoussiereur-centralise-filtres-a-manches-DUSTMAC-S-300x300.png\" alt=\"Rendszer - Term&#xE9;ktervez&#xE9;s\" class=\"wp-image-637\" srcset=\"https:\/\/obera.fr\/wp-content\/uploads\/2020\/08\/depoussiereur-centralise-filtres-a-manches-DUSTMAC-S-300x300.png 300w, https:\/\/obera.fr\/wp-content\/uploads\/2020\/08\/depoussiereur-centralise-filtres-a-manches-DUSTMAC-S-150x150.png 150w, https:\/\/obera.fr\/wp-content\/uploads\/2020\/08\/depoussiereur-centralise-filtres-a-manches-DUSTMAC-S.png 600w\" sizes=\"(max-width: 300px) 100vw, 300px\" \/><figcaption class=\"wp-element-caption\">DUSTMAC SERIES<\/figcaption><\/figure>\n\n\n\n<p class=\"has-text-align-center\">T\u00f6ml\u0151sz\u0171r\u0151 rendszerek ragad\u00f3s porok elsz\u00edv\u00e1s\u00e1ra, vagy patronos sz\u0171r\u0151k sz\u00e1raz, foly\u00e9kony \u00e9s nem robban\u00e1svesz\u00e9lyes porok elsz\u00edv\u00e1s\u00e1ra.<\/p>\n<\/div>\n<\/div>\n\n<div class=\"wp-block-columns are-vertically-aligned-top is-layout-flex wp-container-core-columns-is-layout-28f84493 wp-block-columns-is-layout-flex\">\n<div class=\"wp-block-column is-vertically-aligned-top is-layout-flow wp-block-column-is-layout-flow\">\n<figure class=\"wp-block-image aligncenter size-medium is-resized\"><img decoding=\"async\" width=\"300\" height=\"300\" src=\"https:\/\/obera.fr\/wp-content\/uploads\/2020\/08\/mobex-SF-300x300.png\" alt=\"Porgy&#x171;jt&#x151; - Sz&#x171;r&#x151;\" class=\"wp-image-618\" srcset=\"https:\/\/obera.fr\/wp-content\/uploads\/2020\/08\/mobex-SF-300x300.png 300w, https:\/\/obera.fr\/wp-content\/uploads\/2020\/08\/mobex-SF-150x150.png 150w, https:\/\/obera.fr\/wp-content\/uploads\/2020\/08\/mobex-SF.png 600w\" sizes=\"(max-width: 300px) 100vw, 300px\" \/><figcaption class=\"wp-element-caption\">ESTMAC<\/figcaption><\/figure>\n\n\n\n<p class=\"has-text-align-center\">Minden ipari \u00e1gazatnak \u00e9s szinte minden t\u00edpus\u00fa pornak \u00e9s forg\u00e1csnak megfelel egy vagy t\u00f6bb munka\u00e1llom\u00e1s elsz\u00edv\u00e1s\u00e1ra.<\/p>\n<\/div>\n\n\n\n<div class=\"wp-block-column is-vertically-aligned-top is-layout-flow wp-block-column-is-layout-flow\">\n<figure class=\"wp-block-image aligncenter size-medium is-resized\"><img decoding=\"async\" width=\"300\" height=\"300\" src=\"https:\/\/obera.fr\/wp-content\/uploads\/2020\/08\/extracteur-poussiere-pulverulente-DUSTMAC-16-300x300.png\" alt=\"F&#xFC;st - Porgy&#x171;jt&#x151;\" class=\"wp-image-704\" srcset=\"https:\/\/obera.fr\/wp-content\/uploads\/2020\/08\/extracteur-poussiere-pulverulente-DUSTMAC-16-300x300.png 300w, https:\/\/obera.fr\/wp-content\/uploads\/2020\/08\/extracteur-poussiere-pulverulente-DUSTMAC-16-150x150.png 150w, https:\/\/obera.fr\/wp-content\/uploads\/2020\/08\/extracteur-poussiere-pulverulente-DUSTMAC-16.png 600w\" sizes=\"(max-width: 300px) 100vw, 300px\" \/><figcaption class=\"wp-element-caption\">DUSTOMAT 16<\/figcaption><\/figure>\n\n\n\n<p class=\"has-text-align-center\">Mobil porelsz\u00edv\u00f3 a legk\u00fcl\u00f6nf\u00e9l\u00e9bb porok, p\u00e9ld\u00e1ul \u00e1sv\u00e1nyi porok elsz\u00edv\u00e1s\u00e1ra.<\/p>\n<\/div>\n<\/div>\n\n<p><\/p>\n","protected":false},"excerpt":{"rendered":"<p>Egy porelsz\u00edv\u00f3 a leveg\u0151ben sz\u00e1ll\u00f3 port \u00e9s f\u00fcst\u00f6t sz\u00edvja el, m\u00edg egy ipari porsz\u00edv\u00f3nak a lerak\u00f3dott porszemcs\u00e9ket \u00e9s a nagyobb szennyez\u0151d\u00e9seket kell felsz\u00edvnia. Ezen elt\u00e9r\u0151 c\u00e9lok el\u00e9r\u00e9s\u00e9hez az eszk\u00f6z\u00f6k a t\u00e9rfogat\u00e1ramot \u00e9s a depresszi\u00f3t ellent\u00e9tes m\u00f3don haszn\u00e1lj\u00e1k. N\u00e9zz\u00fck meg, mit is jelent ez. <\/p>\n","protected":false},"author":4,"featured_media":93874,"comment_status":"closed","ping_status":"closed","sticky":false,"template":"","format":"standard","meta":{"_acf_changed":false,"_seopress_robots_primary_cat":"none","_seopress_titles_title":"K\u00fcl\u00f6nbs\u00e9g a porelsz\u00edv\u00f3k \u00e9s az ipari porsz\u00edv\u00f3k k\u00f6z\u00f6tt","_seopress_titles_desc":"Fedezze fel ebben a cikkben a l\u00e9g\u00e1raml\u00e1s \u00e9s a depresszi\u00f3 k\u00f6z\u00f6tti k\u00fcl\u00f6nbs\u00e9get a porelsz\u00edv\u00f3k \u00e9s az ipari porsz\u00edv\u00f3k viszonylat\u00e1ban.","_seopress_robots_index":"","footnotes":""},"categories":[314],"tags":[323],"class_list":["post-94511","post","type-post","status-publish","format-standard","has-post-thumbnail","hentry","category-a-mi-tanacsunk","tag-entete-kicsi","generate-columns","tablet-grid-50","mobile-grid-100","grid-parent","grid-50","no-featured-image-padding","resize-featured-image"],"acf":[],"_links":{"self":[{"href":"https:\/\/obera.fr\/hu\/wp-json\/wp\/v2\/posts\/94511","targetHints":{"allow":["GET"]}}],"collection":[{"href":"https:\/\/obera.fr\/hu\/wp-json\/wp\/v2\/posts"}],"about":[{"href":"https:\/\/obera.fr\/hu\/wp-json\/wp\/v2\/types\/post"}],"author":[{"embeddable":true,"href":"https:\/\/obera.fr\/hu\/wp-json\/wp\/v2\/users\/4"}],"replies":[{"embeddable":true,"href":"https:\/\/obera.fr\/hu\/wp-json\/wp\/v2\/comments?post=94511"}],"version-history":[{"count":3,"href":"https:\/\/obera.fr\/hu\/wp-json\/wp\/v2\/posts\/94511\/revisions"}],"predecessor-version":[{"id":141090,"href":"https:\/\/obera.fr\/hu\/wp-json\/wp\/v2\/posts\/94511\/revisions\/141090"}],"wp:featuredmedia":[{"embeddable":true,"href":"https:\/\/obera.fr\/hu\/wp-json\/wp\/v2\/media\/93874"}],"wp:attachment":[{"href":"https:\/\/obera.fr\/hu\/wp-json\/wp\/v2\/media?parent=94511"}],"wp:term":[{"taxonomy":"category","embeddable":true,"href":"https:\/\/obera.fr\/hu\/wp-json\/wp\/v2\/categories?post=94511"},{"taxonomy":"post_tag","embeddable":true,"href":"https:\/\/obera.fr\/hu\/wp-json\/wp\/v2\/tags?post=94511"}],"curies":[{"name":"wp","href":"https:\/\/api.w.org\/{rel}","templated":true}]}}