{"id":95517,"date":"2022-10-13T12:32:24","date_gmt":"2022-10-13T10:32:24","guid":{"rendered":"https:\/\/obera.fr\/a-mi-tanacsunk\/obera-partenaire-des-worldskills-2022-de-bordeaux\/"},"modified":"2025-05-06T10:13:11","modified_gmt":"2025-05-06T08:13:11","slug":"obera-partenaire-des-worldskills-2022-de-bordeaux","status":"publish","type":"post","link":"https:\/\/obera.fr\/hu\/a-mi-tanacsunk\/obera-partenaire-des-worldskills-2022-de-bordeaux\/","title":{"rendered":"OberA partner a WorldSkills 2022 Bordeaux-ban!"},"content":{"rendered":"\n<p>Egy partners\u00e9g keret\u00e9ben az OberA 2 db <strong>Dustomat 4.24<\/strong> ipari porlev\u00e1laszt\u00f3val \u00e9s <strong>4 db 3 m\u00e9teres sz\u00edv\u00f3karral<\/strong> szereli fel a <strong>bordeaux-i WorldSkills 2022<\/strong> (okt\u00f3ber 19. \u00e9s 22. k\u00f6z\u00f6tt) rendezv\u00e9nyt, hogy a <strong>k\u0151farag\u00f3<\/strong> verseny sor\u00e1n <a href=\"https:\/\/obera.fr\/conseils\/aspiration-industrielle-solutions-professionnels\/\">a porral megbirk\u00f3zzon<\/a>.<\/p>\n\n<h2 class=\"wp-block-heading\">Mi a WorldSkills?<\/h2>\n\n<p>A WorldSkills a<strong> vil\u00e1g legnagyobb k\u00e9szs\u00e9gfejleszt\u0151 versenye<\/strong>. A k\u00e9t\u00e9vente megrendezett versenyen a vil\u00e1g minden t\u00e1j\u00e1r\u00f3l \u00e9rkez\u0151 fiatal szakemberek m\u00e9rik \u00f6ssze tud\u00e1sukat egy helysz\u00ednen. <\/p>\n\n<p>A WorldSkills verseny a fiatals\u00e1gr\u00f3l, a megoszt\u00e1sr\u00f3l, a fair play-r\u0151l, az er\u0151fesz\u00edt\u00e9sr\u0151l, a kiv\u00e1l\u00f3s\u00e1gr\u00f3l, az elk\u00f6telezetts\u00e9gr\u0151l \u00e9s a kultur\u00e1lis soksz\u00edn\u0171s\u00e9g tisztelet\u00e9r\u0151l sz\u00f3l.<\/p>\n\n<p>T\u00f6bb mint <strong>85 orsz\u00e1gb\u00f3l<\/strong> t\u00f6bb mint <strong>1600 versenyz\u0151<\/strong> m\u00e9ri \u00f6ssze tud\u00e1s\u00e1t t\u00f6bb mint <strong>50 k\u00fcl\u00f6nb\u00f6z\u0151 szakm\u00e1ban<\/strong>. A verseny 4 napon kereszt\u00fcl zajlik. <\/p>\n\n<h2 class=\"wp-block-heading\">Mit hoz az OberA a WorldSkills 2022-re?<\/h2>\n\n<div class=\"wp-block-columns are-vertically-aligned-center is-layout-flex wp-container-core-columns-is-layout-28f84493 wp-block-columns-is-layout-flex\">\n<div class=\"wp-block-column is-vertically-aligned-center is-layout-flow wp-block-column-is-layout-flow\" style=\"flex-basis:66.66%\">\n<p>Az OberA 2 db <strong>Dustomat 4.24<\/strong> mobil ipari porelsz\u00edv\u00f3t \u00e9s <strong>4 db <\/strong><strong> 3 m-es<\/strong><a href=\"https:\/\/obera.fr\/hu\/produits\/bras-dispositifs-captation\/bras-hotte-ovale-rectangulaire\/\" data-type=\"URL\" data-id=\"https:\/\/obera.fr\/produits\/bras-dispositifs-captation\/bras-hotte-ovale-rectangulaire\/\">sz\u00edv\u00f3kart<\/a> biztos\u00edt <strong>4 munka\u00e1llom\u00e1s<\/strong> felszerel\u00e9s\u00e9hez a <strong>k\u0151farag\u00f3<\/strong> versenyhez.<\/p>\n\n\n\n<p>A Dustomat 4.24 <strong>H oszt\u00e1ly\u00fa sz\u0171r\u00e9ssel<\/strong> van felszerelve, amely ide\u00e1lis az emberre <strong>vesz\u00e9lyes finom porok<\/strong>, p\u00e9ld\u00e1ul a k\u0151farag\u00e1s sor\u00e1n keletkez\u0151 porok sz\u00e1m\u00e1ra.<\/p>\n\n\n\n<p>A patronok s\u0171r\u00edtett leveg\u0151vel t\u00f6rt\u00e9n\u0151 <strong>automatikus tiszt\u00edt\u00e1sa <\/strong>biztos\u00edtja, hogy a berendez\u00e9s a verseny sor\u00e1n a legkisebb beavatkoz\u00e1s n\u00e9lk\u00fcl is hat\u00e9kony maradjon.<\/p>\n\n\n\n<p><strong> A szemetesek<\/strong> lehet\u0151v\u00e9 teszik <a href=\"https:\/\/obera.fr\/conseils\/traitement-odeurs-industrielles\/\">a hullad\u00e9kok elhelyez\u00e9s\u00e9t<\/a> <strong>an\u00e9lk\u00fcl, hogy a <\/strong>porral <strong>\u00e9rintkezn\u00e9nek <\/strong>.<\/p>\n<\/div>\n\n\n\n<div class=\"wp-block-column is-vertically-aligned-center is-layout-flow wp-block-column-is-layout-flow\" style=\"flex-basis:33.33%\">\n<figure class=\"wp-block-image aligncenter size-large\"><img decoding=\"async\" width=\"1024\" height=\"576\" src=\"https:\/\/obera.fr\/wp-content\/uploads\/2020\/11\/dustomat-6-1024x576.jpg\" alt=\"Porgy&#x171;jt&#x151; - por\" class=\"wp-image-1317\" srcset=\"https:\/\/obera.fr\/wp-content\/uploads\/2020\/11\/dustomat-6-1024x576.jpg 1024w, https:\/\/obera.fr\/wp-content\/uploads\/2020\/11\/dustomat-6-300x169.jpg 300w, https:\/\/obera.fr\/wp-content\/uploads\/2020\/11\/dustomat-6-768x432.jpg 768w, https:\/\/obera.fr\/wp-content\/uploads\/2020\/11\/dustomat-6.jpg 1200w\" sizes=\"(max-width: 1024px) 100vw, 1024px\" \/><\/figure>\n<\/div>\n<\/div>\n\n<h2 class=\"wp-block-heading\">A k\u0151darabol\u00e1sos vizsg\u00e1lat menete<\/h2>\n\n<p>A f\u0151pr\u00f3b\u00e1n a r\u00e9sztvev\u0151knek 2 term\u00e9szetes k\u00f6vet kell v\u00e1gniuk egy v\u00e1zlat alapj\u00e1n. A vizsga 4 modulb\u00f3l \u00e1ll, amelyek sor\u00e1n a jel\u00f6ltek alum\u00ednium- vagy cinklemezre sablonokat k\u00e9sz\u00edtenek, 2 darab term\u00e9szetes k\u0151b\u0151l faragnak, a 2 darab egyik\u00e9re v\u00e9setet vagy d\u00edsz\u00edt\u00e9st rajzolnak, \u00e9s egy \u00e9p\u00edt\u00e9szeti egy\u00fcttes t\u00f6bb elem\u00e9t \u00e1ll\u00edtj\u00e1k \u00f6ssze, hogy a k\u00f6z\u00f6ns\u00e9gnek bemutass\u00e1k a k\u0151farag\u00f3 feladatait. <\/p>\n\n<h2 class=\"wp-block-heading\">Az OberA felszerel\u00e9s fontoss\u00e1ga a k\u0151m\u0171vesmunk\u00e1ban \u00e9s a krist\u00e1lyos szil\u00edcium-dioxid vesz\u00e9lyei<\/h2>\n\n<p>A <strong>szilikapor<\/strong>, amely sok k\u0151zetben jelen van, bel\u00e9legezve nagyon <strong>vesz\u00e9lyes <\/strong>. Ez\u00e9rt olyan fontosak a versenyen telep\u00edtett berendez\u00e9sek, amelyek<strong> megv\u00e9dik a versenyz\u0151ket<\/strong> a szilikaporral kapcsolatos <strong>eg\u00e9szs\u00e9g\u00fcgyi kock\u00e1zatokt\u00f3l<\/strong>. <\/p>\n\n<p>Az eg\u00e9szs\u00e9g\u00fcgyi hat\u00e1sok a szem \u00e9s a l\u00e9gutak irrit\u00e1ci\u00f3j\u00e1t\u00f3l kezdve a kr\u00f3nikus h\u00f6rghurutig \u00e9s a &#8222;szilik\u00f3zis&#8221; n\u00e9ven ismert visszaford\u00edthatatlan t\u00fcd\u0151fibr\u00f3zisig terjedhetnek. Term\u00e9szetesen a krist\u00e1lyos szil\u00edcium-dioxid szerepet j\u00e1tszik bizonyos t\u00fcd\u0151r\u00e1kok kialakul\u00e1s\u00e1ban is. <\/p>\n\n<hr class=\"wp-block-separator has-alpha-channel-opacity\"\/>\n\n<p>Ha te is tehets\u00e9ges fiatal k\u0151m\u0171ves vagy, <a href=\"https:\/\/www.worldskills-france.org\/la-competition\/\">ide kattintva<\/a> tudhatsz meg t\u00f6bbet a k\u00f6vetkez\u0151 WorldSkills versenyre val\u00f3 jelentkez\u00e9sr\u0151l. <\/p>\n\n<h2 class=\"wp-block-heading\"><strong>A term\u00e9kek<\/strong> <\/h2>\n\n<div class=\"wp-block-columns is-layout-flex wp-container-core-columns-is-layout-28f84493 wp-block-columns-is-layout-flex\">\n<div class=\"wp-block-column is-layout-flow wp-block-column-is-layout-flow\">\n<figure class=\"wp-block-image aligncenter size-full is-resized\"><a href=\"https:\/\/obera.fr\/produits\/depoussiereurs-industriels\/mobiles\/extracteur-poussiere-dustomat-4\/\"><img decoding=\"async\" width=\"600\" height=\"600\" src=\"https:\/\/obera.fr\/wp-content\/uploads\/2020\/08\/extracteur-poussiere-Dustomat-4-ATEX.png\" alt=\"Porgy&#x171;jt&#x151; - por\" class=\"wp-image-677\" style=\"width:300px;height:300px\" srcset=\"https:\/\/obera.fr\/wp-content\/uploads\/2020\/08\/extracteur-poussiere-Dustomat-4-ATEX.png 600w, https:\/\/obera.fr\/wp-content\/uploads\/2020\/08\/extracteur-poussiere-Dustomat-4-ATEX-300x300.png 300w, https:\/\/obera.fr\/wp-content\/uploads\/2020\/08\/extracteur-poussiere-Dustomat-4-ATEX-150x150.png 150w\" sizes=\"(max-width: 600px) 100vw, 600px\" \/><\/a><figcaption class=\"wp-element-caption\">Dustomat 4<\/figcaption><\/figure>\n<\/div>\n\n\n\n<div class=\"wp-block-column is-layout-flow wp-block-column-is-layout-flow\">\n<figure class=\"wp-block-image aligncenter size-medium is-resized\"><a href=\"https:\/\/obera.fr\/produits\/bras-dispositifs-captation\/bras-hotte-ovale-rectangulaire\/\"><img decoding=\"async\" width=\"300\" height=\"300\" src=\"https:\/\/obera.fr\/wp-content\/uploads\/2021\/01\/bras-aspiration-industriel-fumees-poussieres-300x300.jpg\" alt=\"Ipari sz&#xED;v&#xF3;kar f&#xFC;stpor\" class=\"wp-image-4257\" style=\"width:300px;height:300px\" srcset=\"https:\/\/obera.fr\/wp-content\/uploads\/2021\/01\/bras-aspiration-industriel-fumees-poussieres-300x300.jpg 300w, https:\/\/obera.fr\/wp-content\/uploads\/2021\/01\/bras-aspiration-industriel-fumees-poussieres-150x150.jpg 150w, https:\/\/obera.fr\/wp-content\/uploads\/2021\/01\/bras-aspiration-industriel-fumees-poussieres.jpg 500w\" sizes=\"(max-width: 300px) 100vw, 300px\" \/><\/a><figcaption class=\"wp-element-caption\">Sz\u00edv\u00f3kar<\/figcaption><\/figure>\n<\/div>\n\n\n\n<div class=\"wp-block-column is-layout-flow wp-block-column-is-layout-flow\"><\/div>\n<\/div>\n\n<div class=\"wp-block-buttons is-content-justification-center is-layout-flex wp-container-core-buttons-is-layout-a89b3969 wp-block-buttons-is-layout-flex\">\n<div class=\"wp-block-button\"><a class=\"wp-block-button__link wp-element-button\" href=\"https:\/\/obera.fr\/hu\/salons\/\">Fedezze fel ki\u00e1ll\u00edt\u00e1sainkat<\/a><\/div>\n<\/div>\n","protected":false},"excerpt":{"rendered":"<p>Egy partners\u00e9g keret\u00e9ben az OberA 2 Dustomat 4.24 ipari porlev\u00e1laszt\u00f3val, valamint 4 db 3 m\u00e9teres sz\u00edv\u00f3karral szereli fel a bordeaux-i WorldSkills 2022-es verseny helysz\u00edn\u00e9t a szilikapor kezel\u00e9s\u00e9hez a k\u0151farag\u00f3 verseny sor\u00e1n.<\/p>\n","protected":false},"author":4,"featured_media":94772,"comment_status":"closed","ping_status":"closed","sticky":false,"template":"","format":"standard","meta":{"_acf_changed":false,"_seopress_robots_primary_cat":"none","_seopress_titles_title":"Az OberA partnere a WorldSkills 2022 Bordeaux-ban!","_seopress_titles_desc":"Tudjon meg t\u00f6bbet az OberA \u00e9s a bordeaux-i WorldSkills 2022 k\u00f6z\u00f6tti partners\u00e9gr\u0151l a szilikapor kezel\u00e9se \u00e9rdek\u00e9ben a k\u0151farag\u00f3 verseny sor\u00e1n.","_seopress_robots_index":"","footnotes":""},"categories":[314],"tags":[323],"class_list":["post-95517","post","type-post","status-publish","format-standard","has-post-thumbnail","hentry","category-a-mi-tanacsunk","tag-entete-kicsi","generate-columns","tablet-grid-50","mobile-grid-100","grid-parent","grid-50","no-featured-image-padding","resize-featured-image"],"acf":[],"_links":{"self":[{"href":"https:\/\/obera.fr\/hu\/wp-json\/wp\/v2\/posts\/95517","targetHints":{"allow":["GET"]}}],"collection":[{"href":"https:\/\/obera.fr\/hu\/wp-json\/wp\/v2\/posts"}],"about":[{"href":"https:\/\/obera.fr\/hu\/wp-json\/wp\/v2\/types\/post"}],"author":[{"embeddable":true,"href":"https:\/\/obera.fr\/hu\/wp-json\/wp\/v2\/users\/4"}],"replies":[{"embeddable":true,"href":"https:\/\/obera.fr\/hu\/wp-json\/wp\/v2\/comments?post=95517"}],"version-history":[{"count":1,"href":"https:\/\/obera.fr\/hu\/wp-json\/wp\/v2\/posts\/95517\/revisions"}],"predecessor-version":[{"id":95524,"href":"https:\/\/obera.fr\/hu\/wp-json\/wp\/v2\/posts\/95517\/revisions\/95524"}],"wp:featuredmedia":[{"embeddable":true,"href":"https:\/\/obera.fr\/hu\/wp-json\/wp\/v2\/media\/94772"}],"wp:attachment":[{"href":"https:\/\/obera.fr\/hu\/wp-json\/wp\/v2\/media?parent=95517"}],"wp:term":[{"taxonomy":"category","embeddable":true,"href":"https:\/\/obera.fr\/hu\/wp-json\/wp\/v2\/categories?post=95517"},{"taxonomy":"post_tag","embeddable":true,"href":"https:\/\/obera.fr\/hu\/wp-json\/wp\/v2\/tags?post=95517"}],"curies":[{"name":"wp","href":"https:\/\/api.w.org\/{rel}","templated":true}]}}