{"id":96646,"date":"2021-05-17T19:28:45","date_gmt":"2021-05-17T17:28:45","guid":{"rendered":"https:\/\/obera.fr\/a-mi-tanacsunk\/qai-diagnostic-qualite-de-l-air-interieur-batiments-industriels\/"},"modified":"2025-05-06T13:27:42","modified_gmt":"2025-05-06T11:27:42","slug":"qai-diagnostic-qualite-de-l-air-interieur-batiments-industriels","status":"publish","type":"post","link":"https:\/\/obera.fr\/hu\/a-mi-tanacsunk\/qai-diagnostic-qualite-de-l-air-interieur-batiments-industriels\/","title":{"rendered":"Belt\u00e9ri leveg\u0151min\u0151s\u00e9gi diagnosztika ipari \u00e9p\u00fcletek sz\u00e1m\u00e1ra"},"content":{"rendered":"\n<p>A belt\u00e9ri leveg\u0151 min\u0151s\u00e9ge jelent\u0151s eg\u00e9szs\u00e9g\u00fcgyi \u00e9s k\u00f6rnyezeti probl\u00e9ma. Otthon vagy az irod\u00e1ban a <strong>belt\u00e9ri szennyez\u00e9s<\/strong> 5-10-szer magasabb, mint a k\u00fclt\u00e9ri! Az okok: t\u00falzott p\u00e1ratartalom, tiszt\u00edt\u00f3szerek \u00e9s \u00e9p\u00edt\u0151anyagok \u00e1ltal kibocs\u00e1tott szennyez\u0151 anyagok, nem megfelel\u0151 szell\u0151z\u00e9s stb.    <\/p>\n\n<p><strong>A belt\u00e9ri leveg\u0151min\u0151s\u00e9gi (IAQ) diagnosztika<\/strong> minden, a nyilv\u00e1noss\u00e1g sz\u00e1m\u00e1ra nyitott l\u00e9tes\u00edtm\u00e9ny sz\u00e1m\u00e1ra k\u00f6telez\u0151, \u00e9s \u00e1ttekint\u00e9st ny\u00fajt a jelenlegi helyzetr\u0151l, hogy megfelel\u0151 cselekv\u00e9si tervet lehessen kidolgozni. Milyen szennyez\u0151 anyagokat vizsg\u00e1l a bels\u0151 t\u00e9rmin\u0151s\u00e9gi diagn\u00f3zis? Mi\u00e9rt \u00e9s hogyan kell<strong> ellen\u0151rizni a belt\u00e9ri leveg\u0151 min\u0151s\u00e9g\u00e9t az ipari \u00e9p\u00fcletekben<\/strong>?    <\/p>\n\n<p>K\u00f6vesse \u00fatmutat\u00f3nkat, amelyb\u0151l megtudhat mindent, amit az IAQ-diagnosztik\u00e1r\u00f3l tudni kell.<\/p>\n\n<h2 class=\"wp-block-heading\">Mi a belt\u00e9ri leveg\u0151 min\u0151s\u00e9g\u00e9nek diagn\u00f3zisa?<\/h2>\n\n<p>A <a href=\"https:\/\/obera.fr\/conseils\/qualite-l-air-interieur-critere-essentiel-industrie\/\" data-type=\"URL\" data-id=\"https:\/\/obera.fr\/conseils\/qualite-l-air-interieur-critere-essentiel-industrie\/\">belt\u00e9ri leveg\u0151min\u0151s\u00e9gi<\/a> (IAQ) diagnosztika mag\u00e1ban foglalja <strong>a z\u00e1rt terekben<\/strong> (otthonokban, \u00fczlethelyis\u00e9gekben, a nyilv\u00e1noss\u00e1g sz\u00e1m\u00e1ra nyitva \u00e1ll\u00f3 l\u00e9tes\u00edtm\u00e9nyekben stb.) <strong>l\u00e9v\u0151 szennyezetts\u00e9gi szint m\u00e9r\u00e9s\u00e9t<\/strong>. Ez a felm\u00e9r\u00e9s azonos\u00edtja az \u00e9p\u00fcletben jelen l\u00e9v\u0151 <strong>szennyez\u0151 anyagok koncentr\u00e1ci\u00f3j\u00e1t \u00e9s forr\u00e1s\u00e1t<\/strong>. <\/p>\n\n<h3 class=\"wp-block-heading\">Milyen szennyez\u0151anyagokat m\u00e9rnek az IAQ diagn\u00f3zis sor\u00e1n?<\/h3>\n\n<p>A belt\u00e9ri leveg\u0151 min\u0151s\u00e9g\u00e9nek diagnosztik\u00e1ja k\u00fcl\u00f6nb\u00f6z\u0151 m\u00e9r\u00e9seken alapul:<\/p>\n\n<ul class=\"wp-block-list\"><li><strong>g\u00e1znem\u0171 szennyez\u0151 anyagok elemz\u00e9se<\/strong>: sz\u00e9n-dioxid (CO2) \u00e9s ill\u00e9kony szerves vegy\u00fcletek (VOC), p\u00e9ld\u00e1ul formaldehid;<\/li><li><strong>r\u00e9szecsk\u00e9k keres\u00e9se<\/strong>: por, azbesztsz\u00e1lak stb;<\/li><li><strong>fizikai \u00e9rt\u00e9kek m\u00e9r\u00e9se<\/strong>: <a href=\"https:\/\/obera.fr\/conseils\/choisir-rafraichisseur-d-air-industriel-reguler-temperature\/\" data-type=\"URL\" data-id=\"https:\/\/obera.fr\/conseils\/choisir-rafraichisseur-d-air-industriel-reguler-temperature\/\">h\u0151m\u00e9rs\u00e9klet<\/a> \u00e9s relat\u00edv p\u00e1ratartalom.<\/li><\/ul>\n\n<p>Ezek a term\u00e9kek <strong>kock\u00e1zatot jelentenek az emberi eg\u00e9szs\u00e9gre \u00e9s a k\u00f6rnyezetre<\/strong>. N\u00e9melyik\u00fck r\u00e1kot okozhat. Ez k\u00fcl\u00f6n\u00f6sen igaz a formaldehidre \u00e9s az azbesztre. A l\u00e9gszennyez\u00e9s \u00e9vente k\u00f6zel 50 000 ember hal\u00e1l\u00e1t okozza Franciaorsz\u00e1gban.   <\/p>\n\n<h3 class=\"wp-block-heading\">Melyek a l\u00e9gszennyez\u00e9s forr\u00e1sai az ipari \u00e9p\u00fcletekben?<\/h3>\n\n<p>Az ipari l\u00e9tes\u00edtm\u00e9nyekben sz\u00e1mos szennyez\u00e9si forr\u00e1s tal\u00e1lhat\u00f3:<\/p>\n\n<ul class=\"wp-block-list\"><li>A gy\u00e1rt\u00e1si folyamatokban haszn\u00e1lt <strong>vegyi anyagok \u00e9s anyagok<\/strong> szennyez\u0151 anyagokat bocs\u00e1tanak a leveg\u0151be.<\/li><li><strong>Az anyagok \u00e9s k\u00e9szterm\u00e9kek sz\u00e1ll\u00edt\u00e1sa<\/strong> port, r\u00e9szecsk\u00e9ket, sz\u00e9nhidrog\u00e9ng\u0151z\u00f6ket stb. gener\u00e1l.<\/li><li><strong>A k\u00fcls\u0151 k\u00f6rnyezetb\u0151l sz\u00e1rmaz\u00f3 szennyez\u0151 anyagok<\/strong> csapd\u00e1ba eshetnek az \u00e9p\u00fcletek belsej\u00e9ben.<\/li><\/ul>\n\n<blockquote class=\"wp-block-quote is-layout-flow wp-block-quote-is-layout-flow\"><p>A<strong>szell\u0151z\u00e9s \u00e9s a megfelel\u0151 szell\u0151z\u0151rendszer<\/strong> hi\u00e1nya koncentr\u00e1lja a szennyez\u0151 anyagokat, \u00e9s befoly\u00e1solja a l\u00e9tes\u00edtm\u00e9nyen bel\u00fcli h\u0151m\u00e9rs\u00e9kletet \u00e9s p\u00e1ratartalmat is.<\/p><\/blockquote>\n\n<h2 class=\"wp-block-heading\">Mi\u00e9rt \u00e9rdemes m\u00e9rni a belt\u00e9ri leveg\u0151 min\u0151s\u00e9g\u00e9t?<\/h2>\n\n<p><a href=\"https:\/\/obera.fr\/conseils\/analyse-qualite-l-air-interieur\/\" data-type=\"URL\" data-id=\"https:\/\/obera.fr\/conseils\/analyse-qualite-l-air-interieur\/\">A belt\u00e9ri leveg\u0151 min\u0151s\u00e9g\u00e9nek felm\u00e9r\u00e9se<\/a> a<strong> munk\u00e1ltat\u00f3k sz\u00e1m\u00e1ra jogi k\u00f6telezetts\u00e9g<\/strong>. Emellett hozz\u00e1j\u00e1rul a<strong>l\u00e9tes\u00edtm\u00e9nyek termel\u00e9kenys\u00e9g\u00e9nek jav\u00edt\u00e1s\u00e1hoz<\/strong> is. <\/p>\n\n<h3 class=\"wp-block-heading\">K\u00f6telez\u0151-e a belt\u00e9ri leveg\u0151min\u0151s\u00e9gi diagn\u00f3zis?<\/h3>\n\n<p>Franciaorsz\u00e1gban a 2015-1000. sz. rendelet el\u0151\u00edrja, hogy a belt\u00e9ri leveg\u0151 min\u0151s\u00e9g\u00e9t diagnosztiz\u00e1lni kell azokon a helyeken, ahol gyermekek tart\u00f3zkodnak (\u00f3vod\u00e1k \u00e9s \u00e1ltal\u00e1nos iskol\u00e1k, szabadid\u0151k\u00f6zpontok \u00e9s k\u00f6z\u00e9piskol\u00e1k). <strong>2023-t\u00f3l<\/strong><strong> az IAQ-vizsg\u00e1lat k\u00f6telez\u0151 lesz minden, a nyilv\u00e1noss\u00e1g sz\u00e1m\u00e1ra nyitott l\u00e9tes\u00edtm\u00e9nyben (ERP)<\/strong>, azaz a k\u00edv\u00fcl\u00e1ll\u00f3k (a munkav\u00e1llal\u00f3kon k\u00edv\u00fcl) sz\u00e1m\u00e1ra nyitott helyis\u00e9gekben.<br\/><br\/>F\u00fcggetlen\u00fcl att\u00f3l, hogy az \u00d6n v\u00e1llalata ERP vagy sem, <strong>be<\/strong> kell <strong>tartania a francia Munka T\u00f6rv\u00e9nyk\u00f6nyve \u00e1ltal el\u0151\u00edrt foglalkoz\u00e1si expoz\u00edci\u00f3s hat\u00e1r\u00e9rt\u00e9keket (OELV<\/strong>). Az IAQ diagn\u00f3zis lehet\u0151v\u00e9 teszi, hogy ellen\u0151rizze, hogy a szennyez\u0151anyag-koncentr\u00e1ci\u00f3k j\u00f3val a jogszab\u00e1lyban meghat\u00e1rozott \u00e9rt\u00e9kek alatt vannak-e, \u00e9s hogy sz\u00fcks\u00e9g eset\u00e9n korrekci\u00f3s int\u00e9zked\u00e9seket m\u00e9rlegeljen. <\/p>\n\n<h3 class=\"wp-block-heading\">Milyen el\u0151nyei vannak az eg\u00e9szs\u00e9ges leveg\u0151nek egy ipari \u00e9p\u00fcletben?<\/h3>\n\n<p>A szab\u00e1lyoz\u00e1si szempontokon t\u00falmen\u0151en a j\u00f3 belt\u00e9ri leveg\u0151min\u0151s\u00e9g fenntart\u00e1sa <a href=\"https:\/\/obera.fr\/hu\/a-mi-tanacsunk\/comment-rafraichissement-evaporation-ameliorer-production-industrielle\/\" data-type=\"URL\" data-id=\"https:\/\/obera.fr\/conseils\/comment-rafraichissement-evaporation-ameliorer-production-industrielle\/\">sz\u00e1mos el\u0151nnyel j\u00e1r a l\u00e9tes\u00edtm\u00e9ny termel\u00e9kenys\u00e9ge szempontj\u00e1b\u00f3l<\/a>:<\/p>\n\n<ul class=\"wp-block-list\"><li><strong>A munkav\u00e1llal\u00f3k eg\u00e9szs\u00e9gi \u00e1llapot\u00e1nak jav\u00edt\u00e1sa<\/strong>: az eg\u00e9szs\u00e9ges munkaer\u0151 seg\u00edt cs\u00f6kkenteni a hi\u00e1nyz\u00e1sokat \u00e9s a betegszabads\u00e1gokat;<\/li><li><strong>alacsonyabb karbantart\u00e1si k\u00f6lts\u00e9gek<\/strong>: a helyis\u00e9gek hosszabb ideig maradnak tiszt\u00e1bbak, \u00e9s a g\u00e9pek ritk\u00e1bban mennek t\u00f6nkre;<\/li><li><strong>A k\u00e9szterm\u00e9kek min\u0151s\u00e9g\u00e9nek jav\u00edt\u00e1sa<\/strong>: a szennyez\u0151 anyagok, a h\u0151m\u00e9rs\u00e9klet \u00e9s a p\u00e1ratartalom szintj\u00e9nek ellen\u0151rz\u00e9se biztos\u00edtja az anyagok optim\u00e1lis meg\u0151rz\u00e9s\u00e9t.<\/li><\/ul>\n\n<h2 class=\"wp-block-heading\">Hogyan v\u00e9gezzen belt\u00e9ri leveg\u0151min\u0151s\u00e9gi diagn\u00f3zist?<\/h2>\n\n<p>Az IAQ-diagnosztika <strong>speci\u00e1lis m\u00e9r\u0151m\u0171szereket<\/strong> ig\u00e9nyel, \u00e9s azt <strong>leveg\u0151min\u0151s\u00e9gi szakembernek<\/strong> kell elv\u00e9geznie.<\/p>\n\n<h3 class=\"wp-block-heading\">Hogyan m\u00e9rik a belt\u00e9ri leveg\u0151 min\u0151s\u00e9g\u00e9t?<\/h3>\n\n<p>Az OBERA az ipari leveg\u0151kezel\u00e9s specialist\u00e1jak\u00e9nt r\u00e9szecskesz\u00e1ml\u00e1l\u00f3k \u00e9s leveg\u0151elemz\u0151k sz\u00e9les v\u00e1laszt\u00e9k\u00e1t k\u00edn\u00e1lja. Ez a k\u00e9sz\u00fcl\u00e9kt\u00edpus<strong> <a href=\"https:\/\/obera.fr\/conseils\/mesure-de-la-qualite-de-l-air-interieur-interet-principe\/\" data-type=\"URL\" data-id=\"https:\/\/obera.fr\/conseils\/mesure-de-la-qualite-de-l-air-interieur-interet-principe\/\">folyamatosan m\u00e9ri a belt\u00e9ri leveg\u0151min\u0151s\u00e9gi param\u00e9tereket<\/a><\/strong> t\u00f6bb \u00e9rz\u00e9kel\u0151 seg\u00edts\u00e9g\u00e9vel: <\/p>\n\n<ul class=\"wp-block-list\"><li><strong>VOC<\/strong> (ill\u00e9kony szerves vegy\u00fcletek) <strong>\u00e9rz\u00e9kel\u0151<\/strong>;<\/li><li><strong>CO2-\u00e9rz\u00e9kel\u0151<\/strong>;<\/li><li><strong>por- \u00e9s r\u00e9szecske\u00e9rz\u00e9kel\u0151<\/strong> (PM 0,3-t\u00f3l PM 10-ig)<\/li><li><strong>h\u0151m\u00e9rs\u00e9klet-\u00e9rz\u00e9kel\u0151<\/strong>;<\/li><li><strong>p\u00e1ratartalom-\u00e9rz\u00e9kel\u0151<\/strong>.<\/li><\/ul>\n\n<p><strong>A val\u00f3s idej\u0171 elemz\u00e9s<\/strong> azt jelenti, hogy gyors int\u00e9zked\u00e9seket lehet hozni, ha a m\u00e9r\u00e9sek meghaladj\u00e1k a foglalkoz\u00e1si expoz\u00edci\u00f3s hat\u00e1r\u00e9rt\u00e9keket.<\/p>\n\n<h3 class=\"wp-block-heading\">Kit kell felh\u00edvnia l\u00e9tes\u00edtm\u00e9nye IAQ-diagn\u00f3zis\u00e1nak elv\u00e9gz\u00e9s\u00e9re?<\/h3>\n\n<p><strong>A 2015-1000 sz\u00e1m\u00fa rendelet hat\u00e1lya al\u00e1 tartoz\u00f3 ERP-\u00e9p\u00fcletek eset\u00e9ben a belt\u00e9ri leveg\u0151min\u0151s\u00e9gi diagn\u00f3zist \u00e1llamilag akkredit\u00e1lt szakembernek kell elv\u00e9geznie<\/strong>. Az OBERA t\u00f6bbek k\u00f6z\u00f6tt a k\u00f6vetkez\u0151 diagnosztik\u00e1kat k\u00edn\u00e1lja \u00d6nnek : <\/p>\n\n<ul class=\"wp-block-list\"><li>a l\u00e9tes\u00edtm\u00e9nyen bel\u00fcli l\u00e9gszennyez\u0151 forr\u00e1sok azonos\u00edt\u00e1sa;<\/li><li>a szennyez\u0151 anyagok (formaldehid, CO2 stb.) koncentr\u00e1ci\u00f3j\u00e1nak vizsg\u00e1lata;<\/li><li>h\u0151m\u00e9rs\u00e9klet \u00e9s relat\u00edv p\u00e1ratartalom m\u00e9r\u00e9se.<\/li><\/ul>\n\n<p>K\u00e9rj\u00fck, forduljon hozz\u00e1nk bizalommal <strong>\u00e1raj\u00e1nlat\u00e9rt<\/strong> vagy az <strong>ipari l\u00e9gkezel\u00e9si megold\u00e1sok megval\u00f3s\u00edt\u00e1s\u00e1nak<\/strong> megvitat\u00e1s\u00e1\u00e9rt.<\/p>\n\n<p>Tov\u00e1bbi inform\u00e1ci\u00f3: <a href=\"https:\/\/obera.fr\/conseils\/traitement-air-industriel-guide-complet\/\" data-type=\"post\" data-id=\"1420\">Az ipari l\u00e9gkezel\u00e9s teljes \u00fatmutat\u00f3ja<\/a>.<\/p>\n","protected":false},"excerpt":{"rendered":"<p>A belt\u00e9ri leveg\u0151min\u0151s\u00e9gi (IAQ) diagnosztika minden, a nyilv\u00e1noss\u00e1g sz\u00e1m\u00e1ra nyitva \u00e1ll\u00f3 l\u00e9tes\u00edtm\u00e9ny sz\u00e1m\u00e1ra k\u00f6telez\u0151, \u00e9s \u00e1ttekint\u00e9st ny\u00fajt a jelenlegi helyzetr\u0151l, hogy megfelel\u0151 cselekv\u00e9si tervet lehessen kidolgozni. Milyen szennyez\u0151 anyagokat vizsg\u00e1l a bels\u0151 t\u00e9rmin\u0151s\u00e9gi diagn\u00f3zis? Mi\u00e9rt \u00e9s hogyan kell ellen\u0151rizni a belt\u00e9ri leveg\u0151 min\u0151s\u00e9g\u00e9t az ipari \u00e9p\u00fcletekben?    <\/p>\n","protected":false},"author":4,"featured_media":0,"comment_status":"open","ping_status":"closed","sticky":false,"template":"","format":"standard","meta":{"_acf_changed":false,"_seopress_robots_primary_cat":"none","_seopress_titles_title":"Belt\u00e9ri leveg\u0151min\u0151s\u00e9gi diagnosztika gy\u00e1rt\u00f3k sz\u00e1m\u00e1ra","_seopress_titles_desc":"A belt\u00e9ri leveg\u0151min\u0151s\u00e9gi (IAQ) diagnosztika minden, a nyilv\u00e1noss\u00e1g sz\u00e1m\u00e1ra nyitott l\u00e9tes\u00edtm\u00e9ny sz\u00e1m\u00e1ra k\u00f6telez\u0151, \u00e9s \u00e1ttekint\u00e9st ny\u00fajt a jelenlegi helyzetr\u0151l, hogy megfelel\u0151 cselekv\u00e9si tervet lehessen kidolgozni.","_seopress_robots_index":"","footnotes":""},"categories":[314],"tags":[],"class_list":["post-96646","post","type-post","status-publish","format-standard","hentry","category-a-mi-tanacsunk","generate-columns","tablet-grid-50","mobile-grid-100","grid-parent","grid-50","no-featured-image-padding"],"acf":[],"_links":{"self":[{"href":"https:\/\/obera.fr\/hu\/wp-json\/wp\/v2\/posts\/96646","targetHints":{"allow":["GET"]}}],"collection":[{"href":"https:\/\/obera.fr\/hu\/wp-json\/wp\/v2\/posts"}],"about":[{"href":"https:\/\/obera.fr\/hu\/wp-json\/wp\/v2\/types\/post"}],"author":[{"embeddable":true,"href":"https:\/\/obera.fr\/hu\/wp-json\/wp\/v2\/users\/4"}],"replies":[{"embeddable":true,"href":"https:\/\/obera.fr\/hu\/wp-json\/wp\/v2\/comments?post=96646"}],"version-history":[{"count":1,"href":"https:\/\/obera.fr\/hu\/wp-json\/wp\/v2\/posts\/96646\/revisions"}],"predecessor-version":[{"id":96649,"href":"https:\/\/obera.fr\/hu\/wp-json\/wp\/v2\/posts\/96646\/revisions\/96649"}],"wp:attachment":[{"href":"https:\/\/obera.fr\/hu\/wp-json\/wp\/v2\/media?parent=96646"}],"wp:term":[{"taxonomy":"category","embeddable":true,"href":"https:\/\/obera.fr\/hu\/wp-json\/wp\/v2\/categories?post=96646"},{"taxonomy":"post_tag","embeddable":true,"href":"https:\/\/obera.fr\/hu\/wp-json\/wp\/v2\/tags?post=96646"}],"curies":[{"name":"wp","href":"https:\/\/api.w.org\/{rel}","templated":true}]}}