{"id":96657,"date":"2021-05-19T19:28:00","date_gmt":"2021-05-19T17:28:00","guid":{"rendered":"https:\/\/obera.fr\/a-mi-tanacsunk\/choisir-rafraichisseur-d-air-industriel-reguler-temperature\/"},"modified":"2025-05-06T13:29:22","modified_gmt":"2025-05-06T11:29:22","slug":"choisir-rafraichisseur-d-air-industriel-reguler-temperature","status":"publish","type":"post","link":"https:\/\/obera.fr\/hu\/a-mi-tanacsunk\/choisir-rafraichisseur-d-air-industriel-reguler-temperature\/","title":{"rendered":"Ipari l\u00e9gh\u0171t\u0151 kiv\u00e1laszt\u00e1sa \u00e9s haszn\u00e1lata a m\u0171hely h\u0151m\u00e9rs\u00e9klet\u00e9nek szab\u00e1lyoz\u00e1s\u00e1ra"},"content":{"rendered":"\n<div class=\"wp-block-columns is-layout-flex wp-container-core-columns-is-layout-28f84493 wp-block-columns-is-layout-flex\">\n<div class=\"wp-block-column is-layout-flow wp-block-column-is-layout-flow\" style=\"flex-basis:50%\">\n<p><\/p>\n\n\n\n<p>Az \u00d6n ipari folyamatai h\u0151t termelnek? <strong>\u00dczlethelyis\u00e9geinek l\u00e9gkondicion\u00e1l\u00e1sa<\/strong> elengedhetetlen a bels\u0151 leveg\u0151 <strong>h\u0151m\u00e9rs\u00e9klet\u00e9nek cs\u00f6kkent\u00e9s\u00e9hez<\/strong>. A mobil, energiatakar\u00e9kos, gyorsan telep\u00edthet\u0151 \u00e9s k\u00f6nnyen karbantarthat\u00f3 <strong>ipari h\u0171t\u0151 vagy adiabatikus h\u0171t\u0151<\/strong> a hagyom\u00e1nyos l\u00e9gkondicion\u00e1l\u00f3k hat\u00e9kony alternat\u00edv\u00e1ja. Ez a v\u00edz elp\u00e1rolg\u00e1s\u00e1n alapul\u00f3 h\u0171t\u0151rendszer friss, eg\u00e9szs\u00e9ges leveg\u0151t termel az \u00d6n m\u0171hely\u00e9ben.   <\/p>\n\n\n\n<p>Mi az <strong>adiabatikus h\u0171t\u0151rendszer<\/strong> el\u0151nye? Hogyan m\u0171k\u00f6dik \u00e9s milyen el\u0151nyei vannak? Hogyan <a href=\"https:\/\/obera.fr\/hu\/produits\/rafraichisseurs-air\/\">v\u00e1lasszuk ki a megfelel\u0151 ipari l\u00e9gh\u0171t\u0151t<\/a>? K\u00f6vesse az \u00fatmutat\u00f3t!   <\/p>\n<\/div>\n\n\n\n<div class=\"wp-block-column is-layout-flow wp-block-column-is-layout-flow\" style=\"flex-basis:50%\">\n<figure class=\"wp-block-embed is-type-video is-provider-youtube wp-block-embed-youtube wp-embed-aspect-16-9 wp-has-aspect-ratio\"><div class=\"wp-block-embed__wrapper\">\n<iframe title=\"Rafraichisseur d&#039;air - Gamme IC - OberA\" width=\"1200\" height=\"675\" src=\"https:\/\/www.youtube.com\/embed\/NG-Ssy2oM70?feature=oembed\" frameborder=\"0\" allow=\"accelerometer; autoplay; clipboard-write; encrypted-media; gyroscope; picture-in-picture; web-share\" referrerpolicy=\"strict-origin-when-cross-origin\" allowfullscreen><\/iframe>\n<\/div><\/figure>\n<\/div>\n<\/div>\n\n<h2 class=\"wp-block-heading\">Mi\u00e9rt haszn\u00e1ljunk l\u00e9gh\u0171t\u0151t az iparban?<\/h2>\n\n<p>Sz\u00e1mos ipari folyamat tartalmaz legal\u00e1bb egy <strong>olyan berendez\u00e9st, amely h\u0151t bocs\u00e1t ki<\/strong> (s\u00fct\u0151, meleg\u00edt\u0151g\u00e9p, fr\u00f6ccs\u00f6nt\u0151pr\u00e9s stb.). A h\u0151 hat\u00e1ssal van az ipari \u00e9p\u00fcletekben l\u00e9v\u0151 leveg\u0151 min\u0151s\u00e9g\u00e9re, a szakemberek termel\u00e9kenys\u00e9g\u00e9re, a term\u00e9k min\u0151s\u00e9g\u00e9re stb. \u00c9s minden<strong> t\u00falzott<\/strong> h\u0151m\u00e9rs\u00e9klet<strong> a m\u0171helyben<\/strong> a kezel\u0151 k\u00e9nyelmetlens\u00e9g\u00e9hez \u00e9s a term\u00e9k roml\u00e1s\u00e1hoz vezet. Ez\u00e9rt \u00e9rdemes a<strong>h\u0151m\u00e9rs\u00e9kletet h\u0171t\u0151rendszerrel cs\u00f6kkenteni<\/strong>: elektromos kl\u00edmaberendez\u00e9ssel vagy ipari l\u00e9gh\u0171t\u0151vel.   <\/p>\n\n<h2 class=\"wp-block-heading\">Hogyan m\u0171k\u00f6dik egy ipari l\u00e9gh\u0171t\u0151?<\/h2>\n\n<p>Az ipari l\u00e9gh\u0171t\u0151 (vagy adiabatikus h\u0171t\u0151) a <strong>v\u00edz elp\u00e1rolg\u00e1s\u00e1n alapul\u00f3 l\u00e9gkondicion\u00e1l\u00f3<\/strong> berendez\u00e9s. Ugyanolyan frissess\u00e9g\u00e9rzetet kelt, mint amit egy v\u00edztest k\u00f6zel\u00e9ben \u00e9rezhet\u00fcnk. <\/p>\n\n<div class=\"wp-block-columns is-layout-flex wp-container-core-columns-is-layout-28f84493 wp-block-columns-is-layout-flex\">\n<div class=\"wp-block-column is-layout-flow wp-block-column-is-layout-flow\" style=\"flex-basis:50%\">\n<h3 class=\"wp-block-heading\">P\u00e1rologtat\u00f3 h\u0171t\u0151<\/h3>\n\n\n\n<p>Az adiabatikus h\u0171t\u0151ventil\u00e1tor meleg leveg\u0151t sz\u00edv \u00e1t egy <strong>v\u00edzzel tel\u00edtett p\u00e1r\u00e1s\u00edt\u00f3n<\/strong>. A meleg leveg\u0151vel \u00e9rintkezve a v\u00edz elp\u00e1rolog. A v\u00edz a p\u00e1rolg\u00e1si energi\u00e1j\u00e1t a leveg\u0151 h\u0151energi\u00e1j\u00e1b\u00f3l nyerte. Ez leh\u0171ti a leveg\u0151t, \u00edgy annak h\u0151m\u00e9rs\u00e9klete <strong>10-20 \u00b0C-kal<\/strong> cs\u00f6kken. A ventil\u00e1tor ezut\u00e1n a leh\u0171lt leveg\u0151t a m\u0171helybe f\u00fajja.    <\/p>\n\n\n\n<p>A p\u00e1r\u00e1s\u00edt\u00f3t a tart\u00e1lyb\u00f3l egy elektromos szivatty\u00fa seg\u00edts\u00e9g\u00e9vel folyamatosan, szab\u00e1lyozottan adagolt v\u00edzzel tel\u00edtik. A v\u00edztart\u00e1lyt k\u00e9zzel vagy automatikusan lehet felt\u00f6lteni a h\u0171t\u0151 v\u00edzell\u00e1t\u00e1shoz val\u00f3 csatlakoztat\u00e1s\u00e1val. <\/p>\n\n\n\n<h3 class=\"wp-block-heading\">Adiabatikus h\u0171t\u0151rendszer<\/h3>\n\n\n\n<p>A k\u00e9sz\u00fcl\u00e9ket \u00e9s k\u00f6rnyezet\u00e9t integr\u00e1l\u00f3 leveg\u0151-v\u00edz rendszer energi\u00e1t takar\u00edt meg. Ez az adiabatikus h\u0171t\u00e9s. A leveg\u0151 ell\u00e1tja a vizet energi\u00e1val, amelyet p\u00e1ratartalom form\u00e1j\u00e1ban kap vissza. A p\u00e1ratartalom ingadoz\u00e1s\u00e1t j\u00f3 szell\u0151z\u00e9ssel 7% k\u00f6r\u00fcl tartjuk. Ezt a k\u00e9sz\u00fcl\u00e9k fordulatsz\u00e1m\u00e1nak \u00e9s az \u00e9p\u00fcletben l\u00e9v\u0151 ny\u00edl\u00e1soknak a v\u00e1ltoztat\u00e1s\u00e1val \u00e9rik el. Ezenk\u00edv\u00fcl min\u00e9l melegebb \u00e9s sz\u00e1razabb a be\u00e1raml\u00f3 leveg\u0151, ann\u00e1l hat\u00e9konyabb a h\u0171t\u0151.     <\/p>\n<\/div>\n\n\n\n<div class=\"wp-block-column is-layout-flow wp-block-column-is-layout-flow\" style=\"flex-basis:50%\">\n<figure class=\"wp-block-embed is-type-video is-provider-youtube wp-block-embed-youtube wp-embed-aspect-16-9 wp-has-aspect-ratio\"><div class=\"wp-block-embed__wrapper\">\nhttps:\/\/www.youtube.com\/watch?v=RL4BibbDiHc\n<\/div><figcaption class=\"wp-element-caption\">oberA term\u00e9kbemutat\u00f3 vide\u00f3<\/figcaption><\/figure>\n\n\n\n<p><\/p>\n\n\n\n<div class=\"wp-block-buttons is-horizontal is-content-justification-center is-layout-flex wp-container-core-buttons-is-layout-03627597 wp-block-buttons-is-layout-flex\">\n<div class=\"wp-block-button\"><a class=\"wp-block-button__link wp-element-button\" href=\"#un_environnement_professionnel_agreable_et_sain\">hogyan v\u00e1lasszuk ki a l\u00e9gh\u0171t\u0151t<\/a><\/div>\n<\/div>\n<\/div>\n<\/div>\n\n<h2 class=\"wp-block-heading\">Milyen el\u0151nyei vannak az adiabatikus l\u00e9gh\u0171t\u0151nek?<\/h2>\n\n<p>Az <a href=\"https:\/\/obera.fr\/conseils\/differences-entre-rafraichisseur-climatiseur\/\">adiabatikus h\u0171t\u0151 h\u0171t\u00e9si elve term\u00e9szetes<\/a>. Ez sz\u00e1mos el\u0151nnyel j\u00e1r a hagyom\u00e1nyos l\u00e9gkondicion\u00e1l\u00f3 rendszerrel szemben. <\/p>\n\n<h3 class=\"wp-block-heading\">Mobil, gazdas\u00e1gos \u00e9s k\u00f6rnyezetbar\u00e1t h\u0171t\u0151rendszer<\/h3>\n\n<p>A k\u00e9sz\u00fcl\u00e9k a leveg\u0151t v\u00edz elp\u00e1rologtat\u00e1s\u00e1val h\u0171ti le, nem pedig h\u0171t\u0151k\u00f6zegg\u00e1z s\u0171r\u00edt\u00e9s\u00e9vel, mint az elektromos l\u00e9gkondicion\u00e1l\u00f3k eset\u00e9ben. Ennek sz\u00e1mos el\u0151nye van: <\/p>\n\n<ul class=\"wp-block-list\">\n<li><strong>Cs\u00f6kkentett \u00e1ramfogyaszt\u00e1s <\/strong>: az ipari h\u0171t\u0151k ak\u00e1r 10-szer kevesebb \u00e1ramot fogyasztanak, mint a hagyom\u00e1nyos l\u00e9gkondicion\u00e1l\u00f3k.<\/li>\n\n\n\n<li>Nagyobb h\u0171t\u00e9si hat\u00e9konys\u00e1g: a p\u00e1rologtat\u00f3 h\u0171t\u0151 teljes\u00edtm\u00e9nyt\u00e9nyez\u0151je \u00f6tsz\u00f6r nagyobb, mint egy l\u00e9gkondicion\u00e1l\u00f3\u00e9.<\/li>\n\n\n\n<li>Nagyobb <strong>tisztelet a k\u00f6rnyezetnek<\/strong>: a p\u00e1rologtat\u00f3 h\u0171t\u0151 nem haszn\u00e1l m\u00e9rgez\u0151 h\u0171t\u0151k\u00f6zeget, \u00e9s nem termel \u00fcvegh\u00e1zhat\u00e1s\u00fa g\u00e1zokat.<\/li>\n\n\n\n<li>Rendk\u00edv\u00fcl gyors telep\u00edt\u00e9s: a be\u00e9p\u00edtett g\u00f6rg\u0151kkel felszerelt mobil p\u00e1rologtat\u00f3h\u0171t\u0151<strong> k\u00f6nnyen <\/strong>mozgathat\u00f3 a s\u00fcrg\u0151s h\u0171t\u00e9si ig\u00e9nyek kiel\u00e9g\u00edt\u00e9s\u00e9re. A telep\u00edt\u00e9s a h\u00e1l\u00f3zatba t\u00f6rt\u00e9n\u0151 csatlakoztat\u00e1sb\u00f3l \u00e9s a tart\u00e1ly felt\u00f6lt\u00e9s\u00e9b\u0151l \u00e1ll. <\/li>\n\n\n\n<li>Cs\u00f6kkentett karbantart\u00e1s: mivel a l\u00e9gkondicion\u00e1l\u00f3 funkci\u00f3ja a v\u00edz elp\u00e1rolg\u00e1s\u00e1n alapul, az ipari l\u00e9gh\u0171t\u0151 nem haszn\u00e1l<strong> h\u0171t\u0151g\u00e1zt<\/strong>. Ez azt jelenti, hogy nem kell hiteles\u00edtett szakembert h\u00edvnia a karbantart\u00e1shoz, mint egy l\u00e9gkondicion\u00e1l\u00f3 eset\u00e9ben. Mind\u00f6ssze a tart\u00e1lyt \u00e9s a sz\u0171r\u0151t kell rendszeresen, a p\u00e1r\u00e1s\u00edt\u00f3t \u00e9s a ventil\u00e1tort pedig \u00e9vente tiszt\u00edtani.  <\/li>\n\n\n\n<li>Alacsony kl\u00edmak\u00f6lts\u00e9g: a beszerz\u00e9si \u00e9s telep\u00edt\u00e9si \u00e1r, valamint az \u00fczemeltet\u00e9si k\u00f6lts\u00e9gek mind alacsonyabbak, mint egy l\u00e9gkondicion\u00e1l\u00f3\u00e9.<\/li>\n<\/ul>\n\n<h3 class=\"wp-block-heading\">Kellemes \u00e9s eg\u00e9szs\u00e9ges munkak\u00f6rnyezet<\/h3>\n\n<p>Az adiabatikus l\u00e9gh\u0171t\u0151 <strong>cs\u00f6kkenti a h\u0151m\u00e9rs\u00e9kletet \u00e9s<\/strong> 5-10%-kal <strong>n\u00f6veli a relat\u00edv p\u00e1ratartalmat<\/strong> a m\u0171helyben. Kellemes h\u0171t\u00e9st \u00e9s az emberi fiziol\u00f3gi\u00e1val \u00f6sszeegyeztethet\u0151 p\u00e1ratartalmat biztos\u00edt. <\/p>\n\n<p>Ipari h\u0171t\u0151k\u00e9sz\u00fcl\u00e9keink sz\u0171r\u0151vel vannak felszerelve a por visszatart\u00e1s\u00e1ra \u00e9s UV-l\u00e1mp\u00e1val a h\u0171t\u0151v\u00edzben l\u00e9v\u0151 mikrob\u00e1k elszaporod\u00e1s\u00e1nak megakad\u00e1lyoz\u00e1s\u00e1ra. Az eredm\u00e9ny <strong>t\u00f6k\u00e9letesen tiszta leveg\u0151<\/strong>. <\/p>\n\n<p>R\u00e1ad\u00e1sul a p\u00e1rologtat\u00f3 h\u0171t\u0151 <strong>viszonylag csendes k\u00e9sz\u00fcl\u00e9k<\/strong>, a zajszintje 66 dB, ami alacsonyabb, mint a porsz\u00edv\u00f3k\u00e9 (76 dB).<\/p>\n\n<h2 class=\"wp-block-heading\">Hogyan v\u00e1lasszak ipari l\u00e9gh\u0171t\u0151t?<\/h2>\n\n<p>Az ipari l\u00e9gh\u0171t\u0151 kiv\u00e1laszt\u00e1sa az \u00d6n h\u0171t\u00e9si ig\u00e9nyeit\u0151l \u00e9s <strong>a m\u0171hely fel\u00fclet<\/strong>\u00e9t\u0151l f\u00fcgg. Min\u00e9l magasabb a h\u0151m\u00e9rs\u00e9klet \u00e9s min\u00e9l nagyobb a fel\u00fclet, ann\u00e1l nagyobb <strong>l\u00e9g\u00e1raml\u00e1sra <\/strong>van sz\u00fcks\u00e9g. Az OBERA az ipari l\u00e9gkezel\u00e9s szak\u00e9rt\u0151jek\u00e9nt egyre nagyobb teljes\u00edtm\u00e9ny\u0171 adiabatikus h\u0171t\u0151k v\u00e1laszt\u00e9k\u00e1t k\u00edn\u00e1lja \u00d6nnek:  <\/p>\n\n<figure class=\"wp-block-table\"><table class=\"has-fixed-layout\"><thead><tr><th><strong>Term\u00e9k<\/strong><\/th><th><strong>Fel\u00fclet (m\u00b2)<\/strong><\/th><th><strong>Tart\u00e1ly kapacit\u00e1sa (liter)<\/strong><\/th><th><strong>\u00c1raml\u00e1si sebess\u00e9g (m3\/h)<\/strong><\/th><\/tr><\/thead><tbody><tr><td><strong>IC 12<\/strong><\/td><td>80 \u00e0 150<\/td><td>70<\/td><td>12000<\/td><\/tr><tr><td><strong>IC 22<\/strong><\/td><td>150 \u00e0 250<\/td><td>130<\/td><td>22000<\/td><\/tr><tr><td><strong>IC 30<\/strong><\/td><td>200 \u00e0 400<\/td><td>200<\/td><td>30000<\/td><\/tr><\/tbody><\/table><\/figure>\n\n<p>  Minden ipari l\u00e9gh\u0171t\u0151nk vez\u00e9rl\u0151panellel van felszerelve a <strong>h\u0151m\u00e9rs\u00e9klet \u00e9s a v\u00edz\u00e1raml\u00e1s szab\u00e1lyoz\u00e1s\u00e1ra<\/strong>.<\/p>\n\n<p>Nem tudja, melyik term\u00e9k\u00fcnket v\u00e1lassza? K\u00e9rdezzen meg egy szakembert! Seg\u00edt\u00fcnk \u00d6nnek megv\u00e1s\u00e1rolni vagy b\u00e9relni egy, az \u00d6n ig\u00e9nyeinek megfelel\u0151 <strong>ipari l\u00e9gh\u0171t\u0151t<\/strong>.  <\/p>\n","protected":false},"excerpt":{"rendered":"<p>Mi az adiabatikus h\u0171t\u0151rendszer el\u0151nye? Hogyan m\u0171k\u00f6dik \u00e9s milyen el\u0151nyei vannak? Hogyan v\u00e1lasszuk ki a megfelel\u0151 ipari l\u00e9gh\u0171t\u0151t? K\u00f6vesse az \u00fatmutat\u00f3t!   <\/p>\n","protected":false},"author":4,"featured_media":96606,"comment_status":"open","ping_status":"closed","sticky":false,"template":"","format":"standard","meta":{"_acf_changed":false,"_seopress_robots_primary_cat":"none","_seopress_titles_title":"A megfelel\u0151 ipari l\u00e9gh\u0171t\u0151 kiv\u00e1laszt\u00e1sa v\u00e1llalkoz\u00e1sa sz\u00e1m\u00e1ra","_seopress_titles_desc":"A mobil \u00e9s energiatakar\u00e9kos ipari l\u00e9gh\u0171t\u0151k a hagyom\u00e1nyos l\u00e9gkondicion\u00e1l\u00f3k alternat\u00edv\u00e1j\u00e1t jelentik. Hogyan v\u00e1lasszon egyet? ","_seopress_robots_index":"","footnotes":""},"categories":[314],"tags":[323],"class_list":["post-96657","post","type-post","status-publish","format-standard","has-post-thumbnail","hentry","category-a-mi-tanacsunk","tag-entete-kicsi","generate-columns","tablet-grid-50","mobile-grid-100","grid-parent","grid-50","no-featured-image-padding","resize-featured-image"],"acf":[],"_links":{"self":[{"href":"https:\/\/obera.fr\/hu\/wp-json\/wp\/v2\/posts\/96657","targetHints":{"allow":["GET"]}}],"collection":[{"href":"https:\/\/obera.fr\/hu\/wp-json\/wp\/v2\/posts"}],"about":[{"href":"https:\/\/obera.fr\/hu\/wp-json\/wp\/v2\/types\/post"}],"author":[{"embeddable":true,"href":"https:\/\/obera.fr\/hu\/wp-json\/wp\/v2\/users\/4"}],"replies":[{"embeddable":true,"href":"https:\/\/obera.fr\/hu\/wp-json\/wp\/v2\/comments?post=96657"}],"version-history":[{"count":1,"href":"https:\/\/obera.fr\/hu\/wp-json\/wp\/v2\/posts\/96657\/revisions"}],"predecessor-version":[{"id":96658,"href":"https:\/\/obera.fr\/hu\/wp-json\/wp\/v2\/posts\/96657\/revisions\/96658"}],"wp:featuredmedia":[{"embeddable":true,"href":"https:\/\/obera.fr\/hu\/wp-json\/wp\/v2\/media\/96606"}],"wp:attachment":[{"href":"https:\/\/obera.fr\/hu\/wp-json\/wp\/v2\/media?parent=96657"}],"wp:term":[{"taxonomy":"category","embeddable":true,"href":"https:\/\/obera.fr\/hu\/wp-json\/wp\/v2\/categories?post=96657"},{"taxonomy":"post_tag","embeddable":true,"href":"https:\/\/obera.fr\/hu\/wp-json\/wp\/v2\/tags?post=96657"}],"curies":[{"name":"wp","href":"https:\/\/api.w.org\/{rel}","templated":true}]}}