{"id":96978,"date":"2022-03-24T16:24:27","date_gmt":"2022-03-24T14:24:27","guid":{"rendered":"https:\/\/obera.fr\/a-mi-tanacsunk\/differences-entre-rafraichisseur-climatiseur\/"},"modified":"2026-02-06T12:34:31","modified_gmt":"2026-02-06T10:34:31","slug":"differences-entre-rafraichisseur-climatiseur","status":"publish","type":"post","link":"https:\/\/obera.fr\/hu\/a-mi-tanacsunk\/differences-entre-rafraichisseur-climatiseur\/","title":{"rendered":"Mi a k\u00fcl\u00f6nbs\u00e9g a l\u00e9gh\u0171t\u0151 \u00e9s a l\u00e9gkondicion\u00e1l\u00f3 k\u00f6z\u00f6tt?"},"content":{"rendered":"\n<p>L\u00e9gkondicion\u00e1l\u00f3k vagy <a href=\"https:\/\/obera.fr\/hu\/produits\/rafraichisseurs-air\/\">ipari l\u00e9gh\u0171t\u0151k<\/a>? K\u00f6z\u00f6s h\u0171t\u00e9si funkci\u00f3juk ellen\u00e9re <strong>\u00f6kol\u00f3giai \u00e9s gazdas\u00e1gi<\/strong> szempontb\u00f3l elt\u00e9rnek. A l\u00e9gkondicion\u00e1l\u00f3 m\u00e9rgez\u0151 h\u0171t\u0151k\u00f6zeget haszn\u00e1l; a l\u00e9gh\u0171t\u0151: vizet! A l\u00e9gkondicion\u00e1l\u00f3 z\u00e1rt helyis\u00e9gben m\u0171k\u00f6dik; a h\u0171t\u0151: szell\u0151ztetett helyis\u00e9gben! M\u00e9gis, egy l\u00e9gh\u0171t\u0151 kevesebb energi\u00e1t fogyaszt, mint egy l\u00e9gkondicion\u00e1l\u00f3. Ez\u00e9rt alacsonyabb a h\u0171t\u0151 kl\u00edmak\u00f6lts\u00e9ge a l\u00e9gkondicion\u00e1l\u00f3hoz k\u00e9pest! V\u00e9gezze el a <strong>l\u00e9gkondicion\u00e1l\u00f3 \u00e9s l\u00e9gh\u0171t\u0151 \u00f6sszehasonl\u00edt\u00e1s\u00e1t<\/strong> n\u00e9h\u00e1ny perc alatt.<\/p>\n\n<h2 class=\"wp-block-heading\">L\u00e9gh\u0171t\u0151k vs. l\u00e9gkondicion\u00e1l\u00f3k: a h\u0171t\u00e9si funkci\u00f3 \u00f6sszehasonl\u00edt\u00e1sa<\/h2>\n\n<div class=\"wp-block-columns are-vertically-aligned-center is-layout-flex wp-container-core-columns-is-layout-28f84493 wp-block-columns-is-layout-flex\">\n<div class=\"wp-block-column is-vertically-aligned-center is-layout-flow wp-block-column-is-layout-flow\" style=\"flex-basis:50%\">\n<figure class=\"wp-block-embed is-type-video is-provider-youtube wp-block-embed-youtube wp-embed-aspect-16-9 wp-has-aspect-ratio\"><div class=\"wp-block-embed__wrapper\">\n<iframe title=\"Rafraichisseur d&#039;air - Gamme IC - OberA\" width=\"1200\" height=\"675\" src=\"https:\/\/www.youtube.com\/embed\/NG-Ssy2oM70?feature=oembed\" frameborder=\"0\" allow=\"accelerometer; autoplay; clipboard-write; encrypted-media; gyroscope; picture-in-picture; web-share\" referrerpolicy=\"strict-origin-when-cross-origin\" allowfullscreen><\/iframe>\n<\/div><\/figure>\n\n\n\n<figure class=\"wp-block-image aligncenter size-full is-resized\"><img decoding=\"async\" width=\"1000\" height=\"1000\" src=\"https:\/\/obera.fr\/wp-content\/uploads\/2022\/03\/Rafraichisseur-dair-par-evaporation.jpg\" alt=\"p&#xE1;rologtat&#xF3; l&#xE9;gh&#x171;t&#x151;\" class=\"wp-image-13253\" style=\"width:250px;height:250px\" srcset=\"https:\/\/obera.fr\/wp-content\/uploads\/2022\/03\/Rafraichisseur-dair-par-evaporation.jpg 1000w, https:\/\/obera.fr\/wp-content\/uploads\/2022\/03\/Rafraichisseur-dair-par-evaporation-300x300.jpg 300w, https:\/\/obera.fr\/wp-content\/uploads\/2022\/03\/Rafraichisseur-dair-par-evaporation-150x150.jpg 150w, https:\/\/obera.fr\/wp-content\/uploads\/2022\/03\/Rafraichisseur-dair-par-evaporation-768x768.jpg 768w\" sizes=\"(max-width: 1000px) 100vw, 1000px\" \/><\/figure>\n<\/div>\n\n\n\n<div class=\"wp-block-column is-vertically-aligned-center is-layout-flow wp-block-column-is-layout-flow\" style=\"flex-basis:66.66%\">\n<p>A v\u00edz p\u00e1rolg\u00e1si energi\u00e1ja hozza l\u00e9tre a <strong>l\u00e9gh\u0171t\u0151 \u00e1ltali l\u00e9gkondicion\u00e1l\u00e1st<\/strong>. A leveg\u0151b\u0151l kivont h\u0151 gener\u00e1lja a p\u00e1rolg\u00e1si energi\u00e1t. A k\u00e9sz\u00fcl\u00e9k ventil\u00e1tora a v\u00edzzel \u00e1titatott p\u00e1r\u00e1s\u00edt\u00f3ra f\u00fajja a leveg\u0151t. A p\u00e1r\u00e1s\u00edt\u00f3 el\u0151seg\u00edti a v\u00edz-h\u0151 \u00e9rintkez\u00e9st, serkenti a p\u00e1rolg\u00e1st, ez\u00e1ltal a h\u0171t\u00e9st. A ventil\u00e1tor ir\u00e1ny\u00edtja a nedves leveg\u0151 elvezet\u00e9s\u00e9t is. <\/p>\n\n\n\n<p>Egy <strong>l\u00e9gkondicion\u00e1l\u00f3<\/strong> h\u0171t\u0151k\u00f6rrel rendelkezik. Ez egy h\u0171t\u0151k\u00f6zeget tartalmaz, amely a h\u0151t a k\u00e9sz\u00fcl\u00e9k belt\u00e9ri egys\u00e9g\u00e9b\u0151l a k\u00fclt\u00e9ri egys\u00e9g\u00e9be (split) sz\u00e1ll\u00edtja. A l\u00e9gkondicion\u00e1l\u00f3 bels\u0151 egys\u00e9g\u00e9nek feladata a h\u0151 elvon\u00e1sa a helyis\u00e9g leveg\u0151j\u00e9b\u0151l, amelyet leh\u0171tve juttat vissza a l\u00e9gkondicion\u00e1l\u00e1shoz. Az egys\u00e9g ventil\u00e1tora a h\u0151t a k\u00f6rre f\u00fajja, ami a <strong>h\u0171t\u0151k\u00f6zeg felmeleged\u00e9s\u00e9t \u00e9s p\u00e1rolg\u00e1s\u00e1t<\/strong>, valamint a h\u0151 elsz\u00e1ll\u00edt\u00e1s\u00e1t eredm\u00e9nyezi a k\u00e9sz\u00fcl\u00e9k k\u00fcls\u0151 egys\u00e9g\u00e9be. Ebben az egys\u00e9gben egy ventil\u00e1tor k\u00e9nyszer\u00edti a h\u0151 elvezet\u00e9s\u00e9t a k\u00f6rnyezetbe, cs\u00f6kkenti a h\u0171t\u0151k\u00f6zeg h\u0151m\u00e9rs\u00e9klet\u00e9t, amely kondenz\u00e1l\u00f3dik \u00e9s visszat\u00e9r a l\u00e9gkondicion\u00e1l\u00f3 bels\u0151 egys\u00e9g\u00e9be.<\/p>\n\n\n\n<p>A l\u00e9gh\u0171t\u0151 <strong>p\u00e1rolg\u00e1sos h\u0171t\u00e9si funkci\u00f3ja<\/strong> megk\u00f6veteli a k\u00f6rnyezeti leveg\u0151 folyamatos elvezet\u00e9s\u00e9t, ami a h\u0171t\u00e9s hat\u00e9konys\u00e1g\u00e1nak forr\u00e1sa. \u00cdgy egy <a href=\"https:\/\/obera.fr\/hu\/a-mi-tanacsunk\/choisir-rafraichisseur-d-air-industriel-reguler-temperature\/\">l\u00e9gh\u0171t\u0151 egyar\u00e1nt k\u00e9pes h\u0171teni egy teraszt vagy egy helyis\u00e9get<\/a>.<\/p>\n\n\n\n<p>A l\u00e9gkondicion\u00e1l\u00f3 h\u0171t\u00e9si funkci\u00f3ja tiltja a helyis\u00e9g leveg\u0151j\u00e9nek elvezet\u00e9s\u00e9t. A helyis\u00e9g kinyit\u00e1sa vesz\u00e9lyeztetn\u00e9 a k\u00e9sz\u00fcl\u00e9k hat\u00e9konys\u00e1g\u00e1t. Egy terasz l\u00e9gkondicion\u00e1l\u00f3val t\u00f6rt\u00e9n\u0151 h\u0171t\u00e9se energetikai abszurdit\u00e1s lenne.<\/p>\n<\/div>\n<\/div>\n\n<h2 class=\"wp-block-heading\">Egy l\u00e9gh\u0171t\u0151 5-sz\u00f6r kevesebb energi\u00e1t fogyaszt, mint egy l\u00e9gkondicion\u00e1l\u00f3.<\/h2>\n\n<div class=\"wp-block-columns is-layout-flex wp-container-core-columns-is-layout-28f84493 wp-block-columns-is-layout-flex\">\n<div class=\"wp-block-column is-layout-flow wp-block-column-is-layout-flow\" style=\"flex-basis:33.33%\">\n<figure class=\"wp-block-image alignleft size-full is-resized\"><img decoding=\"async\" width=\"600\" height=\"500\" src=\"https:\/\/obera.fr\/wp-content\/uploads\/2022\/07\/Faible-consommation-energetique-des-ecoclim.jpg\" alt=\"az ecoclim alacsony energiafogyaszt&#xE1;sa\" class=\"wp-image-13731\" style=\"width:300px;height:250px\" srcset=\"https:\/\/obera.fr\/wp-content\/uploads\/2022\/07\/Faible-consommation-energetique-des-ecoclim.jpg 600w, https:\/\/obera.fr\/wp-content\/uploads\/2022\/07\/Faible-consommation-energetique-des-ecoclim-300x250.jpg 300w\" sizes=\"(max-width: 600px) 100vw, 600px\" \/><\/figure>\n<\/div>\n\n\n\n<div class=\"wp-block-column is-vertically-aligned-center is-layout-flow wp-block-column-is-layout-flow\" style=\"flex-basis:66.66%\">\n<p>A <strong>v\u00edz p\u00e1rolg\u00e1si energi\u00e1ja<\/strong> adja az adiabatikus l\u00e9gh\u0171t\u0151 h\u0171t\u00e9si energi\u00e1j\u00e1nak nagy r\u00e9sz\u00e9t. Az elektromos energia els\u0151sorban egy mechanikus alkatr\u00e9szt, a ventil\u00e1tort t\u00e1pl\u00e1lja a h\u0171t\u0151ben. A szivatty\u00fa, amely a vizet a tart\u00e1lyb\u00f3l a p\u00e1r\u00e1s\u00edt\u00f3ba sz\u00e1ll\u00edtja, kev\u00e9s \u00e1ramot ig\u00e9nyel. Ez\u00e9rt a h\u0171t\u0151 nagy energiahat\u00e9konys\u00e1ga.<\/p>\n\n\n\n<p>Az elektromos \u00e1ram termeli a <strong>l\u00e9gkondicion\u00e1l\u00f3 h\u0171t\u00e9si energi\u00e1j\u00e1t<\/strong>. A k\u00e9sz\u00fcl\u00e9k minden h\u0151\u00e1tad\u00f3 r\u00e9sze elektromos \u00e1ramot haszn\u00e1l: ventil\u00e1torok, kompresszor stb. Ez a l\u00e9gkondicion\u00e1l\u00e1s minden egys\u00e9gben t\u00f6bb alkatr\u00e9szt is ig\u00e9nybe vesz. A l\u00e9gkondicion\u00e1l\u00f3k energiaig\u00e9nye \u00f6tsz\u00f6r\u00f6se a l\u00e9gh\u0171t\u0151k\u00e9nek.<\/p>\n<\/div>\n<\/div>\n\n<h2 class=\"wp-block-heading\">Az intenz\u00edv h\u0151s\u00e9g n\u00f6veli a l\u00e9gh\u0171t\u0151 energiahat\u00e9konys\u00e1g\u00e1t, \u00e9s cs\u00f6kkenti a l\u00e9gkondicion\u00e1l\u00f3\u00e9t.<\/h2>\n\n<div class=\"wp-block-columns are-vertically-aligned-center is-layout-flex wp-container-core-columns-is-layout-28f84493 wp-block-columns-is-layout-flex\">\n<div class=\"wp-block-column is-vertically-aligned-center is-layout-flow wp-block-column-is-layout-flow\" style=\"flex-basis:66.66%\">\n<p>\u00c1tlagos ny\u00e1ri h\u0151m\u00e9rs\u00e9kleten a l\u00e9gh\u0171t\u0151k energiahat\u00e9konys\u00e1ga meghaladja a l\u00e9gkondicion\u00e1l\u00f3\u00e9t. <\/p>\n\n\n\n<p>H\u0151s\u00e9griad\u00f3 idej\u00e9n a <strong>l\u00e9gh\u0171t\u0151 hat\u00e9konys\u00e1ga fokoz\u00f3dik<\/strong>. A leveg\u0151 ekkor h\u0151tartal\u00e9kot tartalmaz, ami felgyors\u00edtja a p\u00e1rolg\u00e1st, \u00e9s el\u0151\u00e1ll\u00edtja a k\u00e9sz\u00fcl\u00e9k h\u0171t\u00e9si energi\u00e1j\u00e1t. A keletkez\u0151 p\u00e1rolg\u00e1si energia gyorsabban n\u00f6vekszik, mint a ventil\u00e1tor sebess\u00e9g\u00e9t\u0151l f\u00fcgg\u0151en a h\u0171t\u0151nek szolg\u00e1ltatott elektromos \u00e1ram.<\/p>\n\n\n\n<p>H\u0151s\u00e9griad\u00f3 idej\u00e9n a <strong>l\u00e9gkondicion\u00e1l\u00f3 energiahat\u00e9konys\u00e1ga cs\u00f6kken<\/strong>. A h\u0151m\u00e9rs\u00e9klet emelked\u00e9s\u00e9vel a l\u00e9gkondicion\u00e1l\u00f3 minden alkatr\u00e9sze t\u00f6bb \u00e1ramot fogyaszt, an\u00e9lk\u00fcl, hogy a l\u00e9gkondicion\u00e1l\u00e1s funkci\u00f3ja n\u00f6vekedne. <\/p>\n<\/div>\n<\/div>\n\n<h2 class=\"wp-block-heading\">A l\u00e9gh\u0171t\u0151 nagy helyis\u00e9gekbe, a l\u00e9gkondicion\u00e1l\u00f3 szab\u00e1lyozott l\u00e9gk\u00f6r\u0171 helyis\u00e9gekbe alkalmas.<\/h2>\n\n<div class=\"wp-block-columns are-vertically-aligned-center is-layout-flex wp-container-core-columns-is-layout-28f84493 wp-block-columns-is-layout-flex\">\n<div class=\"wp-block-column is-vertically-aligned-center is-layout-flow wp-block-column-is-layout-flow\" style=\"flex-basis:33.33%\">\n<figure class=\"wp-block-image aligncenter size-full is-resized\"><img decoding=\"async\" width=\"600\" height=\"500\" src=\"https:\/\/obera.fr\/wp-content\/uploads\/2022\/03\/rafraichissement-de-grands-locaux.jpg\" alt=\"nagym&#xE9;ret&#x171; helyis&#xE9;gek h&#x171;t&#xE9;se\" class=\"wp-image-13734\" style=\"width:300px;height:250px\" srcset=\"https:\/\/obera.fr\/wp-content\/uploads\/2022\/03\/rafraichissement-de-grands-locaux.jpg 600w, https:\/\/obera.fr\/wp-content\/uploads\/2022\/03\/rafraichissement-de-grands-locaux-300x250.jpg 300w\" sizes=\"(max-width: 600px) 100vw, 600px\" \/><\/figure>\n<\/div>\n\n\n\n<div class=\"wp-block-column is-vertically-aligned-center is-layout-flow wp-block-column-is-layout-flow\" style=\"flex-basis:66.66%\">\n<p>Egy l\u00e9gh\u0171t\u0151 <a href=\"https:\/\/obera.fr\/hu\/szallitas-es-raktarozas-logisztika\/rafraichisseur-secteur-logistique\/\">cs\u00f6kkenti egy nagy, szell\u0151ztetett, nem szigetelt helyis\u00e9g h\u0151m\u00e9rs\u00e9klet\u00e9t<\/a>. Ezekkel a param\u00e9terekkel, h\u0151s\u00e9griad\u00f3 idej\u00e9n a <strong>mobil vagy fix l\u00e9gh\u0171t\u0151k<\/strong> olyan szintre cs\u00f6kkentik a h\u0151m\u00e9rs\u00e9kletet, amely a l\u00e9gkondicion\u00e1l\u00f3k sz\u00e1m\u00e1ra el\u00e9rhetetlen.  <\/p>\n\n\n\n<p>A szell\u0151z\u00e9s megt\u00f6ri a l\u00e9gkondicion\u00e1l\u00f3 energiahat\u00e9konys\u00e1g\u00e1t. A k\u00e9sz\u00fcl\u00e9k hat\u00e9kony l\u00e9gkondicion\u00e1l\u00e1shoz szigetelt, z\u00e1rt helyis\u00e9get ig\u00e9nyel. <\/p>\n\n\n\n<p>A l\u00e9gh\u0171t\u0151k term\u00e9szetes h\u0171t\u00e9si funkci\u00f3ja fokpontos h\u0151m\u00e9rs\u00e9kletet biztos\u00edt. A <strong>l\u00e9gh\u0171t\u0151k a legt\u00f6bb h\u0171t\u00e9si ig\u00e9nyt kiel\u00e9g\u00edtik<\/strong>.<\/p>\n\n\n\n<p>A l\u00e9gkondicion\u00e1l\u00f3k r\u00f6gz\u00edtett h\u0151m\u00e9rs\u00e9kletet biztos\u00edtanak; h\u0171t\u00e9si funkci\u00f3juk mesters\u00e9ges. Ha a h\u0151m\u00e9rs\u00e9klet \u00e1lland\u00f3s\u00e1ga l\u00e9gkondicion\u00e1l\u00f3 berendez\u00e9s v\u00e1s\u00e1rl\u00e1s\u00e1t teszi sz\u00fcks\u00e9gess\u00e9, akkor l\u00e9gkondicion\u00e1l\u00f3ra lesz sz\u00fcks\u00e9g.<\/p>\n<\/div>\n<\/div>\n\n<h2 class=\"wp-block-heading\">Egy l\u00e9gh\u0171t\u0151 k\u00f6nnyebben telep\u00edthet\u0151, mint egy l\u00e9gkondicion\u00e1l\u00f3.<\/h2>\n\n<p>Egy bels\u0151 \u00e9s egy k\u00fcls\u0151 egys\u00e9g <strong>\u00f6sszeszerel\u00e9se<\/strong>, ahol vegyi anyag kering, bonyol\u00edtja a l\u00e9gkondicion\u00e1l\u00f3k telep\u00edt\u00e9s\u00e9t. <\/p>\n\n<p>A monoblokk l\u00e9gh\u0171t\u0151k k\u00f6nnyen telep\u00edthet\u0151k a tet\u0151re. Egy mobil l\u00e9gh\u0171t\u0151 m\u00e9g k\u00f6nnyebben telep\u00edthet\u0151! t\u00f6ltse fel a v\u00edztart\u00e1lyt, csatlakoztassa a k\u00e9sz\u00fcl\u00e9ket.<\/p>\n\n<div class=\"wp-block-columns is-layout-flex wp-container-core-columns-is-layout-28f84493 wp-block-columns-is-layout-flex\">\n<div class=\"wp-block-column is-layout-flow wp-block-column-is-layout-flow\"><\/div>\n\n\n\n<div class=\"wp-block-column is-layout-flow wp-block-column-is-layout-flow\">\n<figure class=\"wp-block-gallery has-nested-images columns-default is-cropped wp-block-gallery-1 is-layout-flex wp-block-gallery-is-layout-flex\">\n<figure class=\"wp-block-image size-large\"><img decoding=\"async\" width=\"447\" height=\"531\" data-id=\"29321\" src=\"https:\/\/obera.fr\/wp-content\/uploads\/2024\/04\/6be05381-5e36-49ab-a7c5-933cf98160f9-3.png\" alt=\"6be05381 5e36 49ab a7c5 933cf98160f9 3\" class=\"wp-image-29321\" srcset=\"https:\/\/obera.fr\/wp-content\/uploads\/2024\/04\/6be05381-5e36-49ab-a7c5-933cf98160f9-3.png 447w, https:\/\/obera.fr\/wp-content\/uploads\/2024\/04\/6be05381-5e36-49ab-a7c5-933cf98160f9-3-253x300.png 253w\" sizes=\"(max-width: 447px) 100vw, 447px\" \/><\/figure>\n<\/figure>\n\n\n\n<h6 class=\"wp-block-heading has-text-align-center\">IC term\u00e9kcsal\u00e1d<\/h6>\n<\/div>\n\n\n\n<div class=\"wp-block-column is-layout-flow wp-block-column-is-layout-flow\"><\/div>\n<\/div>\n\n<h2 class=\"wp-block-heading\">Egy l\u00e9gh\u0171t\u0151 karbantart\u00e1sa kevesebb id\u0151t vesz ig\u00e9nybe, mint egy l\u00e9gkondicion\u00e1l\u00f3\u00e9.<\/h2>\n\n<p>A <strong>l\u00e9gh\u0171t\u0151k karbantart\u00e1sa<\/strong> a k\u00f6vetkez\u0151 tiszt\u00edt\u00e1sokat foglalja mag\u00e1ban: <\/p>\n\n<ul class=\"wp-block-list\">\n<li>Id\u0151szakos: l\u00e9gsz\u0171r\u0151, tart\u00e1ly <\/li>\n\n\n\n<li>\u00c9ves: p\u00e1r\u00e1s\u00edt\u00f3, ventil\u00e1tor. <\/li>\n<\/ul>\n\n<p>A <strong>l\u00e9gkondicion\u00e1l\u00f3k karbantart\u00e1sa<\/strong> a k\u00f6vetkez\u0151ket felt\u00e9telezi: <\/p>\n\n<ul class=\"wp-block-list\">\n<li>rendszeres tiszt\u00edt\u00e1s: a k\u00e9sz\u00fcl\u00e9k minden egys\u00e9g\u00e9nek sz\u0171r\u0151i, k\u00fcls\u0151 ventil\u00e1tor<\/li>\n\n\n\n<li>a h\u0171t\u0151k\u00f6r alkatr\u00e9szeinek \u00e9ves ellen\u0151rz\u00e9se egy min\u0151s\u00edtett szakember \u00e1ltal, aki jogosult a h\u0171t\u0151k\u00f6zeg kezel\u00e9s\u00e9re.<\/li>\n<\/ul>\n\n<h2 class=\"wp-block-heading\">Egy l\u00e9gh\u0171t\u0151 jobban meg\u0151rzi az eg\u00e9szs\u00e9get, mint egy l\u00e9gkondicion\u00e1l\u00f3.<\/h2>\n\n<p>A <strong>l\u00e9gh\u0171t\u0151b\u0151l sz\u00e1rmaz\u00f3 v\u00edz p\u00e1rolg\u00e1sa<\/strong> 5%-kal n\u00f6veli a helyis\u00e9g p\u00e1ratartalm\u00e1t. Ez az ember sz\u00e1m\u00e1ra term\u00e9szetes p\u00e1ratartalom-v\u00e1ltoz\u00e1s. <\/p>\n\n<p>A l\u00e9gkondicion\u00e1l\u00f3 a h\u0151 \u00e9s a p\u00e1ratartalom egy\u00fcttes elvezet\u00e9s\u00e9vel h\u0171ti a helyis\u00e9get. 40% p\u00e1ratartalom alatt a helyis\u00e9g eg\u00e9szs\u00e9gtelenn\u00e9 v\u00e1lik; kisz\u00e1rad\u00e1s, migr\u00e9n jelentkezik&#8230;<\/p>\n\n<p>A v\u00edz p\u00e1rolg\u00e1sa a l\u00e9gh\u0171t\u0151 \u00e1ltal kiegyens\u00falyozott h\u0151m\u00e9rs\u00e9kletet terjeszt a helyis\u00e9gben a k\u00fcls\u0151 h\u0151vel.<\/p>\n\n<p>A <strong>l\u00e9gkondicion\u00e1l\u00f3k mesters\u00e9ges h\u0151m\u00e9rs\u00e9kletet \u00e1ll\u00edtanak be<\/strong>. A k\u00fcls\u0151vel val\u00f3 t\u00falzott elt\u00e9r\u00e9s h\u0151gut\u00e1t okozhat.<\/p>\n\n<p>Egy l\u00e9gh\u0171t\u0151 folyamatosan meg\u00faj\u00edtja a helyis\u00e9g l\u00e9gk\u00f6r\u00e9t. A k\u00e9sz\u00fcl\u00e9k folyamatosan elvezeti a k\u00f3rokoz\u00f3kat, ezzel regener\u00e1lja a leveg\u0151 min\u0151s\u00e9g\u00e9t.<\/p>\n\n<p>Egy l\u00e9gkondicion\u00e1l\u00f3 folyamatosan \u00fajrahasznos\u00edtja a helyis\u00e9g leveg\u0151j\u00e9t. A k\u00e9sz\u00fcl\u00e9k el\u0151seg\u00edti a l\u00e9g\u00fati megbeteged\u00e9seket, ha a sz\u0171r\u0151k karbantart\u00e1sa fel\u00fcletes.<\/p>\n\n<p>A <strong>l\u00e9gh\u0171t\u0151k csendesebb k\u00e9sz\u00fcl\u00e9kek<\/strong>, mint a l\u00e9gkondicion\u00e1l\u00f3k. Egy l\u00e9gh\u0171t\u0151 zajszintje 66 dB, egy l\u00e9gkondicion\u00e1l\u00f3\u00e9 76 dB. 10 dB er\u0151s\u00edt\u00e9s k\u00e9tszer olyan er\u0151s zaj \u00e9rzet\u00e9t kelti.<\/p>\n\n<figure class=\"wp-block-image aligncenter size-full is-resized\"><img decoding=\"async\" width=\"1984\" height=\"897\" src=\"https:\/\/obera.fr\/wp-content\/uploads\/2021\/05\/Optimiser-un-rafraichisseur-air-adiabatique-1.jpg\" alt=\"egy adiabatikus l&#xE9;gh&#x171;t&#x151; optimaliz&#xE1;l&#xE1;sa 1\" class=\"wp-image-6006\" style=\"width:713px;height:323px\" srcset=\"https:\/\/obera.fr\/wp-content\/uploads\/2021\/05\/Optimiser-un-rafraichisseur-air-adiabatique-1.jpg 1984w, https:\/\/obera.fr\/wp-content\/uploads\/2021\/05\/Optimiser-un-rafraichisseur-air-adiabatique-1-300x136.jpg 300w, https:\/\/obera.fr\/wp-content\/uploads\/2021\/05\/Optimiser-un-rafraichisseur-air-adiabatique-1-1024x463.jpg 1024w, https:\/\/obera.fr\/wp-content\/uploads\/2021\/05\/Optimiser-un-rafraichisseur-air-adiabatique-1-768x347.jpg 768w, https:\/\/obera.fr\/wp-content\/uploads\/2021\/05\/Optimiser-un-rafraichisseur-air-adiabatique-1-1536x694.jpg 1536w\" sizes=\"(max-width: 1984px) 100vw, 1984px\" \/><\/figure>\n\n<h2 class=\"wp-block-heading\">Egy l\u00e9gh\u0171t\u0151 kev\u00e9sb\u00e9 terheli a k\u00f6rnyezetet, mint egy l\u00e9gkondicion\u00e1l\u00f3.<\/h2>\n\n<p>Minden felhaszn\u00e1lt energia hat\u00e1ssal van a bolyg\u00f3ra. Egy <strong>l\u00e9gh\u0171t\u0151 kevesebbet fogyaszt, mint egy l\u00e9gkondicion\u00e1l\u00f3<\/strong>:<\/p>\n\n<ul class=\"wp-block-list\">\n<li>a h\u0171t\u0151 energiafelhaszn\u00e1l\u00e1sa a ventil\u00e1torra, a szivatty\u00fara.<\/li>\n\n\n\n<li>a l\u00e9gkondicion\u00e1l\u00f3 energiafogyaszt\u00e1sa a kompresszorb\u00f3l, ventil\u00e1torokb\u00f3l, &#8230; <\/li>\n<\/ul>\n\n<p>Egy l\u00e9gh\u0171t\u0151 friss leveg\u0151t bocs\u00e1t ki a k\u00f6rnyezetbe. A k\u00e9sz\u00fcl\u00e9k cs\u00f6kkenti a h\u0151t az \u00e9p\u00fclet k\u00f6r\u00fcl. Egy l\u00e9gkondicion\u00e1l\u00f3 forr\u00f3 leveg\u0151t bocs\u00e1t ki, hozz\u00e1j\u00e1rulva a h\u0151sziget-hat\u00e1shoz (az \u00e9p\u00fclet k\u00f6rnyezet\u00e9nek felmeleged\u00e9se).<\/p>\n\n<p>Egy <strong>l\u00e9gh\u0171t\u0151 vizet haszn\u00e1l<\/strong> a helyis\u00e9g h\u0171t\u00e9s\u00e9re. Egy l\u00e9gkondicion\u00e1l\u00f3 vegyi h\u0171t\u0151k\u00f6zeget alkalmaz, amely el\u0151seg\u00edti a glob\u00e1lis felmeleged\u00e9st. A k\u00e9sz\u00fcl\u00e9k elker\u00fclhetetlen\u00fcl kibocs\u00e1tja azt: egyetlen h\u0171t\u0151k\u00f6r sem 100%-ban l\u00e9gmentes.<\/p>\n\n<p>Egy l\u00e9gh\u0171t\u0151 t\u00f6bb vizet fogyaszt, mint egy l\u00e9gkondicion\u00e1l\u00f3. A p\u00e1rolg\u00e1s r\u00e9v\u00e9n a h\u0171t\u0151 a vizet h\u0171t\u0151 nedvess\u00e9gg\u00e9 alak\u00edtja. Az elvezetett nedvess\u00e9g visszat\u00e9r a v\u00edz term\u00e9szetes k\u00f6rforg\u00e1s\u00e1ba. A l\u00e9gkondicion\u00e1l\u00f3k kivonj\u00e1k a nedvess\u00e9get a leveg\u0151b\u0151l.<\/p>\n\n<h2 class=\"wp-block-heading\">A l\u00e9gh\u0171t\u0151k k\u00f6lts\u00e9ghat\u00e9konyabbak.<\/h2>\n\n<p>Egyen\u00e9rt\u00e9k\u0171 h\u0171t\u00e9si c\u00e9l eset\u00e9n a <strong>l\u00e9gkondicion\u00e1l\u00f3 beszerz\u00e9si \u00e1ra<\/strong> meghaladja a l\u00e9gh\u0171t\u0151\u00e9t, \u00e9s ugyanez igaz a telep\u00edt\u00e9si \u00e1rra is.<\/p>\n\n<p>Egy l\u00e9gh\u0171t\u0151 kevesebb energi\u00e1t ig\u00e9nyel a m\u0171k\u00f6d\u00e9shez, kevesebb id\u0151t \u00e9s k\u00e9pes\u00edt\u00e9st a karbantart\u00e1shoz; ez\u00e9rt az \u00e9ves k\u00f6lts\u00e9gei t\u00edzszer alacsonyabbak, mint egy l\u00e9gkondicion\u00e1l\u00f3\u00e9.<\/p>\n\n<p>Az OBERA p\u00e1rologtat\u00f3 l\u00e9gh\u0171t\u0151k k\u00fcl\u00f6nb\u00f6z\u0151 modelljeinek megtekint\u00e9s\u00e9hez l\u00e1togasson el ipari l\u00e9gh\u0171t\u0151k oldalunkra.<\/p>\n\n<div style=\"height:30px\" aria-hidden=\"true\" class=\"wp-block-spacer\"><\/div>\n\n<div class=\"wp-block-buttons is-horizontal is-content-justification-center is-layout-flex wp-container-core-buttons-is-layout-03627597 wp-block-buttons-is-layout-flex\">\n<div class=\"wp-block-button\"><a class=\"wp-block-button__link wp-element-button\" href=\"https:\/\/obera.fr\/contact\/\">Tudjon meg t\u00f6bbet<\/a><\/div>\n<\/div>\n","protected":false},"excerpt":{"rendered":"<p>Sz\u00e1mos k\u00fcl\u00f6nbs\u00e9g figyelhet\u0151 meg a l\u00e9gkondicion\u00e1l\u00f3 \u00e9s az ipari l\u00e9gh\u0171t\u0151 k\u00f6z\u00f6tt. A l\u00e9gkondicion\u00e1l\u00f3 h\u0171t\u0151g\u00e1zt haszn\u00e1l, \u00e9s 80%-kal t\u00f6bb \u00e1ramot fogyaszt, mint egy l\u00e9gh\u0171t\u0151. A l\u00e9gh\u0171t\u0151 m\u0171k\u00f6dtet\u00e9se olcs\u00f3bb, mint egy l\u00e9gkondicion\u00e1l\u00f3\u00e9. Fedezze fel a l\u00e9gkondicion\u00e1l\u00f3 \u00e9s a l\u00e9gh\u0171t\u0151 k\u00f6z\u00f6tti sz\u00e1mos k\u00fcl\u00f6nbs\u00e9get 3 perc alatt.<\/p>\n","protected":false},"author":4,"featured_media":85027,"comment_status":"closed","ping_status":"closed","sticky":false,"template":"","format":"standard","meta":{"_acf_changed":false,"_seopress_robots_primary_cat":"none","_seopress_titles_title":"Hogyan v\u00e1lasszon l\u00e9gkondicion\u00e1l\u00f3 \u00e9s l\u00e9gh\u0171t\u0151 k\u00f6z\u00f6tt?","_seopress_titles_desc":"A l\u00e9gkondicion\u00e1l\u00f3 \u00e9s a l\u00e9gh\u0171t\u0151 k\u00f6z\u00f6tti f\u0151 k\u00fcl\u00f6nbs\u00e9g m\u0171szaki. A l\u00e9gh\u0171t\u0151 nem h\u0171t\u0151k\u00f6zeget, hanem vizet haszn\u00e1l.","_seopress_robots_index":"","footnotes":""},"categories":[314],"tags":[323],"class_list":["post-96978","post","type-post","status-publish","format-standard","has-post-thumbnail","hentry","category-a-mi-tanacsunk","tag-entete-kicsi","generate-columns","tablet-grid-50","mobile-grid-100","grid-parent","grid-50","no-featured-image-padding","resize-featured-image"],"acf":[],"_links":{"self":[{"href":"https:\/\/obera.fr\/hu\/wp-json\/wp\/v2\/posts\/96978","targetHints":{"allow":["GET"]}}],"collection":[{"href":"https:\/\/obera.fr\/hu\/wp-json\/wp\/v2\/posts"}],"about":[{"href":"https:\/\/obera.fr\/hu\/wp-json\/wp\/v2\/types\/post"}],"author":[{"embeddable":true,"href":"https:\/\/obera.fr\/hu\/wp-json\/wp\/v2\/users\/4"}],"replies":[{"embeddable":true,"href":"https:\/\/obera.fr\/hu\/wp-json\/wp\/v2\/comments?post=96978"}],"version-history":[{"count":3,"href":"https:\/\/obera.fr\/hu\/wp-json\/wp\/v2\/posts\/96978\/revisions"}],"predecessor-version":[{"id":140862,"href":"https:\/\/obera.fr\/hu\/wp-json\/wp\/v2\/posts\/96978\/revisions\/140862"}],"wp:featuredmedia":[{"embeddable":true,"href":"https:\/\/obera.fr\/hu\/wp-json\/wp\/v2\/media\/85027"}],"wp:attachment":[{"href":"https:\/\/obera.fr\/hu\/wp-json\/wp\/v2\/media?parent=96978"}],"wp:term":[{"taxonomy":"category","embeddable":true,"href":"https:\/\/obera.fr\/hu\/wp-json\/wp\/v2\/categories?post=96978"},{"taxonomy":"post_tag","embeddable":true,"href":"https:\/\/obera.fr\/hu\/wp-json\/wp\/v2\/tags?post=96978"}],"curies":[{"name":"wp","href":"https:\/\/api.w.org\/{rel}","templated":true}]}}