{"id":97114,"date":"2022-03-10T16:43:52","date_gmt":"2022-03-10T14:43:52","guid":{"rendered":"https:\/\/obera.fr\/a-mi-tanacsunk\/aspiration-industrielle-solutions-professionnels\/"},"modified":"2025-05-06T14:16:45","modified_gmt":"2025-05-06T12:16:45","slug":"aspiration-industrielle-solutions-professionnels","status":"publish","type":"post","link":"https:\/\/obera.fr\/hu\/a-mi-tanacsunk\/aspiration-industrielle-solutions-professionnels\/","title":{"rendered":"Ipari porsz\u00edv\u00f3z\u00e1s: megold\u00e1sok a szakemberek sz\u00e1m\u00e1ra"},"content":{"rendered":"\n<p>A szem\u00e9lyzet, a g\u00e9pek \u00e9s a k\u00e9szletek v\u00e9delme kih\u00edv\u00e1st jelent a gy\u00e1rt\u00f3k sz\u00e1m\u00e1ra. A por- \u00e9s old\u00f3szer-kibocs\u00e1t\u00e1s k\u00e1ros\u00edtja a termel\u0151eszk\u00f6z\u00f6k m\u0171k\u00f6d\u00e9s\u00e9t. A leveg\u0151min\u0151s\u00e9g ellen\u0151rz\u00e9se \u00e9s a leveg\u0151 sz\u0171r\u00e9se az iparban fenntartja a term\u00e9kmin\u0151s\u00e9get.    <\/p>\n\n<p>Az OBERA tan\u00e1csot ad a l\u00e9gkezel\u00e9ssel kapcsolatban, valamint <strong>szem\u00e9lyre szabott ipari elsz\u00edv\u00e1si megold\u00e1st<\/strong> tervez \u00e9s telep\u00edt.  <\/p>\n\n<p><a href=\"https:\/\/obera.fr\/hu\/produits\/aspirateurs-industriels\/\" data-type=\"page\" data-id=\"41\">Ipari porsz\u00edv\u00f3kat<\/a>, <a href=\"https:\/\/obera.fr\/hu\/produits\/purificateurs-air\/\" data-type=\"page\" data-id=\"26\">l\u00e9gtiszt\u00edt\u00f3kat<\/a> \u00e9s l\u00e9gelsz\u00edv\u00f3kat k\u00edn\u00e1lunk a forr\u00e1s vagy a k\u00f6rnyezet befog\u00e1s\u00e1hoz. Minden elsz\u00edv\u00f3rendszer\u00fcnk magas szint\u0171 por- \u00e9s old\u00f3szer-kezel\u00e9st garant\u00e1l. <\/p>\n\n<div class=\"wp-block-buttons is-content-justification-center is-layout-flex wp-container-core-buttons-is-layout-a89b3969 wp-block-buttons-is-layout-flex\">\n<div class=\"wp-block-button\"><a class=\"wp-block-button__link wp-element-button\" href=\"https:\/\/obera.fr\/hu\/produits\/bras-dispositifs-captation\/\">L\u00e1sd az \u00f6sszes ipari r\u00f6gz\u00edt\u00e9si megold\u00e1sunkat<\/a><\/div>\n<\/div>\n\n<p><\/p>\n\n<h2 class=\"wp-block-heading\">Porok \u00e9s old\u00f3szerek ipari elsz\u00edv\u00e1sa<\/h2>\n\n<p>Ipari v\u00e1kuumos megold\u00e1sunk nagyv\u00e1llalatok, valamint kkv-k \u00e9s VSE-k sz\u00e1m\u00e1ra egyar\u00e1nt alkalmas. Bizonyos gy\u00e1rt\u00e1si f\u00e1zisok por, vegyi anyagok vagy f\u00fcst kibocs\u00e1t\u00e1s\u00e1val j\u00e1rnak. Az OBERA porelsz\u00edv\u00f3 \u00e9s portalan\u00edt\u00f3 rendszerei<strong> semleges\u00edtik ezek eloszl\u00e1s\u00e1t a munkak\u00f6rnyezetben<\/strong>, \u00e9s teljes <a href=\"https:\/\/obera.fr\/conseils\/poussiere-solvant-industrie\/\">ipari por- \u00e9s old\u00f3szerelsz\u00edv\u00f3 <\/a>rendszert tudunk telep\u00edteni. Fix vagy mobil porelsz\u00edv\u00f3 berendez\u00e9seink az ipari l\u00e9tes\u00edtm\u00e9nyekben keletkez\u0151 por \u00e9s old\u00f3szerek 100%-\u00e1t kezelik. A berendez\u00e9s telep\u00edt\u00e9se el\u0151tt elemezz\u00fck :    <\/p>\n\n<ul class=\"wp-block-list\">\n<li>por \u00e9s r\u00e9szecsk\u00e9k (m\u00e9ret \u00e9s koncentr\u00e1ci\u00f3) ;<\/li>\n\n\n\n<li>old\u00f3szerek (t\u00edpus \u00e9s koncentr\u00e1ci\u00f3) ;<\/li>\n\n\n\n<li>kibocs\u00e1t\u00e1si forr\u00e1sok.<\/li>\n<\/ul>\n\n<p>Ez a munka lehet\u0151v\u00e9 teszi a berendez\u00e9s sz\u00edv\u00f3- \u00e9s sz\u0171r\u00e9si kapacit\u00e1s\u00e1nak meghat\u00e1roz\u00e1s\u00e1t. Az ipar\u00e1gt\u00f3l f\u00fcgg\u0151en az OBERA garant\u00e1lja a fapor, a fa- \u00e9s f\u00e9mforg\u00e1cs, valamint a hegeszt\u00e9si f\u00fcst sz\u0171r\u00e9s\u00e9t. Berendez\u00e9seink az \u00e9lelmiszer-, gy\u00f3gyszer-, f\u00e9m- \u00e9s faiparb\u00f3l sz\u00e1rmaz\u00f3 robban\u00e1svesz\u00e9lyes porokat (ATEX) is felfogj\u00e1k.  <\/p>\n\n<h2 class=\"wp-block-heading\">Egyidej\u0171 por- \u00e9s old\u00f3szerelsz\u00edv\u00f3 megold\u00e1s<\/h2>\n\n<p>A <a href=\"https:\/\/obera.fr\/hu\/a-mi-tanacsunk\/solutions-traiter-poussiere-solvants\/\">por \u00e9s az old\u00f3szerek egyidej\u0171 kezel\u00e9s\u00e9re szolg\u00e1l\u00f3 megold\u00e1saink<\/a> modul\u00e1risak. Az OBERA ipari elsz\u00edv\u00f3rendszer hat\u00e9konys\u00e1ga a berendez\u00e9sek \u00e9s a sz\u0171r\u0151berendez\u00e9sek egym\u00e1st kieg\u00e9sz\u00edt\u0151 jelleg\u00e9n alapul: Az OBERA ipari elsz\u00edv\u00e1s sz\u0171r\u0151ket (durva sz\u0171r\u0151k, finom sz\u0171r\u0151k, abszol\u00fat sz\u0171r\u0151k, sz\u00e9nsz\u0171r\u0151k) haszn\u00e1l. Az<strong>ipari<\/strong> elsz\u00edv\u00f3 rendszer\u00fcnk a forr\u00e1sn\u00e1l fix \u00e9s mobil ipari porelsz\u00edv\u00f3kb\u00f3l \u00e1ll. Ezek az egys\u00e9gek sz\u00edv\u00f3karokkal, motorh\u00e1ztet\u0151kkel \u00e9s porelsz\u00edv\u00f3 csukly\u00e1kkal rendelkeznek. E berendez\u00e9sek egy r\u00e9sze k\u00f6zvetlen\u00fcl a g\u00e9pekhez csatlakoztathat\u00f3.    <\/p>\n\n<p>A szem\u00e9lyre szabott sz\u0171r\u00e9snek k\u00f6sz\u00f6nhet\u0151en berendez\u00e9seink felfogj\u00e1k a port, a r\u00e9szecsk\u00e9ket, a f\u00fcst\u00f6t \u00e9s az old\u00f3szerg\u0151z\u00f6ket. A berendez\u00e9s mind a f\u00e9m-, mind a faipar sz\u00e1m\u00e1ra alkalmas. Megmunk\u00e1l\u00e1s vagy term\u00e9kkezel\u00e9s sor\u00e1n kibocs\u00e1tott szennyez\u0151 anyagokat sz\u0171r.  <\/p>\n\n<p>Az OBERA a forr\u00e1sn\u00e1l t\u00f6rt\u00e9n\u0151 ipari porelt\u00e1vol\u00edt\u00e1s kieg\u00e9sz\u00edt\u00e9sek\u00e9nt k\u00f6rnyezeti l\u00e9gtiszt\u00edt\u00f3 berendez\u00e9sek telep\u00edt\u00e9s\u00e9t k\u00edn\u00e1lja. Ez a berendez\u00e9s a munkater\u00fcleten helyezkedik el, \u00e9s a lebeg\u0151 port \u00e9s az old\u00f3szereket felfogja. Ez lehet fix BTEX g\u00e1zelsz\u00edv\u00f3 rendszer vagy mobil CMR elsz\u00edv\u00f3 rendszer (fapor, azbesztpor, cigarettaf\u00fcst).  <\/p>\n\n<h2 class=\"wp-block-heading\">Dedik\u00e1lt elsz\u00edv\u00f3 megold\u00e1s ipari porhoz<\/h2>\n\n<p>Az OBERA sz\u00e1mos ismert gy\u00e1rt\u00f3 sz\u00e1m\u00e1ra k\u00e9sz\u00edt <a href=\"https:\/\/obera.fr\/conseils\/solutions-pour-traiter-poussiere\/\">ipari porkezel\u00e9si megold\u00e1sokat<\/a>. N\u00e9h\u00e1ny fix ipari porelsz\u00edv\u00f3 berendez\u00e9s\u00fcnk nagy elsz\u00edv\u00e1si kapacit\u00e1ssal rendelkezik (ak\u00e1r 4500 m\u00b3\/h). Mobil ipari porelsz\u00edv\u00f3 \u00e9s portiszt\u00edt\u00f3 berendez\u00e9seinkkel elker\u00fclhet\u0151k a k\u00f6lts\u00e9ges telep\u00edt\u00e9sek, \u00e9s kieg\u00e9sz\u00edtik a helyhez k\u00f6t\u00f6tt berendez\u00e9seket.    <\/p>\n\n<p>A sz\u00edv\u00e1st a lehet\u0151 legk\u00f6zelebb kell v\u00e9gezni a g\u00e9pekhez vagy a k\u00f6rnyezethez. Minden OBERA ipari porgy\u0171jt\u0151 \u00e9s elsz\u00edv\u00f3 rendszer v\u00e9di az \u00d6n g\u00e9peinek m\u0171k\u00f6d\u00e9s\u00e9t. Sz\u0171r\u0151berendez\u00e9seink v\u00e1ltoz\u00f3 sz\u00edv\u00e1si \u00e1raml\u00e1si sebess\u00e9ggel \u00e9s testre szabhat\u00f3 sz\u0171r\u0151kkel rendelkeznek. A minim\u00e1lis helyig\u00e9nyt maxim\u00e1lis hat\u00e9konys\u00e1ggal kombin\u00e1ljuk.   <\/p>\n\n<blockquote class=\"wp-block-quote is-layout-flow wp-block-quote-is-layout-flow\">\n<p>Tervezz\u00fck p\u00e9ld\u00e1ul <strong>egy fix porlev\u00e1laszt\u00f3 telep\u00edt\u00e9s\u00e9t regenerat\u00edv sz\u0171r\u0151kkel<\/strong>, ha a por \u00e9s a r\u00e9szecsk\u00e9k koncentr\u00e1ci\u00f3ja magas.  <\/p>\n<\/blockquote>\n\n<p>A v\u00e9gponti sz\u0171r\u00e9s egy vagy k\u00e9t fokozat\u00fa akt\u00edvszenes sz\u0171r\u0151vel teszi teljess\u00e9 a telep\u00edt\u00e9st. Ha a porkoncentr\u00e1ci\u00f3 alacsonyabb, rendszer\u00fcnk tartalmaz egy mobil porlev\u00e1laszt\u00f3t. A sz\u0171r\u00e9s tel\u00edtett sz\u0171r\u0151kb\u0151l (HEPA-sz\u0171r\u0151k \u00e9s akt\u00edvszenes sz\u0171r\u0151k) \u00e1ll.  <\/p>\n\n<h2 class=\"wp-block-heading\">Dedik\u00e1lt extrakci\u00f3s megold\u00e1s ipari old\u00f3szerekhez<\/h2>\n\n<p>Az OBERA elsz\u00edv\u00f3rendszer garant\u00e1lja a berendez\u00e9sekben keletkez\u0151 old\u00f3szerek elsz\u00edv\u00e1s\u00e1t \u00e9s felfog\u00e1s\u00e1t is. <a href=\"https:\/\/obera.fr\/hu\/a-mi-tanacsunk\/solutions-pour-traiter-solvants-adsorption-charbon-actif\/\">Ipari old\u00f3szerkezel\u0151 megold\u00e1saink<\/a> a lehet\u0151 legk\u00f6zelebbi elsz\u00edv\u00e1st alkalmazz\u00e1k a munka\u00e1llom\u00e1sokhoz. Porelt\u00e1vol\u00edt\u00f3 \u00e9s elsz\u00edv\u00f3 berendez\u00e9seink elsz\u00edv\u00f3 karokkal \u00e9s\/vagy csukly\u00e1kkal rendelkeznek. A szennyez\u0151 anyagok elsz\u00edv\u00e1s\u00e1nak fokoz\u00e1s\u00e1ra k\u00f6rnyezeti old\u00f3szergy\u0171jt\u0151 rendszereket k\u00edn\u00e1lunk.   <\/p>\n\n<p>Az OBERA term\u00e9k- \u00e9s felszerel\u00e9sk\u00edn\u00e1lat\u00e1ban <strong>szagtalan\u00edt\u00f3k \u00e9s ipari l\u00e9gtiszt\u00edt\u00f3k<\/strong> tal\u00e1lhat\u00f3k. Ezekben az elsz\u00edv\u00f3rendszerekben sz\u00e9nsz\u0171r\u0151k biztos\u00edtj\u00e1k az old\u00f3szerek \u00e9s szagok felfog\u00e1s\u00e1t. Az \u00d6n sz\u0171r\u0151berendez\u00e9se csak az ipari port t\u00e1vol\u00edtja el? Az OBERA tov\u00e1bbi sz\u0171r\u0151rendszert tud aj\u00e1nlani \u00d6nnek. Rendelkez\u00fcnk speci\u00e1lis ipari sz\u00edv\u00f3- \u00e9s gy\u0171jt\u0151rendszerekkel (mobil sz\u00edv\u00f3kar, sz\u00edv\u00f3asztal, sz\u00edv\u00f3h\u00e1tfal).   <\/p>\n\n<p>Ipari v\u00e1kuumrendszereink minden ipar\u00e1g sz\u0171r\u00e9si ig\u00e9nyeinek megfelelnek. Az old\u00f3szerelsz\u00edv\u00f3 egys\u00e9ghez p\u00e9ld\u00e1ul porsz\u0171r\u0151 el\u0151lev\u00e1laszt\u00f3 is tartozhat. A m\u00e9rgez\u0151 term\u00e9kek g\u0151zeinek felfog\u00e1s\u00e1hoz sz\u00edv\u00f3karokat is hozz\u00e1adhatunk.  <\/p>\n\n<h2 class=\"wp-block-heading\">Regenerat\u00edv sz\u0171r\u00e9s \u00e9s ipari elsz\u00edv\u00f3 rendszer<\/h2>\n\n<p><strong>Sz\u0171r\u0151rendszereink er\u0151ss\u00e9ge az alkalmazkod\u00f3k\u00e9pess\u00e9g\u00fck<\/strong>. Ha a por \u00e9s a r\u00e9szecsk\u00e9k koncentr\u00e1ci\u00f3ja magas, <a href=\"https:\/\/obera.fr\/hu\/a-mi-tanacsunk\/solutions-regenerables-depoussiereurs-industriels\/\" data-type=\"post\" data-id=\"8589\">regenerat\u00edv portalan\u00edt\u00e1si megold\u00e1st<\/a> k\u00edn\u00e1lunk. A sz\u00edv\u00f3- \u00e9s portalan\u00edt\u00f3 egys\u00e9ghez egy tiszt\u00edthat\u00f3 sz\u0171r\u0151 tartozik. Minden OBERA ipari porelsz\u00edv\u00f3 felszerelhet\u0151 regenerat\u00edv sz\u0171r\u0151vel.   <\/p>\n\n<p>A regenerat\u00edv sz\u0171r\u0151rendszer mindig azonos min\u0151s\u00e9g\u0171 leveg\u0151sz\u0171r\u00e9st biztos\u00edt. A rendszer lehet\u0151v\u00e9 teszi, hogy a magas por-kibocs\u00e1t\u00e1s\u00fa gy\u00e1rt\u00f3k p\u00e9nzt takar\u00edtsanak meg. Ez egy m\u00f3dja a karbantart\u00e1si m\u0171veletek \u00e9s k\u00f6lts\u00e9gek cs\u00f6kkent\u00e9s\u00e9nek.  <\/p>\n\n<p>A regenerat\u00edv sz\u0171r\u0151t pneumatikus vagy mechanikus tiszt\u00edt\u00e1ssal lehet tiszt\u00edtani. Egyes pneumatikus tiszt\u00edt\u00f3rendszerek lehet\u0151v\u00e9 teszik a sz\u0171r\u0151k tiszt\u00edt\u00e1s\u00e1t a sz\u00edv\u00e1s le\u00e1ll\u00edt\u00e1sa n\u00e9lk\u00fcl. A mechanikus tiszt\u00edt\u00e1s megk\u00f6veteli a porelt\u00e1vol\u00edt\u00f3 berendez\u00e9s kikapcsol\u00e1s\u00e1t. A kivehet\u0151 sz\u0171r\u0151ket c\u00e9lszer\u0171 rendszeres id\u0151k\u00f6z\u00f6nk\u00e9nt cser\u00e9lni.   <\/p>\n\n<h2 class=\"wp-block-heading\">Nem regenerat\u00edv sz\u0171r\u00e9s ipari sz\u00edv\u00f3berendez\u00e9sekben<\/h2>\n\n<p>Ha az \u00d6n ipari l\u00e9tes\u00edtm\u00e9nyei nem termelnek nagy por- \u00e9s r\u00e9szecskekoncentr\u00e1ci\u00f3t, nem regenerat\u00edv sz\u0171r\u0151k telep\u00edt\u00e9s\u00e9t javasoljuk. <a href=\"https:\/\/obera.fr\/conseils\/solutions-non-regenerables-filtre-air-g4\/\">A nem regenerat\u00edv sz\u0171r\u00e9si megold\u00e1sok<\/a> ler\u00f6vid\u00edtik a sz\u0171r\u0151berendez\u00e9sek karbantart\u00e1si idej\u00e9t. <\/p>\n\n<p>A szennyez\u00e9s t\u00edpus\u00e1t\u00f3l f\u00fcgg\u0151en (por, finom r\u00e9szecsk\u00e9k, old\u00f3szerek) koherens sz\u0171r\u0151rendszert tervez\u00fcnk. A nem regenerat\u00edv sz\u0171r\u0151k v\u00e1laszt\u00e9ka sz\u00e9lesk\u00f6r\u0171. Az OBERA a sz\u0171r\u0151k sz\u00e9les sk\u00e1l\u00e1j\u00e1t \u00e9p\u00edti be a berendez\u00e9sekbe: G3\/G4, M5-t\u0151l F9-ig, EPA, HEPA, ULPA \u00e9s akt\u00edvszenes sz\u0171r\u0151k. Bizonyos ipari k\u00f6rnyezetekben az EPA \u00e9s ULPA sz\u0171r\u0151ket<strong>(nagyon nagy hat\u00e9konys\u00e1g\u00fa sz\u0171r\u0151k<\/strong>) is be\u00e9p\u00edtj\u00fck. Ezek garant\u00e1lj\u00e1k a vesz\u00e9lyes porok, p\u00e9ld\u00e1ul a BTEX vagy CMR porok elsz\u00edv\u00e1s\u00e1t \u00e9s kezel\u00e9s\u00e9t.   <\/p>\n\n<h2 class=\"wp-block-heading\">Az OBERA megk\u00f6nny\u00edti az ipari v\u00e1kuumrendszerek telep\u00edt\u00e9s\u00e9t<\/h2>\n\n<p>Franciaorsz\u00e1gban a porok, r\u00e9szecsk\u00e9k \u00e9s old\u00f3szerek \u00e9vente 50 000 embert \u00f6lnek meg. <strong>A munkahelyeken a pornak \u00e9s az old\u00f3szereknek val\u00f3 kitetts\u00e9g 10-50-szer nagyobb<\/strong>. Az ipari kitermel\u00e9s eg\u00e9szs\u00e9g\u00fcgyi, jogi \u00e9s p\u00e9nz\u00fcgyi kih\u00edv\u00e1sokat jelent. Az OBERA seg\u00edt \u00d6nnek megfelelni az eur\u00f3pai ir\u00e1nyelveknek, a k\u00f6rnyezetv\u00e9delmi \u00e9s a munka t\u00f6rv\u00e9nyk\u00f6nyvnek.  <\/p>\n\n<p>Seg\u00edts\u00e9gre vagy \u00e1raj\u00e1nlatra van sz\u00fcks\u00e9ge? <a href=\"https:\/\/obera.fr\/hu\/contact\/\" data-type=\"page\" data-id=\"124\">L\u00e9pjen kapcsolatba az OBERA szak\u00e9rt\u0151ivel<\/a>.<\/p>\n","protected":false},"excerpt":{"rendered":"<p>Az ipari por- \u00e9s old\u00f3szerelsz\u00edv\u00e1s a berendez\u00e9sek, g\u00e9pek \u00e9s k\u00e9szletek v\u00e9delm\u00e9t is seg\u00edti. R\u00e1ad\u00e1sul a sz\u0171r\u0151berendez\u00e9sek cs\u00f6kkentik a f\u0171t\u00e9si \u00e9s tiszt\u00edt\u00e1si k\u00f6lts\u00e9geket. Seg\u00edts\u00e9gk\u00e9ppen az Obera itt elmagyar\u00e1zza, hogy mi az ipari elsz\u00edv\u00e1s, \u00e9s k\u00fcl\u00f6n\u00f6sen a por- \u00e9s old\u00f3szerelsz\u00edv\u00e1s.  <\/p>\n","protected":false},"author":4,"featured_media":90543,"comment_status":"open","ping_status":"closed","sticky":false,"template":"","format":"standard","meta":{"_acf_changed":false,"_seopress_robots_primary_cat":"none","_seopress_titles_title":"Ipari porsz\u00edv\u00f3z\u00e1s, megold\u00e1sok szakemberek sz\u00e1m\u00e1ra","_seopress_titles_desc":"A szem\u00e9lyzet, a g\u00e9pek \u00e9s a k\u00e9szletek v\u00e9delme kih\u00edv\u00e1st jelent a gy\u00e1rt\u00f3k sz\u00e1m\u00e1ra. A por- \u00e9s old\u00f3szer-kibocs\u00e1t\u00e1s k\u00e1ros\u00edtja a termel\u0151eszk\u00f6z\u00f6k m\u0171k\u00f6d\u00e9s\u00e9t. A leveg\u0151min\u0151s\u00e9g ellen\u0151rz\u00e9se \u00e9s a leveg\u0151 sz\u0171r\u00e9se az iparban fenntartja a term\u00e9kmin\u0151s\u00e9get.  ","_seopress_robots_index":"","footnotes":""},"categories":[314],"tags":[323],"class_list":["post-97114","post","type-post","status-publish","format-standard","has-post-thumbnail","hentry","category-a-mi-tanacsunk","tag-entete-kicsi","generate-columns","tablet-grid-50","mobile-grid-100","grid-parent","grid-50","no-featured-image-padding","resize-featured-image"],"acf":[],"_links":{"self":[{"href":"https:\/\/obera.fr\/hu\/wp-json\/wp\/v2\/posts\/97114","targetHints":{"allow":["GET"]}}],"collection":[{"href":"https:\/\/obera.fr\/hu\/wp-json\/wp\/v2\/posts"}],"about":[{"href":"https:\/\/obera.fr\/hu\/wp-json\/wp\/v2\/types\/post"}],"author":[{"embeddable":true,"href":"https:\/\/obera.fr\/hu\/wp-json\/wp\/v2\/users\/4"}],"replies":[{"embeddable":true,"href":"https:\/\/obera.fr\/hu\/wp-json\/wp\/v2\/comments?post=97114"}],"version-history":[{"count":1,"href":"https:\/\/obera.fr\/hu\/wp-json\/wp\/v2\/posts\/97114\/revisions"}],"predecessor-version":[{"id":97116,"href":"https:\/\/obera.fr\/hu\/wp-json\/wp\/v2\/posts\/97114\/revisions\/97116"}],"wp:featuredmedia":[{"embeddable":true,"href":"https:\/\/obera.fr\/hu\/wp-json\/wp\/v2\/media\/90543"}],"wp:attachment":[{"href":"https:\/\/obera.fr\/hu\/wp-json\/wp\/v2\/media?parent=97114"}],"wp:term":[{"taxonomy":"category","embeddable":true,"href":"https:\/\/obera.fr\/hu\/wp-json\/wp\/v2\/categories?post=97114"},{"taxonomy":"post_tag","embeddable":true,"href":"https:\/\/obera.fr\/hu\/wp-json\/wp\/v2\/tags?post=97114"}],"curies":[{"name":"wp","href":"https:\/\/api.w.org\/{rel}","templated":true}]}}