{"id":97434,"date":"2022-02-21T15:26:39","date_gmt":"2022-02-21T13:26:39","guid":{"rendered":"https:\/\/obera.fr\/a-mi-tanacsunk\/entretien-purificateur-air\/"},"modified":"2025-05-06T14:25:21","modified_gmt":"2025-05-06T12:25:21","slug":"entretien-purificateur-air","status":"publish","type":"post","link":"https:\/\/obera.fr\/hu\/a-mi-tanacsunk\/entretien-purificateur-air\/","title":{"rendered":"L\u00e9gtiszt\u00edt\u00f3 karbantart\u00e1sa: hogyan kell elj\u00e1rni?"},"content":{"rendered":"\n<p><strong>A l\u00e9gtiszt\u00edt\u00f3 karbantart\u00e1sa<\/strong> biztos\u00edtja a min\u0151s\u00e9gi leveg\u0151t. A piros LED jelzi, hogy ki kell cser\u00e9lni a sz\u0171r\u0151ket. A l\u00e9gtiszt\u00edt\u00f3 karbantart\u00e1sa nem <strong>bonyolult<\/strong>, csak k\u00f6vesse tan\u00e1csainkat.  <\/p>\n\n<h2 class=\"wp-block-heading\">H\u00fazza ki a l\u00e9gtiszt\u00edt\u00f3t<\/h2>\n\n<figure class=\"wp-block-image aligncenter size-full is-resized\"><img decoding=\"async\" src=\"https:\/\/obera.fr\/wp-content\/uploads\/2022\/07\/Sans-titre-2022-07-20T121813.534.png\" alt=\"C&#xED;m n&#xE9;lk&#xFC;l 2022 07 20t121813.534\" class=\"wp-image-13616\" width=\"608\" height=\"96\" srcset=\"https:\/\/obera.fr\/wp-content\/uploads\/2022\/07\/Sans-titre-2022-07-20T121813.534.png 950w, https:\/\/obera.fr\/wp-content\/uploads\/2022\/07\/Sans-titre-2022-07-20T121813.534-300x47.png 300w, https:\/\/obera.fr\/wp-content\/uploads\/2022\/07\/Sans-titre-2022-07-20T121813.534-768x121.png 768w\" sizes=\"(max-width: 608px) 100vw, 608px\" \/><\/figure>\n\n<p>Kapcsolja <strong>ki a k\u00e9sz\u00fcl\u00e9ket<\/strong>. Ezut\u00e1n h\u00fazza ki a tiszt\u00edt\u00f3t a konnektorb\u00f3l. Ha az \u00e1ramell\u00e1t\u00e1s <strong>k\u00f6zvetlen csatlakoz\u00e1son<\/strong> kereszt\u00fcl t\u00f6rt\u00e9nik, kapcsolja ki az \u00e1ramell\u00e1t\u00e1st a kapcsol\u00f3t\u00e1bl\u00e1n\u00e1l. Szereljen lakatot a megszak\u00edt\u00f3ra.   <\/p>\n\n<h2 class=\"wp-block-heading\">Viseljen v\u00e9d\u0151felszerel\u00e9st<\/h2>\n\n<figure class=\"wp-block-image aligncenter size-full is-resized\"><img decoding=\"async\" src=\"https:\/\/obera.fr\/wp-content\/uploads\/2022\/07\/Sans-titre-2022-07-20T123027.816.png\" alt=\"C&#xED;m n&#xE9;lk&#xFC;l 2022 07 20t123027.816\" class=\"wp-image-13619\" width=\"608\" height=\"96\" srcset=\"https:\/\/obera.fr\/wp-content\/uploads\/2022\/07\/Sans-titre-2022-07-20T123027.816.png 950w, https:\/\/obera.fr\/wp-content\/uploads\/2022\/07\/Sans-titre-2022-07-20T123027.816-300x47.png 300w, https:\/\/obera.fr\/wp-content\/uploads\/2022\/07\/Sans-titre-2022-07-20T123027.816-768x121.png 768w\" sizes=\"(max-width: 608px) 100vw, 608px\" \/><\/figure>\n\n<p>A l\u00e9gtiszt\u00edt\u00f3 fenntart\u00e1sa <strong>r\u00e9szecsk\u00e9knek<\/strong>, pornak \u00e9s szennyez\u0151 anyagoknak <strong>teszi ki \u00d6nt<\/strong>. Ezek bel\u00e9gz\u00e9s\u00e9nek korl\u00e1toz\u00e1sa \u00e9rdek\u00e9ben <strong>viseljen egy\u00e9ni v\u00e9d\u0151felszerel\u00e9st<\/strong>. Viseljen porv\u00e9d\u0151 maszkot, keszty\u0171t \u00e9s v\u00e9d\u0151szem\u00fcveget.  <\/p>\n\n<h2 class=\"wp-block-heading\">V\u00e9gezze a karbantart\u00e1st szell\u0151s helyen<\/h2>\n\n<figure class=\"wp-block-image aligncenter size-full is-resized\"><img decoding=\"async\" src=\"https:\/\/obera.fr\/wp-content\/uploads\/2022\/07\/Sans-titre-2022-07-20T131942.513.png\" alt=\"c&#xED;m n&#xE9;lk&#xFC;l 2022 07 20t131942.513\" class=\"wp-image-13622\" width=\"608\" height=\"96\" srcset=\"https:\/\/obera.fr\/wp-content\/uploads\/2022\/07\/Sans-titre-2022-07-20T131942.513.png 950w, https:\/\/obera.fr\/wp-content\/uploads\/2022\/07\/Sans-titre-2022-07-20T131942.513-300x47.png 300w, https:\/\/obera.fr\/wp-content\/uploads\/2022\/07\/Sans-titre-2022-07-20T131942.513-768x121.png 768w\" sizes=\"(max-width: 608px) 100vw, 608px\" \/><\/figure>\n\n<p>Telep\u00edtse a l\u00e9gtiszt\u00edt\u00f3t egy j\u00f3l szell\u0151z\u0151 helyis\u00e9gben. A <a href=\"https:\/\/obera.fr\/hu\/a-mi-tanacsunk\/filtre-hepa-et-purificateur-d-air\/\" data-type=\"post\" data-id=\"13449\">sz\u0171r\u0151k<\/a> kidob\u00e1s\u00e1hoz haszn\u00e1ljon <strong>lez\u00e1rhat\u00f3 zs\u00e1kokat<\/strong>. Vigy\u00e1zzon, hogy ne f\u00fajja vagy r\u00e1zza a haszn\u00e1lt sz\u0171r\u0151ket.  <\/p>\n\n<h2 class=\"wp-block-heading\">Sz\u0171r\u0151csere<\/h2>\n\n<p><a href=\"https:\/\/obera.fr\/conseils\/purificateurs-air-efficaces-coronavirus\/\" data-type=\"URL\" data-id=\"https:\/\/obera.fr\/conseils\/purificateurs-air-efficaces-coronavirus\/\">A tiszt\u00edt\u00f3berendez\u00e9sek<\/a><strong> rendszeres karbantart\u00e1st<\/strong> ig\u00e9nyelnek. Ennek a karbantart\u00e1snak t\u00f6bb szakasza van, p\u00e9ld\u00e1ul a sz\u0171r\u0151k cser\u00e9je, a k\u00e9sz\u00fcl\u00e9ktest karbantart\u00e1sa vagy az elektromos rendszer karbantart\u00e1sa. <\/p>\n\n<h3 class=\"wp-block-heading\">A ventil\u00e1tor ellen\u0151rz\u00e9se \u00e9s karbantart\u00e1sa<\/h3>\n\n<div class=\"wp-block-columns is-layout-flex wp-container-core-columns-is-layout-28f84493 wp-block-columns-is-layout-flex\">\n<div class=\"wp-block-column is-layout-flow wp-block-column-is-layout-flow\" style=\"flex-basis:33.33%\">\n<figure class=\"wp-block-image aligncenter size-full\"><img decoding=\"async\" width=\"150\" height=\"150\" src=\"https:\/\/obera.fr\/wp-content\/uploads\/2022\/07\/ENTRETIEN-VENTILATEUR.jpg\" alt=\"ventil&#xE1;tor karbantart&#xE1;sa\" class=\"wp-image-13744\"\/><\/figure>\n<\/div>\n\n\n\n<div class=\"wp-block-column is-vertically-aligned-center is-layout-flow wp-block-column-is-layout-flow\" style=\"flex-basis:85%\">\n<p><strong>Ellen\u0151rizze a ventil\u00e1tort 12 havonta<\/strong>. Vegye le a ventil\u00e1tor tetej\u00e9r\u0151l a v\u00e9d\u0151r\u00e1csot. Ellen\u0151rizze a j\u00e1r\u00f3ker\u00e9k korr\u00f3zi\u00f3j\u00e1t \u00e9s lerak\u00f3d\u00e1sait. Tiszt\u00edtsa meg a ventil\u00e1tort (ruh\u00e1val \u00e9s kef\u00e9vel).   <\/p>\n<\/div>\n<\/div>\n\n<h3 class=\"wp-block-heading\">A tiszt\u00edt\u00f3 tiszt\u00edt\u00e1sa<\/h3>\n\n<div class=\"wp-block-columns is-layout-flex wp-container-core-columns-is-layout-28f84493 wp-block-columns-is-layout-flex\">\n<div class=\"wp-block-column is-layout-flow wp-block-column-is-layout-flow\" style=\"flex-basis:33.3%\">\n<figure class=\"wp-block-image aligncenter size-full\"><img decoding=\"async\" width=\"150\" height=\"150\" src=\"https:\/\/obera.fr\/wp-content\/uploads\/2022\/07\/NETTOYAGE-PURIFICATEUR-DAIR.jpg\" alt=\"l&#xE9;gtiszt&#xED;t&#xF3; tiszt&#xED;t&#xE1;sa\" class=\"wp-image-13751\"\/><\/figure>\n<\/div>\n\n\n\n<div class=\"wp-block-column is-vertically-aligned-center is-layout-flow wp-block-column-is-layout-flow\" style=\"flex-basis:85%\">\n<p><strong>A tiszt\u00edt\u00f3k ac\u00e9lb\u00f3l vagy alum\u00edniumb\u00f3l k\u00e9sz\u00fclnek<\/strong>. A karbantart\u00e1s sor\u00e1n a k\u00e9sz\u00fcl\u00e9kb\u0151l <strong>elt\u00e1vol\u00edtj\u00e1k a port<\/strong>. Ezut\u00e1n zs\u00edrtalan\u00edtsa a burkolatot egy pH-semleges term\u00e9kkel. Ezt a k\u00fcls\u0151 karbantart\u00e1st 12 havonta v\u00e9gezze el.   <\/p>\n<\/div>\n<\/div>\n\n<h3 class=\"wp-block-heading\">Az elektromos rendszer karbantart\u00e1sa \u00e9s tiszt\u00edt\u00e1sa<\/h3>\n\n<div class=\"wp-block-columns is-layout-flex wp-container-core-columns-is-layout-28f84493 wp-block-columns-is-layout-flex\">\n<div class=\"wp-block-column is-layout-flow wp-block-column-is-layout-flow\" style=\"flex-basis:33.33%\">\n<figure class=\"wp-block-image aligncenter size-full\"><img decoding=\"async\" width=\"150\" height=\"150\" src=\"https:\/\/obera.fr\/wp-content\/uploads\/2022\/07\/ENTRETIEN-CIRCUIT-ELECTRIQUE.jpg\" alt=\"elektromos &#xE1;ramk&#xF6;r&#xF6;k karbantart&#xE1;sa\" class=\"wp-image-13741\"\/><\/figure>\n<\/div>\n\n\n\n<div class=\"wp-block-column is-vertically-aligned-center is-layout-flow wp-block-column-is-layout-flow\" style=\"flex-basis:85%\">\n<p>Ellen\u0151rizze, hogy <strong>nincsenek-e szigetel\u00e9si hib\u00e1k<\/strong>. Ellen\u0151rizze, hogy a tiszt\u00edt\u00f3ban l\u00e9v\u0151 k\u00e1belek megfelel\u0151en meg vannak-e h\u00fazva. Tiszt\u00edtsa meg a tiszt\u00edt\u00f3 vez\u00e9rl\u0151panel\u00e9t egy sz\u00e1raz ruh\u00e1val, hogy k\u00f6nnyebb legyen a haszn\u00e1lata.  <\/p>\n<\/div>\n<\/div>\n\n<h3 class=\"wp-block-heading\">Tiszt\u00edt\u00f3 karbantart\u00e1sa: sz\u0171r\u0151k cser\u00e9je<\/h3>\n\n<div class=\"wp-block-columns is-layout-flex wp-container-core-columns-is-layout-28f84493 wp-block-columns-is-layout-flex\">\n<div class=\"wp-block-column is-layout-flow wp-block-column-is-layout-flow\" style=\"flex-basis:33.33%\">\n<figure class=\"wp-block-image aligncenter size-full\"><img decoding=\"async\" width=\"150\" height=\"150\" src=\"https:\/\/obera.fr\/wp-content\/uploads\/2022\/07\/CHANGEMENT-DES-FILTRES.jpg\" alt=\"sz&#x171;r&#x151;k cser&#xE9;je\" class=\"wp-image-13748\"\/><\/figure>\n<\/div>\n\n\n\n<div class=\"wp-block-column is-vertically-aligned-center is-layout-flow wp-block-column-is-layout-flow\" style=\"flex-basis:85%\">\n<p>A sz\u0171r\u0151ket \u00e9vente legal\u00e1bb egyszer ki kell cser\u00e9lni. <strong>A min\u0151s\u00e9gi tiszt\u00edt\u00f3k rendelkeznek elt\u00f6m\u0151d\u00e9sjelz\u0151vel (piros LED)<\/strong>. A sz\u0171r\u00e9si konfigur\u00e1ci\u00f3t\u00f3l f\u00fcgg\u0151en a k\u00e9sz\u00fcl\u00e9k <strong>el\u0151sz\u0171r\u0151vel<\/strong>, r\u00e9szecskesz\u0171r\u0151vel vagy sz\u00e9nsz\u0171r\u0151vel <strong>rendelkezik<\/strong>. N\u00e9zz\u00fck meg, hogyan kell ezeket cser\u00e9lni.   <\/p>\n<\/div>\n<\/div>\n\n<blockquote class=\"wp-block-quote is-layout-flow wp-block-quote-is-layout-flow\">\n<p>L\u00e1sd m\u00e9g cikk\u00fcnket arr\u00f3l, hogy mikor kell <a href=\"https:\/\/obera.fr\/hu\/a-mi-tanacsunk\/changer-filtre-purificateur-dair\/\" data-type=\"post\" data-id=\"12675\">cser\u00e9lni a l\u00e9gtiszt\u00edt\u00f3 sz\u0171r\u0151j\u00e9t<\/a>?<\/p>\n<\/blockquote>\n\n<h4 class=\"wp-block-heading\">Sz\u00edv\u00f3sz\u0171r\u0151k \u00e9s el\u0151sz\u0171r\u0151k cser\u00e9je<\/h4>\n\n<p>T\u00e1vol\u00edtsa el a sz\u0171r\u0151fedelet.<strong> H\u00fazza ki az el\u0151sz\u0171r\u0151t, majd a f\u0151sz\u0171r\u0151t a v\u00edztiszt\u00edt\u00f3b\u00f3l<\/strong>, \u00e9s helyezze a zs\u00e1kba. Ha a v\u00edztiszt\u00edt\u00f3 sz\u00e9nsz\u0171r\u0151bet\u00e9tekkel rendelkezik, vegye ki a modult. Vegye ki a sz\u00e9nsz\u0171r\u0151bet\u00e9teket (negyedfordulatos rendszer). <strong>Helyezze be az \u00faj sz\u0171r\u0151ket a k\u00e9sz\u00fcl\u00e9kbe<\/strong>.  <\/p>\n\n<h4 class=\"wp-block-heading\">Sz\u0171r\u0151fedelek tiszt\u00edt\u00e1sa<\/h4>\n\n<p>A sz\u0171r\u0151fed\u00e9l visszahelyez\u00e9se el\u0151tt meg kell tiszt\u00edtania azt. Haszn\u00e1ljon puha kef\u00e9t, nedves szivacsot vagy ruh\u00e1t. <strong>\u00dcgyeljen arra, hogy megtiszt\u00edtsa a ker\u00fcleti t\u00f6m\u00edt\u00e9st<\/strong>, ha van. <\/p>\n\n<h4 class=\"wp-block-heading\">Diff\u00fazi\u00f3s sz\u0171r\u0151k cser\u00e9je<\/h4>\n\n<p>T\u00e1vol\u00edtsa el a l\u00e9gkivezet\u0151 r\u00e1csot, \u00e9s <strong>oldja ki a<\/strong> diff\u00fazorsz\u0171r\u0151ket r\u00f6gz\u00edt\u0151 <strong>mechanizmust<\/strong>. Vegye ki a r\u00e9gi sz\u0171r\u0151t, \u00e9s helyezze be az \u00fajat. Ellen\u0151rizze, hogy a szennyezett poros oldal a ventil\u00e1tor fel\u00e9 n\u00e9zzen. Z\u00e1rja be a l\u00e9gkivezet\u0151 r\u00e1csot.   <\/p>\n\n<p>Ha t\u00f6bbet szeretne megtudni a l\u00e9gtiszt\u00edt\u00f3k karbantart\u00e1s\u00e1r\u00f3l \u00e9s \u00fczemeltet\u00e9s\u00e9r\u0151l, olvassa el tov\u00e1bbi cikkeinket.<\/p>\n","protected":false},"excerpt":{"rendered":"<p>A l\u00e9gtiszt\u00edt\u00f3 karbantart\u00e1sa biztos\u00edtja a min\u0151s\u00e9gi leveg\u0151t. A piros LED jelzi, hogy ki kell cser\u00e9lni a sz\u0171r\u0151ket. A l\u00e9gtiszt\u00edt\u00f3 karbantart\u00e1sa nem bonyolult, csak k\u00f6vesse tan\u00e1csainkat.  <\/p>\n","protected":false},"author":4,"featured_media":95228,"comment_status":"open","ping_status":"closed","sticky":false,"template":"","format":"standard","meta":{"_acf_changed":false,"_seopress_robots_primary_cat":"none","_seopress_titles_title":"Hogyan vigy\u00e1zzon l\u00e9gtiszt\u00edt\u00f3j\u00e1ra: 5 tipp","_seopress_titles_desc":"Hogyan kell karbantartani a l\u00e9gtiszt\u00edt\u00f3t? Az el\u0151sz\u0171r\u0151 n\u00e9h\u00e1ny \u00e9rdekes jelz\u00e9st ad. N\u00e9h\u00e1ny el\u00e1rulja, hogy sz\u00fcks\u00e9g van-e fokozottabb karbantart\u00e1sra.  ","_seopress_robots_index":"","footnotes":""},"categories":[314],"tags":[323],"class_list":["post-97434","post","type-post","status-publish","format-standard","has-post-thumbnail","hentry","category-a-mi-tanacsunk","tag-entete-kicsi","generate-columns","tablet-grid-50","mobile-grid-100","grid-parent","grid-50","no-featured-image-padding","resize-featured-image"],"acf":[],"_links":{"self":[{"href":"https:\/\/obera.fr\/hu\/wp-json\/wp\/v2\/posts\/97434","targetHints":{"allow":["GET"]}}],"collection":[{"href":"https:\/\/obera.fr\/hu\/wp-json\/wp\/v2\/posts"}],"about":[{"href":"https:\/\/obera.fr\/hu\/wp-json\/wp\/v2\/types\/post"}],"author":[{"embeddable":true,"href":"https:\/\/obera.fr\/hu\/wp-json\/wp\/v2\/users\/4"}],"replies":[{"embeddable":true,"href":"https:\/\/obera.fr\/hu\/wp-json\/wp\/v2\/comments?post=97434"}],"version-history":[{"count":1,"href":"https:\/\/obera.fr\/hu\/wp-json\/wp\/v2\/posts\/97434\/revisions"}],"predecessor-version":[{"id":97449,"href":"https:\/\/obera.fr\/hu\/wp-json\/wp\/v2\/posts\/97434\/revisions\/97449"}],"wp:featuredmedia":[{"embeddable":true,"href":"https:\/\/obera.fr\/hu\/wp-json\/wp\/v2\/media\/95228"}],"wp:attachment":[{"href":"https:\/\/obera.fr\/hu\/wp-json\/wp\/v2\/media?parent=97434"}],"wp:term":[{"taxonomy":"category","embeddable":true,"href":"https:\/\/obera.fr\/hu\/wp-json\/wp\/v2\/categories?post=97434"},{"taxonomy":"post_tag","embeddable":true,"href":"https:\/\/obera.fr\/hu\/wp-json\/wp\/v2\/tags?post=97434"}],"curies":[{"name":"wp","href":"https:\/\/api.w.org\/{rel}","templated":true}]}}