{"id":98055,"date":"2021-07-29T20:20:37","date_gmt":"2021-07-29T18:20:37","guid":{"rendered":"https:\/\/obera.fr\/a-mi-tanacsunk\/reglementation-vlep-evaluation-risque-chimique-lieu-de-travail\/"},"modified":"2025-05-07T09:23:27","modified_gmt":"2025-05-07T07:23:27","slug":"reglementation-vlep-evaluation-risque-chimique-lieu-de-travail","status":"publish","type":"post","link":"https:\/\/obera.fr\/hu\/a-mi-tanacsunk\/reglementation-vlep-evaluation-risque-chimique-lieu-de-travail\/","title":{"rendered":"VLEP-el\u0151\u00edr\u00e1sok: k\u00e9miai kock\u00e1zat\u00e9rt\u00e9kel\u00e9s a munkahelyen"},"content":{"rendered":"\n<p>Az <strong>OEL <\/strong><strong>(foglalkoz\u00e1si expoz\u00edci\u00f3s hat\u00e1r\u00e9rt\u00e9k<\/strong>) rendelet kulcsfontoss\u00e1g\u00fa elem a munkahelyi vegyi kock\u00e1zatok \u00e9rt\u00e9kel\u00e9s\u00e9ben. A VLEP-szab\u00e1lyoz\u00e1s fogalm\u00e1nak meg\u00e9rt\u00e9se alapvet\u0151 fontoss\u00e1g\u00fa a potenci\u00e1lisan vesz\u00e9lyes vegyi anyagoknak kitett munkav\u00e1llal\u00f3k biztons\u00e1g\u00e1nak biztos\u00edt\u00e1s\u00e1hoz. <\/p>\n\n<h2 class=\"wp-block-heading\"><strong>Mi a foglalkoz\u00e1si expoz\u00edci\u00f3s hat\u00e1r\u00e9rt\u00e9k?<\/strong><\/h2>\n\n<h3 class=\"wp-block-heading\"><strong>A VLEP-szab\u00e1lyok meghat\u00e1roz\u00e1sa<\/strong><\/h3>\n\n<figure class=\"wp-block-image alignleft size-full is-resized\"><img decoding=\"async\" width=\"400\" height=\"400\" src=\"https:\/\/obera.fr\/wp-content\/uploads\/2023\/12\/vlep.jpg\" alt=\"vlep\" class=\"wp-image-26580\" style=\"width:226px;height:auto\" srcset=\"https:\/\/obera.fr\/wp-content\/uploads\/2023\/12\/vlep.jpg 400w, https:\/\/obera.fr\/wp-content\/uploads\/2023\/12\/vlep-300x300.jpg 300w, https:\/\/obera.fr\/wp-content\/uploads\/2023\/12\/vlep-150x150.jpg 150w\" sizes=\"(max-width: 400px) 100vw, 400px\" \/><\/figure>\n\n<p>Az OELV<strong>(foglalkoz\u00e1si expoz\u00edci\u00f3s hat\u00e1r\u00e9rt\u00e9k<\/strong>) egy vegyi anyagnak az a maxim\u00e1lis leveg\u0151ben l\u00e9v\u0151 koncentr\u00e1ci\u00f3ja, amelyet egy szem\u00e9ly eg\u00e9szs\u00e9gi kock\u00e1zat n\u00e9lk\u00fcl bel\u00e9legezhet. A VLEP-eket a Munka\u00fcgyi, Foglalkoztat\u00e1si \u00e9s Integr\u00e1ci\u00f3s Miniszt\u00e9rium hat\u00e1rozza meg, \u00e9s az ismeretek \u00e1ll\u00e1s\u00e1nak megfelel\u0151en fel\u00fclvizsg\u00e1lja. Ezek a munkahelyi eg\u00e9szs\u00e9g\u00fcgyi kock\u00e1zatok megel\u0151z\u00e9s\u00e9nek eszk\u00f6zei, \u00e9s a t\u00f6rv\u00e9ny \u00e1ltal el\u0151\u00edrt m\u0171szaki ellen\u0151rz\u00e9sek viszony\u00edt\u00e1si alapj\u00e1ul szolg\u00e1lnak (2009. december 15-i 2009-1570. sz. rendelet). <strong>A munk\u00e1ltat\u00f3knak<\/strong> be kell tartaniuk a VLEP-hat\u00e1r\u00e9rt\u00e9keket, amelyeket <strong>a francia munka t\u00f6rv\u00e9nyk\u00f6nyv\u00e9nek L.4121-1 \u00e9s azt k\u00f6vet\u0151 cikkei \u00e9s L.4221-1 cikke<\/strong>i hat\u00e1roznak meg.   <\/p>\n\n<p>A <strong>VLEP-rendelet<\/strong> c\u00e9lja a munkak\u00f6rnyezetben jelen l\u00e9v\u0151 vegyi anyagok expoz\u00edci\u00f3s hat\u00e1r\u00e9rt\u00e9keinek meg\u00e1llap\u00edt\u00e1sa. Ezeket a hat\u00e1r\u00e9rt\u00e9keket az\u00e9rt hat\u00e1rozz\u00e1k meg, hogy megv\u00e9dj\u00e9k a munkav\u00e1llal\u00f3kat a vegyi anyagok eg\u00e9szs\u00e9gre gyakorolt k\u00e1ros hat\u00e1sait\u00f3l. E hat\u00e1r\u00e9rt\u00e9kek betart\u00e1s\u00e1val a munk\u00e1ltat\u00f3k hozz\u00e1j\u00e1rulnak a vegyi anyagoknak val\u00f3 kitetts\u00e9ggel \u00f6sszef\u00fcgg\u0151 foglalkoz\u00e1si megbeteged\u00e9sek megel\u0151z\u00e9s\u00e9hez.  <\/p>\n\n<p>R\u00f6viden, a VLEP a vegyi anyagok koncentr\u00e1ci\u00f3j\u00e1nak egy olyan szintje a munkahelyek l\u00e9gk\u00f6r\u00e9ben, amelyet egy adott id\u0151szakban nem szabad t\u00fall\u00e9pni. Ez a leveg\u0151ben l\u00e9v\u0151 expoz\u00edci\u00f3 szintj\u00e9nek \u00e9rt\u00e9kel\u00e9s\u00e9re szolg\u00e1l\u00f3 referencia\u00e9rt\u00e9k. Ezt az \u00e9rt\u00e9ket :  <\/p>\n\n<ul class=\"wp-block-list\">\n<li>t\u00f6megsz\u00e1zal\u00e9k (mg\/m3 vagy mg vegyi anyag\/m3 leveg\u0151) g\u00e1zok, g\u0151z\u00f6k, foly\u00e9kony \u00e9s szil\u00e1rd aeroszolok eset\u00e9ben;<\/li>\n\n\n\n<li>t\u00e9rfogatsz\u00e1zal\u00e9k (ppm, azaz milliomodr\u00e9sz) g\u00e1zok \u00e9s g\u0151z\u00f6k eset\u00e9ben;<\/li>\n\n\n\n<li>f\/cm3 (sz\u00e1lak per cm3) sz\u00e1las anyagok eset\u00e9ben.<\/li>\n<\/ul>\n\n<h3 class=\"wp-block-heading\"><strong>A VLEP-szab\u00e1lyoz\u00e1s elve<\/strong><\/h3>\n\n<p>A VLEP-szab\u00e1lyoz\u00e1s f\u0151 elemei k\u00f6z\u00e9 tartozik <strong>az \u00e9rintett vegyi anyagok meghat\u00e1roz\u00e1sa, a specifikus expoz\u00edci\u00f3s hat\u00e1r\u00e9rt\u00e9kek meg\u00e1llap\u00edt\u00e1sa, az ellen\u0151rz\u00e9si \u00e9s fel\u00fcgyeleti int\u00e9zked\u00e9sek bemutat\u00e1sa, valamint a kock\u00e1zat\u00e9rt\u00e9kel\u00e9si m\u00f3dszerek<\/strong>. Ezeket az elemeket gyakran a Munka T\u00f6rv\u00e9nyk\u00f6nyve vagy az orsz\u00e1gspecifikus rendeletek r\u00e9szletezik. <\/p>\n\n<p>A munk\u00e1ltat\u00f3knak jogilag k\u00f6telez\u0151 betartaniuk a VLEP-szab\u00e1lyokat. A munk\u00e1ltat\u00f3knak <strong>azonos\u00edtaniuk kell a munkahelyen jelen l\u00e9v\u0151 vegyi anyagokat, fel kell m\u00e9rni\u00fck a kapcsol\u00f3d\u00f3 kock\u00e1zatokat, megfelel\u0151 megel\u0151z\u00e9si \u00e9s v\u00e9delmi int\u00e9zked\u00e9seket kell v\u00e9grehajtaniuk, t\u00e1j\u00e9koztatniuk \u00e9s oktatniuk kell a munkav\u00e1llal\u00f3kat<\/strong>, \u00e9s <strong>rendszeres ellen\u0151rz\u00e9seket<\/strong> kell v\u00e9gezni\u00fck annak biztos\u00edt\u00e1s\u00e1ra, hogy az expoz\u00edci\u00f3s hat\u00e1r\u00e9rt\u00e9keket betarts\u00e1k. <\/p>\n\n<h2 class=\"wp-block-heading\">VLEP-el\u0151\u00edr\u00e1sok: korl\u00e1toz\u00f3 vagy indikat\u00edv hat\u00e1r\u00e9rt\u00e9kek<\/h2>\n\n<p>A VLEP-eket a Munka\u00fcgyi, Foglalkoztat\u00e1si \u00e9s Integr\u00e1ci\u00f3s Miniszt\u00e9rium \u00e1llap\u00edthatja meg, vagy a CNAMTS (Caisse nationale de l&#8217;assurance maladie des travailleurs salari\u00e9s) aj\u00e1nlhatja.<\/p>\n\n<p><strong>A VLEP-eket jelleg\u00fck szerint<\/strong> k\u00fcl\u00f6nb\u00f6ztetj\u00fck meg:<\/p>\n\n<ul class=\"wp-block-list\">\n<li><strong>Szab\u00e1lyoz\u00e1s <\/strong>(a szab\u00e1lyoz\u00e1si \u00e9s az indikat\u00edv VLEP k\u00f6z\u00f6tti k\u00fcl\u00f6nbs\u00e9gt\u00e9tel) ;<\/li>\n\n\n\n<li><strong>M\u0171szaki <\/strong>(VLEP 8h vagy VLEP r\u00f6vid t\u00e1v\u00fa).<\/li>\n<\/ul>\n\n<h3 class=\"wp-block-heading\">K\u00f6telez\u0151 szab\u00e1lyoz\u00e1si hat\u00e1r\u00e9rt\u00e9kek<\/h3>\n\n<p><strong>A korl\u00e1toz\u00f3 hat\u00e1r\u00e9rt\u00e9keket rendeletben \u00e1llap\u00edtj\u00e1k meg<\/strong>, \u00e9s be\u00e9p\u00edtik a Munka T\u00f6rv\u00e9nyk\u00f6nyv\u00e9be:<\/p>\n\n<ul class=\"wp-block-list\">\n<li>Az R.4412-149. cikk egy t\u00e1bl\u00e1zatban felsorol bizonyos vesz\u00e9lyes vegyi anyagokat (DCA-k), p\u00e9ld\u00e1ul a CMR-anyagokat (r\u00e1kkelt\u0151 \u00e9s\/vagy mutag\u00e9n \u00e9s\/vagy reprodukci\u00f3t k\u00e1ros\u00edt\u00f3), mint p\u00e9ld\u00e1ul a sz\u00e9n-monoxid, <a href=\"https:\/\/obera.fr\/conseils\/vlep-chrome-hexavalent-valeurs-limites-exposition-professionnelle-contraignantes\/\">kr\u00f3m-trioxid<\/a>, \u00f3lom stb.<\/li>\n\n\n\n<li>Az R.4412-100. cikk k\u00f6telez\u0151 \u00e9rv\u00e9ny\u0171 VLEP-et hat\u00e1roz meg az azbesztsz\u00e1lakra vonatkoz\u00f3an;<\/li>\n\n\n\n<li>Az R.4222-10. cikk korl\u00e1toz\u00f3 VLEP-\u00e9rt\u00e9ket hat\u00e1roz meg a teljes \u00e9s a bel\u00e9legezhet\u0151 porra vonatkoz\u00f3an <strong>;<\/strong><\/li>\n\n\n\n<li>Az R.4412-154. \u00e9s az R.4412-155. cikk korl\u00e1toz\u00f3 OEL-t \u00e1llap\u00edt meg a krist\u00e1lyos szil\u00edcium-dioxidra.<\/li>\n<\/ul>\n\n<p>A k\u00f6telez\u0151 \u00e9rv\u00e9ny\u0171 ELV-\u00e9rt\u00e9keket <strong>nem szabad t\u00fall\u00e9pni <\/strong>, ennek hi\u00e1ny\u00e1ban b\u00fcntet\u0151jogi szankci\u00f3kat kell alkalmazni.<\/p>\n\n<h3 class=\"wp-block-heading\">Indikat\u00edv szab\u00e1lyoz\u00e1si hat\u00e1r\u00e9rt\u00e9kek<\/h3>\n\n<p><strong>Az indikat\u00edv hat\u00e1r\u00e9rt\u00e9keket rendelet hat\u00e1rozza meg<\/strong>. Ezeket a <strong>minim\u00e1lisan el\u00e9rend\u0151 megel\u0151z\u00e9si c\u00e9lk\u00e9nt<\/strong> hat\u00e1rozz\u00e1k meg. <\/p>\n\n<h3 class=\"wp-block-heading\">8 \u00f3r\u00e1s VLEP<\/h3>\n\n<p>A 8 \u00f3r\u00e1s foglalkoz\u00e1si expoz\u00edci\u00f3s hat\u00e1r\u00e9rt\u00e9k (8 \u00f3r\u00e1s OELV) a <strong>8 \u00f3r\u00e1s m\u0171szak id\u0151tartama<\/strong> alatt m\u00e9rt maxim\u00e1lis<strong> expoz\u00edci\u00f3s<\/strong> szint. A 8 \u00f3r\u00e1s OEL-\u00e9rt\u00e9k betart\u00e1sa megel\u0151zi a vegyi anyagok \u00e1ltal okozott k\u00e9sleltetett hat\u00e1s\u00fa kock\u00e1zatokat. <\/p>\n\n<h3 class=\"wp-block-heading\">R\u00f6vid t\u00e1v\u00fa VLEP<\/h3>\n\n<p>A r\u00f6vid t\u00e1v\u00fa foglalkoz\u00e1si expoz\u00edci\u00f3s hat\u00e1r\u00e9rt\u00e9k (STEV) egy <strong>15 perces referencia-id\u0151szakban m\u00e9rt maxim\u00e1lis szint<\/strong>. Az STEV betart\u00e1sa megakad\u00e1lyozza a r\u00f6vid ideig tart\u00f3 m\u00e9rgez\u0151 hat\u00e1sok kock\u00e1zat\u00e1t. <\/p>\n\n<h2 class=\"wp-block-heading\"><strong>A VLEP szab\u00e1lyoz\u00e1s\u00e1nak nyomon k\u00f6vet\u00e9se<\/strong><\/h2>\n\n<p>A VLEP ellen\u0151rz\u00e9s\u00e9re vonatkoz\u00f3 szab\u00e1lyokat a :<\/p>\n\n<ul class=\"wp-block-list\">\n<li>A francia Munka T\u00f6rv\u00e9nyk\u00f6nyv\u00e9nek R.4412-27-R.4412-31 cikkei a vesz\u00e9lyes vegyi anyagokra (ACD) vonatkoz\u00f3an;<\/li>\n\n\n\n<li>Az R.4412-76-R.4412-80. cikk a CMR kateg\u00f3ri\u00e1ba sorolt vegyi anyagokra vonatkoz\u00f3an;<\/li>\n\n\n\n<li>A 2009. december 15-i 2009-1570. sz. rendelet a munkahelyi vegyi kock\u00e1zatok ellen\u0151rz\u00e9s\u00e9r\u0151l.<\/li>\n<\/ul>\n\n<p>Ezek a jogszab\u00e1lyok meghat\u00e1rozz\u00e1k a <strong>m\u00e9r\u00e9si elj\u00e1r\u00e1sokat <\/strong>\u00e9s az <strong>ellen\u0151rz\u0151 szervek akkredit\u00e1ci\u00f3s rendszer\u00e9t<\/strong>.<\/p>\n\n<h3 class=\"wp-block-heading\">A VLEP ellen\u0151rz\u00e9s\u00e9re vonatkoz\u00f3 elj\u00e1r\u00e1sok<\/h3>\n\n<p>A 2009. december 15-i 2009-1570. sz. rendelet \u00e9rtelm\u00e9ben <strong>minden olyan vegyi anyagot, amelyre <\/strong>k\u00f6telez\u0151 vagy indikat\u00edv szab\u00e1lyoz\u00e1si <strong>VLEP <\/strong>vonatkozik, meg kell vizsg\u00e1lni. <strong>Az 1A vagy 1B kateg\u00f3ri\u00e1ba sorolt, szab\u00e1lyoz\u00e1si VLEP-vel rendelkez\u0151 CMR-k\u00e9miai anyagokat<\/strong> rendszeresen, legal\u00e1bb \u00e9vente egyszer, vagy minden olyan v\u00e1ltoz\u00e1s eset\u00e9n, amely val\u00f3sz\u00edn\u0171leg kedvez\u0151tlen hat\u00e1ssal lehet a munkav\u00e1llal\u00f3k expoz\u00edci\u00f3j\u00e1ra, <strong>akkredit\u00e1lt szervezetnek kell vizsg\u00e1lnia<\/strong>. Ugyanez a szab\u00e1ly vonatkozik a <strong>vesz\u00e9lyes vegyi anyagokra (HCA), amelyeknek VLEP-je szab\u00e1lyozott<\/strong>, kiv\u00e9ve, ha a munk\u00e1ltat\u00f3 \u00e1ltal elv\u00e9gzett \u00e9rt\u00e9kel\u00e9s alacsony kock\u00e1zatot mutat a munkav\u00e1llal\u00f3k eg\u00e9szs\u00e9g\u00e9re.  <\/p>\n\n<p>A <strong>l\u00e9gk\u00f6ri megfigyel\u00e9s eredm\u00e9nyeit<\/strong> egy <strong>nemzeti adatb\u00e1zisban<\/strong> (az INRS \u00e1ltal kezelt SCOLA adatb\u00e1zis) r\u00f6gz\u00edtik, \u00e9s tov\u00e1bbra is el\u00e9rhet\u0151ek :<\/p>\n\n<ul class=\"wp-block-list\">\n<li>a foglalkoz\u00e1s-eg\u00e9szs\u00e9g\u00fcgyi orvos ;<\/li>\n\n\n\n<li>a CHSCT ;<\/li>\n\n\n\n<li>a munka\u00fcgyi fel\u00fcgyel\u0151s\u00e9g ;<\/li>\n\n\n\n<li>az \u00fczemi ellen\u0151r ;<\/li>\n\n\n\n<li>a t\u00e1rsadalombiztos\u00edt\u00e1si szervezetek megel\u0151z\u00e9si oszt\u00e1lyainak munkat\u00e1rsai.<\/li>\n<\/ul>\n\n<p>Megjegyz\u00e9s: <strong>a porszint m\u00e9r\u00e9s\u00e9nek<\/strong> \u00e9s az azbeszt VLEP ellen\u0151rz\u00e9s\u00e9nek <strong>felt\u00e9teleit<\/strong> a francia Munka T\u00f6rv\u00e9nyk\u00f6nyve R.4412-104. \u00e9s azt k\u00f6vet\u0151 cikkei hat\u00e1rozz\u00e1k meg.<strong> A teljes porszint ellen\u0151rz\u00e9s\u00e9t<\/strong> a francia Munka T\u00f6rv\u00e9nyk\u00f6nyve R.4722-1, R.4722-2, R.4724-2 \u00e9s R.4724-3 cikkei szab\u00e1lyozz\u00e1k. <\/p>\n\n<h3 class=\"wp-block-heading\"><strong>VLEP ellen\u0151rz\u0151 szervek<\/strong><\/h3>\n\n<figure class=\"wp-block-image alignleft size-full is-resized\"><img decoding=\"async\" width=\"900\" height=\"900\" src=\"https:\/\/obera.fr\/wp-content\/uploads\/2023\/12\/cofrac.jpg\" alt=\"cofrac\" class=\"wp-image-26583\" style=\"width:147px;height:auto\" srcset=\"https:\/\/obera.fr\/wp-content\/uploads\/2023\/12\/cofrac.jpg 900w, https:\/\/obera.fr\/wp-content\/uploads\/2023\/12\/cofrac-300x300.jpg 300w, https:\/\/obera.fr\/wp-content\/uploads\/2023\/12\/cofrac-150x150.jpg 150w, https:\/\/obera.fr\/wp-content\/uploads\/2023\/12\/cofrac-768x768.jpg 768w\" sizes=\"(max-width: 900px) 100vw, 900px\" \/><\/figure>\n\n<p><strong>A VLEP-vizsg\u00e1latot <\/strong>a francia akkredit\u00e1ci\u00f3s bizotts\u00e1g (Cofrac) \u00e1ltal <strong>akkredit\u00e1lt f\u00fcggetlen szervezetnek<\/strong> kell elv\u00e9geznie. A VLEP m\u0171szaki ellen\u0151rz\u00e9se 4 szolg\u00e1ltat\u00e1sb\u00f3l \u00e1ll: <\/p>\n\n<ul class=\"wp-block-list\">\n<li>A mintav\u00e9teli strat\u00e9gia meghat\u00e1roz\u00e1sa ;<\/li>\n\n\n\n<li>Mintav\u00e9tel;<\/li>\n\n\n\n<li>A mint\u00e1k elemz\u00e9se ;<\/li>\n\n\n\n<li>Annak meg\u00e1llap\u00edt\u00e1sa, hogy a foglalkoz\u00e1si expoz\u00edci\u00f3s hat\u00e1r\u00e9rt\u00e9kek teljes\u00fcltek-e vagy t\u00fall\u00e9pt\u00e9k-e azokat.<\/li>\n<\/ul>\n\n<h2 class=\"wp-block-heading\"><strong>A VLEP-szab\u00e1lyok be nem tart\u00e1s\u00e1nak szankci\u00f3i<\/strong><\/h2>\n\n<p>A VLEP-szab\u00e1lyok be nem tart\u00e1sa jogi k\u00f6vetkezm\u00e9nyekkel \u00e9s b\u00fcntet\u00e9sekkel j\u00e1rhat a v\u00e1llalatok sz\u00e1m\u00e1ra. Az illet\u00e9kes hat\u00f3s\u00e1gok a szab\u00e1lyok be nem tart\u00e1sa eset\u00e9n b\u00edrs\u00e1got szabhatnak ki, felf\u00fcggeszthetik a v\u00e1llalat tev\u00e9kenys\u00e9g\u00e9t vagy b\u00fcntet\u0151elj\u00e1r\u00e1st ind\u00edthatnak. Ez\u00e9rt a munk\u00e1ltat\u00f3k sz\u00e1m\u00e1ra l\u00e9tfontoss\u00e1g\u00fa, hogy a munkav\u00e1llal\u00f3k eg\u00e9szs\u00e9g\u00e9nek \u00e9s biztons\u00e1g\u00e1nak garant\u00e1l\u00e1sa \u00e9rdek\u00e9ben lelkiismeretesen betarts\u00e1k ezeket az el\u0151\u00edr\u00e1sokat.  <\/p>\n\n<h3 class=\"wp-block-heading\"><strong>TLV-k t\u00fall\u00e9p\u00e9se a v\u00e1llalaton bel\u00fcl<\/strong><\/h3>\n\n<figure class=\"wp-block-image alignright size-large is-resized\"><img decoding=\"async\" width=\"1024\" height=\"1024\" src=\"https:\/\/obera.fr\/wp-content\/uploads\/2023\/12\/panneau-stop-1024x1024.jpg\" alt=\"stopt&#xE1;bla\" class=\"wp-image-26587\" style=\"width:131px;height:auto\" srcset=\"https:\/\/obera.fr\/wp-content\/uploads\/2023\/12\/panneau-stop-1024x1024.jpg 1024w, https:\/\/obera.fr\/wp-content\/uploads\/2023\/12\/panneau-stop-300x300.jpg 300w, https:\/\/obera.fr\/wp-content\/uploads\/2023\/12\/panneau-stop-150x150.jpg 150w, https:\/\/obera.fr\/wp-content\/uploads\/2023\/12\/panneau-stop-768x768.jpg 768w, https:\/\/obera.fr\/wp-content\/uploads\/2023\/12\/panneau-stop-1536x1536.jpg 1536w, https:\/\/obera.fr\/wp-content\/uploads\/2023\/12\/panneau-stop.jpg 1920w\" sizes=\"(max-width: 1024px) 100vw, 1024px\" \/><\/figure>\n\n<p>Ha <strong>a k\u00f6telez\u0151 szab\u00e1lyoz\u00e1si VLEP-eket t\u00fall\u00e9pik<\/strong>, a munk\u00e1ltat\u00f3nak :<\/p>\n\n<ul class=\"wp-block-list\">\n<li><strong>Az \u00e9rintett munkahelyeken a munkav\u00e9gz\u00e9s le\u00e1ll\u00edt\u00e1sa<\/strong> a munkav\u00e1llal\u00f3k v\u00e9delm\u00e9hez sz\u00fcks\u00e9ges int\u00e9zked\u00e9sek v\u00e9grehajt\u00e1s\u00e1ig, amennyiben 1A. vagy 1B. kateg\u00f3ri\u00e1j\u00fa CMR-k\u00f3rokoz\u00f3r\u00f3l van sz\u00f3 (a francia munka t\u00f6rv\u00e9nyk\u00f6nyv\u00e9nek R.4412-77. cikke);<\/li>\n\n\n\n<li><strong>Azonnali int\u00e9zked\u00e9sek <\/strong> meghozatala <strong>a munkav\u00e1llal\u00f3k v\u00e9delme \u00e9rdek\u00e9ben ACD eset\u00e9n <\/strong>(a francia Munka T\u00f6rv\u00e9nyk\u00f6nyv\u00e9nek R.4412-11 \u00e9s R.4412-12 cikke).<\/li>\n<\/ul>\n\n<p><strong>Az indikat\u00edv VLEP t\u00fall\u00e9p\u00e9se<\/strong> eset\u00e9n a munk\u00e1ltat\u00f3nak<strong>kock\u00e1zat\u00e9rt\u00e9kel\u00e9st <\/strong>kell v\u00e9geznie a megfelel\u0151 megel\u0151z\u00e9si \u00e9s v\u00e9delmi int\u00e9zked\u00e9sek meghat\u00e1roz\u00e1sa \u00e9rdek\u00e9ben:<\/p>\n\n<ul class=\"wp-block-list\">\n<li>A francia munka t\u00f6rv\u00e9nyk\u00f6nyve R.4412-78. cikke \u00e9rtelm\u00e9ben az 1A vagy 1B kateg\u00f3ri\u00e1j\u00fa CMR ;<\/li>\n\n\n\n<li>A francia munka t\u00f6rv\u00e9nyk\u00f6nyve R.4412-29. cikke \u00e9rtelm\u00e9ben ACD eset\u00e9ben.<\/li>\n<\/ul>\n\n<h3 class=\"wp-block-heading\"><strong>A v\u00e1llalatra gyakorolt k\u00f6vetkezm\u00e9nyek<\/strong><\/h3>\n\n<p>A munk\u00e1ltat\u00f3k t\u00f6rv\u00e9nyileg k\u00f6telesek gondoskodni munkav\u00e1llal\u00f3ik eg\u00e9szs\u00e9g\u00e9r\u0151l \u00e9s biztons\u00e1g\u00e1r\u00f3l (a francia Munka T\u00f6rv\u00e9nyk\u00f6nyv\u00e9nek L.4121-1. cikke). Ez a k\u00f6telezetts\u00e9g mag\u00e1ban foglalja a megel\u0151z\u00e9si, t\u00e1j\u00e9koztat\u00e1si \u00e9s k\u00e9pz\u00e9si int\u00e9zked\u00e9sek v\u00e9grehajt\u00e1s\u00e1t. Ennek keret\u00e9ben a munk\u00e1ltat\u00f3nak rendszeresen el kell v\u00e9geznie a munkahelyi kock\u00e1zatok \u00e9rt\u00e9kel\u00e9s\u00e9t minden egyes munkahelyen, amely mag\u00e1ban foglalja a VLEP m\u0171szaki ellen\u0151rz\u00e9s\u00e9t. A munk\u00e1ltat\u00f3 felel\u0151ss\u00e9gre vonhat\u00f3, ha nem tesz eleget a VLEP-szab\u00e1lyok szerinti k\u00f6telezetts\u00e9geinek.   <\/p>\n\n<p>A k\u00f6telez\u0151 VLEP t\u00fall\u00e9p\u00e9se eset\u00e9n a b\u00fcntet\u0151jogi szankci\u00f3 a munk\u00e1ltat\u00f3t :<\/p>\n\n<ul class=\"wp-block-list\">\n<li>10 000 eur\u00f3ig terjed\u0151 p\u00e9nzb\u00edrs\u00e1g;<\/li>\n\n\n\n<li>Egy \u00e9v szabads\u00e1gveszt\u00e9s \u00e9s 30 000 eur\u00f3s p\u00e9nzb\u00edrs\u00e1g ism\u00e9telt elk\u00f6vet\u00e9s eset\u00e9n.<\/li>\n<\/ul>\n\n<p>A b\u00edrs\u00e1got annyi alkalommal kell kiszabni, ah\u00e1ny munkav\u00e1llal\u00f3t \u00e9rint a jogs\u00e9rt\u00e9s (a Munka T\u00f6rv\u00e9nyk\u00f6nyv\u00e9nek L4741-1. cikke). <strong>Foglalkoz\u00e1si megbeteged\u00e9s vagy baleset<\/strong> eset\u00e9n (amely bek\u00f6vetkezett vagy bek\u00f6vetkezhet) a munk\u00e1ltat\u00f3t <strong>polg\u00e1ri jogi felel\u0151ss\u00e9g<\/strong> terheli. A rendes jog szab\u00e1lyai szerint (a francia polg\u00e1ri t\u00f6rv\u00e9nyk\u00f6nyv 1231-1. cikke) az a munk\u00e1ltat\u00f3, aki nem tesz eleget biztons\u00e1gi k\u00f6telezetts\u00e9g\u00e9nek, k\u00f6teles <strong>megt\u00e9r\u00edteni a munkav\u00e1llal\u00f3nak az okozott k\u00e1rt <\/strong>(bele\u00e9rtve a szorong\u00e1ssal kapcsolatos k\u00e1rt is). <\/p>\n\n<h3 class=\"wp-block-heading\"><strong>Megfelel\u00e9s<\/strong><\/h3>\n\n<p>A VLEP-szab\u00e1lyoknak val\u00f3 megfelel\u00e9shez a v\u00e1llalatoknak sz\u00e1mos l\u00e9p\u00e9st kell k\u00f6vetni\u00fck. El\u0151sz\u00f6r is el kell v\u00e9gezni\u00fck a munkak\u00f6rnyezet\u00fckre jellemz\u0151 <strong>vegyi kock\u00e1zat\u00e9rt\u00e9kel\u00e9st <\/strong>. Ezut\u00e1n <strong>megfelel\u0151 megel\u0151z\u00e9si \u00e9s ellen\u0151rz\u00e9si int\u00e9zked\u00e9seket<\/strong> kell bevezetni\u00fck, mint p\u00e9ld\u00e1ul helyettes\u00edt\u0151 anyagok haszn\u00e1lata, szell\u0151ztet\u00e9s \u00e9s a munkav\u00e1llal\u00f3k k\u00e9pz\u00e9se. V\u00e9g\u00fcl pedig elengedhetetlen a <strong>rendszeres ellen\u0151rz\u00e9sek elv\u00e9gz\u00e9se<\/strong> az expoz\u00edci\u00f3s hat\u00e1r\u00e9rt\u00e9keknek val\u00f3 folyamatos megfelel\u00e9s biztos\u00edt\u00e1sa, \u00e9s sz\u00fcks\u00e9g eset\u00e9n az ellen\u0151rz\u0151 int\u00e9zked\u00e9sek friss\u00edt\u00e9se \u00e9rdek\u00e9ben.   <\/p>\n\n<p>Az ellen\u0151rz\u00e9si \u00e9s kontrollfolyamatok alapvet\u0151 szerepet j\u00e1tszanak a VLEP-szab\u00e1lyoknak val\u00f3 megfelel\u00e9sben. Ezek az ellen\u0151rz\u00e9sek ellen\u0151rzik a megel\u0151z\u00e9si int\u00e9zked\u00e9sek v\u00e9grehajt\u00e1s\u00e1t, figyelemmel k\u00eds\u00e9rik az expoz\u00edci\u00f3s szinteket, azonos\u00edtj\u00e1k a fejlesztend\u0151 ter\u00fcleteket, \u00e9s biztos\u00edtj\u00e1k a meg\u00e1llap\u00edtott szabv\u00e1nyoknak val\u00f3 megfelel\u00e9st. Az auditokat a munkahelyi eg\u00e9szs\u00e9gv\u00e9delemre \u00e9s biztons\u00e1gra szakosodott bels\u0151 vagy k\u00fcls\u0151 szervek v\u00e9gezhetik.  <\/p>\n\n<h2 class=\"wp-block-heading\"><strong>A VLEP-szab\u00e1lyok v\u00e1ltoz\u00e1sai<\/strong><\/h2>\n\n<p>A VLEP-szab\u00e1lyoz\u00e1s <strong>folyamatos<\/strong> kih\u00edv\u00e1sokkal \u00e9s <strong>v\u00e1ltoz\u00e1sokkal<\/strong> szembes\u00fcl. A technol\u00f3giai \u00e9s tudom\u00e1nyos fejl\u0151d\u00e9s, valamint az iparban haszn\u00e1lt \u00faj vegyi anyagok az expoz\u00edci\u00f3s hat\u00e1r\u00e9rt\u00e9kek \u00e9s az ellen\u0151rz\u0151 int\u00e9zked\u00e9sek rendszeres friss\u00edt\u00e9s\u00e9t teszik sz\u00fcks\u00e9gess\u00e9. Az illet\u00e9kes hat\u00f3s\u00e1goknak \u00e9bernek \u00e9s reag\u00e1l\u00f3nak kell maradniuk, hogy megfeleljenek a munkahelyi eg\u00e9szs\u00e9gv\u00e9delem \u00e9s biztons\u00e1g \u00faj kih\u00edv\u00e1sainak.    <\/p>\n\n<p>\u00d6sszefoglalva, a <strong>VLEP-el\u0151\u00edr\u00e1sok<\/strong> alapvet\u0151 fontoss\u00e1g\u00faak a munkahelyi vegyi kock\u00e1zatok \u00e9rt\u00e9kel\u00e9s\u00e9hez \u00e9s ellen\u0151rz\u00e9s\u00e9hez. Jelent\u0151s eg\u00e9szs\u00e9g\u00fcgyi, biztons\u00e1gi \u00e9s reput\u00e1ci\u00f3s el\u0151ny\u00f6kkel j\u00e1r a munk\u00e1ltat\u00f3k sz\u00e1m\u00e1ra. A jogi k\u00f6telezetts\u00e9geknek val\u00f3 megfelel\u00e9s \u00e9s a munkav\u00e1llal\u00f3k v\u00e9delme r\u00e9v\u00e9n a v\u00e1llalatok biztons\u00e1gos \u00e9s eg\u00e9szs\u00e9ges munkak\u00f6rnyezetet biztos\u00edthatnak. A VLEP-el\u0151\u00edr\u00e1soknak val\u00f3 megfelel\u00e9s kock\u00e1zat\u00e9rt\u00e9kel\u00e9st, <strong>megfelel\u0151 v\u00e9d\u0151int\u00e9zked\u00e9seket<\/strong>, rendszeres ellen\u0151rz\u00e9seket \u00e9s a v\u00e1ltoz\u00f3 jogszab\u00e1lyokhoz val\u00f3 alkalmazkod\u00e1st ig\u00e9nyel.   <\/p>\n","protected":false},"excerpt":{"rendered":"<p>A VLEP-nek val\u00f3 megfelel\u00e9s a munk\u00e1ltat\u00f3kat terhel\u0151 k\u00f6telezetts\u00e9g, amelyet a francia Munka T\u00f6rv\u00e9nyk\u00f6nyv\u00e9nek L.4121-1 \u00e9s azt k\u00f6vet\u0151 cikkei \u00e9s L.4221-1 cikkei szab\u00e1lyoznak. K\u00e9miai kock\u00e1zat\u00e9rt\u00e9kel\u00e9s \u00e9s a VLEP-el\u0151\u00edr\u00e1sok: sz\u00e1mvet\u00e9s. <\/p>\n","protected":false},"author":4,"featured_media":98009,"comment_status":"closed","ping_status":"closed","sticky":false,"template":"","format":"standard","meta":{"_acf_changed":false,"_seopress_robots_primary_cat":"none","_seopress_titles_title":"K\u00e9miai kock\u00e1zat\u00e9rt\u00e9kel\u00e9s a munkahelyen (VLEP)","_seopress_titles_desc":"A VLEP-eknek val\u00f3 megfelel\u00e9s a francia Munka T\u00f6rv\u00e9nyk\u00f6nyve szerint a munk\u00e1ltat\u00f3 k\u00f6teless\u00e9ge a vegyi kock\u00e1zatok \u00e9rt\u00e9kel\u00e9s\u00e9re vonatkoz\u00f3an: \u00edme a legfontosabb tudnival\u00f3k.","_seopress_robots_index":"","footnotes":""},"categories":[314],"tags":[323],"class_list":["post-98055","post","type-post","status-publish","format-standard","has-post-thumbnail","hentry","category-a-mi-tanacsunk","tag-entete-kicsi","generate-columns","tablet-grid-50","mobile-grid-100","grid-parent","grid-50","no-featured-image-padding","resize-featured-image"],"acf":[],"_links":{"self":[{"href":"https:\/\/obera.fr\/hu\/wp-json\/wp\/v2\/posts\/98055","targetHints":{"allow":["GET"]}}],"collection":[{"href":"https:\/\/obera.fr\/hu\/wp-json\/wp\/v2\/posts"}],"about":[{"href":"https:\/\/obera.fr\/hu\/wp-json\/wp\/v2\/types\/post"}],"author":[{"embeddable":true,"href":"https:\/\/obera.fr\/hu\/wp-json\/wp\/v2\/users\/4"}],"replies":[{"embeddable":true,"href":"https:\/\/obera.fr\/hu\/wp-json\/wp\/v2\/comments?post=98055"}],"version-history":[{"count":1,"href":"https:\/\/obera.fr\/hu\/wp-json\/wp\/v2\/posts\/98055\/revisions"}],"predecessor-version":[{"id":98057,"href":"https:\/\/obera.fr\/hu\/wp-json\/wp\/v2\/posts\/98055\/revisions\/98057"}],"wp:featuredmedia":[{"embeddable":true,"href":"https:\/\/obera.fr\/hu\/wp-json\/wp\/v2\/media\/98009"}],"wp:attachment":[{"href":"https:\/\/obera.fr\/hu\/wp-json\/wp\/v2\/media?parent=98055"}],"wp:term":[{"taxonomy":"category","embeddable":true,"href":"https:\/\/obera.fr\/hu\/wp-json\/wp\/v2\/categories?post=98055"},{"taxonomy":"post_tag","embeddable":true,"href":"https:\/\/obera.fr\/hu\/wp-json\/wp\/v2\/tags?post=98055"}],"curies":[{"name":"wp","href":"https:\/\/api.w.org\/{rel}","templated":true}]}}