{"id":98667,"date":"2021-05-20T17:28:46","date_gmt":"2021-05-20T15:28:46","guid":{"rendered":"https:\/\/obera.fr\/a-mi-tanacsunk\/mesure-de-la-qualite-de-l-air-interieur-interet-principe\/"},"modified":"2025-05-07T09:50:25","modified_gmt":"2025-05-07T07:50:25","slug":"mesure-de-la-qualite-de-l-air-interieur-interet-principe","status":"publish","type":"post","link":"https:\/\/obera.fr\/hu\/a-mi-tanacsunk\/mesure-de-la-qualite-de-l-air-interieur-interet-principe\/","title":{"rendered":"A belt\u00e9ri leveg\u0151 min\u0151s\u00e9g\u00e9nek m\u00e9r\u00e9se: \u00e9rdek \u00e9s elv"},"content":{"rendered":"\n<p>A WHO adatai szerint Franciaorsz\u00e1gban \u00e9vente csaknem 50 000 hal\u00e1lesetet okoz a <strong>l\u00e9gszennyez\u00e9s<\/strong>, t\u00edzszer t\u00f6bbet, mint a k\u00f6z\u00fati balesetek! R\u00e1ad\u00e1sul a becsl\u00e9sek szerint a lak\u00e1s vagy \u00fczlet bels\u0151 leveg\u0151je 5-10-szer szennyezettebb, mint a k\u00fcls\u0151 leveg\u0151. <\/p>\n\n<p>A <strong>v\u00e1llalatok leveg\u0151j\u00e9nek min\u0151s\u00e9ge<\/strong> ez\u00e9rt kulcsfontoss\u00e1g\u00fa k\u00e9rd\u00e9s, nemcsak a munkav\u00e1llal\u00f3k eg\u00e9szs\u00e9ge, hanem a l\u00e9tes\u00edtm\u00e9nyek termel\u00e9kenys\u00e9ge szempontj\u00e1b\u00f3l is. Ez\u00e9rt elengedhetetlen a <strong>belt\u00e9ri leveg\u0151 min\u0151s\u00e9g\u00e9nek m\u00e9r\u00e9s\u00e9re<\/strong> szolg\u00e1l\u00f3 rendszer fel\u00e1ll\u00edt\u00e1sa. Milyen param\u00e9tereket kell figyelembe venni? Milyen el\u0151ny\u00f6kkel j\u00e1r a <strong>leveg\u0151min\u0151s\u00e9g ellen\u0151rz\u00e9se<\/strong>, \u00e9s hogyan kell ezt elv\u00e9gezni? Ismerje meg minden tan\u00e1csunkat.    <\/p>\n\n<h2 class=\"wp-block-heading\" id=\"quels-sont-les-parametres-de-la-qualite-de-l-air-interieur\">Melyek a belt\u00e9ri leveg\u0151 min\u0151s\u00e9g\u00e9nek param\u00e9terei?<\/h2>\n\n<p>A <a href=\"https:\/\/obera.fr\/hu\/a-mi-tanacsunk\/qualite-l-air-interieur-critere-essentiel-industrie\/\" data-type=\"URL\" data-id=\"https:\/\/obera.fr\/conseils\/qualite-l-air-interieur-critere-essentiel-industrie\/\">belt\u00e9ri leveg\u0151 min\u0151s\u00e9g\u00e9t<\/a> <strong>szennyez\u0151 anyagok keres\u00e9s\u00e9vel \u00e9s fizikai \u00e9rt\u00e9kek<\/strong>, p\u00e9ld\u00e1ul a h\u0151m\u00e9rs\u00e9klet \u00e9s a relat\u00edv p\u00e1ratartalom <strong>m\u00e9r\u00e9s\u00e9vel<\/strong> vizsg\u00e1lj\u00e1k.<\/p>\n\n<h3 class=\"wp-block-heading\" id=\"la-concentration-en-polluants-et-particules\">A szennyez\u0151 anyagok \u00e9s r\u00e9szecsk\u00e9k koncentr\u00e1ci\u00f3ja<\/h3>\n\n<p>Az irod\u00e1ban vagy az ipari \u00e9p\u00fcletekben a munkav\u00e1llal\u00f3k k\u00e9t f\u0151<strong> l\u00e9gszennyez\u0151 forr\u00e1snak<\/strong> vannak kit\u00e9ve:<\/p>\n\n<ul class=\"wp-block-list\">\n<li><strong>Ill\u00e9kony szerves vegy\u00fcletek (VOC<\/strong> ), p\u00e9ld\u00e1ul formaldehid, amely a vegyi anyagok \u00e9s \u00e9p\u00edt\u0151anyagok \u00e1ltal termelt g\u00e1z;<\/li>\n\n\n\n<li>a leveg\u0151ben lebeg\u0151 <strong>szil\u00e1rd vagy foly\u00e9kony r\u00e9szecsk\u00e9k<\/strong>, p\u00e9ld\u00e1ul por, aeroszolok \u00e9s mikroorganizmusok (v\u00edrusok, bakt\u00e9riumok, pen\u00e9szgomb\u00e1k stb.).<\/li>\n<\/ul>\n\n<p>Az <strong>eg\u00e9szs\u00e9gre \u00e9s a k\u00f6rnyezetre gyakorolt hat\u00e1sok<\/strong> a leveg\u0151ben l\u00e9v\u0151 szennyez\u0151 anyagok koncentr\u00e1ci\u00f3j\u00e1val \u00e9s az expoz\u00edci\u00f3 idej\u00e9vel egy\u00fctt n\u0151nek.<\/p>\n\n<h3 class=\"wp-block-heading\" id=\"la-temperature-et-le-niveau-d-humidite\">H\u0151m\u00e9rs\u00e9klet \u00e9s p\u00e1ratartalom<\/h3>\n\n<p>A belt\u00e9ri leveg\u0151 min\u0151s\u00e9g\u00e9t a <strong>h\u0151m\u00e9rs\u00e9klet \u00e9s a relat\u00edv p\u00e1ratartalom<\/strong> m\u00e9r\u00e9s\u00e9vel is m\u00e9rik. A t\u00falzott \u00e9rt\u00e9kek hozz\u00e1j\u00e1rulnak a biol\u00f3giai szennyez\u0151 anyagok elszaporod\u00e1s\u00e1hoz, valamint az anyagok, a k\u00e9szterm\u00e9kek \u00e9s a munkak\u00f6rnyezet roml\u00e1s\u00e1hoz. Ezenk\u00edv\u00fcl a h\u0151m\u00e9rs\u00e9klet \u00e9s a p\u00e1ratartalom fokozza az ill\u00e9kony szerves vegy\u00fcletek (VOC) irrit\u00e1l\u00f3 hat\u00e1s\u00e1t.  <\/p>\n\n<h2 class=\"wp-block-heading\" id=\"quel-est-l-interet-de-la-mesure-de-la-qualite-de-l-air-interieur\">Mi\u00e9rt \u00e9rdemes m\u00e9rni a belt\u00e9ri leveg\u0151 min\u0151s\u00e9g\u00e9t?<\/h2>\n\n<p>Az eg\u00e9szs\u00e9ges belt\u00e9ri leveg\u0151 fenntart\u00e1sa a munkahelyeken a munk\u00e1ltat\u00f3k <strong>t\u00f6rv\u00e9nyben el\u0151\u00edrt k\u00f6telezetts\u00e9ge<\/strong>. Az irodai l\u00e9gszennyezetts\u00e9g cs\u00f6kkent\u00e9se a l\u00e9tes\u00edtm\u00e9nyek<strong> termel\u00e9kenys\u00e9g\u00e9nek javul\u00e1s\u00e1t<\/strong> is jelenti. <\/p>\n\n<h3 class=\"wp-block-heading\" id=\"respecter-les-valeurs-limites-d-exposition-professionnelle-vlep\">A foglalkoz\u00e1si expoz\u00edci\u00f3s hat\u00e1r\u00e9rt\u00e9kek (OEL) betart\u00e1sa<\/h3>\n\n<p>A francia Munka T\u00f6rv\u00e9nyk\u00f6nyve \u00e1ltal el\u0151\u00edrt foglalkoz\u00e1si expoz\u00edci\u00f3s hat\u00e1r\u00e9rt\u00e9kek (OELV) a <strong>szennyez\u0151 anyagok \u00e9s r\u00e9szecsk\u00e9k maxim\u00e1lis koncentr\u00e1ci\u00f3j\u00e1t<\/strong> hat\u00e1rozz\u00e1k meg a munkav\u00e1llal\u00f3k eg\u00e9szs\u00e9g\u00e9re gyakorolt hat\u00e1sok korl\u00e1toz\u00e1sa \u00e9rdek\u00e9ben. A t\u00fal magas \u00e9rt\u00e9kek a munkav\u00e1llal\u00f3 expoz\u00edci\u00f3j\u00e1nak korl\u00e1toz\u00e1s\u00e1ra ir\u00e1nyul\u00f3 int\u00e9zked\u00e9sek bevezet\u00e9s\u00e9ig a munkav\u00e9gz\u00e9s felf\u00fcggeszt\u00e9s\u00e9hez vezetnek. <\/p>\n\n<h3 class=\"wp-block-heading\" id=\"garantir-un-environnement-de-travail-sain-et-productif\">Eg\u00e9szs\u00e9ges \u00e9s produkt\u00edv munkak\u00f6rnyezet biztos\u00edt\u00e1sa<\/h3>\n\n<p>A belt\u00e9ri leveg\u0151 min\u0151s\u00e9g\u00e9nek m\u00e9r\u00e9se nem csak szab\u00e1lyoz\u00e1si k\u00f6vetelm\u00e9ny, hanem sz\u00e1mos <a href=\"https:\/\/obera.fr\/hu\/a-mi-tanacsunk\/comment-rafraichissement-evaporation-ameliorer-production-industrielle\/\" data-type=\"URL\" data-id=\"https:\/\/obera.fr\/conseils\/comment-rafraichissement-evaporation-ameliorer-production-industrielle\/\">el\u0151nnyel is j\u00e1r a l\u00e9tes\u00edtm\u00e9nyek sz\u00e1m\u00e1ra<\/a>:<\/p>\n\n<ul class=\"wp-block-list\">\n<li><strong>A munkav\u00e1llal\u00f3k eg\u00e9szs\u00e9gi \u00e1llapot\u00e1nak jav\u00edt\u00e1sa<\/strong> seg\u00edt korl\u00e1tozni a hi\u00e1nyz\u00e1sokat \u00e9s a betegszabads\u00e1gok gyakoris\u00e1g\u00e1t.<\/li>\n\n\n\n<li>A <strong>k\u00e9sz\u00fcl\u00e9keken \u00e9s a padl\u00f3n lerak\u00f3d\u00f3 r\u00e9szecsk\u00e9k cs\u00f6kken\u00e9se<\/strong> megtakar\u00edt\u00e1st jelent a szervizel\u00e9s \u00e9s karbantart\u00e1s ter\u00e9n.<\/li>\n\n\n\n<li>A szennyez\u0151 anyagoknak \u00e9s r\u00e9szecsk\u00e9knek val\u00f3 kitetts\u00e9g szintj\u00e9nek ellen\u0151rz\u00e9se biztos\u00edtja a <strong>folyamatok \u00e9s a k\u00e9szterm\u00e9kek min\u0151s\u00e9g\u00e9t<\/strong>.<\/li>\n<\/ul>\n\n<h2 class=\"wp-block-heading\" id=\"comment-mesurer-la-qualite-de-l-air-interieur\">Hogyan m\u00e9rhet\u0151 a belt\u00e9ri leveg\u0151 min\u0151s\u00e9ge?<\/h2>\n\n<p>A <strong><a href=\"https:\/\/obera.fr\/hu\/a-mi-tanacsunk\/qai-diagnostic-qualite-de-l-air-interieur-batiments-industriels\/\" data-type=\"URL\" data-id=\"https:\/\/obera.fr\/conseils\/qai-diagnostic-qualite-de-l-air-interieur-batiments-industriels\/\">belt\u00e9ri leveg\u0151 min\u0151s\u00e9g\u00e9nek diagn\u00f3zisa<\/a><\/strong> az \u00e9p\u00fcletek szennyezetts\u00e9gi szintj\u00e9nek kezdeti felm\u00e9r\u00e9se. Ezt k\u00f6vet\u0151en rendszeres ellen\u0151rz\u00e9st kell v\u00e9gezni <strong>speci\u00e1lis m\u00e9r\u0151berendez\u00e9sekkel<\/strong>. <\/p>\n\n<h3 class=\"wp-block-heading\" id=\"effectuer-un-diagnostic-qualite-de-l-air-interieur\">V\u00e9gezzen belt\u00e9ri leveg\u0151min\u0151s\u00e9gi diagn\u00f3zist<\/h3>\n\n<p><strong>A belt\u00e9ri leveg\u0151min\u0151s\u00e9g (IAQ) vizsg\u00e1lata<\/strong> a gyermekek \u00e1ltal haszn\u00e1lt \u00e9p\u00fcletekre vonatkoz\u00f3 jogszab\u00e1lyi k\u00f6vetelm\u00e9ny. A vizsg\u00e1lat 2023-t\u00f3l minden, a nyilv\u00e1noss\u00e1g sz\u00e1m\u00e1ra nyitva \u00e1ll\u00f3 l\u00e9tes\u00edtm\u00e9nyben k\u00f6telez\u0151 lesz. Az OBERA az <a href=\"https:\/\/obera.fr\/conseils\/traitement-air-industriel-guide-complet\/\" data-type=\"post\" data-id=\"1420\">ipari leveg\u0151kezel\u00e9s<\/a> szak\u00e9rt\u0151jek\u00e9nt olyan diagn\u00f3zist v\u00e9gez, amely mag\u00e1ban foglalja :  <\/p>\n\n<ul class=\"wp-block-list\">\n<li>az \u00d6n telephely\u00e9n tal\u00e1lhat\u00f3 <strong>l\u00e9gszennyez\u0151 forr\u00e1sok azonos\u00edt\u00e1sa<\/strong>;<\/li>\n\n\n\n<li><strong>a r\u00e9szecsk\u00e9k \u00e9s a szennyez\u0151 anyagok<\/strong> (VOC, formaldehid stb.) <strong>koncentr\u00e1ci\u00f3j\u00e1nak m\u00e9r\u00e9se<\/strong>.<\/li>\n<\/ul>\n\n<h3 class=\"wp-block-heading\" id=\"utiliser-un-appareil-de-mesure-de-la-qualite-de-l-air-interieur\">A belt\u00e9ri leveg\u0151 min\u0151s\u00e9g\u00e9nek m\u00e9r\u00e9s\u00e9re szolg\u00e1l\u00f3 eszk\u00f6z haszn\u00e1lata<\/h3>\n\n<p><a href=\"https:\/\/obera.fr\/hu\/a-mi-tanacsunk\/analyse-qualite-l-air-interieur\/\" data-type=\"URL\" data-id=\"https:\/\/obera.fr\/conseils\/analyse-qualite-l-air-interieur\/\">A belt\u00e9ri leveg\u0151 min\u0151s\u00e9g\u00e9t olyan berendez\u00e9sekkel m\u00e9rik<\/a>, amelyek k\u00e9pesek a szennyez\u0151 anyagok jelleg\u00e9nek \u00e9s koncentr\u00e1ci\u00f3j\u00e1nak kimutat\u00e1s\u00e1ra.<strong>Ipari \u00e9s professzion\u00e1lis leveg\u0151elemz\u0151 k\u00e9sz\u00fcl\u00e9keink<\/strong> k\u00edn\u00e1lata biztos\u00edtja a belt\u00e9ri leveg\u0151min\u0151s\u00e9gi param\u00e9terek folyamatos ellen\u0151rz\u00e9s\u00e9t: <\/p>\n\n<ul class=\"wp-block-list\">\n<li><strong>g\u00e1znem\u0171 szennyez\u0151 anyagok koncentr\u00e1ci\u00f3ja<\/strong>: ill\u00e9kony szerves vegy\u00fcletek (VOC) \u00e9s sz\u00e9n-dioxid (CO2) ;<\/li>\n\n\n\n<li><strong>a r\u00e9szecsk\u00e9k koncentr\u00e1ci\u00f3ja \u00e9s m\u00e9rete<\/strong>: por \u00e9s finom r\u00e9szecsk\u00e9k PM 2,5 \u00e9s PM 10 ;<\/li>\n\n\n\n<li><strong>h\u0151m\u00e9rs\u00e9klet \u00e9s relat\u00edv p\u00e1ratartalom<\/strong>.<\/li>\n<\/ul>\n\n<p>Az adatokat k\u00f6zvetlen\u00fcl a sz\u00e1m\u00edt\u00f3g\u00e9pre tov\u00e1bb\u00edtj\u00e1k, ahol az \u00e9rt\u00e9kek grafikus form\u00e1ban jelennek meg.<strong>A val\u00f3s idej\u0171 elemz\u00e9s<\/strong> lehet\u0151v\u00e9 teszi a gyors \u00e9s hat\u00e9kony int\u00e9zked\u00e9st a TLV-knek nem megfelel\u0151 m\u00e9r\u00e9sek eset\u00e9n. <\/p>\n\n<p><strong>A belt\u00e9ri leveg\u0151min\u0151s\u00e9g m\u00e9r\u00e9s\u00e9vel kapcsolatos<\/strong> tov\u00e1bbi<strong>inform\u00e1ci\u00f3k\u00e9rt<\/strong> k\u00e9rj\u00fck, l\u00e9pjen kapcsolatba vel\u00fcnk. Olvassa el az ipari l\u00e9gkezel\u0151 rendszer fel\u00e1ll\u00edt\u00e1s\u00e1ra vonatkoz\u00f3 tan\u00e1csainkat is. <\/p>\n\n<blockquote class=\"wp-block-quote is-layout-flow wp-block-quote-is-layout-flow\">\n<p>\u00c9rdemes m\u00e9g elolvasni: \u00datmutat\u00f3 az <a href=\"https:\/\/obera.fr\/conseils\/rafraichissement-adiabatique-confort-thermique-naturel\/\" data-type=\"URL\" data-id=\"https:\/\/obera.fr\/conseils\/rafraichissement-adiabatique-confort-thermique-naturel\/\">adiabatikus h\u0171t\u00e9shez \u00e9s a term\u00e9szetes h\u0151komforthoz<\/a>.<\/p>\n<\/blockquote>\n","protected":false},"excerpt":{"rendered":"<p>A munkahelyi leveg\u0151 min\u0151s\u00e9ge kulcsfontoss\u00e1g\u00fa k\u00e9rd\u00e9s, nemcsak a munkav\u00e1llal\u00f3k eg\u00e9szs\u00e9ge, hanem a termel\u00e9kenys\u00e9g szempontj\u00e1b\u00f3l is. Ez\u00e9rt elengedhetetlen a belt\u00e9ri leveg\u0151 min\u0151s\u00e9g\u00e9nek m\u00e9r\u00e9s\u00e9re szolg\u00e1l\u00f3 rendszer fel\u00e1ll\u00edt\u00e1sa. Ismerje meg a t\u00e9m\u00e1val kapcsolatos \u00f6sszes tan\u00e1csunkat.  <\/p>\n","protected":false},"author":4,"featured_media":89661,"comment_status":"open","ping_status":"closed","sticky":false,"template":"","format":"standard","meta":{"_acf_changed":false,"_seopress_robots_primary_cat":"none","_seopress_titles_title":"Mi\u00e9rt fontos a belt\u00e9ri leveg\u0151 min\u0151s\u00e9g\u00e9nek m\u00e9r\u00e9se?","_seopress_titles_desc":"A munkahelyi leveg\u0151 min\u0151s\u00e9ge kulcsfontoss\u00e1g\u00fa k\u00e9rd\u00e9s, nemcsak a munkav\u00e1llal\u00f3k eg\u00e9szs\u00e9ge, hanem a l\u00e9tes\u00edtm\u00e9nyek termel\u00e9kenys\u00e9ge szempontj\u00e1b\u00f3l is. A leveg\u0151min\u0151s\u00e9g m\u00e9r\u00e9se alapvet\u0151 fontoss\u00e1g\u00fa. ","_seopress_robots_index":"","footnotes":""},"categories":[314],"tags":[],"class_list":["post-98667","post","type-post","status-publish","format-standard","has-post-thumbnail","hentry","category-a-mi-tanacsunk","generate-columns","tablet-grid-50","mobile-grid-100","grid-parent","grid-50","no-featured-image-padding","resize-featured-image"],"acf":[],"_links":{"self":[{"href":"https:\/\/obera.fr\/hu\/wp-json\/wp\/v2\/posts\/98667","targetHints":{"allow":["GET"]}}],"collection":[{"href":"https:\/\/obera.fr\/hu\/wp-json\/wp\/v2\/posts"}],"about":[{"href":"https:\/\/obera.fr\/hu\/wp-json\/wp\/v2\/types\/post"}],"author":[{"embeddable":true,"href":"https:\/\/obera.fr\/hu\/wp-json\/wp\/v2\/users\/4"}],"replies":[{"embeddable":true,"href":"https:\/\/obera.fr\/hu\/wp-json\/wp\/v2\/comments?post=98667"}],"version-history":[{"count":1,"href":"https:\/\/obera.fr\/hu\/wp-json\/wp\/v2\/posts\/98667\/revisions"}],"predecessor-version":[{"id":98669,"href":"https:\/\/obera.fr\/hu\/wp-json\/wp\/v2\/posts\/98667\/revisions\/98669"}],"wp:featuredmedia":[{"embeddable":true,"href":"https:\/\/obera.fr\/hu\/wp-json\/wp\/v2\/media\/89661"}],"wp:attachment":[{"href":"https:\/\/obera.fr\/hu\/wp-json\/wp\/v2\/media?parent=98667"}],"wp:term":[{"taxonomy":"category","embeddable":true,"href":"https:\/\/obera.fr\/hu\/wp-json\/wp\/v2\/categories?post=98667"},{"taxonomy":"post_tag","embeddable":true,"href":"https:\/\/obera.fr\/hu\/wp-json\/wp\/v2\/tags?post=98667"}],"curies":[{"name":"wp","href":"https:\/\/api.w.org\/{rel}","templated":true}]}}