{"id":99646,"date":"2020-11-20T16:38:52","date_gmt":"2020-11-20T14:38:52","guid":{"rendered":"https:\/\/obera.fr\/a-mi-tanacsunk\/qualite-air-evolution-societe\/"},"modified":"2025-05-07T11:04:50","modified_gmt":"2025-05-07T09:04:50","slug":"qualite-air-evolution-societe","status":"publish","type":"post","link":"https:\/\/obera.fr\/hu\/a-mi-tanacsunk\/qualite-air-evolution-societe\/","title":{"rendered":"Leveg\u0151min\u0151s\u00e9g: v\u00e1ltoz\u00e1sok a t\u00e1rsadalomban"},"content":{"rendered":"\n<h2 class=\"wp-block-heading\" id=\"evolution-future-de-la-reglementation\">J\u00f6v\u0151beni szab\u00e1lyoz\u00e1si fejlem\u00e9nyek<\/h2>\n\n<p><em><strong>A finom r\u00e9szecsk\u00e9k okozta szennyez\u00e9s egyre gyakrabban szerepel a h\u00edrekben. Sokat hallunk a v\u00e1rosi ter\u00fcletek l\u00e9gszennyez\u00e9s\u00e9r\u0151l, a finomr\u00e9szecske-szennyez\u00e9s cs\u00facs\u00e9rt\u00e9keir\u0151l&#8230; <\/strong><\/em><\/p>\n\n<p><em><strong>Jelenleg az eur\u00f3pai szabv\u00e1nyok nem \u00edrnak el\u0151 semmilyen szab\u00e1lyoz\u00e1st az ultrafinom r\u00e9szecsk\u00e9kre vonatkoz\u00f3an. De a botr\u00e1nyok most megk\u00e9rd\u0151jelezik ezt a tendenci\u00e1t.   <\/strong><\/em><\/p>\n\n<h2 class=\"wp-block-heading\" id=\"focus-sur-les-particules-les-plus-fines\">F\u00f3kusz\u00e1ljon a legfinomabb r\u00e9szecsk\u00e9kre<\/h2>\n\n<h3 class=\"wp-block-heading\" id=\"fos-sur-mer\">Fos-sur-mer<\/h3>\n\n<p>2017-ben Fos-sur-merben k\u00e9tszer annyi t\u00fcd\u0151fert\u0151z\u00e9s, r\u00e1kos megbeteged\u00e9s \u00e9s sz\u00edvbetegs\u00e9g fordult el\u0151, mint b\u00e1rhol m\u00e1shol Franciaorsz\u00e1gban. A v\u00e1ros Eur\u00f3pa egyik legnagyobb ipari \u00f6vezet\u00e9ben fekszik, ahol finom\u00edt\u00f3k, olajrakt\u00e1rak \u00e9s egy hatalmas ac\u00e9lm\u0171 tal\u00e1lhat\u00f3&#8230; <\/p>\n\n<p>A r\u00e9szecskekibocs\u00e1t\u00e1s elemz\u00e9se ut\u00e1n a tud\u00f3sok meg\u00e1llap\u00edtott\u00e1k, hogy a PM 2,5-n\u00e9l nagyobb r\u00e9szecsk\u00e9k eset\u00e9ben az eredm\u00e9nyek a norm\u00e1n bel\u00fcl vannak. Kimutatt\u00e1k azonban, hogy ezek a gy\u00e1rak nagysz\u00e1m\u00fa PM 1 r\u00e9szecsk\u00e9t, valamint VOC-okat \u00e9s CMR-eket termelnek, \u00edgy kibocs\u00e1t\u00e1saik rendk\u00edv\u00fcl m\u00e9rgez\u0151ek. Sajnos a PM 1 r\u00e9szecskekoncentr\u00e1ci\u00f3 m\u00e9r\u00e9sei csak nagyon frissek. A tudom\u00e1nyos k\u00f6z\u00f6ss\u00e9g egyet\u00e9rt abban, hogy ezek a f\u0151 okai a megbeteged\u00e9sek kir\u00edv\u00f3 n\u00f6veked\u00e9s\u00e9nek ezen a ter\u00fcleten.   <\/p>\n\n<p>Az Association de D\u00e9fense et de Protection du Littoral du Golf de Fos sur Mer felkarolta a k\u00e9rd\u00e9st, hogy megold\u00e1sokat javasoljon a leveg\u0151min\u0151s\u00e9g jav\u00edt\u00e1s\u00e1ra, figyelemmel k\u00eds\u00e9ri a l\u00e9gk\u00f6ri szennyez\u0151anyag-kibocs\u00e1t\u00e1st \u00e9s jogi l\u00e9p\u00e9seket tesz.<\/p>\n\n<h3 class=\"wp-block-heading\" id=\"les-pics-de-pollution-aux-particules-ultrafines-dans-les-villes\">Az ultrafinom r\u00e9szecsk\u00e9k szennyez\u00e9se a v\u00e1rosokban a legmagasabb<\/h3>\n\n<p>Franciaorsz\u00e1g \u00e9s a vil\u00e1g nagyv\u00e1rosaiban rendszeresen tapasztalhat\u00f3k cs\u00facs\u00e9rt\u00e9kek az ultrafinom r\u00e9szecsk\u00e9k szennyez\u00e9s\u00e9ben. A francia eg\u00e9szs\u00e9g\u00fcgyi miniszt\u00e9rium szerint az embereknek a lehet\u0151 legnagyobb m\u00e9rt\u00e9kben cs\u00f6kkenteni\u00fck kell a fizikai aktivit\u00e1sukat, ker\u00fclni\u00fck kell a kimozdul\u00e1st, orvoshoz kell fordulniuk, ha t\u00fcneteik vannak&#8230; <\/p>\n\n<p>A gy\u00e1rakban, m\u0171helyekben \u00e9s rakt\u00e1rakban azonban, ahol a gy\u00e1rt\u00e1si \u00e9s kezel\u00e9si folyamatok sor\u00e1n keletkez\u0151 szennyez\u0151anyagokat nem (vagy rosszul) fogj\u00e1k fel, a nagyv\u00e1rosokban tapasztalhat\u00f3 cs\u00facs\u00e9rt\u00e9kekhez hasonl\u00f3 szennyez\u00e9s alakul ki. Elm\u00e9letileg ugyanezeknek az aj\u00e1nl\u00e1soknak kellene vonatkozniuk a munkav\u00e1llal\u00f3kra is, ami a termel\u00e9kenys\u00e9g jelent\u0151s cs\u00f6kken\u00e9s\u00e9hez vezetne. <\/p>\n\n<h2 class=\"wp-block-heading\" id=\"aujourd-hui-il-y-a-peu-d-obligations-relatives-aux-particules-ultrafines-mais-qu-en-est-il-de-demain\">Ma m\u00e9g kev\u00e9s k\u00f6telezetts\u00e9g van az ultrafinom r\u00e9szecsk\u00e9kkel kapcsolatban, de mi lesz holnap?<\/h2>\n\n<p>Az ilyen t\u00edpus\u00fa botr\u00e1nyok, a l\u00e9gszennyez\u00e9ssel \u00f6sszef\u00fcgg\u0151 hal\u00e1loz\u00e1si ar\u00e1ny, a finom r\u00e9szecsk\u00e9k okozta megbeteged\u00e9sek sz\u00e1m\u00e1nak n\u00f6veked\u00e9se stb. mind arra k\u00e9sztetik a hat\u00f3s\u00e1gokat, hogy \u00e9berebbek legyenek. Ez a helyzet a v\u00e1rosainkban, a legszennyez\u0151bb j\u00e1rm\u0171vekre vonatkoz\u00f3 korl\u00e1toz\u00e1sokkal, eg\u00e9szs\u00e9g\u00fcgyi \u00e9s szoci\u00e1lis int\u00e9zked\u00e9sekkel stb. <\/p>\n\n<p>Ennek eredm\u00e9nyek\u00e9ppen a finom r\u00e9szecsk\u00e9kre vonatkoz\u00f3 biztons\u00e1gi el\u0151\u00edr\u00e1sok szigorodtak. Ma m\u00e1r a szennyez\u0151 anyagok \u00e1tm\u00e9r\u0151j\u00e9t \u00e9s \u00f6sszet\u00e9tel\u00e9t is m\u00e9rik. Ezen t\u00falmen\u0151en a foglalkoz\u00e1si megbeteged\u00e9sek\u00e9rt kiszabott b\u00fcntet\u00e9sek is n\u00f6vekedtek.  <\/p>\n","protected":false},"excerpt":{"rendered":"<p>A finom r\u00e9szecsk\u00e9k okozta szennyez\u00e9s egyre gyakrabban szerepel a h\u00edrekben. Sokat hallunk a v\u00e1rosi ter\u00fcletek l\u00e9gszennyez\u00e9s\u00e9r\u0151l \u00e9s a finomr\u00e9szecske-szennyez\u00e9s cs\u00facs\u00e9rt\u00e9keir\u0151l&#8230; Tudja meg, hogyan alakul a leveg\u0151min\u0151s\u00e9g t\u00e1rsadalmunkban. <\/p>\n","protected":false},"author":4,"featured_media":0,"comment_status":"closed","ping_status":"closed","sticky":false,"template":"","format":"standard","meta":{"_acf_changed":false,"_seopress_robots_primary_cat":"none","_seopress_titles_title":"Leveg\u0151min\u0151s\u00e9g: v\u00e1ltoz\u00e1sok a t\u00e1rsadalomban","_seopress_titles_desc":"A finom r\u00e9szecsk\u00e9k okozta szennyez\u00e9s egyre gyakrabban szerepel a h\u00edrekben. Sokat hallunk a v\u00e1rosi ter\u00fcletek l\u00e9gszennyez\u00e9s\u00e9r\u0151l. ","_seopress_robots_index":"","footnotes":""},"categories":[314],"tags":[],"class_list":["post-99646","post","type-post","status-publish","format-standard","hentry","category-a-mi-tanacsunk","generate-columns","tablet-grid-50","mobile-grid-100","grid-parent","grid-50","no-featured-image-padding"],"acf":[],"_links":{"self":[{"href":"https:\/\/obera.fr\/hu\/wp-json\/wp\/v2\/posts\/99646","targetHints":{"allow":["GET"]}}],"collection":[{"href":"https:\/\/obera.fr\/hu\/wp-json\/wp\/v2\/posts"}],"about":[{"href":"https:\/\/obera.fr\/hu\/wp-json\/wp\/v2\/types\/post"}],"author":[{"embeddable":true,"href":"https:\/\/obera.fr\/hu\/wp-json\/wp\/v2\/users\/4"}],"replies":[{"embeddable":true,"href":"https:\/\/obera.fr\/hu\/wp-json\/wp\/v2\/comments?post=99646"}],"version-history":[{"count":1,"href":"https:\/\/obera.fr\/hu\/wp-json\/wp\/v2\/posts\/99646\/revisions"}],"predecessor-version":[{"id":99648,"href":"https:\/\/obera.fr\/hu\/wp-json\/wp\/v2\/posts\/99646\/revisions\/99648"}],"wp:attachment":[{"href":"https:\/\/obera.fr\/hu\/wp-json\/wp\/v2\/media?parent=99646"}],"wp:term":[{"taxonomy":"category","embeddable":true,"href":"https:\/\/obera.fr\/hu\/wp-json\/wp\/v2\/categories?post=99646"},{"taxonomy":"post_tag","embeddable":true,"href":"https:\/\/obera.fr\/hu\/wp-json\/wp\/v2\/tags?post=99646"}],"curies":[{"name":"wp","href":"https:\/\/api.w.org\/{rel}","templated":true}]}}