{"id":109129,"date":"2025-06-09T10:00:00","date_gmt":"2025-06-09T08:00:00","guid":{"rendered":"https:\/\/obera.fr\/il-nostro-consiglio\/esperance-vie-conditions-travail-metiers-pierre\/"},"modified":"2025-06-16T14:54:47","modified_gmt":"2025-06-16T12:54:47","slug":"esperance-vie-conditions-travail-metiers-pierre","status":"publish","type":"post","link":"https:\/\/obera.fr\/it\/il-nostro-consiglio\/esperance-vie-conditions-travail-metiers-pierre\/","title":{"rendered":"Aspettativa di vita e condizioni di lavoro nei mestieri della pietra: quali sono le realt\u00e0?"},"content":{"rendered":"\n<p>Le professioni della pietra sono tra le pi\u00f9 nobili e impegnative del mondo dell&#8217;artigianato e dell&#8217;industria. Tagliatori di pietra, incisori, marmisti, scultori e cavatori esercitano le loro preziose abilit\u00e0&#8230; spesso in condizioni difficili. Molte persone non si rendono conto che queste condizioni possono avere un <strong>impatto reale sulla salute<\/strong> e persino sull&#8217;aspettativa di vita.    <\/p>\n\n<figure class=\"wp-block-image alignright size-large is-resized\"><img decoding=\"async\" width=\"768\" height=\"1024\" src=\"https:\/\/obera.fr\/wp-content\/uploads\/2025\/06\/20250131_105634-768x1024.jpg\" alt=\"20250131 105634\" class=\"wp-image-111959\" style=\"width:335px;height:auto\" srcset=\"https:\/\/obera.fr\/wp-content\/uploads\/2025\/06\/20250131_105634-768x1024.jpg 768w, https:\/\/obera.fr\/wp-content\/uploads\/2025\/06\/20250131_105634-225x300.jpg 225w, https:\/\/obera.fr\/wp-content\/uploads\/2025\/06\/20250131_105634-1152x1536.jpg 1152w, https:\/\/obera.fr\/wp-content\/uploads\/2025\/06\/20250131_105634-1536x2048.jpg 1536w, https:\/\/obera.fr\/wp-content\/uploads\/2025\/06\/20250131_105634-scaled.jpg 1920w\" sizes=\"(max-width: 768px) 100vw, 768px\" \/><\/figure>\n\n<h2 class=\"wp-block-heading\"><strong>  Una professione appassionata ma ad alto rischio  <\/strong><\/h2>\n\n<p>La lavorazione della pietra comporta :  <\/p>\n\n<ul class=\"wp-block-list\">\n<li>uno sforzo fisico intenso,  <\/li>\n\n\n\n<li>posture scomode,  <\/li>\n\n\n\n<li>un rumore ambientale significativo,  <\/li>\n\n\n\n<li>e, soprattutto, l&#8217;<strong>esposizione cronica alla polvere di silice<\/strong>.  <\/li>\n<\/ul>\n\n<p>Questa polvere finissima si genera quando la pietra viene tagliata, levigata o lucidata. Invisibile a occhio nudo, penetra nelle vie respiratorie profonde e a lungo andare pu\u00f2 causare <strong>gravi malattie <\/strong>: silicosi, bronchite cronica, BPCO e persino cancro ai polmoni.   <\/p>\n\n<h2 class=\"wp-block-heading\"><strong>  Aspettativa di vita pi\u00f9 breve  <\/strong><\/h2>\n\n<p>Secondo diversi studi, i lavoratori dell \u201cedilizia e del settore lapideo hanno un\u201d<strong>aspettativa di vita inferiore di diversi anni <\/strong>rispetto ad altre professioni. Ci\u00f2 \u00e8 dovuto all \u201cusura fisica, ma anche all\u201d<strong>esposizione prolungata a sostanze inquinanti invisibili<\/strong>.   <\/p>\n\n<p>Ed \u00e8 proprio quello che non vediamo &#8211; la qualit\u00e0 dell&#8217;aria &#8211; uno dei problemi pi\u00f9 cruciali che il settore deve affrontare oggi.  <\/p>\n\n<h2 class=\"wp-block-heading\"><strong>  L&#8217;attrezzatura giusta: una soluzione pratica e immediata  <\/strong><\/h2>\n\n<p>Di fronte a questa situazione, \u00e8 fondamentale agire. Una delle risposte pi\u00f9 efficaci \u00e8 l&#8217;<strong>attrezzatura giusta<\/strong>. \u00c8 qui che entrano in gioco <strong>le soluzioni di OberA<\/strong>, progettate appositamente per soddisfare le esigenze dei laboratori e dei cantieri di muratura.    <\/p>\n\n<h3 class=\"wp-block-heading\"><strong>  Le soluzioni OberA includono :  <\/strong><\/h3>\n\n<ul class=\"wp-block-list\">\n<li><strong>Collettori di polveri industriali <\/strong>: per catturare le polveri direttamente alla fonte, il pi\u00f9 vicino possibile agli utensili e alle zone di emissione.  <\/li>\n\n\n\n<li><strong>Purificatori d&#8217;aria <\/strong>: per trattare l&#8217;aria ambiente dell&#8217;officina e ridurre la concentrazione di particelle in sospensione.  <\/li>\n\n\n\n<li><strong>Unit\u00e0 di estrazione mobili <\/strong>: una soluzione flessibile per operazioni una tantum o per aree senza estrazione fissa, che consente un&#8217;azione locale efficace.<\/li>\n<\/ul>\n\n<p>Queste attrezzature svolgono un ruolo attivo nella <strong>riduzione dell&#8217;esposizione dei lavoratori alle polveri<\/strong>, in conformit\u00e0 ai requisiti normativi e alle raccomandazioni dei servizi di prevenzione.  <\/p>\n\n<div class=\"wp-block-columns is-layout-flex wp-container-core-columns-is-layout-28f84493 wp-block-columns-is-layout-flex\">\n<div class=\"wp-block-column is-layout-flow wp-block-column-is-layout-flow\">\n<figure class=\"wp-block-image aligncenter size-large is-resized\"><img decoding=\"async\" width=\"1024\" height=\"724\" src=\"https:\/\/obera.fr\/wp-content\/uploads\/2025\/05\/depoussiereur-mobile-2-1024x724.png\" alt=\"collettore di polveri mobile (2)\" class=\"wp-image-104459\" style=\"width:295px;height:auto\" srcset=\"https:\/\/obera.fr\/wp-content\/uploads\/2025\/05\/depoussiereur-mobile-2-1024x724.png 1024w, https:\/\/obera.fr\/wp-content\/uploads\/2025\/05\/depoussiereur-mobile-2-300x212.png 300w, https:\/\/obera.fr\/wp-content\/uploads\/2025\/05\/depoussiereur-mobile-2-768x543.png 768w, https:\/\/obera.fr\/wp-content\/uploads\/2025\/05\/depoussiereur-mobile-2-1536x1086.png 1536w, https:\/\/obera.fr\/wp-content\/uploads\/2025\/05\/depoussiereur-mobile-2.png 2000w\" sizes=\"(max-width: 1024px) 100vw, 1024px\" \/><figcaption class=\"wp-element-caption\"><strong>Collettori di polvere<\/strong><\/figcaption><\/figure>\n<\/div>\n\n\n\n<div class=\"wp-block-column is-layout-flow wp-block-column-is-layout-flow\">\n<figure class=\"wp-block-image aligncenter size-full is-resized\"><img decoding=\"async\" width=\"440\" height=\"440\" src=\"https:\/\/obera.fr\/wp-content\/uploads\/2024\/05\/purificateurs-dair-min.png\" alt=\"purificatori d'aria obera\" class=\"wp-image-30667\" style=\"width:204px;height:auto\" srcset=\"https:\/\/obera.fr\/wp-content\/uploads\/2024\/05\/purificateurs-dair-min.png 440w, https:\/\/obera.fr\/wp-content\/uploads\/2024\/05\/purificateurs-dair-min-300x300.png 300w, https:\/\/obera.fr\/wp-content\/uploads\/2024\/05\/purificateurs-dair-min-150x150.png 150w\" sizes=\"(max-width: 440px) 100vw, 440px\" \/><figcaption class=\"wp-element-caption\"><strong>Depuratori<\/strong><\/figcaption><\/figure>\n<\/div>\n\n\n\n<div class=\"wp-block-column is-layout-flow wp-block-column-is-layout-flow\">\n<figure class=\"wp-block-image aligncenter size-large is-resized\"><img decoding=\"async\" width=\"1024\" height=\"1024\" src=\"https:\/\/obera.fr\/wp-content\/uploads\/2024\/05\/epurbox-brs-1024x1024.png\" alt=\"epurbox brs\" class=\"wp-image-30328\" style=\"width:204px;height:auto\" srcset=\"https:\/\/obera.fr\/wp-content\/uploads\/2024\/05\/epurbox-brs-1024x1024.png 1024w, https:\/\/obera.fr\/wp-content\/uploads\/2024\/05\/epurbox-brs-300x300.png 300w, https:\/\/obera.fr\/wp-content\/uploads\/2024\/05\/epurbox-brs-150x150.png 150w, https:\/\/obera.fr\/wp-content\/uploads\/2024\/05\/epurbox-brs-768x768.png 768w, https:\/\/obera.fr\/wp-content\/uploads\/2024\/05\/epurbox-brs.png 1200w\" sizes=\"(max-width: 1024px) 100vw, 1024px\" \/><figcaption class=\"wp-element-caption\"><strong>Piedistalli mobili<\/strong><\/figcaption><\/figure>\n<\/div>\n<\/div>\n\n<h3 class=\"wp-block-heading\"><strong>  Dustlight: la misurazione \u00e8 controllo  <\/strong><\/h3>\n\n<p>Ma attrezzare il tuo laboratorio non \u00e8 sufficiente: devi anche <strong>misurare costantemente la qualit\u00e0 dell&#8217;aria <\/strong>per assicurarti di rimanere in una zona sicura.  <\/p>\n\n<p>Questo \u00e8 il ruolo di <strong>Dustlight<\/strong>, il nostro analizzatore d&#8217;aria intelligente.  <\/p>\n\n<p>Compatto, robusto e facile da usare, Dustlight <strong>misura le concentrazioni di polveri sottili (PM1, PM2.5, PM10) in tempo reale <\/strong>e ti avvisa se le soglie vengono superate.  <\/p>\n\n<p>Grazie alla sua interfaccia connessa, consente un <strong>monitoraggio preciso e documentato dell&#8217;esposizione<\/strong>, per capisquadra, responsabili HSE o artigiani attenti alla salute.  <\/p>\n\n<h2 class=\"wp-block-heading\"><strong>  Lavorare con la pietra senza danneggiare la tua salute  <\/strong><\/h2>\n\n<p>La protezione dei professionisti del settore richiede una visione completa: <strong>\u2192 catturare la polvere, purificare l \u201caria, aspirare alla fonte con le soluzioni OberA<\/strong>, <strong>\u2192 e controllare l\u201d esposizione con Dustlight <\/strong>.  <\/p>\n\n<p>Preservare la salute significa anche preservare i gesti, la trasmissione e la qualit\u00e0 di un lavoro ben fatto.  <\/p>\n\n<p><strong>Poich\u00e9 dietro ogni opera in pietra c&#8217;\u00e8 una mano esperta, diamole un po&#8217; d&#8217;aria per respirare.<\/strong><\/p>\n","protected":false},"excerpt":{"rendered":"<p>Le professioni della pietra sono tra le pi\u00f9 nobili e impegnative del mondo dell \u201cartigianato e dell\u201d industria. Tagliatori di pietra, incisori, marmisti, scultori e cavatori esercitano le loro preziose abilit\u00e0, spesso in condizioni difficili.   <\/p>\n","protected":false},"author":13,"featured_media":112248,"comment_status":"open","ping_status":"closed","sticky":false,"template":"","format":"standard","meta":{"_acf_changed":false,"_seopress_robots_primary_cat":"none","_seopress_titles_title":"M\u00e9tiers de la pierre : pr\u00e9server la sant\u00e9 face aux poussi\u00e8res \u2013 OberA","_seopress_titles_desc":"Exposition \u00e0 la silice, p\u00e9nibilit\u00e9, esp\u00e9rance de vie r\u00e9duite : OberA agit pour un air sain et s\u00e9curis\u00e9 dans les m\u00e9tiers de la pierre. Prot\u00e9gez vos \u00e9quipes.","_seopress_robots_index":"","footnotes":""},"categories":[52],"tags":[],"class_list":["post-109129","post","type-post","status-publish","format-standard","has-post-thumbnail","hentry","category-il-nostro-consiglio","generate-columns","tablet-grid-50","mobile-grid-100","grid-parent","grid-50","no-featured-image-padding","resize-featured-image"],"acf":[],"_links":{"self":[{"href":"https:\/\/obera.fr\/it\/wp-json\/wp\/v2\/posts\/109129","targetHints":{"allow":["GET"]}}],"collection":[{"href":"https:\/\/obera.fr\/it\/wp-json\/wp\/v2\/posts"}],"about":[{"href":"https:\/\/obera.fr\/it\/wp-json\/wp\/v2\/types\/post"}],"author":[{"embeddable":true,"href":"https:\/\/obera.fr\/it\/wp-json\/wp\/v2\/users\/13"}],"replies":[{"embeddable":true,"href":"https:\/\/obera.fr\/it\/wp-json\/wp\/v2\/comments?post=109129"}],"version-history":[{"count":2,"href":"https:\/\/obera.fr\/it\/wp-json\/wp\/v2\/posts\/109129\/revisions"}],"predecessor-version":[{"id":112001,"href":"https:\/\/obera.fr\/it\/wp-json\/wp\/v2\/posts\/109129\/revisions\/112001"}],"wp:featuredmedia":[{"embeddable":true,"href":"https:\/\/obera.fr\/it\/wp-json\/wp\/v2\/media\/112248"}],"wp:attachment":[{"href":"https:\/\/obera.fr\/it\/wp-json\/wp\/v2\/media?parent=109129"}],"wp:term":[{"taxonomy":"category","embeddable":true,"href":"https:\/\/obera.fr\/it\/wp-json\/wp\/v2\/categories?post=109129"},{"taxonomy":"post_tag","embeddable":true,"href":"https:\/\/obera.fr\/it\/wp-json\/wp\/v2\/tags?post=109129"}],"curies":[{"name":"wp","href":"https:\/\/api.w.org\/{rel}","templated":true}]}}