{"id":118491,"date":"2025-06-30T15:30:10","date_gmt":"2025-06-30T13:30:10","guid":{"rendered":"https:\/\/obera.fr\/il-nostro-consiglio\/rafraichisseur-garage\/"},"modified":"2025-07-16T11:03:53","modified_gmt":"2025-07-16T09:03:53","slug":"rafraichisseur-garage","status":"publish","type":"post","link":"https:\/\/obera.fr\/it\/auto-e-camion\/rafraichisseur-garage\/","title":{"rendered":"Il calore nei garage delle auto: una sfida quotidiana finalmente sotto controllo grazie ai refrigeratori OberA"},"content":{"rendered":"\n<div class=\"wp-block-columns is-layout-flex wp-container-core-columns-is-layout-28f84493 wp-block-columns-is-layout-flex\">\n<div class=\"wp-block-column is-layout-flow wp-block-column-is-layout-flow\" style=\"flex-basis:66.66%\">\n<p>Il <strong>settore automobilistico si sta surriscaldando<\/strong> e il calore nei garage e nelle officine<br\/>sta diventando un flagello per i professionisti del settore.<br\/><br\/>Ogni estate, nelle officine, il caldo diventa rapidamente un <strong>grosso handicap per i meccanici<\/strong>, incidendo sulla loro salute, sicurezza e produttivit\u00e0.<br\/><br\/>Le ondate di calore sono sempre pi\u00f9 frequenti e intense in Francia. Secondo M\u00e9t\u00e9o France, negli ultimi 20 anni il<strong> Paese ha vissuto 8 delle 10 estati pi\u00f9 calde<\/strong> dal 1900. <\/p>\n<\/div>\n\n\n\n<div class=\"wp-block-column is-layout-flow wp-block-column-is-layout-flow\" style=\"flex-basis:33.33%\">\n<figure class=\"wp-block-image aligncenter size-full is-resized\"><img decoding=\"async\" width=\"612\" height=\"612\" src=\"https:\/\/obera.fr\/wp-content\/uploads\/2025\/06\/istockphoto-629496278-612x612-1.jpg\" alt=\"Garage per auto\" class=\"wp-image-118791\" style=\"width:326px;height:auto\" srcset=\"https:\/\/obera.fr\/wp-content\/uploads\/2025\/06\/istockphoto-629496278-612x612-1.jpg 612w, https:\/\/obera.fr\/wp-content\/uploads\/2025\/06\/istockphoto-629496278-612x612-1-300x300.jpg 300w, https:\/\/obera.fr\/wp-content\/uploads\/2025\/06\/istockphoto-629496278-612x612-1-150x150.jpg 150w\" sizes=\"(max-width: 612px) 100vw, 612px\" \/><\/figure>\n<\/div>\n<\/div>\n\n<h2 class=\"wp-block-heading\">Temperature estreme in laboratori poco isolati<\/h2>\n\n<p>I garage e le <a href=\"https:\/\/obera.fr\/it\/il-nostro-consiglio\/rafraichisseur-production-automobile\/\">officine per auto sono spesso poco ventilati,<\/a> parzialmente aperti, con attrezzature che rilasciano temperature elevate, come motori caldi, ponti idraulici, compressori, ecc.<br\/>Durante un&#8217;ondata di calore, la <strong>temperatura ambientale pu\u00f2 facilmente raggiungere i 35-45\u00b0C <\/strong>in un&#8217;officina chiusa o con le porte aperte, con conseguenti temperature esterne soffocanti.<br\/><br\/>Queste temperature elevate hanno conseguenze concrete per i meccanici di auto:  <\/p>\n\n<ul class=\"wp-block-list\">\n<li><strong>Problemi di salute<\/strong> \u2192 il colpo di calore, la disidratazione e il malessere diventano ricorrenti<\/li>\n\n\n\n<li><strong>Concentrazione ridotta<\/strong> \u2192 il calore comporta un aumento del rischio di errori tecnici<\/li>\n\n\n\n<li><strong>Impatto sulle prestazioni complessive<\/strong> \u2192 riduzione della produzione, perdita di efficienza, incapacit\u00e0 lavorativa temporanea<\/li>\n\n\n\n<li><strong>Conseguenze per i team<\/strong> \u2192 aumento del turnover, sostituzioni frequenti<\/li>\n<\/ul>\n\n<p><\/p>\n\n<h2 class=\"wp-block-heading\">Una soluzione collaudata: i raffreddatori d&#8217;aria industriali OberA<\/h2>\n\n<p>OberA offre LA soluzione di raffreddamento ad alte prestazioni, durevole e facile da installare. La nostra gamma di refrigeratori IC si <strong>adatta<\/strong> perfettamente <strong>agli ambienti automobilistici<\/strong> come le officine di manutenzione, riparazione e produzione. <\/p>\n\n<p><br\/>Adatti a superfici che vanno da 80 a 400 m\u00b2, i nostri IC offrono al tuo settore :<br\/><\/p>\n\n<ul class=\"wp-block-list\">\n<li>Un&#8217;innovazione tecnologica basata su un principio storico e naturale: l&#8217;evaporazione dell&#8217;acqua.<\/li>\n\n\n\n<li>Costi di gestione 15 volte inferiori a quelli dell&#8217;aria condizionata<\/li>\n\n\n\n<li>Una gamma completa per soddisfare tutte le tue esigenze e i tuoi vincoli<\/li>\n\n\n\n<li>Un&#8217;impronta di carbonio molto bassa (nessun refrigerante) che non rilascia aria calda (nessun effetto &#8220;isola di calore&#8221;)<\/li>\n\n\n\n<li>Una gamma di prodotti di qualit\u00e0 realizzati in Francia<\/li>\n\n\n\n<li>Una soluzione &#8220;plug and play&#8221; pratica, adattabile e mobile<\/li>\n\n\n\n<li>Manutenzione rapida e conveniente<\/li>\n\n\n\n<li>Garanzia di 5 anni<br\/><\/li>\n<\/ul>\n\n<p>Grazie all&#8217;innovazione brevettata &#8220;Pureflow&#8221;, OberA <strong>combina raffreddamento e purificazione<\/strong> per garantire una qualit\u00e0 dell&#8217;aria superiore nei tuoi garage e nelle tue officine.<\/p>\n\n<p><\/p>\n\n<div class=\"wp-block-columns is-layout-flex wp-container-core-columns-is-layout-28f84493 wp-block-columns-is-layout-flex\">\n<div class=\"wp-block-column is-layout-flow wp-block-column-is-layout-flow\">\n<h3 class=\"wp-block-heading has-text-align-center\">IC 12<\/h3>\n\n\n\n<figure class=\"wp-block-image aligncenter size-full is-resized\"><a href=\"https:\/\/obera.fr\/produits\/rafraichisseurs-air\/rafraichisseurs-par-evaporation-ic\/\"><img decoding=\"async\" width=\"1200\" height=\"1200\" src=\"https:\/\/obera.fr\/wp-content\/uploads\/2025\/04\/img-ic-12.png\" alt=\"img ic 12\" class=\"wp-image-87231\" style=\"object-fit:cover;width:300px;height:300px\" srcset=\"https:\/\/obera.fr\/wp-content\/uploads\/2025\/04\/img-ic-12.png 1200w, https:\/\/obera.fr\/wp-content\/uploads\/2025\/04\/img-ic-12-300x300.png 300w, https:\/\/obera.fr\/wp-content\/uploads\/2025\/04\/img-ic-12-1024x1024.png 1024w, https:\/\/obera.fr\/wp-content\/uploads\/2025\/04\/img-ic-12-150x150.png 150w, https:\/\/obera.fr\/wp-content\/uploads\/2025\/04\/img-ic-12-768x768.png 768w\" sizes=\"(max-width: 1200px) 100vw, 1200px\" \/><\/a><\/figure>\n<\/div>\n\n\n\n<div class=\"wp-block-column is-layout-flow wp-block-column-is-layout-flow\">\n<h3 class=\"wp-block-heading has-text-align-center\">IC 22<\/h3>\n\n\n\n<figure class=\"wp-block-image aligncenter size-full is-resized\"><a href=\"https:\/\/obera.fr\/produits\/rafraichisseurs-air\/rafraichisseurs-par-evaporation-ic\/\"><img decoding=\"async\" width=\"1200\" height=\"1200\" src=\"https:\/\/obera.fr\/wp-content\/uploads\/2025\/04\/img-ic-22.png\" alt=\"img ic 22\" class=\"wp-image-87254\" style=\"object-fit:cover;width:300px;height:300px\" srcset=\"https:\/\/obera.fr\/wp-content\/uploads\/2025\/04\/img-ic-22.png 1200w, https:\/\/obera.fr\/wp-content\/uploads\/2025\/04\/img-ic-22-300x300.png 300w, https:\/\/obera.fr\/wp-content\/uploads\/2025\/04\/img-ic-22-1024x1024.png 1024w, https:\/\/obera.fr\/wp-content\/uploads\/2025\/04\/img-ic-22-150x150.png 150w, https:\/\/obera.fr\/wp-content\/uploads\/2025\/04\/img-ic-22-768x768.png 768w\" sizes=\"(max-width: 1200px) 100vw, 1200px\" \/><\/a><\/figure>\n<\/div>\n\n\n\n<div class=\"wp-block-column is-layout-flow wp-block-column-is-layout-flow\">\n<h3 class=\"wp-block-heading has-text-align-center\">IC 30<\/h3>\n\n\n\n<figure class=\"wp-block-image aligncenter size-full is-resized\"><a href=\"https:\/\/obera.fr\/produits\/rafraichisseurs-air\/rafraichisseurs-par-evaporation-ic\/\"><img decoding=\"async\" width=\"1200\" height=\"1200\" src=\"https:\/\/obera.fr\/wp-content\/uploads\/2025\/04\/img-ic-30.png\" alt=\"img ic 30\" class=\"wp-image-87278\" style=\"object-fit:cover;width:300px;height:300px\" srcset=\"https:\/\/obera.fr\/wp-content\/uploads\/2025\/04\/img-ic-30.png 1200w, https:\/\/obera.fr\/wp-content\/uploads\/2025\/04\/img-ic-30-300x300.png 300w, https:\/\/obera.fr\/wp-content\/uploads\/2025\/04\/img-ic-30-1024x1024.png 1024w, https:\/\/obera.fr\/wp-content\/uploads\/2025\/04\/img-ic-30-150x150.png 150w, https:\/\/obera.fr\/wp-content\/uploads\/2025\/04\/img-ic-30-768x768.png 768w\" sizes=\"(max-width: 1200px) 100vw, 1200px\" \/><\/a><\/figure>\n<\/div>\n<\/div>\n\n<div class=\"wp-block-buttons is-content-justification-center is-layout-flex wp-container-core-buttons-is-layout-a89b3969 wp-block-buttons-is-layout-flex\">\n<div class=\"wp-block-button\"><a class=\"wp-block-button__link has-text-align-center wp-element-button\" href=\"https:\/\/obera.fr\/it\/produits\/rafraichisseurs-air\/\"><strong>Scopri i nostri refrigeratori<\/strong><\/a><\/div>\n<\/div>\n\n<div style=\"height:81px\" aria-hidden=\"true\" class=\"wp-block-spacer\"><\/div>\n\n<h2 class=\"wp-block-heading\">Autofficina Volkswagen Fabris a Irmstett (67)<\/h2>\n\n<div class=\"wp-block-columns is-layout-flex wp-container-core-columns-is-layout-28f84493 wp-block-columns-is-layout-flex\">\n<div class=\"wp-block-column is-layout-flow wp-block-column-is-layout-flow\" style=\"flex-basis:80%\">\n<p><\/p>\n\n\n\n<p>Situato nella regione del Bas-Rhin, in Francia, il <strong>Garage Volkswagen Fabris<\/strong> ha dovuto affrontare, come ogni anno, un significativo aumento della temperatura nella sua officina.<br\/>Al fine di migliorare il comfort dei suoi meccanici, abbiamo proposto un test del nostro modello IC 12 per diversi giorni, per dimostrare l&#8217;<strong>efficacia della nostra soluzione<\/strong> di raffreddamento Made In France.<\/p>\n\n\n\n<p><\/p>\n\n\n\n<h3 class=\"wp-block-heading\">Risultati immediati<\/h3>\n\n\n\n<blockquote class=\"wp-block-quote is-layout-flow wp-block-quote-is-layout-flow\">\n<p>&#8220;\u00c8 semplice, i miei meccanici non ci credevano, ma dopo pochi minuti di utilizzo abbiamo visto che la temperatura si \u00e8 abbassata notevolmente. Abbiamo <strong>guadagnato in comfort<\/strong>, ma anche in efficienza. L&#8217;atmosfera in officina \u00e8 pi\u00f9 rilassata e favorisce il lavoro in condizioni decisamente migliori.  <br\/><br\/>Il signor Fabris, proprietario del garage FABRIS.<\/p>\n<\/blockquote>\n<\/div>\n\n\n\n<div class=\"wp-block-column is-layout-flow wp-block-column-is-layout-flow\" style=\"flex-basis:50%\"><style>.kb-gallery-id-118196_6fa53f-8e .kadence-blocks-gallery-item .kb-gal-image-radius, .kb-gallery-id-118196_6fa53f-8e .kb-slide-item .kb-gal-image-radius img{border-radius:0px 0px 0px 0px;;}.kb-gallery-wrap-id-118196_6fa53f-8e.wp-block-kadence-advancedgallery{overflow:visible;}.kb-gallery-wrap-id-118196_6fa53f-8e.wp-block-kadence-advancedgallery .kt-blocks-carousel{overflow:visible;}<\/style><div class=\"kb-gallery-wrap-id-118196_6fa53f-8e alignnone wp-block-kadence-advancedgallery\"><div class=\"kb-gallery-ul kb-gallery-non-static kb-gallery-type-slider kb-gallery-id-118196_6fa53f-8e kb-gallery-caption-style-bottom-hover kb-gallery-filter-none\" data-image-filter=\"none\" data-lightbox-caption=\"true\"><div class=\"kt-blocks-carousel splide kt-carousel-container-dotstyle-dark kt-carousel-arrowstyle-whiteondark kt-carousel-dotstyle-dark kb-slider-group-arrow kb-slider-arrow-position-center\" data-slider-anim-speed=\"400\" data-slider-scroll=\"1\" data-slider-arrows=\"true\" data-slider-fade=\"true\" data-slider-dots=\"true\" data-slider-type=\"slider\" data-slider-hover-pause=\"false\" data-slider-auto=\"\" data-slider-speed=\"7000\" data-show-pause-button=\"false\"><div class=\"splide__track\"><ul class=\"kt-blocks-carousel-init kb-blocks-slider splide__list\"><li class=\"kb-slide-item kb-gallery-slide-item splide__slide\"><div class=\"kadence-blocks-gallery-item\"><div class=\"kadence-blocks-gallery-item-inner\"><figure class=\"kb-gallery-figure kadence-blocks-gallery-item-hide-caption\"><div class=\"kb-gal-image-radius\"><div class=\"kb-gallery-image-contain kadence-blocks-gallery-intrinsic kb-gallery-image-ratio-land32 kb-has-image-ratio-land32\" ><img decoding=\"async\" src=\"https:\/\/obera.fr\/wp-content\/uploads\/2025\/06\/raf-ic-12-secteur-automobile.3-1024x1024.png\" width=\"1024\" height=\"1024\" alt=\"raf ic 12 secteur automobile\" data-full-image=\"https:\/\/obera.fr\/wp-content\/uploads\/2025\/06\/raf-ic-12-secteur-automobile.3.png\" data-light-image=\"https:\/\/obera.fr\/wp-content\/uploads\/2025\/06\/raf-ic-12-secteur-automobile.3.png\" data-id=\"118287\" class=\"wp-image-118287 skip-lazy\" srcset=\"https:\/\/obera.fr\/wp-content\/uploads\/2025\/06\/raf-ic-12-secteur-automobile.3-1024x1024.png 1024w, https:\/\/obera.fr\/wp-content\/uploads\/2025\/06\/raf-ic-12-secteur-automobile.3-300x300.png 300w, https:\/\/obera.fr\/wp-content\/uploads\/2025\/06\/raf-ic-12-secteur-automobile.3-150x150.png 150w, https:\/\/obera.fr\/wp-content\/uploads\/2025\/06\/raf-ic-12-secteur-automobile.3-768x768.png 768w, https:\/\/obera.fr\/wp-content\/uploads\/2025\/06\/raf-ic-12-secteur-automobile.3.png 1200w\" sizes=\"(max-width: 1024px) 100vw, 1024px\" \/><\/div><\/div><\/figure><\/div><\/div><\/li><li class=\"kb-slide-item kb-gallery-slide-item splide__slide\"><div class=\"kadence-blocks-gallery-item\"><div class=\"kadence-blocks-gallery-item-inner\"><figure class=\"kb-gallery-figure kadence-blocks-gallery-item-hide-caption\"><div class=\"kb-gal-image-radius\"><div class=\"kb-gallery-image-contain kadence-blocks-gallery-intrinsic kb-gallery-image-ratio-land32 kb-has-image-ratio-land32\" ><img decoding=\"async\" src=\"https:\/\/obera.fr\/wp-content\/uploads\/2025\/06\/raf-ic-12-secteur-automobile.2-1024x1024.png\" width=\"1024\" height=\"1024\" alt=\"raf ic 12 secteur\" data-full-image=\"https:\/\/obera.fr\/wp-content\/uploads\/2025\/06\/raf-ic-12-secteur-automobile.2.png\" data-light-image=\"https:\/\/obera.fr\/wp-content\/uploads\/2025\/06\/raf-ic-12-secteur-automobile.2.png\" data-id=\"118313\" class=\"wp-image-118313 skip-lazy\" srcset=\"https:\/\/obera.fr\/wp-content\/uploads\/2025\/06\/raf-ic-12-secteur-automobile.2-1024x1024.png 1024w, https:\/\/obera.fr\/wp-content\/uploads\/2025\/06\/raf-ic-12-secteur-automobile.2-300x300.png 300w, https:\/\/obera.fr\/wp-content\/uploads\/2025\/06\/raf-ic-12-secteur-automobile.2-150x150.png 150w, https:\/\/obera.fr\/wp-content\/uploads\/2025\/06\/raf-ic-12-secteur-automobile.2-768x768.png 768w, https:\/\/obera.fr\/wp-content\/uploads\/2025\/06\/raf-ic-12-secteur-automobile.2.png 1200w\" sizes=\"(max-width: 1024px) 100vw, 1024px\" \/><\/div><\/div><\/figure><\/div><\/div><\/li><li class=\"kb-slide-item kb-gallery-slide-item splide__slide\"><div class=\"kadence-blocks-gallery-item\"><div class=\"kadence-blocks-gallery-item-inner\"><figure class=\"kb-gallery-figure kadence-blocks-gallery-item-hide-caption\"><div class=\"kb-gal-image-radius\"><div class=\"kb-gallery-image-contain kadence-blocks-gallery-intrinsic kb-gallery-image-ratio-land32 kb-has-image-ratio-land32\" ><img decoding=\"async\" src=\"https:\/\/obera.fr\/wp-content\/uploads\/2025\/06\/raf-ic-12-secteur-automobile-1024x1024.png\" width=\"1024\" height=\"1024\" alt=\"raf ic 12 secteur garage\" data-full-image=\"https:\/\/obera.fr\/wp-content\/uploads\/2025\/06\/raf-ic-12-secteur-automobile.png\" data-light-image=\"https:\/\/obera.fr\/wp-content\/uploads\/2025\/06\/raf-ic-12-secteur-automobile.png\" data-id=\"118337\" class=\"wp-image-118337 skip-lazy\" srcset=\"https:\/\/obera.fr\/wp-content\/uploads\/2025\/06\/raf-ic-12-secteur-automobile-1024x1024.png 1024w, https:\/\/obera.fr\/wp-content\/uploads\/2025\/06\/raf-ic-12-secteur-automobile-300x300.png 300w, https:\/\/obera.fr\/wp-content\/uploads\/2025\/06\/raf-ic-12-secteur-automobile-150x150.png 150w, https:\/\/obera.fr\/wp-content\/uploads\/2025\/06\/raf-ic-12-secteur-automobile-768x768.png 768w, https:\/\/obera.fr\/wp-content\/uploads\/2025\/06\/raf-ic-12-secteur-automobile.png 1200w\" sizes=\"(max-width: 1024px) 100vw, 1024px\" \/><\/div><\/div><\/figure><\/div><\/div><\/li><li class=\"kb-slide-item kb-gallery-slide-item splide__slide\"><div class=\"kadence-blocks-gallery-item\"><div class=\"kadence-blocks-gallery-item-inner\"><figure class=\"kb-gallery-figure kadence-blocks-gallery-item-hide-caption\"><div class=\"kb-gal-image-radius\"><div class=\"kb-gallery-image-contain kadence-blocks-gallery-intrinsic kb-gallery-image-ratio-land32 kb-has-image-ratio-land32\" ><img decoding=\"async\" src=\"https:\/\/obera.fr\/wp-content\/uploads\/2025\/06\/raf-ic-12-secteur-automobile.4-1024x1024.png\" width=\"1024\" height=\"1024\" alt=\"raf ic 12\" data-full-image=\"https:\/\/obera.fr\/wp-content\/uploads\/2025\/06\/raf-ic-12-secteur-automobile.4.png\" data-light-image=\"https:\/\/obera.fr\/wp-content\/uploads\/2025\/06\/raf-ic-12-secteur-automobile.4.png\" data-id=\"118361\" class=\"wp-image-118361 skip-lazy\" srcset=\"https:\/\/obera.fr\/wp-content\/uploads\/2025\/06\/raf-ic-12-secteur-automobile.4-1024x1024.png 1024w, https:\/\/obera.fr\/wp-content\/uploads\/2025\/06\/raf-ic-12-secteur-automobile.4-300x300.png 300w, https:\/\/obera.fr\/wp-content\/uploads\/2025\/06\/raf-ic-12-secteur-automobile.4-150x150.png 150w, https:\/\/obera.fr\/wp-content\/uploads\/2025\/06\/raf-ic-12-secteur-automobile.4-768x768.png 768w, https:\/\/obera.fr\/wp-content\/uploads\/2025\/06\/raf-ic-12-secteur-automobile.4.png 1200w\" sizes=\"(max-width: 1024px) 100vw, 1024px\" \/><\/div><\/div><\/figure><\/div><\/div><\/li><li class=\"kb-slide-item kb-gallery-slide-item splide__slide\"><div class=\"kadence-blocks-gallery-item\"><div class=\"kadence-blocks-gallery-item-inner\"><figure class=\"kb-gallery-figure kadence-blocks-gallery-item-hide-caption\"><div class=\"kb-gal-image-radius\"><div class=\"kb-gallery-image-contain kadence-blocks-gallery-intrinsic kb-gallery-image-ratio-land32 kb-has-image-ratio-land32\" ><img decoding=\"async\" src=\"https:\/\/obera.fr\/wp-content\/uploads\/2025\/06\/raf-ic-12-secteur-automobile.1-1024x1024.png\" width=\"1024\" height=\"1024\" alt=\"raf ic 12 secteur auto\" data-full-image=\"https:\/\/obera.fr\/wp-content\/uploads\/2025\/06\/raf-ic-12-secteur-automobile.1.png\" data-light-image=\"https:\/\/obera.fr\/wp-content\/uploads\/2025\/06\/raf-ic-12-secteur-automobile.1.png\" data-id=\"118387\" class=\"wp-image-118387 skip-lazy\" srcset=\"https:\/\/obera.fr\/wp-content\/uploads\/2025\/06\/raf-ic-12-secteur-automobile.1-1024x1024.png 1024w, https:\/\/obera.fr\/wp-content\/uploads\/2025\/06\/raf-ic-12-secteur-automobile.1-300x300.png 300w, https:\/\/obera.fr\/wp-content\/uploads\/2025\/06\/raf-ic-12-secteur-automobile.1-150x150.png 150w, https:\/\/obera.fr\/wp-content\/uploads\/2025\/06\/raf-ic-12-secteur-automobile.1-768x768.png 768w, https:\/\/obera.fr\/wp-content\/uploads\/2025\/06\/raf-ic-12-secteur-automobile.1.png 1200w\" sizes=\"(max-width: 1024px) 100vw, 1024px\" \/><\/div><\/div><\/figure><\/div><\/div><\/li><\/ul><\/div><\/div><\/div><\/div><\/div>\n<\/div>\n\n<p><br\/>In seguito al successo della nostra soluzione, il Garage Volkswagen Fabris ha scelto di acquistare <strong>2 refrigeratori OberA<\/strong>, un importante passo avanti per il comfort dei suoi meccanici durante i ricorrenti periodi di caldo.<\/p>\n\n<p><\/p>\n\n<h2 class=\"wp-block-heading\">Sei il proprietario di un&#8217;autofficina o lavori nel settore automobilistico? Scopri i benefici tangibili di un&#8217;aria pi\u00f9 fresca nella tua officina<\/h2>\n\n<p>Combattere il calore in un&#8217;officina meccanica non \u00e8 pi\u00f9 un&#8217;opzione: \u00e8 una <strong>questione di salute, prestazioni e benessere sul posto di lavoro.<\/strong><\/p>\n\n<ul class=\"wp-block-list\">\n<li>Come Garage Fabris, PROVA O NOLEGGIA la nostra gamma di refrigeratori IC<\/li>\n\n\n\n<li>Contattaci oggi stesso per una rapida diagnosi delle tue esigenze di raffreddamento industriale.<\/li>\n<\/ul>\n\n<p><\/p>\n\n<p>Il comfort dei tuoi dipendenti non pu\u00f2 aspettare, agisci subito con le soluzioni OberA!<\/p>\n\n<div style=\"height:51px\" aria-hidden=\"true\" class=\"wp-block-spacer\"><\/div>\n\n<div class=\"wp-block-buttons is-content-justification-center is-layout-flex wp-container-core-buttons-is-layout-a89b3969 wp-block-buttons-is-layout-flex\">\n<div class=\"wp-block-button\"><a class=\"wp-block-button__link has-text-align-center wp-element-button\" href=\"https:\/\/obera.fr\/it\/contact\/\"><strong><strong>Contattaci<\/strong><\/strong><\/a><\/div>\n\n\n\n<div class=\"wp-block-button\"><a class=\"wp-block-button__link has-text-align-center wp-element-button\" href=\"https:\/\/obera.fr\/it\/location-appareil-industriel\/\"><strong><strong>Noleggia le nostre attrezzature<\/strong><\/strong><\/a><\/div>\n<\/div>\n","protected":false},"excerpt":{"rendered":"<p>Il settore automobilistico si sta surriscaldando e il calore nei garage e nelle officine<br \/>\nsta diventando un flagello per i professionisti del settore.<\/p>\n","protected":false},"author":13,"featured_media":120444,"comment_status":"open","ping_status":"closed","sticky":false,"template":"","format":"standard","meta":{"_acf_changed":false,"_seopress_robots_primary_cat":"none","_seopress_titles_title":"Raffreddatori OberA: niente pi\u00f9 calore nei garage delle auto","_seopress_titles_desc":"OberA offre una soluzione efficace al problema del calore in officina: comfort, sicurezza e prestazioni vengono ripristinati grazie ai suoi raffreddatori d'aria industriali.","_seopress_robots_index":"","footnotes":""},"categories":[577],"tags":[432],"class_list":["post-118491","post","type-post","status-publish","format-standard","has-post-thumbnail","hentry","category-auto-e-camion","tag-raffreddatori","generate-columns","tablet-grid-50","mobile-grid-100","grid-parent","grid-50","no-featured-image-padding","resize-featured-image"],"acf":[],"_links":{"self":[{"href":"https:\/\/obera.fr\/it\/wp-json\/wp\/v2\/posts\/118491","targetHints":{"allow":["GET"]}}],"collection":[{"href":"https:\/\/obera.fr\/it\/wp-json\/wp\/v2\/posts"}],"about":[{"href":"https:\/\/obera.fr\/it\/wp-json\/wp\/v2\/types\/post"}],"author":[{"embeddable":true,"href":"https:\/\/obera.fr\/it\/wp-json\/wp\/v2\/users\/13"}],"replies":[{"embeddable":true,"href":"https:\/\/obera.fr\/it\/wp-json\/wp\/v2\/comments?post=118491"}],"version-history":[{"count":8,"href":"https:\/\/obera.fr\/it\/wp-json\/wp\/v2\/posts\/118491\/revisions"}],"predecessor-version":[{"id":122849,"href":"https:\/\/obera.fr\/it\/wp-json\/wp\/v2\/posts\/118491\/revisions\/122849"}],"wp:featuredmedia":[{"embeddable":true,"href":"https:\/\/obera.fr\/it\/wp-json\/wp\/v2\/media\/120444"}],"wp:attachment":[{"href":"https:\/\/obera.fr\/it\/wp-json\/wp\/v2\/media?parent=118491"}],"wp:term":[{"taxonomy":"category","embeddable":true,"href":"https:\/\/obera.fr\/it\/wp-json\/wp\/v2\/categories?post=118491"},{"taxonomy":"post_tag","embeddable":true,"href":"https:\/\/obera.fr\/it\/wp-json\/wp\/v2\/tags?post=118491"}],"curies":[{"name":"wp","href":"https:\/\/api.w.org\/{rel}","templated":true}]}}