{"id":145744,"date":"2026-01-20T15:01:12","date_gmt":"2026-01-20T13:01:12","guid":{"rendered":"https:\/\/obera.fr\/il-nostro-consiglio\/i-francesi-respirano-aria-sana-sul-posto-di-lavoro-in-inverno\/"},"modified":"2026-03-02T14:55:38","modified_gmt":"2026-03-02T12:55:38","slug":"i-francesi-respirano-aria-sana-sul-posto-di-lavoro-in-inverno","status":"publish","type":"post","link":"https:\/\/obera.fr\/it\/stampa\/i-francesi-respirano-aria-sana-sul-posto-di-lavoro-in-inverno\/","title":{"rendered":"I francesi respirano aria sana sul posto di lavoro in inverno?"},"content":{"rendered":"\n<p>OberA svela i risultati di una <strong>nuova indagine* condotta su 4.102 persone<\/strong> che mette in luce un persistente divario tra comfort termico e qualit\u00e0 dell\u2019aria sul lavoro: temperature ideali molto dibattute, aerazione invernale rara, assenza di dispositivi di purificazione dell\u2019aria, umidit\u00e0 poco controllata ed esitazioni sui comportamenti corretti di fronte ai virus. Lo studio evidenzia anche una forte aspettativa verso i datori di lavoro: una larga maggioranza chiede azioni concrete per un\u2019aria interna pi\u00f9 sana nelle aziende e nei luoghi pubblici. <\/p>\n\n<figure class=\"wp-block-image aligncenter size-full\"><img decoding=\"async\" width=\"315\" height=\"210\" src=\"https:\/\/obera.fr\/wp-content\/uploads\/2026\/02\/sondage-obera-image.png\" alt=\"immagine sondaggio obera\" class=\"wp-image-143875\" srcset=\"https:\/\/obera.fr\/wp-content\/uploads\/2026\/02\/sondage-obera-image.png 315w, https:\/\/obera.fr\/wp-content\/uploads\/2026\/02\/sondage-obera-image-300x200.png 300w\" sizes=\"(max-width: 315px) 100vw, 315px\" \/><\/figure>\n\n<h2 class=\"wp-block-heading\">Luoghi di lavoro con temperatura mal regolata? <\/h2>\n\n<p>Avere troppo freddo o troppo caldo sul posto di lavoro pu\u00f2 diventare un vero problema. Ma su questo tema non tutti hanno la stessa idea della temperatura ideale.  <\/p>\n\n<p>Secondo l\u2019INRS, i riferimenti di comfort termico si collocano tra 21 e 23\u00b0C e questa fascia \u00e8 preferita solo dal 41%. <\/p>\n\n<p>Alcuni privilegiano impostazioni pi\u00f9 sobrie a 19\u00b0C o meno: il 21%, un livello vicino alle indicazioni di sobriet\u00e0 energetica richiamate nella comunicazione pubblica.<\/p>\n\n<h3 class=\"wp-block-heading\">In inverno, quale temperatura ti piace avere sul posto di lavoro?<\/h3>\n\n<figure class=\"wp-block-table\"><table class=\"has-fixed-layout\"><tbody><tr><td><strong>Risposte <\/strong><\/td><td><strong>Percentuali<\/strong><\/td><\/tr><tr><td>17\u00b0C <\/td><td>2 %<\/td><\/tr><tr><td>18\u00b0C <\/td><td>11 %<\/td><\/tr><tr><td>19\u00b0C <\/td><td>19 %<\/td><\/tr><tr><td>20\u00b0C <\/td><td>21 %<\/td><\/tr><tr><td>21\u00b0C <\/td><td>18 %<\/td><\/tr><tr><td>22\u00b0C <\/td><td>12 %<\/td><\/tr><tr><td>23\u00b0C <\/td><td>11 %<\/td><\/tr><tr><td>Pi\u00f9 di 24\u00b0C <\/td><td>5 %<\/td><\/tr><tr><td>Non lo so <\/td><td>1 %<\/td><\/tr><\/tbody><\/table><\/figure>\n\n<h3 class=\"wp-block-heading\">I francesi preferiscono stare al caldo piuttosto che avere aria rinnovata<\/h3>\n\n<p>A parit\u00e0 di scelta, quasi un francese su due preferisce stare ben al caldo anche se l\u2019aria \u00e8 poco rinnovata (48%), contro il 41% che privilegia un\u2019aria rinnovata regolarmente, anche a costo di sopportare un ambiente pi\u00f9 fresco. Infine, l\u201911% dichiara di non scegliere, segno che la decisione dipende dalle situazioni (meteo, sensibilit\u00e0 al freddo, tipo di locali). Questi risultati confermano il peso del comfort termico nella percezione di un ambiente sano, mentre le raccomandazioni pubbliche insistono sull\u2019importanza di arieggiare ogni giorno, anche in inverno.   <\/p>\n\n<h3 class=\"wp-block-heading\">A parit\u00e0 di scelta, cosa preferisci:<\/h3>\n\n<figure class=\"wp-block-table\"><table class=\"has-fixed-layout\"><tbody><tr><td><strong>Risposte <\/strong><\/td><td><strong>Percentuali<\/strong><\/td><\/tr><tr><td><strong>Stare ben al caldo anche se l\u2019aria \u00e8 poco rinnovata <\/strong><\/td><td><strong>48 %<\/strong><\/td><\/tr><tr><td>Stare un po\u2019 pi\u00f9 al fresco ma con aria rinnovata regolarmente <\/td><td>41 %<\/td><\/tr><tr><td>Non lo so \/ dipende <\/td><td>11 %<\/td><\/tr><\/tbody><\/table><\/figure>\n\n<h2 class=\"wp-block-heading\">Francesi attenti all\u2019umidit\u00e0\u2026 ma senza un vero controllo <\/h2>\n\n<p>L\u2019umidit\u00e0 dell\u2019aria al lavoro \u00e8 una preoccupazione molto condivisa: il 90% degli intervistati se ne preoccupa, ma solo l\u20198% indica che viene effettivamente misurata per conoscerne il livello. Al contrario, l\u201982% dichiara di non disporre di un monitoraggio chiaro (il 31% non sa se esistono misurazioni e il 51% afferma che nessuno la misura), in linea con i risultati di indagini nazionali sulla QAI che mostrano una forte scarsa conoscenza delle misure e della loro gestione in azienda.  <\/p>\n\n<p>Eppure l\u2019umidit\u00e0 relativa \u00e8 un parametro riconosciuto per il comfort e la salute, con raccomandazioni spesso intorno al 40\u201360% per limitare fastidi e squilibri.<\/p>\n\n<h3 class=\"wp-block-heading\">Ti preoccupi dell\u2019umidit\u00e0 presente nell\u2019aria sul tuo posto di lavoro?<\/h3>\n\n<figure class=\"wp-block-table\"><table class=\"has-fixed-layout\"><tbody><tr><td><strong>Risposte <\/strong><\/td><td><strong>Percentuali<\/strong><\/td><\/tr><tr><td>S\u00ec, viene misurata per conoscerne il livello <\/td><td>8 %<\/td><\/tr><tr><td>S\u00ec, ma non so se viene misurata <\/td><td>31 %<\/td><\/tr><tr><td>S\u00ec, ma nessuno la misura <\/td><td>51 %<\/td><\/tr><tr><td>No, non mi preoccupa <\/td><td>10 %<\/td><\/tr><\/tbody><\/table><\/figure>\n\n<h3 class=\"wp-block-heading\">Quale soluzione contro i microbi dei colleghi? <\/h3>\n\n<p>Con l\u2019inverno, i microbi sono nell\u2019aria. Eppure, le risposte mostrano una forte esitazione sui comportamenti corretti da adottare per evitare i contagi. Cos\u00ec, solo una minoranza relativa del 31% sceglie la strategia pi\u00f9 completa: brevi aerazioni + purificatore. Il restante 50% si divide tra un\u2019unica azione (finestra nonostante freddo\/inquinamento al 21% o solo purificatore al 29%) e il 19% dichiara di non sapere quale atteggiamento adottare (11%) o di non fare nulla (8%).    <\/p>\n\n<p>Eppure le raccomandazioni sono abbastanza chiare e privilegiano aerazione e ventilazione anche in inverno, tramite aperture ripetute di pochi minuti. L\u2019apporto di aria nuova riduce l\u2019accumulo di aerosol.  <\/p>\n\n<p>Anche la filtrazione HEPA \u00e8 utile come complemento. <\/p>\n\n<h3 class=\"wp-block-heading\">Per ridurre i rischi legati ai microbi respiratori nell\u2019aria (aerosol), secondo te la risposta migliore \u00e8:<\/h3>\n\n<figure class=\"wp-block-table\"><table class=\"has-fixed-layout\"><tbody><tr><td><strong>Risposte <\/strong><\/td><td><strong>Percentuali<\/strong><\/td><\/tr><tr><td>Aprire la finestra anche se l\u2019aria esterna \u00e8 molto fredda e forse inquinata <\/td><td>21 %<\/td><\/tr><tr><td>Usare un purificatore d\u2019aria (tipo HEPA, a carbone attivo, a saturazione, rigenerabile) <\/td><td>29 %<\/td><\/tr><tr><td>Fare brevi aerazioni regolari e usare un purificatore d\u2019aria <\/td><td>31 %<\/td><\/tr><tr><td>Non fare nulla <\/td><td>8 %<\/td><\/tr><tr><td>Non lo so <\/td><td>11 %<\/td><\/tr><\/tbody><\/table><\/figure>\n\n<h2 class=\"wp-block-heading\">Basta finestre chiuse! <\/h2>\n\n<p>L\u2019aerazione al lavoro risulta ampiamente insufficiente e poco controllata: solo il 22% dichiara di aprire le finestre almeno una volta al giorno (7% pi\u00f9 volte, 15% una volta), mentre il 54% lo fa meno spesso (21% alcune volte a settimana, 14% raramente, 19% mai). Soprattutto, il 24% risponde di non sapere o di non avere finestre, segno di mancanza di riferimenti e della difficolt\u00e0 ad applicare i comportamenti corretti.  <\/p>\n\n<h3 class=\"wp-block-heading\">Con quale frequenza vengono aperte le finestre in inverno nel tuo spazio di lavoro?<\/h3>\n\n<figure class=\"wp-block-table\"><table class=\"has-fixed-layout\"><tbody><tr><td><strong>Risposte <\/strong><\/td><td><strong>Percentuali<\/strong><\/td><\/tr><tr><td>Pi\u00f9 volte al giorno <\/td><td>7 %<\/td><\/tr><tr><td>1 volta al giorno <\/td><td>15 %<\/td><\/tr><tr><td>Alcune volte a settimana <\/td><td>21 %<\/td><\/tr><tr><td>Raramente <\/td><td>14 %<\/td><\/tr><tr><td>Mai <\/td><td>19 %<\/td><\/tr><tr><td>Non lo so \/ niente finestre <\/td><td>24 %<\/td><\/tr><\/tbody><\/table><\/figure>\n\n<h2 class=\"wp-block-heading\">Aria cattiva al lavoro? <\/h2>\n\n<p>Chi non ha mai percepito aria viziata sul posto di lavoro? <\/p>\n\n<p>Il 78% dei francesi lo riscontra (31% spesso e 47% a volte), contro solo il 17% che non nota nulla (14% raramente, 3% mai). <\/p>\n\n<p>La QAI resta poco gestita e poco compresa. Infatti, quando l\u2019aria sembra viziata, molti non sanno quali leve attivare (ventilazione, brevi aerazioni regolari, filtrazione). La CO\u2082 \u00e8 per\u00f2 un indicatore utile di un\u2019aria insufficientemente rinnovata, e semplici azioni (arieggiare\/ventilare) riducono l\u2019accumulo di inquinanti e aerosol.   <\/p>\n\n<h3 class=\"wp-block-heading\">Ti \u00e8 mai capitato di percepire che l\u2019aria \u00e8 viziata al lavoro in inverno?<\/h3>\n\n<figure class=\"wp-block-table\"><table class=\"has-fixed-layout\"><tbody><tr><td><strong>Risposte <\/strong><\/td><td><strong>Percentuali<\/strong><\/td><\/tr><tr><td>S\u00ec, spesso <\/td><td>31 %<\/td><\/tr><tr><td><strong>S\u00ec, a volte <\/strong><\/td><td><strong>47 %<\/strong><\/td><\/tr><tr><td>No, raramente <\/td><td>14 %<\/td><\/tr><tr><td>No, mai <\/td><td>3 %<\/td><\/tr><tr><td>Non lo so <\/td><td>5 %<\/td><\/tr><\/tbody><\/table><\/figure>\n\n<h2 class=\"wp-block-heading\">Una cattiva gestione in caso di malattia <\/h2>\n\n<p>Quando un collega ha tosse o raffreddore, la situazione resta in gran parte gestita male dai francesi. Infatti, il 43% dichiara di venire al lavoro anche se malato, contro solo il 25% che resta a casa. Per il 29% dipende dal contesto e dalla situazione.   <\/p>\n\n<p>La cultura del presenzialismo \u00e8 ancora troppo presente in Francia, come sottolinea la Dares: pi\u00f9 di un giorno di malattia su quattro (27%) si traduce in presenza al lavoro. Le raccomandazioni di salute pubblica e il buon senso ricordano che, in caso di sintomi, bisogna limitare la trasmissione (in particolare indossando una mascherina al lavoro quando si \u00e8 malati) e applicare le misure barriera.  <\/p>\n\n<p>Questi risultati indicano la necessit\u00e0 di indicazioni operative in azienda (smart working se possibile, rientro in ufficio con mascherina in caso di sintomi, aerazione\/ventilazione rafforzata) per evitare che la prevenzione dipenda dalla scelta individuale. <\/p>\n\n<h3 class=\"wp-block-heading\">Quando un collega \u00e8 malato (tosse\/raffreddore), cosa succede pi\u00f9 spesso?<\/h3>\n\n<figure class=\"wp-block-table\"><table class=\"has-fixed-layout\"><tbody><tr><td><strong>Risposte <\/strong><\/td><td><strong>Percentuali<\/strong><\/td><\/tr><tr><td>Lui\/lei resta a casa <\/td><td>25 %<\/td><\/tr><tr><td><strong>Lui\/lei viene comunque (per obbligo) <\/strong><\/td><td><strong>43 %<\/strong><\/td><\/tr><tr><td>Dipende dai team \/ dai periodi <\/td><td>29 %<\/td><\/tr><tr><td>Non lo so <\/td><td>3 %<\/td><\/tr><\/tbody><\/table><\/figure>\n\n<h3 class=\"wp-block-heading\">Cosa fanno davvero i francesi di fronte a un collega malato? <\/h3>\n\n<p>Dopo il Covid, alcuni comportamenti sono entrati nelle abitudini collettive. Cos\u00ec, di fronte a un collega malato, i gesti pi\u00f9 citati sono l\u2019igiene delle mani\/disinfezione (53%) e il distanziamento (41%).  <\/p>\n\n<p>Invece, le misure pi\u00f9 strutturanti in ambienti chiusi sono molto meno adottate, come l\u2019aerazione rafforzata (27%) e l\u2019uso della mascherina (18%). <\/p>\n\n<p>L\u2019aspetto pi\u00f9 sorprendente \u00e8 che il 37% dei francesi cita anche risposte di inattivit\u00e0 (non cambiare atteggiamento al 25% o non fare nulla al 12%). <\/p>\n\n<p>Questa debolezza dei riflessi collettivi \u00e8 coerente con tutti i riscontri nazionali. Infatti, le misure barriera e l\u2019uso della mascherina sono nettamente diminuiti nella popolazione. Questi dati indicano la necessit\u00e0 di indicazioni semplici in azienda: brevi aerazioni ripetute, possibilit\u00e0 di videochiamata, mascherine a disposizione, regole in caso di sintomi e soprattutto <a href=\"https:\/\/obera.fr\/it\/produits\/purificateurs-air\/\">dispositivi di purificazione dell\u2019aria<\/a>.   <\/p>\n\n<h3 class=\"wp-block-heading\">Quando un collega \u00e8 malato (tosse\/raffreddore), cosa fai pi\u00f9 spesso? (massimo 3 scelte) <\/h3>\n\n<figure class=\"wp-block-table\"><table class=\"has-fixed-layout\"><tbody><tr><td><strong>Risposte <\/strong><\/td><td><strong>Percentuali<\/strong><\/td><\/tr><tr><td>Mantengo le distanze e limito gli scambi faccia a faccia <\/td><td>41 %<\/td><\/tr><tr><td>Indosso una mascherina (almeno in riunione\/in prossimit\u00e0) <\/td><td>18 %<\/td><\/tr><tr><td>Arieggio di pi\u00f9 (apro la finestra quando possibile) <\/td><td>27 %<\/td><\/tr><tr><td>Mi lavo\/disinfetto le mani pi\u00f9 spesso e disinfetto la mia postazione <\/td><td>53 %<\/td><\/tr><tr><td>Evito le riunioni in presenza \/ chiedo una videochiamata <\/td><td>18 %<\/td><\/tr><tr><td>Chiedo al collega di rientrare a casa \/ lavorare da remoto (se possibile) <\/td><td>16 %<\/td><\/tr><tr><td>Chiedo di tornare a casa per lavorare da remoto (se possibile) <\/td><td>12 %<\/td><\/tr><tr><td>Lo segnalo a un responsabile\/HR (se la situazione crea problemi) <\/td><td>6 %<\/td><\/tr><tr><td>Non cambio nulla \/ vado avanti cos\u00ec <\/td><td>25 %<\/td><\/tr><tr><td>Non faccio nulla <\/td><td>12 %<\/td><\/tr><tr><td>Altro <\/td><td>3 %<\/td><\/tr><\/tbody><\/table><\/figure>\n\n<h2 class=\"wp-block-heading\">8 francesi su 10 vogliono azioni da parte delle aziende e dei luoghi pubblici <\/h2>\n\n<p>I francesi esprimono un\u2019aspettativa molto forte verso le aziende e i luoghi pubblici: l\u201983% ritiene che si debba fare di pi\u00f9 per garantire una qualit\u00e0 dell\u2019aria esemplare, di cui il 56% stima che \u201cc\u2019\u00e8 ancora tutto da fare\u201d. Un\u2019esigenza che contrasta con pratiche ancora disomogenee sul campo. <\/p>\n\n<p>Si inserisce anche in una mancanza di riferimenti: una parte dei dipendenti non sa come la qualit\u00e0 dell\u2019aria venga misurata o gestita, mentre le autorit\u00e0 raccomandano gesti semplici ed efficaci come l\u2019aerazione regolare e il monitoraggio di indicatori (es. CO\u2082 in alcune strutture). <\/p>\n\n<p>Infine, l\u201911% che ritiene che non sia un loro ruolo e il 6% che non si esprime mostrano che resta da fare un lavoro di sensibilizzazione sull\u2019impatto sanitario dell\u2019aria indoor e sulla responsabilit\u00e0 collettiva dei gestori degli edifici. <\/p>\n\n<h3 class=\"wp-block-heading\">Pensi che le aziende e tutti i luoghi pubblici dovrebbero fare pi\u00f9 sforzi per garantire una qualit\u00e0 dell\u2019aria esemplare?<\/h3>\n\n<figure class=\"wp-block-table\"><table class=\"has-fixed-layout\"><tbody><tr><td><strong>Risposte <\/strong><\/td><td><strong>Percentuali<\/strong><\/td><\/tr><tr><td><strong>S\u00ec, assolutamente: c\u2019\u00e8 ancora tutto da fare <\/strong><\/td><td><strong>56 %<\/strong><\/td><\/tr><tr><td>S\u00ec, ma fanno gi\u00e0 molte cose <\/td><td>27 %<\/td><\/tr><tr><td>No, non \u00e8 un loro ruolo <\/td><td>11 %<\/td><\/tr><tr><td>Non lo so \/ non si esprime <\/td><td>6 %<\/td><\/tr><\/tbody><\/table><\/figure>\n\n<p><em>\u201cI risultati di questa indagine mostrano un riflesso pericoloso: spesso si privilegia stare ben al caldo a scapito di un\u2019aria sana. Eppure, in inverno, non sempre si ha l\u2019abitudine di aprire le finestre quanto sarebbe necessario. \u00c8 quindi qui che i sistemi di purificazione dell\u2019aria diventano essenziali: completano efficacemente l\u2019aerazione e permettono di ridurre in modo duraturo il carico di particelle e aerosol negli spazi di lavoro, senza sacrificare il comfort. Ci troviamo continuamente di fronte ad aziende che sottovalutano la necessit\u00e0 di migliorare e gestire la qualit\u00e0 dell\u2019aria per i propri dipendenti. Una presa di coscienza che \u00e8 per\u00f2 vitale\u201d. <\/em><\/p>\n\n<h2 class=\"wp-block-heading\">Metodologia dell\u2019indagine<\/h2>\n\n<p>Indagine realizzata su un campione rappresentativo di 4.102 persone residenti in Francia, di et\u00e0 pari o superiore a 18 anni. Sondaggio effettuato online a gennaio 2026 a partire dal panel di rispondenti BuzzPress (27.700 persone in Francia intervistate elettronicamente via email e sui social network Facebook e LinkedIn). Profili delle aziende citate dai rispondenti per il loro luogo di lavoro:   <\/p>\n\n<ul class=\"wp-block-list\">\n<li>Industria \/ produzione: 16% <\/li>\n\n\n\n<li>Servizi alle persone (sanit\u00e0, sociale, assistenza domiciliare, commercio, ristorazione\u2026): 27% <\/li>\n\n\n\n<li>Servizi alle imprese (consulenza, informatica, finanza, comunicazione\u2026): 24% <\/li>\n\n\n\n<li>Settore pubblico \/ parapubblico (amministrazioni, istruzione, ospedali\u2026): 18% <\/li>\n\n\n\n<li>Edilizia \/ costruzioni: 8% <\/li>\n\n\n\n<li>Trasporti \/ logistica: 6% <\/li>\n\n\n\n<li>Altro \/ non si esprime: 1% <\/li>\n<\/ul>\n\n<p>Risposte raccolte e ponderate in base a quote prestabilite volte a garantire la rappresentativit\u00e0 del campione e a ottenere una rappresentativit\u00e0 della popolazione target. Tutte le ponderazioni si basano su dati amministrativi e sui dati raccolti dall\u2019INSEE. <\/p>\n\n<h2 class=\"wp-block-heading has-text-align-center\">Hanno parlato di noi!<\/h2>\n\n<div class=\"wp-block-columns are-vertically-aligned-center is-layout-flex wp-container-core-columns-is-layout-28f84493 wp-block-columns-is-layout-flex\">\n<div class=\"wp-block-column is-vertically-aligned-center is-layout-flow wp-block-column-is-layout-flow\">\n<figure class=\"wp-block-image aligncenter size-large\"><img decoding=\"async\" width=\"1024\" height=\"538\" src=\"https:\/\/obera.fr\/wp-content\/uploads\/2026\/02\/logo_de_doctissimo-1024x538.jpg\" alt=\"logo di doctissimo\" class=\"wp-image-143878\" srcset=\"https:\/\/obera.fr\/wp-content\/uploads\/2026\/02\/logo_de_doctissimo-1024x538.jpg 1024w, https:\/\/obera.fr\/wp-content\/uploads\/2026\/02\/logo_de_doctissimo-300x158.jpg 300w, https:\/\/obera.fr\/wp-content\/uploads\/2026\/02\/logo_de_doctissimo-768x403.jpg 768w, https:\/\/obera.fr\/wp-content\/uploads\/2026\/02\/logo_de_doctissimo.jpg 1200w\" sizes=\"(max-width: 1024px) 100vw, 1024px\" \/><figcaption class=\"wp-element-caption\"><a href=\"https:\/\/www.doctissimo.fr\/famille\/travail\/sante-et-travail\/43-des-francais-vont-travailler-malades-et-les-virus-sinvitent-en-salle-de-reunion-603072.htm\" data-type=\"link\" data-id=\"https:\/\/www.doctissimo.fr\/famille\/travail\/sante-et-travail\/43-des-francais-vont-travailler-malades-et-les-virus-sinvitent-en-salle-de-reunion-603072.htm\" target=\"_blank\" rel=\"noreferrer noopener nofollow\">Vedi l\u2019articolo<\/a><\/figcaption><\/figure>\n<\/div>\n\n\n\n<div class=\"wp-block-column is-vertically-aligned-center is-layout-flow wp-block-column-is-layout-flow\">\n<figure class=\"wp-block-image aligncenter size-large\"><img decoding=\"async\" width=\"1024\" height=\"1024\" src=\"https:\/\/obera.fr\/wp-content\/uploads\/2026\/02\/bfm_tv_logo-1024x1024.png\" alt=\"logo bfm tv\" class=\"wp-image-143879\" srcset=\"https:\/\/obera.fr\/wp-content\/uploads\/2026\/02\/bfm_tv_logo-1024x1024.png 1024w, https:\/\/obera.fr\/wp-content\/uploads\/2026\/02\/bfm_tv_logo-300x300.png 300w, https:\/\/obera.fr\/wp-content\/uploads\/2026\/02\/bfm_tv_logo-150x150.png 150w, https:\/\/obera.fr\/wp-content\/uploads\/2026\/02\/bfm_tv_logo-768x768.png 768w, https:\/\/obera.fr\/wp-content\/uploads\/2026\/02\/bfm_tv_logo.png 1200w\" sizes=\"(max-width: 1024px) 100vw, 1024px\" \/><figcaption class=\"wp-element-caption\"><a href=\"https:\/\/www.bfmtv.com\/sante\/video-selon-une-etude-43-des-francais-vont-travailler-en-etant-malades_VN-202601270111.html\" target=\"_blank\" rel=\"noreferrer noopener nofollow\">Vedi l\u2019articolo<\/a><\/figcaption><\/figure>\n<\/div>\n\n\n\n<div class=\"wp-block-column is-vertically-aligned-center is-layout-flow wp-block-column-is-layout-flow\">\n<figure class=\"wp-block-image aligncenter size-full\"><img decoding=\"async\" width=\"640\" height=\"360\" src=\"https:\/\/obera.fr\/wp-content\/uploads\/2026\/02\/laprovence-logo-media.jpg\" alt=\"logo media laprovence\" class=\"wp-image-143880\" srcset=\"https:\/\/obera.fr\/wp-content\/uploads\/2026\/02\/laprovence-logo-media.jpg 640w, https:\/\/obera.fr\/wp-content\/uploads\/2026\/02\/laprovence-logo-media-300x169.jpg 300w\" sizes=\"(max-width: 640px) 100vw, 640px\" \/><figcaption class=\"wp-element-caption\"><a href=\"https:\/\/www.laprovence.com\/article\/societe\/40354383352299\/peur-detre-mal-vu-a-leuro-pres-sans-teletravail-43-des-francais-vont-travailler-en-etant-malades\" data-type=\"link\" data-id=\"https:\/\/www.laprovence.com\/article\/societe\/40354383352299\/peur-detre-mal-vu-a-leuro-pres-sans-teletravail-43-des-francais-vont-travailler-en-etant-malades\" target=\"_blank\" rel=\"noreferrer noopener nofollow\">Vedi l\u2019articolo<\/a><\/figcaption><\/figure>\n<\/div>\n\n\n\n<div class=\"wp-block-column is-vertically-aligned-center is-layout-flow wp-block-column-is-layout-flow\">\n<figure class=\"wp-block-image aligncenter size-full\"><img decoding=\"async\" width=\"512\" height=\"512\" src=\"https:\/\/obera.fr\/wp-content\/uploads\/2026\/02\/corsematin-logo.png\" alt=\"logo corsematin\" class=\"wp-image-143881\" srcset=\"https:\/\/obera.fr\/wp-content\/uploads\/2026\/02\/corsematin-logo.png 512w, https:\/\/obera.fr\/wp-content\/uploads\/2026\/02\/corsematin-logo-300x300.png 300w, https:\/\/obera.fr\/wp-content\/uploads\/2026\/02\/corsematin-logo-150x150.png 150w\" sizes=\"(max-width: 512px) 100vw, 512px\" \/><\/figure>\n<\/div>\n\n\n\n<div class=\"wp-block-column is-vertically-aligned-center is-layout-flow wp-block-column-is-layout-flow\">\n<figure class=\"wp-block-image aligncenter size-full\"><img decoding=\"async\" width=\"500\" height=\"500\" src=\"https:\/\/obera.fr\/wp-content\/uploads\/2026\/02\/demotivteur-logo.jpg\" alt=\"logo demotivteur\" class=\"wp-image-143882\" srcset=\"https:\/\/obera.fr\/wp-content\/uploads\/2026\/02\/demotivteur-logo.jpg 500w, https:\/\/obera.fr\/wp-content\/uploads\/2026\/02\/demotivteur-logo-300x300.jpg 300w, https:\/\/obera.fr\/wp-content\/uploads\/2026\/02\/demotivteur-logo-150x150.jpg 150w\" sizes=\"(max-width: 500px) 100vw, 500px\" \/><figcaption class=\"wp-element-caption\"><a href=\"https:\/\/www.demotivateur.fr\/lifestyle\/43-des-francais-vont-travailler-en-etant-malades-selon-une-enquete-47039\" data-type=\"link\" data-id=\"https:\/\/www.demotivateur.fr\/lifestyle\/43-des-francais-vont-travailler-en-etant-malades-selon-une-enquete-47039\" target=\"_blank\" rel=\"noreferrer noopener nofollow\">Vedi l\u2019articolo<\/a><\/figcaption><\/figure>\n<\/div>\n<\/div>\n\n<div class=\"wp-block-columns are-vertically-aligned-center is-layout-flex wp-container-core-columns-is-layout-28f84493 wp-block-columns-is-layout-flex\">\n<div class=\"wp-block-column is-vertically-aligned-center is-layout-flow wp-block-column-is-layout-flow\">\n<figure class=\"wp-block-image aligncenter size-full\"><img decoding=\"async\" width=\"1024\" height=\"443\" src=\"https:\/\/obera.fr\/wp-content\/uploads\/2026\/02\/logo-msn.png\" alt=\"logo msn\" class=\"wp-image-143883\" srcset=\"https:\/\/obera.fr\/wp-content\/uploads\/2026\/02\/logo-msn.png 1024w, https:\/\/obera.fr\/wp-content\/uploads\/2026\/02\/logo-msn-300x130.png 300w, https:\/\/obera.fr\/wp-content\/uploads\/2026\/02\/logo-msn-768x332.png 768w\" sizes=\"(max-width: 1024px) 100vw, 1024px\" \/><figcaption class=\"wp-element-caption\"><a href=\"https:\/\/www.msn.com\/fr-ch\/actualite\/other\/pr%C3%A8s-d-un-salari%C3%A9-sur-deux-va-travailler-malgr%C3%A9-des-signes-de-maladie\/ar-AA1V3q6q\" data-type=\"link\" data-id=\"https:\/\/www.doctissimo.fr\/famille\/travail\/sante-et-travail\/43-des-francais-vont-travailler-malades-et-les-virus-sinvitent-en-salle-de-reunion-603072.htm\" target=\"_blank\" rel=\"noreferrer noopener nofollow\">Vedi l\u2019articolo<\/a><\/figcaption><\/figure>\n<\/div>\n\n\n\n<div class=\"wp-block-column is-vertically-aligned-center is-layout-flow wp-block-column-is-layout-flow\">\n<figure class=\"wp-block-image aligncenter size-large\"><img decoding=\"async\" width=\"1024\" height=\"349\" src=\"https:\/\/obera.fr\/wp-content\/uploads\/2026\/02\/logo-orange-1024x349.jpg\" alt=\"logo orange\" class=\"wp-image-143884\" srcset=\"https:\/\/obera.fr\/wp-content\/uploads\/2026\/02\/logo-orange-1024x349.jpg 1024w, https:\/\/obera.fr\/wp-content\/uploads\/2026\/02\/logo-orange-300x102.jpg 300w, https:\/\/obera.fr\/wp-content\/uploads\/2026\/02\/logo-orange-768x262.jpg 768w, https:\/\/obera.fr\/wp-content\/uploads\/2026\/02\/logo-orange-1536x523.jpg 1536w, https:\/\/obera.fr\/wp-content\/uploads\/2026\/02\/logo-orange.jpg 1659w\" sizes=\"(max-width: 1024px) 100vw, 1024px\" \/><figcaption class=\"wp-element-caption\"><a href=\"https:\/\/actu.orange.fr\/videos\/france\/selon-une-etude-43-des-francais-vont-travailler-en-etant-malades-CNT000002mZ3oz.html\" target=\"_blank\" rel=\"noreferrer noopener nofollow\">Vedi l\u2019articolo<\/a><\/figcaption><\/figure>\n<\/div>\n\n\n\n<div class=\"wp-block-column is-vertically-aligned-center is-layout-flow wp-block-column-is-layout-flow\">\n<figure class=\"wp-block-image aligncenter size-full\"><img decoding=\"async\" width=\"259\" height=\"195\" src=\"https:\/\/obera.fr\/wp-content\/uploads\/2026\/02\/logo-maxiflash.png\" alt=\"logo maxiflash\" class=\"wp-image-143885\"\/><figcaption class=\"wp-element-caption\"><a href=\"https:\/\/haguenau.maxi-flash.com\/etude-les-francais-travaillent-meme-malades\/\" data-type=\"link\" data-id=\"https:\/\/www.laprovence.com\/article\/societe\/40354383352299\/peur-detre-mal-vu-a-leuro-pres-sans-teletravail-43-des-francais-vont-travailler-en-etant-malades\" target=\"_blank\" rel=\"noreferrer noopener nofollow\">Vedi l\u2019articolo<\/a><\/figcaption><\/figure>\n<\/div>\n\n\n\n<div class=\"wp-block-column is-vertically-aligned-center is-layout-flow wp-block-column-is-layout-flow\">\n<figure class=\"wp-block-image aligncenter size-full\"><img decoding=\"async\" width=\"368\" height=\"108\" src=\"https:\/\/obera.fr\/wp-content\/uploads\/2026\/02\/logo_echo_mardi.png\" alt=\"logo echo mardi\" class=\"wp-image-143886\" srcset=\"https:\/\/obera.fr\/wp-content\/uploads\/2026\/02\/logo_echo_mardi.png 368w, https:\/\/obera.fr\/wp-content\/uploads\/2026\/02\/logo_echo_mardi-300x88.png 300w\" sizes=\"(max-width: 368px) 100vw, 368px\" \/><figcaption class=\"wp-element-caption\"><a href=\"https:\/\/www.echodumardi.com\/actualite\/43-des-francais-declarent-aller-travailler-meme-en-etant-malades\/amp\/\" data-type=\"link\" data-id=\"https:\/\/www.echodumardi.com\/actualite\/43-des-francais-declarent-aller-travailler-meme-en-etant-malades\/amp\/\" target=\"_blank\" rel=\"noreferrer noopener nofollow\">Vedi l\u2019articolo<\/a><\/figcaption><\/figure>\n<\/div>\n\n\n\n<div class=\"wp-block-column is-vertically-aligned-center is-layout-flow wp-block-column-is-layout-flow\">\n<p class=\"has-text-align-center\">E molto altro&#8230;<\/p>\n<\/div>\n<\/div>\n","protected":false},"excerpt":{"rendered":"<p>OberA svela i risultati di una nuova indagine* condotta su 4.102 persone che mette in luce un persistente divario tra comfort termico e qualit\u00e0 dell\u2019aria sul lavoro: temperature ideali molto dibattute, aerazione invernale rara, assenza di dispositivi di purificazione dell\u2019aria, umidit\u00e0 poco controllata ed esitazioni sui comportamenti corretti di fronte ai virus. Lo studio evidenzia anche una forte aspettativa verso i datori di lavoro: una larga maggioranza chiede azioni concrete per un\u2019aria interna pi\u00f9 sana nelle aziende e nei luoghi pubblici. Luoghi di lavoro con temperatura mal regolata? Avere troppo freddo o troppo caldo sul posto di lavoro pu\u00f2 diventare &#8230; <\/p>\n<p class=\"read-more-container\"><a title=\"I francesi respirano aria sana sul posto di lavoro in inverno?\" class=\"read-more button\" href=\"https:\/\/obera.fr\/it\/stampa\/i-francesi-respirano-aria-sana-sul-posto-di-lavoro-in-inverno\/#more-145744\" aria-label=\"Per saperne di pi\u00f9 su I francesi respirano aria sana sul posto di lavoro in inverno?\">Lire la suite<\/a><\/p>\n","protected":false},"author":13,"featured_media":0,"comment_status":"open","ping_status":"closed","sticky":false,"template":"","format":"standard","meta":{"_acf_changed":false,"_seopress_robots_primary_cat":"none","_seopress_titles_title":"Studio sulla qualit\u00e0 dell\u2019aria al lavoro in inverno - OberA","_seopress_titles_desc":"OberA svela i risultati di una nuova indagine condotta su 4.102 persone, che mette in luce uno scarto tra comfort termico e qualit\u00e0 dell\u2019aria sul lavoro","_seopress_robots_index":"","footnotes":""},"categories":[1000],"tags":[118],"class_list":["post-145744","post","type-post","status-publish","format-standard","hentry","category-stampa","tag-entete-piccolo","generate-columns","tablet-grid-50","mobile-grid-100","grid-parent","grid-50","no-featured-image-padding"],"acf":[],"_links":{"self":[{"href":"https:\/\/obera.fr\/it\/wp-json\/wp\/v2\/posts\/145744","targetHints":{"allow":["GET"]}}],"collection":[{"href":"https:\/\/obera.fr\/it\/wp-json\/wp\/v2\/posts"}],"about":[{"href":"https:\/\/obera.fr\/it\/wp-json\/wp\/v2\/types\/post"}],"author":[{"embeddable":true,"href":"https:\/\/obera.fr\/it\/wp-json\/wp\/v2\/users\/13"}],"replies":[{"embeddable":true,"href":"https:\/\/obera.fr\/it\/wp-json\/wp\/v2\/comments?post=145744"}],"version-history":[{"count":1,"href":"https:\/\/obera.fr\/it\/wp-json\/wp\/v2\/posts\/145744\/revisions"}],"predecessor-version":[{"id":145752,"href":"https:\/\/obera.fr\/it\/wp-json\/wp\/v2\/posts\/145744\/revisions\/145752"}],"wp:attachment":[{"href":"https:\/\/obera.fr\/it\/wp-json\/wp\/v2\/media?parent=145744"}],"wp:term":[{"taxonomy":"category","embeddable":true,"href":"https:\/\/obera.fr\/it\/wp-json\/wp\/v2\/categories?post=145744"},{"taxonomy":"post_tag","embeddable":true,"href":"https:\/\/obera.fr\/it\/wp-json\/wp\/v2\/tags?post=145744"}],"curies":[{"name":"wp","href":"https:\/\/api.w.org\/{rel}","templated":true}]}}