{"id":38208,"date":"2020-11-20T16:38:52","date_gmt":"2020-11-20T14:38:52","guid":{"rendered":"https:\/\/obera.fr\/non-categorizzato\/qualita-dellaria-una-societa-che-cambia\/"},"modified":"2025-05-07T11:04:48","modified_gmt":"2025-05-07T09:04:48","slug":"qualite-air-evolution-societe","status":"publish","type":"post","link":"https:\/\/obera.fr\/it\/il-nostro-consiglio\/qualite-air-evolution-societe\/","title":{"rendered":"Qualit\u00e0 dell&#8217;aria: cambiamenti nella societ\u00e0"},"content":{"rendered":"\n<h2 class=\"wp-block-heading\" id=\"evolution-future-de-la-reglementation\">Sviluppi normativi futuri<\/h2>\n\n<p><em><strong>L&#8217;inquinamento da polveri sottili \u00e8 sempre pi\u00f9 spesso al centro dell&#8217;attenzione. Si parla molto di inquinamento atmosferico nelle aree urbane, di picchi di inquinamento da polveri sottili&#8230; <\/strong><\/em><\/p>\n\n<p><em><strong>Attualmente, le norme europee non impongono alcun regolamento sulle particelle ultrafini. Ma gli scandali stanno mettendo in discussione questa tendenza.   <\/strong><\/em><\/p>\n\n<h2 class=\"wp-block-heading\" id=\"focus-sur-les-particules-les-plus-fines\">Concentrati sulle particelle pi\u00f9 sottili<\/h2>\n\n<h3 class=\"wp-block-heading\" id=\"fos-sur-mer\">Fos-sur-mer<\/h3>\n\n<p>Nel 2017, a Fos-sur-mer si \u00e8 registrato il doppio delle infezioni polmonari, dei tumori e delle malattie cardiache rispetto al resto della Francia. La citt\u00e0 si trova in una delle principali zone industriali d&#8217;Europa, che comprende raffinerie, depositi di petrolio e un&#8217;enorme acciaieria&#8230; <\/p>\n\n<p>Dopo aver analizzato le emissioni di particelle, gli scienziati hanno scoperto che i risultati erano nella norma per le particelle pi\u00f9 grandi di PM 2,5. Tuttavia, \u00e8 stato dimostrato che queste fabbriche producono un gran numero di particelle PM 1, oltre a VOC e CMR, rendendo le loro emissioni estremamente tossiche. Purtroppo le misurazioni delle concentrazioni di particelle PM 1 sono molto recenti. La comunit\u00e0 scientifica \u00e8 concorde nel ritenere che siano la causa principale del forte aumento delle malattie in quest&#8217;area.   <\/p>\n\n<p>L&#8217;Association de D\u00e9fense et de Protection du Littoral du Golf de Fos sur Mer si \u00e8 occupata del problema per proporre soluzioni per migliorare la qualit\u00e0 dell&#8217;aria, monitorare le emissioni di inquinanti atmosferici e intraprendere azioni legali.<\/p>\n\n<h3 class=\"wp-block-heading\" id=\"les-pics-de-pollution-aux-particules-ultrafines-dans-les-villes\">Picchi di inquinamento da particelle ultrafini nelle citt\u00e0<\/h3>\n\n<p>Le principali citt\u00e0 francesi e di tutto il mondo registrano regolarmente picchi di inquinamento da particelle ultrafini. Secondo il Ministero della Salute francese, le persone dovrebbero ridurre il pi\u00f9 possibile l&#8217;attivit\u00e0 fisica, evitare di uscire, consultare un medico in caso di sintomi&#8230; <\/p>\n\n<p>Tuttavia, le fabbriche, le officine e i magazzini in cui gli inquinanti generati dai processi di produzione e di movimentazione non vengono catturati (o vengono catturati male), sviluppano un inquinamento simile ai picchi delle grandi citt\u00e0. In teoria, le stesse raccomandazioni dovrebbero valere per i dipendenti, con un conseguente calo significativo della produttivit\u00e0. <\/p>\n\n<h2 class=\"wp-block-heading\" id=\"aujourd-hui-il-y-a-peu-d-obligations-relatives-aux-particules-ultrafines-mais-qu-en-est-il-de-demain\">Oggi ci sono pochi obblighi relativi alle particelle ultrafini, ma cosa succeder\u00e0 domani?<\/h2>\n\n<p>Questo tipo di scandalo, il tasso di mortalit\u00e0 legato all&#8217;inquinamento atmosferico, l&#8217;aumento delle malattie causate dalle polveri sottili, ecc. spingono le autorit\u00e0 ad essere pi\u00f9 vigili. Questo \u00e8 il caso delle nostre citt\u00e0, con restrizioni sui veicoli pi\u00f9 inquinanti, misure sanitarie e sociali, ecc. <\/p>\n\n<p>Di conseguenza, le norme di sicurezza relative alle polveri sottili sono state inasprite. Oggi vengono effettuate misurazioni sia del diametro che della composizione degli inquinanti. Inoltre, sono aumentate le sanzioni per le malattie professionali.  <\/p>\n","protected":false},"excerpt":{"rendered":"<p>L&#8217;inquinamento da polveri sottili \u00e8 sempre pi\u00f9 spesso al centro dell&#8217;attenzione. Si sente spesso parlare di inquinamento atmosferico nelle aree urbane e di picchi di inquinamento da polveri sottili&#8230; Scopri come si sta evolvendo la qualit\u00e0 dell&#8217;aria nella nostra societ\u00e0. <\/p>\n","protected":false},"author":4,"featured_media":81401,"comment_status":"closed","ping_status":"closed","sticky":false,"template":"","format":"standard","meta":{"_acf_changed":false,"_seopress_robots_primary_cat":"none","_seopress_titles_title":"Qualit\u00e0 dell'aria: cambiamenti nella societ\u00e0","_seopress_titles_desc":"L'inquinamento da polveri sottili \u00e8 sempre pi\u00f9 spesso al centro delle cronache. Si parla molto dell'inquinamento atmosferico nelle aree urbane. ","_seopress_robots_index":"","footnotes":""},"categories":[52],"tags":[],"class_list":["post-38208","post","type-post","status-publish","format-standard","has-post-thumbnail","hentry","category-il-nostro-consiglio","generate-columns","tablet-grid-50","mobile-grid-100","grid-parent","grid-50","no-featured-image-padding","resize-featured-image"],"acf":[],"_links":{"self":[{"href":"https:\/\/obera.fr\/it\/wp-json\/wp\/v2\/posts\/38208","targetHints":{"allow":["GET"]}}],"collection":[{"href":"https:\/\/obera.fr\/it\/wp-json\/wp\/v2\/posts"}],"about":[{"href":"https:\/\/obera.fr\/it\/wp-json\/wp\/v2\/types\/post"}],"author":[{"embeddable":true,"href":"https:\/\/obera.fr\/it\/wp-json\/wp\/v2\/users\/4"}],"replies":[{"embeddable":true,"href":"https:\/\/obera.fr\/it\/wp-json\/wp\/v2\/comments?post=38208"}],"version-history":[{"count":3,"href":"https:\/\/obera.fr\/it\/wp-json\/wp\/v2\/posts\/38208\/revisions"}],"predecessor-version":[{"id":99644,"href":"https:\/\/obera.fr\/it\/wp-json\/wp\/v2\/posts\/38208\/revisions\/99644"}],"wp:featuredmedia":[{"embeddable":true,"href":"https:\/\/obera.fr\/it\/wp-json\/wp\/v2\/media\/81401"}],"wp:attachment":[{"href":"https:\/\/obera.fr\/it\/wp-json\/wp\/v2\/media?parent=38208"}],"wp:term":[{"taxonomy":"category","embeddable":true,"href":"https:\/\/obera.fr\/it\/wp-json\/wp\/v2\/categories?post=38208"},{"taxonomy":"post_tag","embeddable":true,"href":"https:\/\/obera.fr\/it\/wp-json\/wp\/v2\/tags?post=38208"}],"curies":[{"name":"wp","href":"https:\/\/api.w.org\/{rel}","templated":true}]}}