{"id":38322,"date":"2020-11-20T16:36:00","date_gmt":"2020-11-20T14:36:00","guid":{"rendered":"https:\/\/obera.fr\/non-categorizzato\/inquinamento-atmosferico-impatto-sulla-salute\/"},"modified":"2025-05-07T11:05:44","modified_gmt":"2025-05-07T09:05:44","slug":"pollution-air-impact-sante","status":"publish","type":"post","link":"https:\/\/obera.fr\/it\/il-nostro-consiglio\/pollution-air-impact-sante\/","title":{"rendered":"Inquinamento atmosferico: impatto sulla salute"},"content":{"rendered":"\n<h2 class=\"wp-block-heading\" id=\"maladies-dues-a-la-qualite-de-l-air\">Malattie causate dalla qualit\u00e0 dell&#8217;aria<\/h2>\n\n<p>Non incoraggeresti mai tuo figlio a respirare i gas di scarico! Eppure, vivendo in un&#8217;atmosfera inquinata, assorbi inconsapevolmente una grande quantit\u00e0 di particelle nocive. <\/p>\n\n<p>La polvere \u00e8 dannosa per sua natura, ma anche per la sua <a href=\"https:\/\/obera.fr\/it\/il-nostro-consiglio\/facteurs-de-risque\/\" data-type=\"post\" data-id=\"1837\" target=\"_blank\" rel=\"noreferrer noopener\">biopersistenza<\/a>. Inoltre, le particelle spesso si fondono con inquinanti chimici. Questi ultimi rimangono intrappolati nel corpo e possono potenzialmente passare attraverso le membrane mucose alveolari nel flusso sanguigno.  <\/p>\n\n<p>Infine, la polvere \u00e8 composta da inquinanti fisici, chimici e biologici. Questi inquinanti causano malattie legate all&#8217;esposizione alle particelle sottili, come : <\/p>\n\n<ul class=\"wp-block-list\">\n<li>Asma<\/li>\n\n\n\n<li>Allergie<\/li>\n\n\n\n<li>Mal di testa<\/li>\n\n\n\n<li>Nausea (soprattutto nel caso di VOC)<\/li>\n\n\n\n<li>Irritazione\/infiammazione delle vie respiratorie<\/li>\n\n\n\n<li>Tracheite\/bronchite<\/li>\n\n\n\n<li>Malattie delle vie respiratorie<\/li>\n\n\n\n<li>Fibrosi polmonare<\/li>\n\n\n\n<li>Tumori<\/li>\n<\/ul>\n\n<figure class=\"wp-block-image alignwide size-large\"><img decoding=\"async\" width=\"1024\" height=\"368\" src=\"https:\/\/obera.fr\/wp-content\/uploads\/2020\/11\/impact-sante-1024x368.jpg\" alt=\"Impact Sante\" class=\"wp-image-1850\" srcset=\"https:\/\/obera.fr\/wp-content\/uploads\/2020\/11\/impact-sante-1024x368.jpg 1024w, https:\/\/obera.fr\/wp-content\/uploads\/2020\/11\/impact-sante-300x108.jpg 300w, https:\/\/obera.fr\/wp-content\/uploads\/2020\/11\/impact-sante-768x276.jpg 768w, https:\/\/obera.fr\/wp-content\/uploads\/2020\/11\/impact-sante-1536x552.jpg 1536w, https:\/\/obera.fr\/wp-content\/uploads\/2020\/11\/impact-sante.jpg 1920w\" sizes=\"(max-width: 1024px) 100vw, 1024px\" \/><\/figure>\n\n<h2 class=\"wp-block-heading\" id=\"les-maladies-professionnelles-specifiques-a-une-mauvaise-qualite-de-l-air\">Malattie professionali specifiche per la cattiva qualit\u00e0 dell&#8217;aria<\/h2>\n\n<p>In alcuni settori di attivit\u00e0 si concentrano specifiche malattie professionali. La pi\u00f9 nota \u00e8 il cancro ai polmoni nel caso di lavoratori a contatto con l&#8217;amianto. <\/p>\n\n<p>I rischi per l&#8217;organismo dipendono dalla frequenza di esposizione, dalla quantit\u00e0 di particelle inalate e dalla loro natura.<\/p>\n\n<p>In generale, se il livello di polveri PM 2,5 \u00e8 elevato, qualsiasi tipo di particella pu\u00f2 causare il cancro. \u00c8 quindi fondamentale adottare misure adeguate. <\/p>\n","protected":false},"excerpt":{"rendered":"<p>Non incoraggeresti mai tuo figlio a respirare i gas di scarico! Eppure, vivendo in un&#8217;atmosfera inquinata, stai inconsapevolmente assorbendo una grande quantit\u00e0 di particelle nocive. Quali malattie sono causate dalla scarsa qualit\u00e0 dell&#8217;aria?  <\/p>\n","protected":false},"author":4,"featured_media":82029,"comment_status":"closed","ping_status":"closed","sticky":false,"template":"","format":"standard","meta":{"_acf_changed":false,"_seopress_robots_primary_cat":"none","_seopress_titles_title":"Inquinamento atmosferico: impatto sulla salute","_seopress_titles_desc":"La polvere \u00e8 dannosa per la sua stessa natura, ma anche per la sua biopersistenza. Le particelle si fondono spesso con gli inquinanti chimici. ","_seopress_robots_index":"","footnotes":""},"categories":[52],"tags":[],"class_list":["post-38322","post","type-post","status-publish","format-standard","has-post-thumbnail","hentry","category-il-nostro-consiglio","generate-columns","tablet-grid-50","mobile-grid-100","grid-parent","grid-50","no-featured-image-padding","resize-featured-image"],"acf":[],"_links":{"self":[{"href":"https:\/\/obera.fr\/it\/wp-json\/wp\/v2\/posts\/38322","targetHints":{"allow":["GET"]}}],"collection":[{"href":"https:\/\/obera.fr\/it\/wp-json\/wp\/v2\/posts"}],"about":[{"href":"https:\/\/obera.fr\/it\/wp-json\/wp\/v2\/types\/post"}],"author":[{"embeddable":true,"href":"https:\/\/obera.fr\/it\/wp-json\/wp\/v2\/users\/4"}],"replies":[{"embeddable":true,"href":"https:\/\/obera.fr\/it\/wp-json\/wp\/v2\/comments?post=38322"}],"version-history":[{"count":3,"href":"https:\/\/obera.fr\/it\/wp-json\/wp\/v2\/posts\/38322\/revisions"}],"predecessor-version":[{"id":99674,"href":"https:\/\/obera.fr\/it\/wp-json\/wp\/v2\/posts\/38322\/revisions\/99674"}],"wp:featuredmedia":[{"embeddable":true,"href":"https:\/\/obera.fr\/it\/wp-json\/wp\/v2\/media\/82029"}],"wp:attachment":[{"href":"https:\/\/obera.fr\/it\/wp-json\/wp\/v2\/media?parent=38322"}],"wp:term":[{"taxonomy":"category","embeddable":true,"href":"https:\/\/obera.fr\/it\/wp-json\/wp\/v2\/categories?post=38322"},{"taxonomy":"post_tag","embeddable":true,"href":"https:\/\/obera.fr\/it\/wp-json\/wp\/v2\/tags?post=38322"}],"curies":[{"name":"wp","href":"https:\/\/api.w.org\/{rel}","templated":true}]}}