{"id":118481,"date":"2025-06-30T15:30:10","date_gmt":"2025-06-30T13:30:10","guid":{"rendered":"https:\/\/obera.fr\/nase-rada\/rafraichisseur-garage\/"},"modified":"2025-07-16T11:04:25","modified_gmt":"2025-07-16T09:04:25","slug":"rafraichisseur-garage","status":"publish","type":"post","link":"https:\/\/obera.fr\/lt\/automobiliai-ir-sunkvezimiai\/rafraichisseur-garage\/","title":{"rendered":"Kar\u0161tis automobili\u0173 gara\u017euose: kasdienis i\u0161\u0161\u016bkis pagaliau suvaldytas d\u0117l &#8222;OberA&#8221; au\u0161intuv\u0173"},"content":{"rendered":"\n<div class=\"wp-block-columns is-layout-flex wp-container-core-columns-is-layout-28f84493 wp-block-columns-is-layout-flex\">\n<div class=\"wp-block-column is-layout-flow wp-block-column-is-layout-flow\" style=\"flex-basis:66.66%\">\n<p><strong>Automobili\u0173 sektorius perkaista,<\/strong> o kar\u0161tis gara\u017euose ir dirbtuv\u0117se<br\/>tampa \u0161io sektoriaus specialist\u0173 ryk\u0161te.<br\/><br\/>Kiekvien\u0105 vasar\u0105 dirbtuv\u0117se kar\u0161tis greitai tampa <strong>didele kli\u016btimi mechanikams<\/strong>, nes turi \u012ftakos j\u0173 sveikatai, saugai ir na\u0161umui.<br\/><br\/>Kar\u0161\u010dio bangos Pranc\u016bzijoje tampa vis da\u017enesn\u0117s ir intensyvesn\u0117s. M\u00e9t\u00e9o France duomenimis, per pastaruosius 20 met\u0173<strong> \u0161alyje buvo 8 i\u0161 10 kar\u0161\u010diausi\u0173 vasar\u0173<\/strong> nuo 1900 m. <\/p>\n<\/div>\n\n\n\n<div class=\"wp-block-column is-layout-flow wp-block-column-is-layout-flow\" style=\"flex-basis:33.33%\">\n<figure class=\"wp-block-image aligncenter size-full is-resized\"><img decoding=\"async\" width=\"612\" height=\"612\" src=\"https:\/\/obera.fr\/wp-content\/uploads\/2025\/06\/istockphoto-629496278-612x612-1.jpg\" alt=\"Automobili&#x173; gara&#x17E;as\" class=\"wp-image-118791\" style=\"width:326px;height:auto\" srcset=\"https:\/\/obera.fr\/wp-content\/uploads\/2025\/06\/istockphoto-629496278-612x612-1.jpg 612w, https:\/\/obera.fr\/wp-content\/uploads\/2025\/06\/istockphoto-629496278-612x612-1-300x300.jpg 300w, https:\/\/obera.fr\/wp-content\/uploads\/2025\/06\/istockphoto-629496278-612x612-1-150x150.jpg 150w\" sizes=\"(max-width: 612px) 100vw, 612px\" \/><\/figure>\n<\/div>\n<\/div>\n\n<h2 class=\"wp-block-heading\">Ekstremalios temperat\u016bros prastai izoliuotose dirbtuv\u0117se<\/h2>\n\n<p><a href=\"https:\/\/obera.fr\/lt\/nase-rada\/rafraichisseur-production-automobile\/\">Automobili\u0173 gara\u017eai ir dirbtuv\u0117s da\u017enai b\u016bna prastai v\u0117dinami<\/a>, i\u0161 dalies atviri, juose sumontuota auk\u0161t\u0105 temperat\u016br\u0105 skleid\u017eianti \u012franga, pavyzd\u017eiui, \u012fkait\u0119 varikliai, hidrauliniai tilteliai, kompresoriai ir t. t.<br\/>Kar\u0161\u010dio bangos metu <strong>aplinkos temperat\u016bra <\/strong>u\u017edarose dirbtuv\u0117se arba esant atidarytoms durims <strong>gali lengvai pasiekti 35-45 \u00b0C, <\/strong>tod\u0117l lauke tvyro dusinanti temperat\u016bra.<br\/><br\/>Tokia auk\u0161ta temperat\u016bra turi konkre\u010di\u0173 pasekmi\u0173 automobili\u0173 mechanikams:  <\/p>\n\n<ul class=\"wp-block-list\">\n<li><strong>Sveikatos problemos<\/strong> \u2192 kar\u0161\u010dio sm\u016bgis, dehidratacija ir bloga savijauta kartojasi.<\/li>\n\n\n\n<li><strong>Suma\u017e\u0117jusi koncentracija<\/strong> \u2192 d\u0117l kar\u0161\u010dio padid\u0117ja technini\u0173 klaid\u0173 rizika<\/li>\n\n\n\n<li><strong>Poveikis bendram darbingumui<\/strong> \u2192 suma\u017e\u0117j\u0119s na\u0161umas, efektyvumo suma\u017e\u0117jimas, laikinas nedarbingumas<\/li>\n\n\n\n<li><strong>Pasekm\u0117s komandoms<\/strong> \u2192 padid\u0117jusi darbuotoj\u0173 kaita, da\u017enas keitimas<\/li>\n<\/ul>\n\n<p><\/p>\n\n<h2 class=\"wp-block-heading\">I\u0161bandytas ir patikrintas sprendimas: &#8222;OberA&#8221; pramoniniai oro au\u0161intuvai<\/h2>\n\n<p>&#8222;OberA&#8221; si\u016blo auk\u0161tos kokyb\u0117s, patvar\u0173 ir lengvai montuojam\u0105 au\u0161inimo sprendim\u0105. M\u016bs\u0173 IC au\u0161intuv\u0173 asortimentas puikiai <strong>tinka automobili\u0173 aplinkai,<\/strong> pavyzd\u017eiui, gara\u017eams, technin\u0117s prie\u017ei\u016bros, remonto ir gamybos dirbtuv\u0117ms. <\/p>\n\n<p><br\/>M\u016bs\u0173 integruotos konstrukcijos, tinkan\u010dios nuo 80 iki 400 m\u00b2 ploto pavir\u0161iams, si\u016blo j\u016bs\u0173 sektoriui :<br\/><\/p>\n\n<ul class=\"wp-block-list\">\n<li>Technologin\u0117 naujov\u0117, pagr\u012fsta istoriniu ir nat\u016braliu principu &#8211; vandens garavimu<\/li>\n\n\n\n<li>15 kart\u0173 ma\u017eesn\u0117s eksploatavimo i\u0161laidos nei oro kondicionavimo<\/li>\n\n\n\n<li>Visas asortimentas, atitinkantis visus j\u016bs\u0173 poreikius ir apribojimus<\/li>\n\n\n\n<li>Labai ma\u017eas anglies dioksido p\u0117dsakas (nenaudojamas \u0161altne\u0161is), neskleid\u017eia \u0161ilto oro (n\u0117ra &#8222;\u0161ilumos salos&#8221; efekto).<\/li>\n\n\n\n<li>Pranc\u016bzijoje pagamint\u0173 kokybi\u0161k\u0173 produkt\u0173 asortimentas<\/li>\n\n\n\n<li>Prakti\u0161kas, pritaikomas ir mobilus &#8222;plug and play&#8221; sprendimas<\/li>\n\n\n\n<li>Greita ir ekonomi\u0161ka prie\u017ei\u016bra<\/li>\n\n\n\n<li>5 met\u0173 garantija<br\/><\/li>\n<\/ul>\n\n<p>D\u0117l patentuotos &#8222;Pureflow&#8221; inovacijos &#8222;OberA&#8221; <strong>sujungia v\u0117sinim\u0105 ir valym\u0105<\/strong>, kad u\u017etikrint\u0173 geriausi\u0105 oro kokyb\u0119 j\u016bs\u0173 gara\u017euose ir automobili\u0173 dirbtuv\u0117se.<\/p>\n\n<p><\/p>\n\n<div class=\"wp-block-columns is-layout-flex wp-container-core-columns-is-layout-28f84493 wp-block-columns-is-layout-flex\">\n<div class=\"wp-block-column is-layout-flow wp-block-column-is-layout-flow\">\n<h3 class=\"wp-block-heading has-text-align-center\">IC 12<\/h3>\n\n\n\n<figure class=\"wp-block-image aligncenter size-full is-resized\"><a href=\"https:\/\/obera.fr\/produits\/rafraichisseurs-air\/rafraichisseurs-par-evaporation-ic\/\"><img decoding=\"async\" width=\"1200\" height=\"1200\" src=\"https:\/\/obera.fr\/wp-content\/uploads\/2025\/04\/img-ic-12.png\" alt=\"ic ic 12\" class=\"wp-image-87231\" style=\"object-fit:cover;width:300px;height:300px\" srcset=\"https:\/\/obera.fr\/wp-content\/uploads\/2025\/04\/img-ic-12.png 1200w, https:\/\/obera.fr\/wp-content\/uploads\/2025\/04\/img-ic-12-300x300.png 300w, https:\/\/obera.fr\/wp-content\/uploads\/2025\/04\/img-ic-12-1024x1024.png 1024w, https:\/\/obera.fr\/wp-content\/uploads\/2025\/04\/img-ic-12-150x150.png 150w, https:\/\/obera.fr\/wp-content\/uploads\/2025\/04\/img-ic-12-768x768.png 768w\" sizes=\"(max-width: 1200px) 100vw, 1200px\" \/><\/a><\/figure>\n<\/div>\n\n\n\n<div class=\"wp-block-column is-layout-flow wp-block-column-is-layout-flow\">\n<h3 class=\"wp-block-heading has-text-align-center\">IC 22<\/h3>\n\n\n\n<figure class=\"wp-block-image aligncenter size-full is-resized\"><a href=\"https:\/\/obera.fr\/produits\/rafraichisseurs-air\/rafraichisseurs-par-evaporation-ic\/\"><img decoding=\"async\" width=\"1200\" height=\"1200\" src=\"https:\/\/obera.fr\/wp-content\/uploads\/2025\/04\/img-ic-22.png\" alt=\"vaizdas ic 22\" class=\"wp-image-87254\" style=\"object-fit:cover;width:300px;height:300px\" srcset=\"https:\/\/obera.fr\/wp-content\/uploads\/2025\/04\/img-ic-22.png 1200w, https:\/\/obera.fr\/wp-content\/uploads\/2025\/04\/img-ic-22-300x300.png 300w, https:\/\/obera.fr\/wp-content\/uploads\/2025\/04\/img-ic-22-1024x1024.png 1024w, https:\/\/obera.fr\/wp-content\/uploads\/2025\/04\/img-ic-22-150x150.png 150w, https:\/\/obera.fr\/wp-content\/uploads\/2025\/04\/img-ic-22-768x768.png 768w\" sizes=\"(max-width: 1200px) 100vw, 1200px\" \/><\/a><\/figure>\n<\/div>\n\n\n\n<div class=\"wp-block-column is-layout-flow wp-block-column-is-layout-flow\">\n<h3 class=\"wp-block-heading has-text-align-center\">IC 30<\/h3>\n\n\n\n<figure class=\"wp-block-image aligncenter size-full is-resized\"><a href=\"https:\/\/obera.fr\/produits\/rafraichisseurs-air\/rafraichisseurs-par-evaporation-ic\/\"><img decoding=\"async\" width=\"1200\" height=\"1200\" src=\"https:\/\/obera.fr\/wp-content\/uploads\/2025\/04\/img-ic-30.png\" alt=\"img ic 30\" class=\"wp-image-87278\" style=\"object-fit:cover;width:300px;height:300px\" srcset=\"https:\/\/obera.fr\/wp-content\/uploads\/2025\/04\/img-ic-30.png 1200w, https:\/\/obera.fr\/wp-content\/uploads\/2025\/04\/img-ic-30-300x300.png 300w, https:\/\/obera.fr\/wp-content\/uploads\/2025\/04\/img-ic-30-1024x1024.png 1024w, https:\/\/obera.fr\/wp-content\/uploads\/2025\/04\/img-ic-30-150x150.png 150w, https:\/\/obera.fr\/wp-content\/uploads\/2025\/04\/img-ic-30-768x768.png 768w\" sizes=\"(max-width: 1200px) 100vw, 1200px\" \/><\/a><\/figure>\n<\/div>\n<\/div>\n\n<div class=\"wp-block-buttons is-content-justification-center is-layout-flex wp-container-core-buttons-is-layout-a89b3969 wp-block-buttons-is-layout-flex\">\n<div class=\"wp-block-button\"><a class=\"wp-block-button__link has-text-align-center wp-element-button\" href=\"https:\/\/obera.fr\/lt\/produits\/rafraichisseurs-air\/\"><strong>Atraskite m\u016bs\u0173 au\u0161intuvus<\/strong><\/a><\/div>\n<\/div>\n\n<div style=\"height:81px\" aria-hidden=\"true\" class=\"wp-block-spacer\"><\/div>\n\n<h2 class=\"wp-block-heading\">&#8222;Volkswagen Fabris&#8221; autoservisas Irm\u0161tete (67)<\/h2>\n\n<div class=\"wp-block-columns is-layout-flex wp-container-core-columns-is-layout-28f84493 wp-block-columns-is-layout-flex\">\n<div class=\"wp-block-column is-layout-flow wp-block-column-is-layout-flow\" style=\"flex-basis:80%\">\n<p><\/p>\n\n\n\n<p>Kaip ir kasmet, Pranc\u016bzijos Bas-Rino regione \u012fsik\u016brusi &#8221; <strong>Volkswagen Fabris&#8221; dirb<\/strong> tuv\u0117 susid\u016br\u0117 su gerokai pakilusia temperat\u016bra savo dirbtuv\u0117se.<br\/>Siekdami pagerinti mechanik\u0173 komfort\u0105, pasi\u016bl\u0117me per kelias dienas i\u0161bandyti m\u016bs\u0173 IC 12 model\u012f, kad \u012frodytume &#8222;Made In France&#8221; au\u0161inimo<strong>sprendimo efektyvum\u0105<\/strong>.<\/p>\n\n\n\n<p><\/p>\n\n\n\n<h3 class=\"wp-block-heading\">Nedelsiant gaunami rezultatai<\/h3>\n\n\n\n<blockquote class=\"wp-block-quote is-layout-flow wp-block-quote-is-layout-flow\">\n<p>&#8222;Tai paprasta, mano mechanikai netik\u0117jo, bet po keli\u0173 minu\u010di\u0173 naudojimo pasteb\u0117jome, kad temperat\u016bra labai suma\u017e\u0117jo. <strong>Pager\u0117jo<\/strong> ne tik <strong>komfortas<\/strong>, bet ir efektyvumas. Atmosfera dirbtuv\u0117se tapo ramesn\u0117 ir palanki dirbti daug geresn\u0117mis s\u0105lygomis.  <br\/><br\/>Ponas Fabris, gara\u017eo FABRIS savininkas.<\/p>\n<\/blockquote>\n<\/div>\n\n\n\n<div class=\"wp-block-column is-layout-flow wp-block-column-is-layout-flow\" style=\"flex-basis:50%\"><style>.kb-gallery-id-118196_6fa53f-8e .kadence-blocks-gallery-item .kb-gal-image-radius, .kb-gallery-id-118196_6fa53f-8e .kb-slide-item .kb-gal-image-radius img{border-radius:0px 0px 0px 0px;;}.kb-gallery-wrap-id-118196_6fa53f-8e.wp-block-kadence-advancedgallery{overflow:visible;}.kb-gallery-wrap-id-118196_6fa53f-8e.wp-block-kadence-advancedgallery .kt-blocks-carousel{overflow:visible;}<\/style><div class=\"kb-gallery-wrap-id-118196_6fa53f-8e alignnone wp-block-kadence-advancedgallery\"><div class=\"kb-gallery-ul kb-gallery-non-static kb-gallery-type-slider kb-gallery-id-118196_6fa53f-8e kb-gallery-caption-style-bottom-hover kb-gallery-filter-none\" data-image-filter=\"none\" data-lightbox-caption=\"true\"><div class=\"kt-blocks-carousel splide kt-carousel-container-dotstyle-dark kt-carousel-arrowstyle-whiteondark kt-carousel-dotstyle-dark kb-slider-group-arrow kb-slider-arrow-position-center\" data-slider-anim-speed=\"400\" data-slider-scroll=\"1\" data-slider-arrows=\"true\" data-slider-fade=\"true\" data-slider-dots=\"true\" data-slider-type=\"slider\" data-slider-hover-pause=\"false\" data-slider-auto=\"\" data-slider-speed=\"7000\" data-show-pause-button=\"false\"><div class=\"splide__track\"><ul class=\"kt-blocks-carousel-init kb-blocks-slider splide__list\"><li class=\"kb-slide-item kb-gallery-slide-item splide__slide\"><div class=\"kadence-blocks-gallery-item\"><div class=\"kadence-blocks-gallery-item-inner\"><figure class=\"kb-gallery-figure kadence-blocks-gallery-item-hide-caption\"><div class=\"kb-gal-image-radius\"><div class=\"kb-gallery-image-contain kadence-blocks-gallery-intrinsic kb-gallery-image-ratio-land32 kb-has-image-ratio-land32\" ><img decoding=\"async\" src=\"https:\/\/obera.fr\/wp-content\/uploads\/2025\/06\/raf-ic-12-secteur-automobile.3-1024x1024.png\" width=\"1024\" height=\"1024\" alt=\"raf ic 12 secteur automobile\" data-full-image=\"https:\/\/obera.fr\/wp-content\/uploads\/2025\/06\/raf-ic-12-secteur-automobile.3.png\" data-light-image=\"https:\/\/obera.fr\/wp-content\/uploads\/2025\/06\/raf-ic-12-secteur-automobile.3.png\" data-id=\"118287\" class=\"wp-image-118287 skip-lazy\" srcset=\"https:\/\/obera.fr\/wp-content\/uploads\/2025\/06\/raf-ic-12-secteur-automobile.3-1024x1024.png 1024w, https:\/\/obera.fr\/wp-content\/uploads\/2025\/06\/raf-ic-12-secteur-automobile.3-300x300.png 300w, https:\/\/obera.fr\/wp-content\/uploads\/2025\/06\/raf-ic-12-secteur-automobile.3-150x150.png 150w, https:\/\/obera.fr\/wp-content\/uploads\/2025\/06\/raf-ic-12-secteur-automobile.3-768x768.png 768w, https:\/\/obera.fr\/wp-content\/uploads\/2025\/06\/raf-ic-12-secteur-automobile.3.png 1200w\" sizes=\"(max-width: 1024px) 100vw, 1024px\" \/><\/div><\/div><\/figure><\/div><\/div><\/li><li class=\"kb-slide-item kb-gallery-slide-item splide__slide\"><div class=\"kadence-blocks-gallery-item\"><div class=\"kadence-blocks-gallery-item-inner\"><figure class=\"kb-gallery-figure kadence-blocks-gallery-item-hide-caption\"><div class=\"kb-gal-image-radius\"><div class=\"kb-gallery-image-contain kadence-blocks-gallery-intrinsic kb-gallery-image-ratio-land32 kb-has-image-ratio-land32\" ><img decoding=\"async\" src=\"https:\/\/obera.fr\/wp-content\/uploads\/2025\/06\/raf-ic-12-secteur-automobile.2-1024x1024.png\" width=\"1024\" height=\"1024\" alt=\"raf ic 12 secteur\" data-full-image=\"https:\/\/obera.fr\/wp-content\/uploads\/2025\/06\/raf-ic-12-secteur-automobile.2.png\" data-light-image=\"https:\/\/obera.fr\/wp-content\/uploads\/2025\/06\/raf-ic-12-secteur-automobile.2.png\" data-id=\"118313\" class=\"wp-image-118313 skip-lazy\" srcset=\"https:\/\/obera.fr\/wp-content\/uploads\/2025\/06\/raf-ic-12-secteur-automobile.2-1024x1024.png 1024w, https:\/\/obera.fr\/wp-content\/uploads\/2025\/06\/raf-ic-12-secteur-automobile.2-300x300.png 300w, https:\/\/obera.fr\/wp-content\/uploads\/2025\/06\/raf-ic-12-secteur-automobile.2-150x150.png 150w, https:\/\/obera.fr\/wp-content\/uploads\/2025\/06\/raf-ic-12-secteur-automobile.2-768x768.png 768w, https:\/\/obera.fr\/wp-content\/uploads\/2025\/06\/raf-ic-12-secteur-automobile.2.png 1200w\" sizes=\"(max-width: 1024px) 100vw, 1024px\" \/><\/div><\/div><\/figure><\/div><\/div><\/li><li class=\"kb-slide-item kb-gallery-slide-item splide__slide\"><div class=\"kadence-blocks-gallery-item\"><div class=\"kadence-blocks-gallery-item-inner\"><figure class=\"kb-gallery-figure kadence-blocks-gallery-item-hide-caption\"><div class=\"kb-gal-image-radius\"><div class=\"kb-gallery-image-contain kadence-blocks-gallery-intrinsic kb-gallery-image-ratio-land32 kb-has-image-ratio-land32\" ><img decoding=\"async\" src=\"https:\/\/obera.fr\/wp-content\/uploads\/2025\/06\/raf-ic-12-secteur-automobile-1024x1024.png\" width=\"1024\" height=\"1024\" alt=\"raf ic 12 secteur garage\" data-full-image=\"https:\/\/obera.fr\/wp-content\/uploads\/2025\/06\/raf-ic-12-secteur-automobile.png\" data-light-image=\"https:\/\/obera.fr\/wp-content\/uploads\/2025\/06\/raf-ic-12-secteur-automobile.png\" data-id=\"118337\" class=\"wp-image-118337 skip-lazy\" srcset=\"https:\/\/obera.fr\/wp-content\/uploads\/2025\/06\/raf-ic-12-secteur-automobile-1024x1024.png 1024w, https:\/\/obera.fr\/wp-content\/uploads\/2025\/06\/raf-ic-12-secteur-automobile-300x300.png 300w, https:\/\/obera.fr\/wp-content\/uploads\/2025\/06\/raf-ic-12-secteur-automobile-150x150.png 150w, https:\/\/obera.fr\/wp-content\/uploads\/2025\/06\/raf-ic-12-secteur-automobile-768x768.png 768w, https:\/\/obera.fr\/wp-content\/uploads\/2025\/06\/raf-ic-12-secteur-automobile.png 1200w\" sizes=\"(max-width: 1024px) 100vw, 1024px\" \/><\/div><\/div><\/figure><\/div><\/div><\/li><li class=\"kb-slide-item kb-gallery-slide-item splide__slide\"><div class=\"kadence-blocks-gallery-item\"><div class=\"kadence-blocks-gallery-item-inner\"><figure class=\"kb-gallery-figure kadence-blocks-gallery-item-hide-caption\"><div class=\"kb-gal-image-radius\"><div class=\"kb-gallery-image-contain kadence-blocks-gallery-intrinsic kb-gallery-image-ratio-land32 kb-has-image-ratio-land32\" ><img decoding=\"async\" src=\"https:\/\/obera.fr\/wp-content\/uploads\/2025\/06\/raf-ic-12-secteur-automobile.4-1024x1024.png\" width=\"1024\" height=\"1024\" alt=\"raf ic 12\" data-full-image=\"https:\/\/obera.fr\/wp-content\/uploads\/2025\/06\/raf-ic-12-secteur-automobile.4.png\" data-light-image=\"https:\/\/obera.fr\/wp-content\/uploads\/2025\/06\/raf-ic-12-secteur-automobile.4.png\" data-id=\"118361\" class=\"wp-image-118361 skip-lazy\" srcset=\"https:\/\/obera.fr\/wp-content\/uploads\/2025\/06\/raf-ic-12-secteur-automobile.4-1024x1024.png 1024w, https:\/\/obera.fr\/wp-content\/uploads\/2025\/06\/raf-ic-12-secteur-automobile.4-300x300.png 300w, https:\/\/obera.fr\/wp-content\/uploads\/2025\/06\/raf-ic-12-secteur-automobile.4-150x150.png 150w, https:\/\/obera.fr\/wp-content\/uploads\/2025\/06\/raf-ic-12-secteur-automobile.4-768x768.png 768w, https:\/\/obera.fr\/wp-content\/uploads\/2025\/06\/raf-ic-12-secteur-automobile.4.png 1200w\" sizes=\"(max-width: 1024px) 100vw, 1024px\" \/><\/div><\/div><\/figure><\/div><\/div><\/li><li class=\"kb-slide-item kb-gallery-slide-item splide__slide\"><div class=\"kadence-blocks-gallery-item\"><div class=\"kadence-blocks-gallery-item-inner\"><figure class=\"kb-gallery-figure kadence-blocks-gallery-item-hide-caption\"><div class=\"kb-gal-image-radius\"><div class=\"kb-gallery-image-contain kadence-blocks-gallery-intrinsic kb-gallery-image-ratio-land32 kb-has-image-ratio-land32\" ><img decoding=\"async\" src=\"https:\/\/obera.fr\/wp-content\/uploads\/2025\/06\/raf-ic-12-secteur-automobile.1-1024x1024.png\" width=\"1024\" height=\"1024\" alt=\"raf ic 12 secteur auto\" data-full-image=\"https:\/\/obera.fr\/wp-content\/uploads\/2025\/06\/raf-ic-12-secteur-automobile.1.png\" data-light-image=\"https:\/\/obera.fr\/wp-content\/uploads\/2025\/06\/raf-ic-12-secteur-automobile.1.png\" data-id=\"118387\" class=\"wp-image-118387 skip-lazy\" srcset=\"https:\/\/obera.fr\/wp-content\/uploads\/2025\/06\/raf-ic-12-secteur-automobile.1-1024x1024.png 1024w, https:\/\/obera.fr\/wp-content\/uploads\/2025\/06\/raf-ic-12-secteur-automobile.1-300x300.png 300w, https:\/\/obera.fr\/wp-content\/uploads\/2025\/06\/raf-ic-12-secteur-automobile.1-150x150.png 150w, https:\/\/obera.fr\/wp-content\/uploads\/2025\/06\/raf-ic-12-secteur-automobile.1-768x768.png 768w, https:\/\/obera.fr\/wp-content\/uploads\/2025\/06\/raf-ic-12-secteur-automobile.1.png 1200w\" sizes=\"(max-width: 1024px) 100vw, 1024px\" \/><\/div><\/div><\/figure><\/div><\/div><\/li><\/ul><\/div><\/div><\/div><\/div><\/div>\n<\/div>\n\n<p><br\/>S\u0117kmingai pritaik\u0119s m\u016bs\u0173 sprendim\u0105, &#8222;Volkswagen Fabris&#8221; gara\u017eas nusprend\u0117 \u012fsigyti <strong>2 &#8222;OberA&#8221; au\u0161intuvus<\/strong>&#8211; tai didelis \u017eingsnis \u012f priek\u012f siekiant u\u017etikrinti mechanik\u0173 komfort\u0105 per pasikartojan\u010dius kar\u0161\u010dius.<\/p>\n\n<p><\/p>\n\n<h2 class=\"wp-block-heading\">Esate autoserviso savininkas arba dirbate automobili\u0173 sektoriuje? Atraskite ap\u010diuopiam\u0105 gaivesnio oro naud\u0105 savo dirbtuv\u0117se<\/h2>\n\n<p>Kova su kar\u0161\u010diu mechanin\u0117se dirbtuv\u0117se neb\u0117ra pasirinkimas: tai <strong>sveikatos, na\u0161umo ir gerov\u0117s darbo vietoje klausimas.<\/strong><\/p>\n\n<ul class=\"wp-block-list\">\n<li>Kaip ir &#8222;Garage Fabris&#8221;, i\u0161bandykite arba i\u0161sinuomokite m\u016bs\u0173 integruot\u0173 au\u0161intuv\u0173 asortiment\u0105<\/li>\n\n\n\n<li>Susisiekite su mumis \u0161iandien ir greitai nustatysime j\u016bs\u0173 pramoninio au\u0161inimo poreikius.<\/li>\n<\/ul>\n\n<p><\/p>\n\n<p>J\u016bs\u0173 darbuotoj\u0173 komfortas negali laukti, veikite dabar su &#8222;OberA&#8221; sprendimais!<\/p>\n\n<div style=\"height:51px\" aria-hidden=\"true\" class=\"wp-block-spacer\"><\/div>\n\n<div class=\"wp-block-buttons is-content-justification-center is-layout-flex wp-container-core-buttons-is-layout-a89b3969 wp-block-buttons-is-layout-flex\">\n<div class=\"wp-block-button\"><a class=\"wp-block-button__link has-text-align-center wp-element-button\" href=\"https:\/\/obera.fr\/lt\/contact\/\"><strong><strong>Susisiekite su mumis<\/strong><\/strong><\/a><\/div>\n\n\n\n<div class=\"wp-block-button\"><a class=\"wp-block-button__link has-text-align-center wp-element-button\" href=\"https:\/\/obera.fr\/lt\/location-appareil-industriel\/\"><strong><strong>I\u0161sinuomokite m\u016bs\u0173 \u012frang\u0105<\/strong><\/strong><\/a><\/div>\n<\/div>\n","protected":false},"excerpt":{"rendered":"<p>Automobili\u0173 sektorius perkaista, o kar\u0161tis gara\u017euose ir dirbtuv\u0117se<br \/>\ntampa \u0161io sektoriaus specialist\u0173 ryk\u0161te.<\/p>\n","protected":false},"author":13,"featured_media":120446,"comment_status":"open","ping_status":"closed","sticky":false,"template":"","format":"standard","meta":{"_acf_changed":false,"_seopress_robots_primary_cat":"none","_seopress_titles_title":"\"OberA\" au\u0161intuvai: daugiau jokio kar\u0161\u010dio automobili\u0173 gara\u017euose","_seopress_titles_desc":"\"OberA\" veiksmingai sprend\u017eia kar\u0161\u010dio dirbtuv\u0117se problem\u0105: pramoniniai oro au\u0161intuvai u\u017etikrina komfort\u0105, saugum\u0105 ir na\u0161um\u0105.","_seopress_robots_index":"","footnotes":""},"categories":[581],"tags":[412],"class_list":["post-118481","post","type-post","status-publish","format-standard","has-post-thumbnail","hentry","category-automobiliai-ir-sunkvezimiai","tag-ausintuvai","generate-columns","tablet-grid-50","mobile-grid-100","grid-parent","grid-50","no-featured-image-padding","resize-featured-image"],"acf":[],"_links":{"self":[{"href":"https:\/\/obera.fr\/lt\/wp-json\/wp\/v2\/posts\/118481","targetHints":{"allow":["GET"]}}],"collection":[{"href":"https:\/\/obera.fr\/lt\/wp-json\/wp\/v2\/posts"}],"about":[{"href":"https:\/\/obera.fr\/lt\/wp-json\/wp\/v2\/types\/post"}],"author":[{"embeddable":true,"href":"https:\/\/obera.fr\/lt\/wp-json\/wp\/v2\/users\/13"}],"replies":[{"embeddable":true,"href":"https:\/\/obera.fr\/lt\/wp-json\/wp\/v2\/comments?post=118481"}],"version-history":[{"count":8,"href":"https:\/\/obera.fr\/lt\/wp-json\/wp\/v2\/posts\/118481\/revisions"}],"predecessor-version":[{"id":122861,"href":"https:\/\/obera.fr\/lt\/wp-json\/wp\/v2\/posts\/118481\/revisions\/122861"}],"wp:featuredmedia":[{"embeddable":true,"href":"https:\/\/obera.fr\/lt\/wp-json\/wp\/v2\/media\/120446"}],"wp:attachment":[{"href":"https:\/\/obera.fr\/lt\/wp-json\/wp\/v2\/media?parent=118481"}],"wp:term":[{"taxonomy":"category","embeddable":true,"href":"https:\/\/obera.fr\/lt\/wp-json\/wp\/v2\/categories?post=118481"},{"taxonomy":"post_tag","embeddable":true,"href":"https:\/\/obera.fr\/lt\/wp-json\/wp\/v2\/tags?post=118481"}],"curies":[{"name":"wp","href":"https:\/\/api.w.org\/{rel}","templated":true}]}}