{"id":123890,"date":"2025-07-18T10:00:00","date_gmt":"2025-07-18T08:00:00","guid":{"rendered":"https:\/\/obera.fr\/nase-rada\/vie-artisan-tailleur\/"},"modified":"2025-07-22T12:05:53","modified_gmt":"2025-07-22T10:05:53","slug":"vie-artisan-tailleur","status":"publish","type":"post","link":"https:\/\/obera.fr\/lt\/musu-patarimas\/vie-artisan-tailleur\/","title":{"rendered":"2025 m. gyvenu kaip siuv\u0117jas: tarp aistros ir atsargumo"},"content":{"rendered":"\n<p><em>&#8222;Negalima dirbti su akmeniu. Reikia j\u012f gerbti.  <\/em><\/p>\n\n<p>Taip pirm\u0105j\u0105 dien\u0105 man pasak\u0117 treneris. Po de\u0161imties met\u0173 tai tapo mano mantra. B\u016bti akmenta\u0161iu 2025 m. vis dar yra aistros reikalas. Ta\u010diau \u0161iandien taip pat reikia <strong>imtis atsargumo priemoni\u0173<\/strong>.     <\/p>\n\n<h2 class=\"wp-block-heading\">  6.30 val. &#8211; dirbtuv\u0117s atsibunda  <\/h2>\n\n<p>Ryto tyla, kavos kvapas ir pa\u017e\u012fstamas kompresoriaus garsas. Atidarau dirbtuvi\u0173 duris. Ant atram\u0173 stovi kalkakmenio blokai, \u012frankiai paruo\u0161ti. Kas man patinka \u0161iame darbe? Pertvarkym\u0105. Paimti \u017ealiav\u0105 ir paversti j\u0105 perlaida, kolona, meno k\u016briniu.       <\/p>\n\n<p>Ta\u010diau per pastaruosius kelerius metus m\u016bs\u0173 kasdienyb\u0117je atsirado dar viena tema &#8211; <strong>dulk\u0117s<\/strong>. Tokias, kuri\u0173 ne visada matome, bet jos yra visur. Ore, m\u016bs\u0173 plau\u010diuose. O kartais ir m\u016bs\u0173 sveikatai.     <\/p>\n\n<h2 class=\"wp-block-heading\">  9.00 &#8211; Dulk\u0117s neb\u0117ra nei\u0161vengiamyb\u0117  <\/h2>\n\n<div class=\"wp-block-columns is-layout-flex wp-container-core-columns-is-layout-28f84493 wp-block-columns-is-layout-flex\">\n<div class=\"wp-block-column is-layout-flow wp-block-column-is-layout-flow\" style=\"flex-basis:66.66%\">\n<p>Seniau dirbome pilkuose debesyse. Senbuviai sakydavo: <em>&#8222;Tiesiog i\u0161sikv\u0117pkite, ir tai praeis&#8221;.<\/em> \u0160iandien \u017einau, kad tai nepraeis. Ji lieka.     <\/p>\n\n\n\n<p>2025 m. nebegalime ignoruoti <strong>silikoz\u0117s<\/strong>&#8211; plau\u010di\u0173 ligos, kuri\u0105 sukelia silicio dioksido \u012fkv\u0117pimas, &#8211; pavojaus. Ji jau nusine\u0161\u0117 kai kuri\u0173 m\u016bs\u0173 koleg\u0173 gyvybes. Tod\u0117l esame atsarg\u016bs.    <\/p>\n\n\n\n<p>Savo dirbtuv\u0117se \u012freng\u0117me <strong>dulki\u0173 surinktuv\u0105, sujungt\u0105 su &#8222;OberA&#8221; oro valytuvu<\/strong>. Pirmasis surenka dulkes tiesiai prie \u0161altinio, kuo ar\u010diau darbo viet\u0173. Antrasis nuolat filtruoja aplinkos or\u0105. Rezultatas: <strong>geriau kv\u0117puojate, geriau dirbate<\/strong>.     <\/p>\n\n\n\n<p>Kadangi suk\u016br\u0117me \u0161i\u0105 sistem\u0105, tai akivaizdu. Ma\u017eiau dulki\u0173 ant darbo stal\u0173, ma\u017eiau j\u0173 ore&#8230; ir plau\u010diuose.   <\/p>\n<\/div>\n\n\n\n<div class=\"wp-block-column is-layout-flow wp-block-column-is-layout-flow\" style=\"flex-basis:33.33%\">\n<div class=\"wp-block-columns is-layout-flex wp-container-core-columns-is-layout-28f84493 wp-block-columns-is-layout-flex\">\n<div class=\"wp-block-column is-layout-flow wp-block-column-is-layout-flow\">\n<figure class=\"wp-block-image aligncenter size-full is-resized\"><img decoding=\"async\" width=\"600\" height=\"600\" src=\"https:\/\/obera.fr\/wp-content\/uploads\/2020\/10\/extracteur-poussiere-pulverulente-DUSTOMAT-16.png\" alt=\"D&#x16B;mai - Dulki&#x173; surinktuvas\" class=\"wp-image-1307\" style=\"width:115px;height:auto\" srcset=\"https:\/\/obera.fr\/wp-content\/uploads\/2020\/10\/extracteur-poussiere-pulverulente-DUSTOMAT-16.png 600w, https:\/\/obera.fr\/wp-content\/uploads\/2020\/10\/extracteur-poussiere-pulverulente-DUSTOMAT-16-300x300.png 300w, https:\/\/obera.fr\/wp-content\/uploads\/2020\/10\/extracteur-poussiere-pulverulente-DUSTOMAT-16-150x150.png 150w\" sizes=\"(max-width: 600px) 100vw, 600px\" \/><figcaption class=\"wp-element-caption\">DUSTOMAT 16<\/figcaption><\/figure>\n\n\n\n<figure class=\"wp-block-image aligncenter size-full is-resized\"><img decoding=\"async\" width=\"600\" height=\"600\" src=\"https:\/\/obera.fr\/wp-content\/uploads\/2023\/05\/epur050-2.png\" alt=\"epur050 2\" class=\"wp-image-22619\" style=\"width:99px;height:auto\" srcset=\"https:\/\/obera.fr\/wp-content\/uploads\/2023\/05\/epur050-2.png 600w, https:\/\/obera.fr\/wp-content\/uploads\/2023\/05\/epur050-2-300x300.png 300w, https:\/\/obera.fr\/wp-content\/uploads\/2023\/05\/epur050-2-150x150.png 150w\" sizes=\"(max-width: 600px) 100vw, 600px\" \/><figcaption class=\"wp-element-caption\">ePUR050<\/figcaption><\/figure>\n<\/div>\n<\/div>\n<\/div>\n<\/div>\n\n<h2 class=\"wp-block-heading\">  12.30 &#8211; U\u017ekand\u017ei\u0173 pertrauka ir pokalbiai  <\/h2>\n\n<p>Kalbam\u0117s apie darb\u0105, \u0161eim\u0105. Taip pat kalbame apie saugum\u0105. Galb\u016bt tai skamba keistai, bet mums tai tapo pasidid\u017eiavimu. Dirbti \u0161variose, gerai \u012frengtose dirbtuv\u0117se taip pat rei\u0161kia <strong>gerbti savo amat\u0105 ir k\u016bn\u0105<\/strong>.     <\/p>\n\n<p>Ji taip pat traukia jaunus \u017emones. Turime du mokinius. Jie nori dirbti su moderniais \u012frankiais, geromis s\u0105lygomis. Jie atsisako dulk\u0117t\u0173 kito laikme\u010dio dirbtuvi\u0173. Ir teisingai daro.      <\/p>\n\n<h2 class=\"wp-block-heading\">  15 val. 00 min. &#8211; Gesto i\u0161saugojimas neaukojant sveikatos  <\/h2>\n\n<p>Vis dar yra sakan\u010di\u0173, kad <em>&#8222;anks\u010diau buvo geriau&#8221;.<\/em> Galb\u016bt taip ir yra. Ta\u010diau <strong>\u0161iandien yra saugiau<\/strong>. Ir tai nekei\u010dia gesto gro\u017eio. Mes ir toliau dro\u017eiame kaltu, rankomis, taip pat kruop\u0161\u010diai. I\u0161skyrus tai, kad lengviau kv\u0117puojame.     <\/p>\n\n<p>Nes galiausiai geras \u012frankis negali pakeisti meistro, bet gali j\u012f <strong>apsaugoti<\/strong>.  <\/p>\n\n<h2 class=\"wp-block-heading\">  18.00 &#8211; Dienos pabaiga, pasidid\u017eiavimas nepaliestas  <\/h2>\n\n<p>Pad\u0117jau \u012frankius \u012f \u0161al\u012f. \u017di\u016briu \u012f savo pagamint\u0105 k\u016brin\u012f. Tai ba\u017eny\u010dios, \u012ftrauktos \u012f kult\u016bros paveldo s\u0105ra\u0161\u0105, archyvas. Ant mano chalato yra dulki\u0173, bet plau\u010diuose j\u0173 ma\u017eiau. Ir tai visk\u0105 kei\u010dia.      <\/p>\n\n<h2 class=\"wp-block-heading\">  Aistra ir atsargumas gali egzistuoti kartu  <\/h2>\n\n<div class=\"wp-block-columns is-layout-flex wp-container-core-columns-is-layout-28f84493 wp-block-columns-is-layout-flex\">\n<div class=\"wp-block-column is-layout-flow wp-block-column-is-layout-flow\" style=\"flex-basis:66.66%\">\n<p>B\u016bti akmenta\u0161iu 2025 m. nerei\u0161kia atsisakyti tradicij\u0173. Tai rei\u0161kia j\u0105 praturtinti. Tai rei\u0161kia, kad reikia toliau perduoti prot\u0117vi\u0173 \u017einias ir kartu naudoti \u0161iuolaikinius sprendimus.    <\/p>\n\n\n\n<p><strong>&#8222;OberA&#8221;, <\/strong><strong>naudodama valymo \u012frenginius ir dulki\u0173 siurblius<\/strong>, padeda amatininkams kurti sveikesn\u0119 ir tvaresn\u0119 ateit\u012f.  <\/p>\n\n\n\n<p>Nes profesijos i\u0161saugojimas taip pat rei\u0161kia, kad reikia i\u0161saugoti tuos, kurie ja ver\u010diasi.<\/p>\n<\/div>\n\n\n\n<div class=\"wp-block-column is-layout-flow wp-block-column-is-layout-flow\" style=\"flex-basis:33.33%\">\n<figure class=\"wp-block-image aligncenter size-large is-resized\"><img decoding=\"async\" width=\"1024\" height=\"1024\" src=\"https:\/\/obera.fr\/wp-content\/uploads\/2025\/05\/securite-1024x1024.png\" alt=\"saugumas\" class=\"wp-image-121315\" style=\"width:132px;height:auto\" srcset=\"https:\/\/obera.fr\/wp-content\/uploads\/2025\/05\/securite-1024x1024.png 1024w, https:\/\/obera.fr\/wp-content\/uploads\/2025\/05\/securite-300x300.png 300w, https:\/\/obera.fr\/wp-content\/uploads\/2025\/05\/securite-150x150.png 150w, https:\/\/obera.fr\/wp-content\/uploads\/2025\/05\/securite-768x768.png 768w, https:\/\/obera.fr\/wp-content\/uploads\/2025\/05\/securite.png 1200w\" sizes=\"(max-width: 1024px) 100vw, 1024px\" \/><\/figure>\n<\/div>\n<\/div>\n","protected":false},"excerpt":{"rendered":"<p>Taip pirm\u0105j\u0105 dien\u0105 man pasak\u0117 treneris. Po de\u0161imties met\u0173 tai tapo mano mantra. B\u016bti akmenta\u0161iu 2025 m. vis dar yra aistros reikalas. Ta\u010diau \u0161iandien taip pat reikia imtis atsargumo priemoni\u0173.     <\/p>\n","protected":false},"author":13,"featured_media":124592,"comment_status":"open","ping_status":"closed","sticky":false,"template":"","format":"standard","meta":{"_acf_changed":false,"_seopress_robots_primary_cat":"none","_seopress_titles_title":"2025 m. akmenta\u0161iai: tarp aistros ir prevencijos","_seopress_titles_desc":"2025 m. b\u016bti akmenta\u0161iu rei\u0161kia derinti tradicijas ir saugum\u0105. \"OberA\" d\u0117ka meistrai gali lengviau kv\u0117puoti ir dirbti sveikose, moderniose dirbtuv\u0117se. ","_seopress_robots_index":"","footnotes":""},"categories":[135],"tags":[],"class_list":["post-123890","post","type-post","status-publish","format-standard","has-post-thumbnail","hentry","category-musu-patarimas","generate-columns","tablet-grid-50","mobile-grid-100","grid-parent","grid-50","no-featured-image-padding","resize-featured-image"],"acf":[],"_links":{"self":[{"href":"https:\/\/obera.fr\/lt\/wp-json\/wp\/v2\/posts\/123890","targetHints":{"allow":["GET"]}}],"collection":[{"href":"https:\/\/obera.fr\/lt\/wp-json\/wp\/v2\/posts"}],"about":[{"href":"https:\/\/obera.fr\/lt\/wp-json\/wp\/v2\/types\/post"}],"author":[{"embeddable":true,"href":"https:\/\/obera.fr\/lt\/wp-json\/wp\/v2\/users\/13"}],"replies":[{"embeddable":true,"href":"https:\/\/obera.fr\/lt\/wp-json\/wp\/v2\/comments?post=123890"}],"version-history":[{"count":2,"href":"https:\/\/obera.fr\/lt\/wp-json\/wp\/v2\/posts\/123890\/revisions"}],"predecessor-version":[{"id":124609,"href":"https:\/\/obera.fr\/lt\/wp-json\/wp\/v2\/posts\/123890\/revisions\/124609"}],"wp:featuredmedia":[{"embeddable":true,"href":"https:\/\/obera.fr\/lt\/wp-json\/wp\/v2\/media\/124592"}],"wp:attachment":[{"href":"https:\/\/obera.fr\/lt\/wp-json\/wp\/v2\/media?parent=123890"}],"wp:term":[{"taxonomy":"category","embeddable":true,"href":"https:\/\/obera.fr\/lt\/wp-json\/wp\/v2\/categories?post=123890"},{"taxonomy":"post_tag","embeddable":true,"href":"https:\/\/obera.fr\/lt\/wp-json\/wp\/v2\/tags?post=123890"}],"curies":[{"name":"wp","href":"https:\/\/api.w.org\/{rel}","templated":true}]}}