{"id":145765,"date":"2026-01-20T15:01:12","date_gmt":"2026-01-20T13:01:12","guid":{"rendered":"https:\/\/obera.fr\/nase-rada\/ar-prancuzai-ziema-savo-darbo-vietoje-kvepuoja-sveikai\/"},"modified":"2026-03-02T14:56:12","modified_gmt":"2026-03-02T12:56:12","slug":"ar-prancuzai-ziema-savo-darbo-vietoje-kvepuoja-sveikai","status":"publish","type":"post","link":"https:\/\/obera.fr\/lt\/spauda\/ar-prancuzai-ziema-savo-darbo-vietoje-kvepuoja-sveikai\/","title":{"rendered":"Ar pranc\u016bzai \u017eiem\u0105 savo darbo vietoje kv\u0117puoja sveikai?"},"content":{"rendered":"\n<p>OberA pristato <strong>naujos apklausos*, atliktos tarp 4 102 \u017emoni\u0173, rezultatus<\/strong>, kurie atskleid\u017eia i\u0161liekant\u012f neatitikim\u0105 tarp \u0161iluminio komforto ir oro kokyb\u0117s darbe: d\u0117l idealios temperat\u016bros smarkiai nesutariama, \u017eiem\u0105 v\u0117dinama retai, n\u0117ra oro valymo \u012frengini\u0173, dr\u0117gm\u0117 menkai kontroliuojama ir dvejojama d\u0117l tinkam\u0173 veiksm\u0173 virus\u0173 akivaizdoje. Tyrimas taip pat pabr\u0117\u017eia didelius l\u016bkes\u010dius darbdaviams: didel\u0117 dauguma pra\u0161o konkre\u010di\u0173 veiksm\u0173, kad \u012fmon\u0117se ir vie\u0161ose vietose patalp\u0173 oras b\u016bt\u0173 sveikesnis. <\/p>\n\n<figure class=\"wp-block-image aligncenter size-full\"><img decoding=\"async\" width=\"315\" height=\"210\" src=\"https:\/\/obera.fr\/wp-content\/uploads\/2026\/02\/sondage-obera-image.png\" alt=\"obera apklausos vaizdas\" class=\"wp-image-143875\" srcset=\"https:\/\/obera.fr\/wp-content\/uploads\/2026\/02\/sondage-obera-image.png 315w, https:\/\/obera.fr\/wp-content\/uploads\/2026\/02\/sondage-obera-image-300x200.png 300w\" sizes=\"(max-width: 315px) 100vw, 315px\" \/><\/figure>\n\n<h2 class=\"wp-block-heading\">Darbo vietose prastai reguliuojama temperat\u016bra? <\/h2>\n\n<p>Darbo vietoje b\u016bti per \u0161alta ar per kar\u0161ta gali tapti tikra problema. Ta\u010diau \u0161iuo klausimu ne visi vienodai supranta, kokia yra ideali temperat\u016bra.  <\/p>\n\n<p>Pasak INRS, \u0161iluminio komforto orientyrai yra 21\u201323 \u00b0C, ta\u010diau \u0161\u012f interval\u0105 renkasi tik 41 %. <\/p>\n\n<p>Kai kurie teikia pirmenyb\u0119 taupesniems nustatymams \u2013 19 \u00b0C ar ma\u017eiau (21 %), t. y. lygiui, artimam vie\u0161ojoje komunikacijoje primenamoms energijos taupymo rekomendacijoms.<\/p>\n\n<h3 class=\"wp-block-heading\">Koki\u0105 temperat\u016br\u0105 \u017eiem\u0105 m\u0117gstate tur\u0117ti savo darbo vietoje?<\/h3>\n\n<figure class=\"wp-block-table\"><table class=\"has-fixed-layout\"><tbody><tr><td><strong>Atsakymai <\/strong><\/td><td><strong>Procentai<\/strong><\/td><\/tr><tr><td>17 \u00b0C <\/td><td>2 %<\/td><\/tr><tr><td>18 \u00b0C <\/td><td>11 %<\/td><\/tr><tr><td>19 \u00b0C <\/td><td>19 %<\/td><\/tr><tr><td>20 \u00b0C <\/td><td>21 %<\/td><\/tr><tr><td>21 \u00b0C <\/td><td>18 %<\/td><\/tr><tr><td>22 \u00b0C <\/td><td>12 %<\/td><\/tr><tr><td>23 \u00b0C <\/td><td>11 %<\/td><\/tr><tr><td>Daugiau nei 24 \u00b0C <\/td><td>5 %<\/td><\/tr><tr><td>Ne\u017einau <\/td><td>1 %<\/td><\/tr><\/tbody><\/table><\/figure>\n\n<h3 class=\"wp-block-heading\">Pranc\u016bzai labiau renkasi \u0161ilum\u0105 nei atnaujinam\u0105 or\u0105<\/h3>\n\n<p>Jei reikia rinktis, beveik kas antras pranc\u016bzas ver\u010diau nori, kad b\u016bt\u0173 \u0161ilta, net jei oras menkai atnaujinamas (48 %), palyginti su 41 %, kurie teikia pirmenyb\u0119 reguliariai atnaujinamam orui, net jei tenka pak\u0119sti v\u0117sesn\u0119 aplink\u0105. Galiausiai 11 % teigia negalintys apsispr\u0119sti \u2013 tai rodo, kad pasirinkimas priklauso nuo situacijos (oras, jautrumas \u0161al\u010diui, patalp\u0173 tipas). \u0160ie rezultatai patvirtina \u0161iluminio komforto svarb\u0105 suvokiant sveik\u0105 aplink\u0105, nors vie\u0161osios rekomendacijos pabr\u0117\u017eia kasdienio v\u0117dinimo svarb\u0105, \u012fskaitant \u017eiem\u0105.   <\/p>\n\n<h3 class=\"wp-block-heading\">Jei reik\u0117t\u0173 rinktis, k\u0105 pasirinktum\u0117te:<\/h3>\n\n<figure class=\"wp-block-table\"><table class=\"has-fixed-layout\"><tbody><tr><td><strong>Atsakymai <\/strong><\/td><td><strong>Procentai<\/strong><\/td><\/tr><tr><td><strong>Kad b\u016bt\u0173 \u0161ilta, net jei oras menkai atnaujinamas <\/strong><\/td><td><strong>48 %<\/strong><\/td><\/tr><tr><td>Kad b\u016bt\u0173 \u0161iek tiek v\u0117siau, bet oras reguliariai atnaujinamas <\/td><td>41 %<\/td><\/tr><tr><td>Ne\u017einau \/ priklauso <\/td><td>11 %<\/td><\/tr><\/tbody><\/table><\/figure>\n\n<h2 class=\"wp-block-heading\">Pranc\u016bzai r\u016bpinasi dr\u0117gme\u2026 bet realios kontrol\u0117s n\u0117ra <\/h2>\n\n<p>Oro dr\u0117gm\u0117 darbe yra labai pla\u010diai paplit\u0119s r\u016bpestis: ja r\u016bpinasi 90 % apklaust\u0173j\u0173, ta\u010diau tik 8 % nurodo, kad ji i\u0161 ties\u0173 matuojama, siekiant su\u017einoti jos lyg\u012f. Prie\u0161ingai, 82 % teigia neturintys ai\u0161kios steb\u0117senos (31 % ne\u017eino, ar apskritai atliekami matavimai, o 51 % tvirtina, kad niekas jos nematuoja), o tai sutampa su nacionalini\u0173 QAI tyrim\u0173 i\u0161vadomis, rodan\u010diomis didel\u012f \u012fmon\u0117se taikom\u0173 priemoni\u0173 ir j\u0173 valdymo ne\u017einojim\u0105.  <\/p>\n\n<p>Ta\u010diau santykin\u0117 dr\u0117gm\u0117 yra pripa\u017eintas komforto ir sveikatos parametras, o rekomendacijos da\u017enai nurodo apie 40\u201360 %, kad b\u016bt\u0173 suma\u017eintas diskomfortas ir disbalansas.<\/p>\n\n<h3 class=\"wp-block-heading\">Ar jums r\u016bpi oro dr\u0117gm\u0117 j\u016bs\u0173 darbo vietoje?<\/h3>\n\n<figure class=\"wp-block-table\"><table class=\"has-fixed-layout\"><tbody><tr><td><strong>Atsakymai <\/strong><\/td><td><strong>Procentai<\/strong><\/td><\/tr><tr><td>Taip, ji matuojama, kad b\u016bt\u0173 \u017einomas jos lygis <\/td><td>8 %<\/td><\/tr><tr><td>Taip, bet ne\u017einau, ar ji matuojama <\/td><td>31 %<\/td><\/tr><tr><td>Taip, bet niekas jos nematuoja <\/td><td>51 %<\/td><\/tr><tr><td>Ne, man tai ner\u016bpi <\/td><td>10 %<\/td><\/tr><\/tbody><\/table><\/figure>\n\n<h3 class=\"wp-block-heading\">Koks sprendimas nuo koleg\u0173 mikrob\u0173? <\/h3>\n\n<p>\u017diem\u0105 ore yra mikrob\u0173. Ta\u010diau atsakymai rodo didel\u012f neapsisprendim\u0105 d\u0117l tinkam\u0173 veiksm\u0173, kad b\u016bt\u0173 i\u0161vengta u\u017esikr\u0117tim\u0173. Taigi tik santykin\u0117 ma\u017euma \u2013 31 % \u2013 renkasi i\u0161samiausi\u0105 strategij\u0105: trumpas v\u0117dinimas + oro valytuvas. Kiti 50 % pasidalija tarp vieno veiksmo (langas nepaisant \u0161al\u010dio\/tar\u0161os \u2013 21 % arba tik oro valytuvas \u2013 29 %), o 19 % teigia ne\u017einantys, kaip elgtis (11 %) arba nedarantys nieko (8 %).    <\/p>\n\n<p>Vis d\u0117lto rekomendacijos gana ai\u0161kios ir skatina v\u0117dinim\u0105 bei ventiliacij\u0105 net \u017eiem\u0105, kelis kartus atveriant langus kelioms minut\u0117ms. \u0160vie\u017eio oro patekimas ma\u017eina aerozoli\u0173 kaupim\u0105si.  <\/p>\n\n<p>HEPA filtravimas taip pat naudingas kaip papildoma priemon\u0117. <\/p>\n\n<h3 class=\"wp-block-heading\">J\u016bs\u0173 nuomone, siekiant suma\u017einti rizik\u0105, susijusi\u0105 su ore esan\u010diais kv\u0117pavimo tak\u0173 mikrobais (aerozoliais), geriausias sprendimas yra:<\/h3>\n\n<figure class=\"wp-block-table\"><table class=\"has-fixed-layout\"><tbody><tr><td><strong>Atsakymai <\/strong><\/td><td><strong>Procentai<\/strong><\/td><\/tr><tr><td>Atidaryti lang\u0105, net jei lauko oras labai \u0161altas ir galb\u016bt u\u017eter\u0161tas <\/td><td>21 %<\/td><\/tr><tr><td>Naudoti oro valytuv\u0105 (HEPA tipo, su aktyvintos anglies filtru, prisotinimo, regeneruojam\u0105) <\/td><td>29 %<\/td><\/tr><tr><td>Reguliariai trumpai v\u0117dinti ir naudoti oro valytuv\u0105 <\/td><td>31 %<\/td><\/tr><tr><td>Nedaryti nieko <\/td><td>8 %<\/td><\/tr><tr><td>Ne\u017einau <\/td><td>11 %<\/td><\/tr><\/tbody><\/table><\/figure>\n\n<h2 class=\"wp-block-heading\">Stop u\u017edarytiems langams! <\/h2>\n\n<p>V\u0117dinimas darbe akivaizd\u017eiai nepakankamas ir prastai valdomas: tik 22 % teigia atidarantys langus bent kart\u0105 per dien\u0105 (7 % kelis kartus, 15 % kart\u0105), o 54 % tai daro re\u010diau (21 % kelis kartus per savait\u0119, 14 % retai, 19 % niekada). Svarbiausia, 24 % atsako ne\u017einantys arba neturintys lang\u0173 \u2013 tai rodo orientyr\u0173 stok\u0105 ir sunkumus taikant tinkamus veiksmus.  <\/p>\n\n<h3 class=\"wp-block-heading\">Kaip da\u017enai \u017eiem\u0105 j\u016bs\u0173 darbo erdv\u0117je atidaromi langai?<\/h3>\n\n<figure class=\"wp-block-table\"><table class=\"has-fixed-layout\"><tbody><tr><td><strong>Atsakymai <\/strong><\/td><td><strong>Procentai<\/strong><\/td><\/tr><tr><td>Kelis kartus per dien\u0105 <\/td><td>7 %<\/td><\/tr><tr><td>1 kart\u0105 per dien\u0105 <\/td><td>15 %<\/td><\/tr><tr><td>Keliskart per savait\u0119 <\/td><td>21 %<\/td><\/tr><tr><td>Retai <\/td><td>14 %<\/td><\/tr><tr><td>Niekada <\/td><td>19 %<\/td><\/tr><tr><td>Ne\u017einau \/ n\u0117ra lang\u0173 <\/td><td>24 %<\/td><\/tr><\/tbody><\/table><\/figure>\n\n<h2 class=\"wp-block-heading\">Prastas oras darbe? <\/h2>\n\n<p>Kas niekada n\u0117ra pajut\u0119s tvankaus oro savo darbo vietoje? <\/p>\n\n<p>Tai pastebi 78 % pranc\u016bz\u0173 (31 % da\u017enai ir 47 % kartais), o tik 17 % nieko nepastebi (14 % retai, 3 % niekada). <\/p>\n\n<p>Patalp\u0173 oro kokyb\u0117 (QAI) vis dar prastai valdoma ir menkai suprantama. I\u0161 ties\u0173, kai oras atrodo tvankus, daugelis ne\u017eino, kokius svertus pasitelkti (ventiliacij\u0105, trump\u0105 ir reguliar\u0173 v\u0117dinim\u0105, filtravim\u0105). Vis d\u0117lto CO\u2082 yra naudingas nepakankamai atnaujinamo oro rodiklis, o paprasti veiksmai (v\u0117dinimas\/ventiliacija) ma\u017eina ter\u0161al\u0173 ir aerozoli\u0173 kaupim\u0105si.   <\/p>\n\n<h3 class=\"wp-block-heading\">Ar esate kada nors pajut\u0119, kad \u017eiem\u0105 darbe oras yra tvankus?<\/h3>\n\n<figure class=\"wp-block-table\"><table class=\"has-fixed-layout\"><tbody><tr><td><strong>Atsakymai <\/strong><\/td><td><strong>Procentai<\/strong><\/td><\/tr><tr><td>Taip, da\u017enai <\/td><td>31 %<\/td><\/tr><tr><td><strong>Taip, kartais <\/strong><\/td><td><strong>47 %<\/strong><\/td><\/tr><tr><td>Ne, retai <\/td><td>14 %<\/td><\/tr><tr><td>Ne, niekada <\/td><td>3 %<\/td><\/tr><tr><td>Ne\u017einau <\/td><td>5 %<\/td><\/tr><\/tbody><\/table><\/figure>\n\n<h2 class=\"wp-block-heading\">Prastas valdymas ligos atveju <\/h2>\n\n<p>Kai kolega kos\u0117ja ar yra per\u0161al\u0119s, situacija pranc\u016bzams vis dar da\u017enai valdoma prastai. I\u0161 ties\u0173 43 % teigia ateinantys \u012f darb\u0105 sirgdami, o tik 25 % lieka namuose. 29 % atveju viskas priklauso nuo konteksto ir situacijos.   <\/p>\n\n<p>Pranc\u016bzijoje vis dar pernelyg gaji \u201ebuvimo darbe bet kokia kaina\u201c kult\u016bra, kaip pabr\u0117\u017eia Dares: daugiau nei viena i\u0161 keturi\u0173 nedarbingumo dien\u0173 (27 %) baigiasi buvimu darbe. Visuomen\u0117s sveikatos rekomendacijos ir sveikas protas primena, kad esant simptomams reikia riboti perdavim\u0105 (ypa\u010d d\u0117vint kauk\u0119 darbe, kai sergama) ir laikytis apsaugos priemoni\u0173.  <\/p>\n\n<p>\u0160ie rezultatai rodo, kad \u012fmon\u0117se reikalingos ai\u0161kios operacin\u0117s taisykl\u0117s (nuotolinis darbas, jei \u012fmanoma; gr\u012f\u017eimas \u012f biur\u0105 su kauke, jei yra simptom\u0173; sustiprintas v\u0117dinimas\/ventiliacija), kad prevencija nepriklausyt\u0173 nuo individualaus pasirinkimo. <\/p>\n\n<h3 class=\"wp-block-heading\">Kai kolega serga (kosulys\/per\u0161alimas), kas da\u017eniausiai nutinka?<\/h3>\n\n<figure class=\"wp-block-table\"><table class=\"has-fixed-layout\"><tbody><tr><td><strong>Atsakymai <\/strong><\/td><td><strong>Procentai<\/strong><\/td><\/tr><tr><td>Jis\/ji lieka namuose <\/td><td>25 %<\/td><\/tr><tr><td><strong>Jis\/ji vis tiek ateina (i\u0161 pareigos) <\/strong><\/td><td><strong>43 %<\/strong><\/td><\/tr><tr><td>Priklauso nuo komand\u0173 \/ laikotarpi\u0173 <\/td><td>29 %<\/td><\/tr><tr><td>Ne\u017einau <\/td><td>3 %<\/td><\/tr><\/tbody><\/table><\/figure>\n\n<h3 class=\"wp-block-heading\">K\u0105 i\u0161 ties\u0173 pranc\u016bzai daro susid\u016br\u0119 su sergan\u010diu kolega? <\/h3>\n\n<p>Po COVID kai kurie \u012fpro\u010diai \u012fsitvirtino kolektyviniuose \u012fpro\u010diuose. Taigi, susid\u016brus su sergan\u010diu kolega, da\u017eniausiai minimi veiksmai yra rank\u0173 higiena \/ dezinfekcija (53 %) ir atstumo laikymasis (41 %).  <\/p>\n\n<p>Ta\u010diau labiausiai strukt\u016bruojan\u010dios priemon\u0117s u\u017edarose patalpose taikomos gerokai re\u010diau, pavyzd\u017eiui, sustiprintas v\u0117dinimas (27 %) ir kauk\u0117s d\u0117v\u0117jimas (18 %). <\/p>\n\n<p>Labiausiai \u0161okiruoja tai, kad 37 % pranc\u016bz\u0173 taip pat mini neveikimo atsakymus (25 % nekei\u010dia savo elgesio arba 12 % nedaro visi\u0161kai nieko). <\/p>\n\n<p>\u0160is kolektyvini\u0173 \u012fpro\u010di\u0173 silpnumas atitinka visas nacionalines i\u0161vadas. I\u0161 ties\u0173, apsaugos priemon\u0117s ir kauk\u0117s naudojimas visuomen\u0117je akivaizd\u017eiai suma\u017e\u0117jo. \u0160ie duomenys rodo, kad \u012fmon\u0117se reikalingos paprastos taisykl\u0117s: kartotiniai trumpi v\u0117dinimai, galimyb\u0117 dalyvauti nuotoliu, kauk\u0117s prieinamumas, taisykl\u0117s esant simptomams ir, svarbiausia, <a href=\"https:\/\/obera.fr\/lt\/produits\/purificateurs-air\/\">oro valymo \u012frenginiai<\/a>.   <\/p>\n\n<h3 class=\"wp-block-heading\">Kai kolega serga (kosulys\/per\u0161alimas), k\u0105 da\u017eniausiai darote? (daugiausia 3 pasirinkimai) <\/h3>\n\n<figure class=\"wp-block-table\"><table class=\"has-fixed-layout\"><tbody><tr><td><strong>Atsakymai <\/strong><\/td><td><strong>Procentai<\/strong><\/td><\/tr><tr><td>Laikausi atstumo ir riboju bendravim\u0105 akis \u012f ak\u012f <\/td><td>41 %<\/td><\/tr><tr><td>D\u0117viu kauk\u0119 (bent susirinkimuose \/ b\u016bnant \u0161alia) <\/td><td>18 %<\/td><\/tr><tr><td>V\u0117dinu daugiau (atidarau lang\u0105, kai \u012fmanoma) <\/td><td>27 %<\/td><\/tr><tr><td>Da\u017eniau plaunu \/ dezinfekuoju rankas ir dezinfekuoju savo darbo viet\u0105 <\/td><td>53 %<\/td><\/tr><tr><td>Vengiu susitikim\u0173 gyvai \/ pra\u0161au vaizdo skambu\u010dio <\/td><td>18 %<\/td><\/tr><tr><td>Pra\u0161au kolegos gr\u012f\u017eti namo \/ dirbti nuotoliu (jei \u012fmanoma) <\/td><td>16 %<\/td><\/tr><tr><td>Pra\u0161au leisti man gr\u012f\u017eti namo dirbti nuotoliu (jei \u012fmanoma) <\/td><td>12 %<\/td><\/tr><tr><td>Prane\u0161u vadovui \/ personalo skyriui (jei situacija kelia problem\u0173) <\/td><td>6 %<\/td><\/tr><tr><td>Nieko nekei\u010diu \/ prisitaikau <\/td><td>25 %<\/td><\/tr><tr><td>Nedaro visi\u0161kai nieko <\/td><td>12 %<\/td><\/tr><tr><td>Kita <\/td><td>3 %<\/td><\/tr><\/tbody><\/table><\/figure>\n\n<h2 class=\"wp-block-heading\">8 i\u0161 10 pranc\u016bz\u0173 nori veiksm\u0173 i\u0161 \u012fmoni\u0173 ir vie\u0161\u0173j\u0173 viet\u0173 <\/h2>\n\n<p>Pranc\u016bzai i\u0161rei\u0161kia labai didelius l\u016bkes\u010dius \u012fmon\u0117ms ir vie\u0161osioms vietoms: 83 % mano, kad reikia daryti daugiau, kad b\u016bt\u0173 u\u017etikrinta pavyzdin\u0117 oro kokyb\u0117, i\u0161 j\u0173 56 % mano, kad \u201edar visk\u0105 reikia padaryti\u201c. \u0160is reiklumas kontrastuoja su vis dar nevienodomis praktikomis vietoje. <\/p>\n\n<p>Tai taip pat susij\u0119 su orientyr\u0173 stoka: dalis darbuotoj\u0173 ne\u017eino, kaip oro kokyb\u0117 matuojama ar valdoma, nors institucijos rekomenduoja paprastus ir veiksmingus veiksmus, tokius kaip reguliarus v\u0117dinimas ir rodikli\u0173 steb\u0117sena (pvz., CO\u2082 kai kuriose \u012fstaigose). <\/p>\n\n<p>Galiausiai 11 % manan\u010di\u0173, kad tai ne j\u0173 vaidmuo, ir 6 % neapsisprendusi\u0173 rodo, kad dar reikia \u0161vietimo apie patalp\u0173 oro poveik\u012f sveikatai ir apie pastat\u0173 valdytoj\u0173 kolektyvin\u0119 atsakomyb\u0119. <\/p>\n\n<h3 class=\"wp-block-heading\">Ar manote, kad \u012fmon\u0117s ir visos vie\u0161osios vietos tur\u0117t\u0173 d\u0117ti daugiau pastang\u0173, kad u\u017etikrint\u0173 pavyzdin\u0119 oro kokyb\u0119?<\/h3>\n\n<figure class=\"wp-block-table\"><table class=\"has-fixed-layout\"><tbody><tr><td><strong>Atsakymai <\/strong><\/td><td><strong>Procentai<\/strong><\/td><\/tr><tr><td><strong>Taip, absoliu\u010diai \u2013 dar visk\u0105 reikia padaryti <\/strong><\/td><td><strong>56 %<\/strong><\/td><\/tr><tr><td>Taip, bet jie jau daro daug dalyk\u0173 <\/td><td>27 %<\/td><\/tr><tr><td>Ne, tai ne j\u0173 vaidmuo <\/td><td>11 %<\/td><\/tr><tr><td>Ne\u017einau \/ neapsisprend\u0117 <\/td><td>6 %<\/td><\/tr><\/tbody><\/table><\/figure>\n\n<p><em>\u201e\u0160ios apklausos rezultatai rodo pavojing\u0105 \u012fprot\u012f: da\u017enai pirmenyb\u0119 teikiame \u0161ilumai, aukodami sveik\u0105 or\u0105. Ta\u010diau \u017eiem\u0105 ne visada turime \u012fprot\u012f atidaryti langus tiek, kiek reik\u0117t\u0173. Tod\u0117l oro valymo sistemos tampa b\u016btinos: jos veiksmingai papildo v\u0117dinim\u0105 ir leid\u017eia ilgalaikiai suma\u017einti daleli\u0173 ir aerozoli\u0173 kiek\u012f darbo erdv\u0117se, neaukojant komforto. Nuolat susiduriame su \u012fmon\u0117mis, kurios ne\u012fvertina b\u016btinyb\u0117s gerinti ir valdyti savo darbuotoj\u0173 oro kokyb\u0119. Vis d\u0117lto toks s\u0105moningumas yra gyvybi\u0161kai svarbus\u201c. <\/em><\/p>\n\n<h2 class=\"wp-block-heading\">Apklausos metodologija<\/h2>\n\n<p>Apklausa atlikta su reprezentatyvia 4 102 asmen\u0173, gyvenan\u010di\u0173 Pranc\u016bzijoje, 18 met\u0173 ir vyresni\u0173, imtimi. Apklausa internetu atlikta 2026 m. saus\u012f, naudojant BuzzPress respondent\u0173 panel\u0119 (27 700 asmen\u0173 Pranc\u016bzijoje apklausti elektroniniu b\u016bdu el. pa\u0161tu ir socialiniuose tinkluose \u201eFacebook\u201c ir \u201eLinkedIn\u201c). Respondent\u0173 nurodyt\u0173 \u012fmoni\u0173 profiliai pagal j\u0173 darbo viet\u0105:   <\/p>\n\n<ul class=\"wp-block-list\">\n<li>Pramon\u0117 \/ gamyba: 16 % <\/li>\n\n\n\n<li>Paslaugos gyventojams (sveikata, socialin\u0117 sritis, pagalba namuose, prekyba, maitinimas\u2026): 27 % <\/li>\n\n\n\n<li>Paslaugos \u012fmon\u0117ms (konsultavimas, IT, finansai, komunikacija\u2026): 24 % <\/li>\n\n\n\n<li>Vie\u0161asis \/ pusiau vie\u0161asis sektorius (administracija, \u0161vietimas, ligonin\u0117s\u2026): 18 % <\/li>\n\n\n\n<li>Statyba \/ BTP: 8 % <\/li>\n\n\n\n<li>Transportas \/ logistika: 6 % <\/li>\n\n\n\n<li>Kita \/ neapsisprend\u0117: 1 % <\/li>\n<\/ul>\n\n<p>Atsakymai suvesti ir pasverti pagal i\u0161 anksto nustatytas kvotas, siekiant u\u017etikrinti imties reprezentatyvum\u0105 ir gauti tikslin\u0117s populiacijos reprezentatyvum\u0105. Visi svoriai paremti administraciniais duomenimis ir INSEE surinktais duomenimis. <\/p>\n\n<h2 class=\"wp-block-heading has-text-align-center\">Jie kalb\u0117jo apie mus!<\/h2>\n\n<div class=\"wp-block-columns are-vertically-aligned-center is-layout-flex wp-container-core-columns-is-layout-28f84493 wp-block-columns-is-layout-flex\">\n<div class=\"wp-block-column is-vertically-aligned-center is-layout-flow wp-block-column-is-layout-flow\">\n<figure class=\"wp-block-image aligncenter size-large\"><img decoding=\"async\" width=\"1024\" height=\"538\" src=\"https:\/\/obera.fr\/wp-content\/uploads\/2026\/02\/logo_de_doctissimo-1024x538.jpg\" alt=\"doctissimo logotipas\" class=\"wp-image-143878\" srcset=\"https:\/\/obera.fr\/wp-content\/uploads\/2026\/02\/logo_de_doctissimo-1024x538.jpg 1024w, https:\/\/obera.fr\/wp-content\/uploads\/2026\/02\/logo_de_doctissimo-300x158.jpg 300w, https:\/\/obera.fr\/wp-content\/uploads\/2026\/02\/logo_de_doctissimo-768x403.jpg 768w, https:\/\/obera.fr\/wp-content\/uploads\/2026\/02\/logo_de_doctissimo.jpg 1200w\" sizes=\"(max-width: 1024px) 100vw, 1024px\" \/><figcaption class=\"wp-element-caption\"><a href=\"https:\/\/www.doctissimo.fr\/famille\/travail\/sante-et-travail\/43-des-francais-vont-travailler-malades-et-les-virus-sinvitent-en-salle-de-reunion-603072.htm\" data-type=\"link\" data-id=\"https:\/\/www.doctissimo.fr\/famille\/travail\/sante-et-travail\/43-des-francais-vont-travailler-malades-et-les-virus-sinvitent-en-salle-de-reunion-603072.htm\" target=\"_blank\" rel=\"noreferrer noopener nofollow\">\u017di\u016br\u0117ti straipsn\u012f<\/a><\/figcaption><\/figure>\n<\/div>\n\n\n\n<div class=\"wp-block-column is-vertically-aligned-center is-layout-flow wp-block-column-is-layout-flow\">\n<figure class=\"wp-block-image aligncenter size-large\"><img decoding=\"async\" width=\"1024\" height=\"1024\" src=\"https:\/\/obera.fr\/wp-content\/uploads\/2026\/02\/bfm_tv_logo-1024x1024.png\" alt=\"BFM TV logotipas\" class=\"wp-image-143879\" srcset=\"https:\/\/obera.fr\/wp-content\/uploads\/2026\/02\/bfm_tv_logo-1024x1024.png 1024w, https:\/\/obera.fr\/wp-content\/uploads\/2026\/02\/bfm_tv_logo-300x300.png 300w, https:\/\/obera.fr\/wp-content\/uploads\/2026\/02\/bfm_tv_logo-150x150.png 150w, https:\/\/obera.fr\/wp-content\/uploads\/2026\/02\/bfm_tv_logo-768x768.png 768w, https:\/\/obera.fr\/wp-content\/uploads\/2026\/02\/bfm_tv_logo.png 1200w\" sizes=\"(max-width: 1024px) 100vw, 1024px\" \/><figcaption class=\"wp-element-caption\"><a href=\"https:\/\/www.bfmtv.com\/sante\/video-selon-une-etude-43-des-francais-vont-travailler-en-etant-malades_VN-202601270111.html\" target=\"_blank\" rel=\"noreferrer noopener nofollow\">\u017di\u016br\u0117ti straipsn\u012f<\/a><\/figcaption><\/figure>\n<\/div>\n\n\n\n<div class=\"wp-block-column is-vertically-aligned-center is-layout-flow wp-block-column-is-layout-flow\">\n<figure class=\"wp-block-image aligncenter size-full\"><img decoding=\"async\" width=\"640\" height=\"360\" src=\"https:\/\/obera.fr\/wp-content\/uploads\/2026\/02\/laprovence-logo-media.jpg\" alt=\"laprovence &#x17E;iniasklaidos logotipas\" class=\"wp-image-143880\" srcset=\"https:\/\/obera.fr\/wp-content\/uploads\/2026\/02\/laprovence-logo-media.jpg 640w, https:\/\/obera.fr\/wp-content\/uploads\/2026\/02\/laprovence-logo-media-300x169.jpg 300w\" sizes=\"(max-width: 640px) 100vw, 640px\" \/><figcaption class=\"wp-element-caption\"><a href=\"https:\/\/www.laprovence.com\/article\/societe\/40354383352299\/peur-detre-mal-vu-a-leuro-pres-sans-teletravail-43-des-francais-vont-travailler-en-etant-malades\" data-type=\"link\" data-id=\"https:\/\/www.laprovence.com\/article\/societe\/40354383352299\/peur-detre-mal-vu-a-leuro-pres-sans-teletravail-43-des-francais-vont-travailler-en-etant-malades\" target=\"_blank\" rel=\"noreferrer noopener nofollow\">\u017di\u016br\u0117ti straipsn\u012f<\/a><\/figcaption><\/figure>\n<\/div>\n\n\n\n<div class=\"wp-block-column is-vertically-aligned-center is-layout-flow wp-block-column-is-layout-flow\">\n<figure class=\"wp-block-image aligncenter size-full\"><img decoding=\"async\" width=\"512\" height=\"512\" src=\"https:\/\/obera.fr\/wp-content\/uploads\/2026\/02\/corsematin-logo.png\" alt=\"corsematin logotipas\" class=\"wp-image-143881\" srcset=\"https:\/\/obera.fr\/wp-content\/uploads\/2026\/02\/corsematin-logo.png 512w, https:\/\/obera.fr\/wp-content\/uploads\/2026\/02\/corsematin-logo-300x300.png 300w, https:\/\/obera.fr\/wp-content\/uploads\/2026\/02\/corsematin-logo-150x150.png 150w\" sizes=\"(max-width: 512px) 100vw, 512px\" \/><\/figure>\n<\/div>\n\n\n\n<div class=\"wp-block-column is-vertically-aligned-center is-layout-flow wp-block-column-is-layout-flow\">\n<figure class=\"wp-block-image aligncenter size-full\"><img decoding=\"async\" width=\"500\" height=\"500\" src=\"https:\/\/obera.fr\/wp-content\/uploads\/2026\/02\/demotivteur-logo.jpg\" alt=\"demotivteur logotipas\" class=\"wp-image-143882\" srcset=\"https:\/\/obera.fr\/wp-content\/uploads\/2026\/02\/demotivteur-logo.jpg 500w, https:\/\/obera.fr\/wp-content\/uploads\/2026\/02\/demotivteur-logo-300x300.jpg 300w, https:\/\/obera.fr\/wp-content\/uploads\/2026\/02\/demotivteur-logo-150x150.jpg 150w\" sizes=\"(max-width: 500px) 100vw, 500px\" \/><figcaption class=\"wp-element-caption\"><a href=\"https:\/\/www.demotivateur.fr\/lifestyle\/43-des-francais-vont-travailler-en-etant-malades-selon-une-enquete-47039\" data-type=\"link\" data-id=\"https:\/\/www.demotivateur.fr\/lifestyle\/43-des-francais-vont-travailler-en-etant-malades-selon-une-enquete-47039\" target=\"_blank\" rel=\"noreferrer noopener nofollow\">\u017di\u016br\u0117ti straipsn\u012f<\/a><\/figcaption><\/figure>\n<\/div>\n<\/div>\n\n<div class=\"wp-block-columns are-vertically-aligned-center is-layout-flex wp-container-core-columns-is-layout-28f84493 wp-block-columns-is-layout-flex\">\n<div class=\"wp-block-column is-vertically-aligned-center is-layout-flow wp-block-column-is-layout-flow\">\n<figure class=\"wp-block-image aligncenter size-full\"><img decoding=\"async\" width=\"1024\" height=\"443\" src=\"https:\/\/obera.fr\/wp-content\/uploads\/2026\/02\/logo-msn.png\" alt=\"MSN logotipas\" class=\"wp-image-143883\" srcset=\"https:\/\/obera.fr\/wp-content\/uploads\/2026\/02\/logo-msn.png 1024w, https:\/\/obera.fr\/wp-content\/uploads\/2026\/02\/logo-msn-300x130.png 300w, https:\/\/obera.fr\/wp-content\/uploads\/2026\/02\/logo-msn-768x332.png 768w\" sizes=\"(max-width: 1024px) 100vw, 1024px\" \/><figcaption class=\"wp-element-caption\"><a href=\"https:\/\/www.msn.com\/fr-ch\/actualite\/other\/pr%C3%A8s-d-un-salari%C3%A9-sur-deux-va-travailler-malgr%C3%A9-des-signes-de-maladie\/ar-AA1V3q6q\" data-type=\"link\" data-id=\"https:\/\/www.doctissimo.fr\/famille\/travail\/sante-et-travail\/43-des-francais-vont-travailler-malades-et-les-virus-sinvitent-en-salle-de-reunion-603072.htm\" target=\"_blank\" rel=\"noreferrer noopener nofollow\">\u017di\u016br\u0117ti straipsn\u012f<\/a><\/figcaption><\/figure>\n<\/div>\n\n\n\n<div class=\"wp-block-column is-vertically-aligned-center is-layout-flow wp-block-column-is-layout-flow\">\n<figure class=\"wp-block-image aligncenter size-large\"><img decoding=\"async\" width=\"1024\" height=\"349\" src=\"https:\/\/obera.fr\/wp-content\/uploads\/2026\/02\/logo-orange-1024x349.jpg\" alt=\"Orange logotipas\" class=\"wp-image-143884\" srcset=\"https:\/\/obera.fr\/wp-content\/uploads\/2026\/02\/logo-orange-1024x349.jpg 1024w, https:\/\/obera.fr\/wp-content\/uploads\/2026\/02\/logo-orange-300x102.jpg 300w, https:\/\/obera.fr\/wp-content\/uploads\/2026\/02\/logo-orange-768x262.jpg 768w, https:\/\/obera.fr\/wp-content\/uploads\/2026\/02\/logo-orange-1536x523.jpg 1536w, https:\/\/obera.fr\/wp-content\/uploads\/2026\/02\/logo-orange.jpg 1659w\" sizes=\"(max-width: 1024px) 100vw, 1024px\" \/><figcaption class=\"wp-element-caption\"><a href=\"https:\/\/actu.orange.fr\/videos\/france\/selon-une-etude-43-des-francais-vont-travailler-en-etant-malades-CNT000002mZ3oz.html\" target=\"_blank\" rel=\"noreferrer noopener nofollow\">\u017di\u016br\u0117ti straipsn\u012f<\/a><\/figcaption><\/figure>\n<\/div>\n\n\n\n<div class=\"wp-block-column is-vertically-aligned-center is-layout-flow wp-block-column-is-layout-flow\">\n<figure class=\"wp-block-image aligncenter size-full\"><img decoding=\"async\" width=\"259\" height=\"195\" src=\"https:\/\/obera.fr\/wp-content\/uploads\/2026\/02\/logo-maxiflash.png\" alt=\"MaxiFlash logotipas\" class=\"wp-image-143885\"\/><figcaption class=\"wp-element-caption\"><a href=\"https:\/\/haguenau.maxi-flash.com\/etude-les-francais-travaillent-meme-malades\/\" data-type=\"link\" data-id=\"https:\/\/www.laprovence.com\/article\/societe\/40354383352299\/peur-detre-mal-vu-a-leuro-pres-sans-teletravail-43-des-francais-vont-travailler-en-etant-malades\" target=\"_blank\" rel=\"noreferrer noopener nofollow\">\u017di\u016br\u0117ti straipsn\u012f<\/a><\/figcaption><\/figure>\n<\/div>\n\n\n\n<div class=\"wp-block-column is-vertically-aligned-center is-layout-flow wp-block-column-is-layout-flow\">\n<figure class=\"wp-block-image aligncenter size-full\"><img decoding=\"async\" width=\"368\" height=\"108\" src=\"https:\/\/obera.fr\/wp-content\/uploads\/2026\/02\/logo_echo_mardi.png\" alt=\"Echo Mardi logotipas\" class=\"wp-image-143886\" srcset=\"https:\/\/obera.fr\/wp-content\/uploads\/2026\/02\/logo_echo_mardi.png 368w, https:\/\/obera.fr\/wp-content\/uploads\/2026\/02\/logo_echo_mardi-300x88.png 300w\" sizes=\"(max-width: 368px) 100vw, 368px\" \/><figcaption class=\"wp-element-caption\"><a href=\"https:\/\/www.echodumardi.com\/actualite\/43-des-francais-declarent-aller-travailler-meme-en-etant-malades\/amp\/\" data-type=\"link\" data-id=\"https:\/\/www.echodumardi.com\/actualite\/43-des-francais-declarent-aller-travailler-meme-en-etant-malades\/amp\/\" target=\"_blank\" rel=\"noreferrer noopener nofollow\">\u017di\u016br\u0117ti straipsn\u012f<\/a><\/figcaption><\/figure>\n<\/div>\n\n\n\n<div class=\"wp-block-column is-vertically-aligned-center is-layout-flow wp-block-column-is-layout-flow\">\n<p class=\"has-text-align-center\">Ir dar daugiau&#8230;<\/p>\n<\/div>\n<\/div>\n","protected":false},"excerpt":{"rendered":"<p>OberA pristato naujos apklausos*, atliktos tarp 4 102 \u017emoni\u0173, rezultatus, kurie atskleid\u017eia i\u0161liekant\u012f neatitikim\u0105 tarp \u0161iluminio komforto ir oro kokyb\u0117s darbe: d\u0117l idealios temperat\u016bros smarkiai nesutariama, \u017eiem\u0105 v\u0117dinama retai, n\u0117ra oro valymo \u012frengini\u0173, dr\u0117gm\u0117 menkai kontroliuojama ir dvejojama d\u0117l tinkam\u0173 veiksm\u0173 virus\u0173 akivaizdoje. Tyrimas taip pat pabr\u0117\u017eia didelius l\u016bkes\u010dius darbdaviams: didel\u0117 dauguma pra\u0161o konkre\u010di\u0173 veiksm\u0173, kad \u012fmon\u0117se ir vie\u0161ose vietose patalp\u0173 oras b\u016bt\u0173 sveikesnis. Darbo vietose prastai reguliuojama temperat\u016bra? Darbo vietoje b\u016bti per \u0161alta ar per kar\u0161ta gali tapti tikra problema. Ta\u010diau \u0161iuo klausimu ne visi vienodai supranta, kokia yra ideali temperat\u016bra. Pasak INRS, \u0161iluminio komforto orientyrai yra 21\u201323 \u00b0C, &#8230; <\/p>\n<p class=\"read-more-container\"><a title=\"Ar pranc\u016bzai \u017eiem\u0105 savo darbo vietoje kv\u0117puoja sveikai?\" class=\"read-more button\" href=\"https:\/\/obera.fr\/lt\/spauda\/ar-prancuzai-ziema-savo-darbo-vietoje-kvepuoja-sveikai\/#more-145765\" aria-label=\"Read more about Ar pranc\u016bzai \u017eiem\u0105 savo darbo vietoje kv\u0117puoja sveikai?\">Lire la suite<\/a><\/p>\n","protected":false},"author":13,"featured_media":0,"comment_status":"open","ping_status":"closed","sticky":false,"template":"","format":"standard","meta":{"_acf_changed":false,"_seopress_robots_primary_cat":"none","_seopress_titles_title":"Tyrimas apie oro kokyb\u0119 darbe \u017eiem\u0105 \u2013 OberA","_seopress_titles_desc":"OberA pristato naujos apklausos, atliktos tarp 4 102 \u017emoni\u0173, rezultatus, kurie atskleid\u017eia neatitikim\u0105 tarp \u0161iluminio komforto ir oro kokyb\u0117s darbe","_seopress_robots_index":"","footnotes":""},"categories":[996],"tags":[136],"class_list":["post-145765","post","type-post","status-publish","format-standard","hentry","category-spauda","tag-entete-mazas","generate-columns","tablet-grid-50","mobile-grid-100","grid-parent","grid-50","no-featured-image-padding"],"acf":[],"_links":{"self":[{"href":"https:\/\/obera.fr\/lt\/wp-json\/wp\/v2\/posts\/145765","targetHints":{"allow":["GET"]}}],"collection":[{"href":"https:\/\/obera.fr\/lt\/wp-json\/wp\/v2\/posts"}],"about":[{"href":"https:\/\/obera.fr\/lt\/wp-json\/wp\/v2\/types\/post"}],"author":[{"embeddable":true,"href":"https:\/\/obera.fr\/lt\/wp-json\/wp\/v2\/users\/13"}],"replies":[{"embeddable":true,"href":"https:\/\/obera.fr\/lt\/wp-json\/wp\/v2\/comments?post=145765"}],"version-history":[{"count":2,"href":"https:\/\/obera.fr\/lt\/wp-json\/wp\/v2\/posts\/145765\/revisions"}],"predecessor-version":[{"id":145780,"href":"https:\/\/obera.fr\/lt\/wp-json\/wp\/v2\/posts\/145765\/revisions\/145780"}],"wp:attachment":[{"href":"https:\/\/obera.fr\/lt\/wp-json\/wp\/v2\/media?parent=145765"}],"wp:term":[{"taxonomy":"category","embeddable":true,"href":"https:\/\/obera.fr\/lt\/wp-json\/wp\/v2\/categories?post=145765"},{"taxonomy":"post_tag","embeddable":true,"href":"https:\/\/obera.fr\/lt\/wp-json\/wp\/v2\/tags?post=145765"}],"curies":[{"name":"wp","href":"https:\/\/api.w.org\/{rel}","templated":true}]}}