{"id":42439,"date":"2023-04-26T15:38:09","date_gmt":"2023-04-26T13:38:09","guid":{"rendered":"https:\/\/obera.fr\/non-classifiee\/nuo-2023-m-liepos-1-d-sumazintos-dulkiu-tlv\/"},"modified":"2025-04-25T09:48:49","modified_gmt":"2025-04-25T07:48:49","slug":"evolution-des-valeurs-limites-dexposition-des-poussieres","status":"publish","type":"post","link":"https:\/\/obera.fr\/lt\/conseils\/evolution-des-valeurs-limites-dexposition-des-poussieres\/","title":{"rendered":"Nuo 2023 m. liepos 1 d. suma\u017eintos dulki\u0173 TLV"},"content":{"rendered":"\n<p>2022 m. sausio 1 d. jau pakeistos <strong>dulki\u0173, kurios laikomos neturin\u010diomis specifinio poveikio<\/strong> <strong>, ELV <\/strong>. Ta\u010diau dabar jos bus dar kart\u0105 suma\u017eintos, siekiant geriau apsaugoti \u0161i\u0173 med\u017eiag\u0173 veikiam\u0173 darbuotoj\u0173 sveikat\u0105. Tod\u0117l nuo<strong> 2023 m. liepos 1 d.<\/strong> Pranc\u016bzijoje bus <strong>suma\u017eintos <\/strong>dulki\u0173, kurios laikomos neturin\u010diomis specifinio poveikio, <strong>profesinio poveikio ribin\u0117s vert\u0117s<\/strong> (PPRV).  <\/p>\n\n<p>Dulk\u0117s, kurios laikomos neturin\u010diomis specifinio poveikio, yra dulk\u0117s, kurios n\u0117ra klasifikuojamos kaip kancerogenin\u0117s, mutagenin\u0117s ar <a href=\"https:\/\/obera.fr\/lt\/musu-patarimas\/kas-yra-cmr-ir-kurie-produktai-yra-kancerogeniniai-mutageniniai-ir-toksiski-reprodukcijai\/\">toksi\u0161kos reprodukcijai (<strong>CMR<\/strong>)<\/a>. Ta\u010diau <strong>tai nerei\u0161kia, kad jos nekenkia<\/strong> darbuotoj\u0173 <strong>sveikatai<\/strong>. I\u0161 ties\u0173 dulk\u0117s, laikomos neturin\u010diomis specifinio poveikio, gali sukelti <strong>kv\u0117pavimo tak\u0173 dirginim\u0105<\/strong> ir<strong> sveikatos sutrikimus,<\/strong> pavyzd\u017eiui, <strong>plau\u010di\u0173 ligas<\/strong>.  <\/p>\n\n<div class=\"wp-block-buttons is-horizontal is-content-justification-center is-layout-flex wp-container-core-buttons-is-layout-03627597 wp-block-buttons-is-layout-flex\">\n<div class=\"wp-block-button has-custom-width wp-block-button__width-100\"><a class=\"wp-block-button__link wp-element-button\" href=\"https:\/\/obera.fr\/lt\/susisiekite-su-mumis\/\">Su\u017einokite daugiau<\/a><\/div>\n<\/div>\n\n<figure class=\"wp-block-image alignright size-full is-resized\"><img decoding=\"async\" width=\"500\" height=\"500\" src=\"https:\/\/obera.fr\/wp-content\/uploads\/2024\/09\/vlep.png\" alt=\"pusapskritim&#x12F; su skirtingomis spalvomis, nuo tamsiai &#x17E;alios iki raudonos, ir adata, nukreipta &#x12F; vien&#x105; spalv&#x105;.\" class=\"wp-image-33979\" style=\"width:301px;height:auto\" srcset=\"https:\/\/obera.fr\/wp-content\/uploads\/2024\/09\/vlep.png 500w, https:\/\/obera.fr\/wp-content\/uploads\/2024\/09\/vlep-300x300.png 300w, https:\/\/obera.fr\/wp-content\/uploads\/2024\/09\/vlep-150x150.png 150w, https:\/\/obera.fr\/wp-content\/uploads\/2024\/09\/vlep-24x24.png 24w, https:\/\/obera.fr\/wp-content\/uploads\/2024\/09\/vlep-48x48.png 48w, https:\/\/obera.fr\/wp-content\/uploads\/2024\/09\/vlep-96x96.png 96w\" sizes=\"(max-width: 500px) 100vw, 500px\" \/><\/figure>\n\n<h2 class=\"wp-block-heading\">Kas yra VLEP?<\/h2>\n\n<p>OELV &#8211; tai <a href=\"https:\/\/obera.fr\/lt\/musu-patarimas\/kas-yra-profesinio-poveikio-ribine-verte-arba-oel\/\">profesinio poveikio ribin\u0117<\/a> vert\u0117, kuri apibr\u0117\u017eia did\u017eiausi\u0105 leistin\u0105 med\u017eiagos koncentracij\u0105 darbuotojo kv\u0117puojamame ore per tam tikr\u0105 laikotarp\u012f. OEL naudojamos siekiant apsaugoti <strong>darbuotoj\u0173 sveikat\u0105<\/strong> nuo \u017ealingo tam tikr\u0173 med\u017eiag\u0173 poveikio. <\/p>\n\n<p>Yra dviej\u0173 tip\u0173 profesinio poveikio ribin\u0117s vert\u0117s (PPRV):  <\/p>\n\n<h3 class=\"wp-block-heading\">Trumpalaikis VLEP<\/h3>\n\n<p>Trumpalaik\u0117 OELV &#8211; tai ribin\u0117 vert\u0117, kuria nustatomas <strong>did\u017eiausias chemin\u0117s med\u017eiagos kiekis, kur\u012f<\/strong> darbuotojas gali patirti per trump\u0105 laik\u0105, paprastai per 15 minu\u010di\u0173. \u0160i ribin\u0117 vert\u0117 naudojama siekiant apsaugoti darbuotojus nuo tiesioginio chemin\u0117s med\u017eiagos poveikio, pavyzd\u017eiui, <strong>dirginimo ar alergini\u0173 reakcij\u0173<\/strong>. <\/p>\n\n<h3 class=\"wp-block-heading\">Ilgalaikis VLEP<\/h3>\n\n<p>Kita vertus, ilgalaik\u0117 <strong>OELV<\/strong> yra ribin\u0117 vert\u0117, kuria nustatomas <strong>did\u017eiausias med\u017eiagos kiekis, kur\u012f<\/strong> darbuotojas gali patirti per ilgesn\u012f laikotarp\u012f, paprastai 8 valandas per dien\u0105 ir 40 valand\u0173 per savait\u0119. \u0160i ribin\u0117 vert\u0117 naudojama siekiant <strong>apsaugoti darbuotojus nuo ilgalaikio <\/strong>med\u017eiagos poveikio <strong>, <\/strong>pavyzd\u017eiui, kv\u0117pavimo tak\u0173 lig\u0173 ar v\u0117\u017eio. <\/p>\n\n<p>VLEP nustato visuomen\u0117s sveikatos institucijos, siekdamos apsaugoti darbuotoj\u0173 sveikat\u0105 nuo<strong> \u017ealingo tam tikr\u0173 med\u017eiag\u0173 poveikio<\/strong>. Svarbu, kad darbdaviai \u017einot\u0173 apie <a href=\"https:\/\/obera.fr\/lt\/musu-patarimas\/kokia-yra-vlep-nesilaikymo-rizika\/\">j\u0173 veiklai taikomas VLEP<\/a> ir imt\u0173si b\u016btin\u0173 prevencini\u0173 priemoni\u0173 <strong>darbuotoj\u0173 sveikatai ir saugai<\/strong> u\u017etikrinti. <\/p>\n\n<h2 class=\"wp-block-heading\">K\u0105 tai rei\u0161kia?<\/h2>\n\n<p>Atitinkamos \u012fmon\u0117s <strong>iki 2023 m. liepos 1 d.<\/strong> tur\u0117s imtis reikiam\u0173 priemoni\u0173, kad u\u017etikrint\u0173 darbuotoj\u0173 apsaug\u0105 nuo kenksmingo \u0161i\u0173 dulki\u0173 poveikio. Tai gali apimti prevencini\u0173 priemoni\u0173 \u012fgyvendinim\u0105, pavyzd\u017eiui, v\u0117dinim\u0105,<strong>i\u0161traukim\u0105 i\u0161 \u0161altinio<\/strong> ar aplinkos, apr\u016bpinim\u0105<strong>asmenin\u0117mis apsaugos priemon\u0117mis<\/strong>arba dulki\u0173 poveikio ribojim\u0105. <\/p>\n\n<figure class=\"wp-block-image aligncenter size-large is-resized\"><img decoding=\"async\" width=\"1024\" height=\"293\" src=\"https:\/\/obera.fr\/wp-content\/uploads\/2023\/04\/vlep-en-mgm3-1-1024x293.png\" alt=\"VLEP poky&#x10D;iai 2023 m. liepos m&#x117;n.\" class=\"wp-image-22450\" style=\"width:768px;height:220px\" srcset=\"https:\/\/obera.fr\/wp-content\/uploads\/2023\/04\/vlep-en-mgm3-1-1024x293.png 1024w, https:\/\/obera.fr\/wp-content\/uploads\/2023\/04\/vlep-en-mgm3-1-300x86.png 300w, https:\/\/obera.fr\/wp-content\/uploads\/2023\/04\/vlep-en-mgm3-1-768x219.png 768w, https:\/\/obera.fr\/wp-content\/uploads\/2023\/04\/vlep-en-mgm3-1.png 1400w\" sizes=\"(max-width: 1024px) 100vw, 1024px\" \/><\/figure>\n\n<div class=\"wp-block-buttons is-horizontal is-content-justification-center is-layout-flex wp-container-core-buttons-is-layout-03627597 wp-block-buttons-is-layout-flex\">\n<div class=\"wp-block-button has-custom-width wp-block-button__width-100\"><a class=\"wp-block-button__link wp-element-button\" href=\"https:\/\/obera.fr\/lt\/susisiekite-su-mumis\/\">Su\u017einokite daugiau<\/a><\/div>\n<\/div>\n\n<h2 class=\"wp-block-heading\">Kaip laikot\u0117s VLEP reikalavim\u0173?<\/h2>\n\n<p>&#8222;OberA&#8221; prietaisai skirti <strong>aplinkos<\/strong> arba tiesioginio \u0161altinio <strong>orui valyti<\/strong> ir kenksmingoms med\u017eiagoms \u0161alinti, kad b\u016bt\u0173 laikomasi VLEP ribini\u0173 ver\u010di\u0173 ir apsaugota darbuotoj\u0173 sveikata. \u0160ie prietaisai gali b\u016bti naudojami <strong>\u012fvairi\u0173 tip\u0173 darbo aplinkoje,<\/strong> pavyzd\u017eiui, dirbtuv\u0117se, gamyklose, laboratorijose ir pan. <\/p>\n\n<p>&#8222;OberA&#8221; \u012franga, atitinkanti VLEP apribojimus, padeda<strong>didinti darbuotoj\u0173 produktyvum\u0105<\/strong>. Ilgalaikis kenksming\u0173 med\u017eiag\u0173 poveikis gali sukelti nuovarg\u012f, galvos skausmus, dirginim\u0105 ar kv\u0117pavimo sutrikimus, o tai gali tur\u0117ti neigiamos \u012ftakos darbuotoj\u0173 darbingumui. Saugodami darbuotoj\u0173 sveikat\u0105, &#8222;OberA&#8221; \u012frenginiai padeda <strong>pagerinti j\u0173 savijaut\u0105 ir darbo na\u0161um\u0105<\/strong>.  <\/p>\n\n<p>Galiausiai, &#8222;OberA&#8221; \u012franga atitinka VLEP ribas, tod\u0117l &#8222;OberA&#8221; \u012franga padeda<strong>i\u0161vengti darbo prastov\u0173 d\u0117l sveikatos sutrikim\u0173, kuriuos<\/strong> sukelia kenksming\u0173 med\u017eiag\u0173 poveikis. Tai padeda suma\u017einti \u012fmoni\u0173 i\u0161laidas ir u\u017etikrinti verslo t\u0119stinum\u0105. <\/p>\n\n<div class=\"wp-block-buttons is-content-justification-center is-layout-flex wp-container-core-buttons-is-layout-a89b3969 wp-block-buttons-is-layout-flex\">\n<div class=\"wp-block-button\"><a class=\"wp-block-button__link wp-element-button\" href=\"https:\/\/obera.fr\/lt\/produits\/\">Per\u017ei\u016br\u0117kite m\u016bs\u0173 gaminius<\/a><\/div>\n<\/div>\n","protected":false},"excerpt":{"rendered":"<p>Nuo 2022 m. sausio 1 d. dulki\u0173, kurios laikomos neturin\u010diomis specifinio poveikio, TLV jau pakeistos. Ta\u010diau nuo 2023 m. liepos 1 d., kai Pranc\u016bzijoje bus suma\u017eintos specifinio poveikio neturin\u010di\u0173 dulki\u0173 TLV, jos bus dar kart\u0105 suma\u017eintos. <\/p>\n","protected":false},"author":4,"featured_media":89589,"comment_status":"closed","ping_status":"closed","sticky":false,"template":"","format":"standard","meta":{"_acf_changed":false,"_seopress_robots_primary_cat":"1","_seopress_titles_title":"Nuo 2023 m. liepos 1 d. suma\u017eintos dulki\u0173 TLV","_seopress_titles_desc":"Nuo 2023 m. liepos 1 d. dulki\u0173, kurios laikomos neturin\u010diomis specifinio poveikio, TLV bus suma\u017eintos, kad b\u016bt\u0173 u\u017etikrinta didesn\u0117 operatori\u0173 apsauga.","_seopress_robots_index":"","footnotes":""},"categories":[135],"tags":[136],"class_list":["post-42439","post","type-post","status-publish","format-standard","has-post-thumbnail","hentry","category-musu-patarimas","tag-entete-mazas","generate-columns","tablet-grid-50","mobile-grid-100","grid-parent","grid-50","no-featured-image-padding","resize-featured-image"],"acf":[],"_links":{"self":[{"href":"https:\/\/obera.fr\/lt\/wp-json\/wp\/v2\/posts\/42439","targetHints":{"allow":["GET"]}}],"collection":[{"href":"https:\/\/obera.fr\/lt\/wp-json\/wp\/v2\/posts"}],"about":[{"href":"https:\/\/obera.fr\/lt\/wp-json\/wp\/v2\/types\/post"}],"author":[{"embeddable":true,"href":"https:\/\/obera.fr\/lt\/wp-json\/wp\/v2\/users\/4"}],"replies":[{"embeddable":true,"href":"https:\/\/obera.fr\/lt\/wp-json\/wp\/v2\/comments?post=42439"}],"version-history":[{"count":4,"href":"https:\/\/obera.fr\/lt\/wp-json\/wp\/v2\/posts\/42439\/revisions"}],"predecessor-version":[{"id":89645,"href":"https:\/\/obera.fr\/lt\/wp-json\/wp\/v2\/posts\/42439\/revisions\/89645"}],"wp:featuredmedia":[{"embeddable":true,"href":"https:\/\/obera.fr\/lt\/wp-json\/wp\/v2\/media\/89589"}],"wp:attachment":[{"href":"https:\/\/obera.fr\/lt\/wp-json\/wp\/v2\/media?parent=42439"}],"wp:term":[{"taxonomy":"category","embeddable":true,"href":"https:\/\/obera.fr\/lt\/wp-json\/wp\/v2\/categories?post=42439"},{"taxonomy":"post_tag","embeddable":true,"href":"https:\/\/obera.fr\/lt\/wp-json\/wp\/v2\/tags?post=42439"}],"curies":[{"name":"wp","href":"https:\/\/api.w.org\/{rel}","templated":true}]}}