{"id":42935,"date":"2023-04-18T10:02:38","date_gmt":"2023-04-18T08:02:38","guid":{"rendered":"https:\/\/obera.fr\/non-classifiee\/kaip-pagal-darbo-kodeksa-reikalaujama-atnaujinti-darbo-vietas\/"},"modified":"2025-04-23T09:12:23","modified_gmt":"2025-04-23T07:12:23","slug":"code-du-travail-et-canicule-lobligation-de-rafraichir-les-locaux","status":"publish","type":"post","link":"https:\/\/obera.fr\/lt\/musu-patarimas\/code-du-travail-et-canicule-lobligation-de-rafraichir-les-locaux\/","title":{"rendered":"Kaip pagal Darbo kodeks\u0105 reikalaujama atnaujinti darbo vietas?"},"content":{"rendered":"\n<p>D\u0117l klimato kaitos<strong> Pranc\u016bzijoje kar\u0161\u010dio bangos tampa vis intensyvesn\u0117s ir da\u017enesn\u0117s<\/strong>. M\u00e9t\u00e9o France duomenimis, iki 1989 m. Pranc\u016bzijoje kar\u0161\u010dio bangos vidutini\u0161kai trukdavo 1,7 dienos per metus. Per pastar\u0105j\u012f de\u0161imtmet\u012f \u0161is skai\u010dius i\u0161augo iki 9,4 dienos. M\u00e9t\u00e9o France prognozuoja, kad iki 2050 m. kar\u0161\u010dio bangos padvigub\u0117s.   <\/p>\n\n<p>Tokiais intensyvaus kar\u0161\u010dio laikotarpiais susidaro <strong>ne\u012fprastai auk\u0161ta temperat\u016bra<\/strong> ir kyla pavojus darbuotoj\u0173 sveikatai. Kyla dehidratacijos, i\u0161sekimo, \u0161ilumos sm\u016bgio ir kt. pavojus. \u0160ie pavojai gali pasireik\u0161ti jau pirmosiomis kar\u0161\u010dio dienomis. <\/p>\n\n<p>Pranc\u016bzijos <strong>darbo kodekse<\/strong> nustatyta, kad darbdavys privalo imtis b\u016btin\u0173 priemoni\u0173, kad u\u017etikrint\u0173 <a href=\"https:\/\/obera.fr\/lt\/musu-patarimas\/qualite-de-lair-etablissements-de-sante\/\">darbuotoj\u0173 saug\u0105 ir apsaugot\u0173 j\u0173 sveikat\u0105<\/a>, atsi\u017evelgiant \u012f pakilusi\u0105 temperat\u016br\u0105. \u0160ios priemon\u0117s susijusios su : <\/p>\n\n<ul class=\"wp-block-list\">\n<li><strong>ventiliacijos \u012frengimas<\/strong> pagal taisykles (Pranc\u016bzijos darbo kodekso R4222-1 straipsnis).<\/li>\n\n\n\n<li>apsaugoti <strong>darbuotojus <\/strong>nuo didelio kar\u0161\u010dio.<\/li>\n\n\n\n<li><strong>Nemokamas g\u0117las vanduo.<\/strong><\/li>\n<\/ul>\n\n<p>Darbdavys \u0161ias priemones pritaiko remdamasis <strong>M\u00e9t\u00e9o France meteorologinio budrumo <\/strong>sistema, kuri \u012fsp\u0117ja apie kar\u0161\u010dio bangas, kelian\u010dias pavoj\u0173 sveikatai. \u0160iai sistemai b\u016bdingos temperat\u016bros ribos pagal departamentus, kuri\u0173 negalima vir\u0161yti. <\/p>\n\n<figure class=\"wp-block-image aligncenter size-full is-resized\"><img decoding=\"async\" width=\"500\" height=\"500\" src=\"https:\/\/obera.fr\/wp-content\/uploads\/2023\/06\/france_ete-1.png\" alt=\"Pranc&#x16B;zija ete 1\" class=\"wp-image-23220\" style=\"width:375px;height:375px\" srcset=\"https:\/\/obera.fr\/wp-content\/uploads\/2023\/06\/france_ete-1.png 500w, https:\/\/obera.fr\/wp-content\/uploads\/2023\/06\/france_ete-1-300x300.png 300w, https:\/\/obera.fr\/wp-content\/uploads\/2023\/06\/france_ete-1-150x150.png 150w\" sizes=\"(max-width: 500px) 100vw, 500px\" \/><\/figure>\n\n<p><strong>M\u0117lynasis pavojaus signalas:<\/strong> 1 ar 2 dienas trunkantis intensyvus <strong>kar\u0161tis <\/strong>, vir\u0161ijantis ribin\u0119 vert\u0119, arba <strong>nuolatinis kar\u0161\u010dio epizodas<\/strong> (ilgiau nei 3 dienas), kai temperat\u016bra artima departamento nustatytai ribinei vertei. \u0160ie rei\u0161kiniai kelia pavoj\u0173 sveikatai darbuotojams, kurie yra pernelyg kar\u0161\u010dio veikiami tokiose aplinkose kaip da\u017eyklos, skalbyklos, virtuv\u0117s, liejyklos ir kt. Mobili\u0173 au\u0161intuv\u0173 \u012frengimas \u0161alia per kar\u0161\u010dio veikiam\u0173 darbuotoj\u0173 yra greitas ir veiksmingas sprendimas.  <\/p>\n\n<p><strong>Oran\u017einis pavojaus signalas:<\/strong> 3 dienas ir naktis i\u0161 eil\u0117s trunkanti <strong>kar\u0161\u010dio banga,<\/strong> vir\u0161ijanti minimali\u0105 ir maksimali\u0105 rib\u0105. Ir \u0161iuo atveju greitas ir tinkamas sprendimas yra <a href=\"https:\/\/obera.fr\/lt\/musu-patarimas\/mobilus-adiabatiniai-oro-ausintuvai-lankstus-ir-praktiskas-sprendimas-pramoninems-reikmems\/\">mobilusis adiabatinis au\u0161intuvas<\/a>, skirtas darbuotojams, kuriems d\u0117l fizin\u0117s veiklos ar \u0161ilumin\u0117s aplinkos darbe kyla kar\u0161\u010dio pavojus. <\/p>\n\n<p><strong>Raudonasis pavojus<\/strong> <strong>: ekstremali kar\u0161\u010dio banga. <\/strong>Kar\u0161\u010dio banga i\u0161skirtin\u0117 savo trukme ir intensyvumu, su sunkinan\u010diais veiksniais, kurie daro didel\u012f poveik\u012f vis\u0173 r\u016b\u0161i\u0173 darbuotoj\u0173 sveikatai ir gali tur\u0117ti \u0161alutin\u012f poveik\u012f verslo t\u0119stinumui.<\/p>\n\n<div class=\"wp-block-columns is-layout-flex wp-container-core-columns-is-layout-28f84493 wp-block-columns-is-layout-flex\">\n<div class=\"wp-block-column is-layout-flow wp-block-column-is-layout-flow\" style=\"flex-basis:50%\">\n<p>\u012evedus raudon\u0105j\u012f persp\u0117jim\u0105, automati\u0161kai atsiranda teis\u0117s aktais nustatyti \u012fpareigojimai. Kiekvien\u0105 dien\u0105 darbdavys privalo i\u0161 naujo \u012fvertinti darbuotojams kylan\u010di\u0105 rizik\u0105, atsi\u017evelgdamas \u012f temperat\u016bros poky\u010dius per dien\u0105, darbo pob\u016bd\u012f, darbuotoj\u0173 am\u017ei\u0173 ir sveikatos b\u016bkl\u0119. Jei darbdavys to nepadaro, darbuotojas gali kreiptis \u012f Darbo inspekcij\u0105 arba Socialini\u0173 reikal\u0173 ir ekonomikos komitet\u0105 arba pasinaudoti teise atsisakyti darbo sutarties.<\/p>\n\n\n\n<p>\u012evykus raudonajam pavojaus signalui,<strong>darbdaviai turi<\/strong> reaguoti greitai. Oro gaivikli\u0173 samdymas yra \u0161ios problemos sprendimas. Kuo auk\u0161tesn\u0117 temperat\u016bra, tuo veiksmingesnis gaiviklis. Raudonojo pavojaus atveju au\u0161intuve turi b\u016bti pakankamai didelis oro srautas, kad b\u016bt\u0173 palaikoma komforti\u0161ka temperat\u016bra. Taip pat galite samdyti kelis au\u0161intuvus, kad veiksmingai kovotum\u0117te su ekstremalia kar\u0161\u010dio banga.    <\/p>\n<\/div>\n\n\n\n<div class=\"wp-block-column is-layout-flow wp-block-column-is-layout-flow\" style=\"flex-basis:50%\">\n<figure class=\"wp-block-embed is-type-video is-provider-youtube wp-block-embed-youtube wp-embed-aspect-16-9 wp-has-aspect-ratio\"><div class=\"wp-block-embed__wrapper\">\n<iframe title=\"Rafraichisseur d&#039;air - Gamme IC - OberA\" width=\"1200\" height=\"675\" src=\"https:\/\/www.youtube.com\/embed\/NG-Ssy2oM70?feature=oembed\" frameborder=\"0\" allow=\"accelerometer; autoplay; clipboard-write; encrypted-media; gyroscope; picture-in-picture; web-share\" referrerpolicy=\"strict-origin-when-cross-origin\" allowfullscreen><\/iframe>\n<\/div><\/figure>\n<\/div>\n<\/div>\n\n<div style=\"height:20px\" aria-hidden=\"true\" class=\"wp-block-spacer\"><\/div>\n\n<div class=\"wp-block-buttons is-content-justification-center is-layout-flex wp-container-core-buttons-is-layout-a89b3969 wp-block-buttons-is-layout-flex\">\n<div class=\"wp-block-button\"><a class=\"wp-block-button__link wp-element-button\" href=\"https:\/\/obera.fr\/lt\/contact\/\">REIKIA ASMENINIO PATARIMO?<\/a><\/div>\n<\/div>\n","protected":false},"excerpt":{"rendered":"<p>D\u0117l klimato kaitos Pranc\u016bzijoje kar\u0161\u010dio bangos tampa vis intensyvesn\u0117s ir da\u017enesn\u0117s. M\u00e9t\u00e9o France duomenimis, iki 1989 m. Pranc\u016bzijoje kar\u0161\u010dio bangos vidutini\u0161kai trukdavo 1,7 dienos per metus. Per pastar\u0105j\u012f de\u0161imtmet\u012f \u0161is skai\u010dius i\u0161augo iki 9,4 dienos. M\u00e9t\u00e9o France prognozuoja, kad iki 2050 m. kar\u0161\u010dio bangos padvigub\u0117s.   <\/p>\n","protected":false},"author":4,"featured_media":85452,"comment_status":"closed","ping_status":"closed","sticky":false,"template":"","format":"standard","meta":{"_acf_changed":false,"_seopress_robots_primary_cat":"none","_seopress_titles_title":"Ar Darbo kodeksas reikalauja, kad darbe b\u016bt\u0173 teikiamos u\u017ekandin\u0117s?","_seopress_titles_desc":"Pagal Darbo kodeks\u0105 darbdaviai privalo u\u017etikrinti, kad kar\u0161\u010dio bangos atveju j\u0173 patalpose b\u016bt\u0173 v\u0117su. Su\u017einokite, koki\u0173 priemoni\u0173 reikia imtis.","_seopress_robots_index":"","footnotes":""},"categories":[135],"tags":[136],"class_list":["post-42935","post","type-post","status-publish","format-standard","has-post-thumbnail","hentry","category-musu-patarimas","tag-entete-mazas","generate-columns","tablet-grid-50","mobile-grid-100","grid-parent","grid-50","no-featured-image-padding","resize-featured-image"],"acf":[],"_links":{"self":[{"href":"https:\/\/obera.fr\/lt\/wp-json\/wp\/v2\/posts\/42935","targetHints":{"allow":["GET"]}}],"collection":[{"href":"https:\/\/obera.fr\/lt\/wp-json\/wp\/v2\/posts"}],"about":[{"href":"https:\/\/obera.fr\/lt\/wp-json\/wp\/v2\/types\/post"}],"author":[{"embeddable":true,"href":"https:\/\/obera.fr\/lt\/wp-json\/wp\/v2\/users\/4"}],"replies":[{"embeddable":true,"href":"https:\/\/obera.fr\/lt\/wp-json\/wp\/v2\/comments?post=42935"}],"version-history":[{"count":5,"href":"https:\/\/obera.fr\/lt\/wp-json\/wp\/v2\/posts\/42935\/revisions"}],"predecessor-version":[{"id":86113,"href":"https:\/\/obera.fr\/lt\/wp-json\/wp\/v2\/posts\/42935\/revisions\/86113"}],"wp:featuredmedia":[{"embeddable":true,"href":"https:\/\/obera.fr\/lt\/wp-json\/wp\/v2\/media\/85452"}],"wp:attachment":[{"href":"https:\/\/obera.fr\/lt\/wp-json\/wp\/v2\/media?parent=42935"}],"wp:term":[{"taxonomy":"category","embeddable":true,"href":"https:\/\/obera.fr\/lt\/wp-json\/wp\/v2\/categories?post=42935"},{"taxonomy":"post_tag","embeddable":true,"href":"https:\/\/obera.fr\/lt\/wp-json\/wp\/v2\/tags?post=42935"}],"curies":[{"name":"wp","href":"https:\/\/api.w.org\/{rel}","templated":true}]}}