{"id":43587,"date":"2021-10-25T16:07:28","date_gmt":"2021-10-25T14:07:28","guid":{"rendered":"https:\/\/obera.fr\/non-classifiee\/duk-adiabatiniai-oro-ausintuvai-2\/"},"modified":"2024-10-30T16:09:18","modified_gmt":"2024-10-30T14:09:18","slug":"duk-adiabatiniai-oro-ausintuvai-2","status":"publish","type":"post","link":"https:\/\/obera.fr\/lt\/musu-patarimas\/duk-adiabatiniai-oro-ausintuvai-2\/","title":{"rendered":"DUK Adiabatiniai oro au\u0161intuvai"},"content":{"rendered":"\n<p>Ar garinantys oro au\u0161intuvai didina legionieri\u0173 ligos rizik\u0105? Ar galiu juos naudoti, jei dirbu plieno pramon\u0117je? Ar jie triuk\u0161mingi?    <\/p>\n\n<p>\u0160iame straipsnyje pateikiami atsakymai \u012f da\u017eniausiai u\u017eduodamus klausimus apie <a href=\"https:\/\/obera.fr\/lt\/musu-patarimas\/comment-rafraichissement-evaporation-ameliorer-production-industrielle\/\">garinam\u0105j\u012f v\u0117sinim\u0105<\/a>.<\/p>\n\n<h2 class=\"wp-block-heading\">Ar garinimo au\u0161intuvai padidina infekcij\u0173 ir kit\u0173 sveikatos problem\u0173 rizik\u0105?<\/h2>\n\n<p>Ne, prie\u0161ingai! \u0160is klausimas da\u017eniausiai grind\u017eiamas klaidinga prielaida, kad garinimo au\u0161intuvai gali <strong>\u0161iek tiek padidinti dr\u0117gm\u0119<\/strong>, ta\u010diau taip pat padidina virus\u0173, bakterij\u0173 ir grybeli\u0173 augimo rizik\u0105. Visuose <strong><a href=\"https:\/\/obera.fr\/en\/rafraichisseurs-air\/\" data-type=\"page\" data-id=\"368\">&#8222;OberA&#8221; garinimo au\u0161intuvuose<\/a> \u012frengti i\u0161ankstiniai filtrai ir UV lempa<\/strong>, kurie <a href=\"https:\/\/obera.fr\/conseils\/qualite-l-air-interieur-critere-essentiel-industrie\/\" data-type=\"post\" data-id=\"5884\">apdoroja or\u0105, kad b\u016bt\u0173 pa\u0161alintos<\/a>dalel\u0117s, palengvinan\u010dios virus\u0173 ir bakterij\u0173 jud\u0117jim\u0105.    <\/p>\n\n<p>Teigiamas garinimo naudojimo poveikis yra gerai \u017einomas. Garinis <a href=\"https:\/\/obera.fr\/lt\/musu-patarimas\/traitement-air-industriel-guide-complet\/\" data-type=\"URL\" data-id=\"https:\/\/obera.fr\/conseils\/traitement-air-industriel-guide-complet\/\">v\u0117sinimas<\/a> ne tik <a href=\"https:\/\/obera.fr\/lt\/musu-patarimas\/traitement-air-industriel-guide-complet\/\" data-type=\"URL\" data-id=\"https:\/\/obera.fr\/conseils\/traitement-air-industriel-guide-complet\/\">u\u017etikrina<\/a> <a href=\"https:\/\/obera.fr\/lt\/musu-patarimas\/traitement-air-industriel-guide-complet\/\" data-type=\"URL\" data-id=\"https:\/\/obera.fr\/conseils\/traitement-air-industriel-guide-complet\/\">\u0161var\u0173<\/a>, \u0161vie\u017ei\u0105 ir filtruot\u0105 or\u0105, bet ir sunaudoja daug <strong>ma\u017eiau energijos<\/strong> bei yra <strong>lengviau pri\u017ei\u016brimas<\/strong>. Skirtingai nei daugelyje oro kondicionieri\u0173, jam nereikia naudoti kenksming\u0173 freon\u0173 duj\u0173.    <\/p>\n\n<h2 class=\"wp-block-heading\">Dirbu su plieno gaminiais, tod\u0117l nenoriu, kad darbo aplinkoje b\u016bt\u0173 dr\u0117gm\u0117s, kad i\u0161veng\u010diau korozijos pavojaus. Ar tai rei\u0161kia, kad negaliu naudoti garinamojo v\u0117sinimo?   <\/h2>\n\n<p>Ar m\u016bs\u0173 au\u0161intuvai i\u0161garina vanden\u012f? Au\u0161intuve esantis vanduo yra gar\u0173, o ne skys\u010dio (mikrodaleli\u0173) pavidalo. <strong> Priklausomai nuo aplinkos, dr\u0117gm\u0117 padid\u0117ja nuo 2 iki 5 %<\/strong>.    <\/p>\n\n<p>Yra keletas dalyk\u0173, kuriuos galite padaryti, kad <strong>i\u0161vengtum\u0117te padid\u0117jusios dr\u0117gm\u0117s<\/strong> aplinkoje.<\/p>\n\n<ul class=\"wp-block-list\">\n<li><strong>Padidinkite v\u0117dinim\u0105<\/strong>(atidarykite duris ir langus). Daugiau v\u0117dinimo rei\u0161kia ma\u017eiau dr\u0117gm\u0117s. Kuo daugiau v\u0117dinimo, tuo ma\u017eiau dr\u0117gm\u0117s.    <\/li>\n\n\n\n<li><strong>Stebi temperat\u016br\u0105 ir dr\u0117gm\u0119, kad palaikyt\u0173<\/strong>reikiam\u0105 lyg\u012f. M\u016bs\u0173 garinimo au\u0161intuvuose yra <strong>integruotas valdymo skydelis<\/strong>, kuriame galima nustatyti lyg\u012f.   <\/li>\n<\/ul>\n\n<p>Ne\u0161iojamieji au\u0161intuvai paprastai naudojami konkre\u010diai vietai v\u0117sinti. Tai rei\u0161kia, kad v\u0117sinama tik dalis viso ploto. Tod\u0117l<strong>bendras dr\u0117gm\u0117s poveikis<\/strong> paprastai bus <strong>daug ma\u017eesnis nei 2-5 %<\/strong>. Nepamir\u0161kite, kad galingi garuojantys au\u0161intuvai i\u0161 pastato i\u0161stumia \u0161ilt\u0105, dr\u0117gn\u0105 or\u0105.     <\/p>\n\n<h2 class=\"wp-block-heading\">Ar garinamasis v\u0117sinimas padidina legioneli\u0173 rizik\u0105, nes jame naudojamas vanduo?<\/h2>\n\n<p>Legionella yra bakterija, kuri <strong>vystosi kar\u0161to vandens sistemose<\/strong>. M\u016bs\u0173 \u012frenginiuose \u012frengtos UV lempos. 100 % vandens, tekan\u010dio per au\u0161inimo plok\u0161tes, apdorojama UV spinduliais.    <\/p>\n\n<p>Be to, <strong>legionelioze u\u017esikre\u010diama \u012fkvepiant<\/strong> legioneli\u0173 bakterijomis <strong>u\u017eter\u0161to vandens aerozol\u012f<\/strong>. M\u016bs\u0173 prietaisai <strong>nei\u0161skiria aerozoli\u0173<\/strong>. Vanduo i\u0161garinamas arba perne\u0161amas gar\u0173, o ne skys\u010dio pavidalu.    <\/p>\n\n<p>Tod\u0117l rizika yra labai ma\u017ea ir ne didesn\u0117 nei naudojant tradicinius oro kondicionierius.<\/p>\n\n<h2 class=\"wp-block-heading\">Ar galima suma\u017einti garinamojo oro au\u0161intuvo triuk\u0161mo lyg\u012f?<\/h2>\n\n<p><strong>M\u016bs\u0173 \u012frengini\u0173<\/strong>triuk\u0161mo lygis <strong>paprastai yra \u017eemesnis<\/strong>nei pagrindin\u0117se <strong>m\u016bs\u0173<\/strong>rinkose (pramon\u0117, logistika, gamyba) Be to, au\u0161inimo poveikio svarba gerokai vir\u0161ija garso ma\u017einimo svarb\u0105. M\u016bs\u0173 au\u0161intuvuose <strong>\u012frengtas grei\u010dio reguliavimas<\/strong>, kad prireikus b\u016bt\u0173 galima <strong>suma\u017einti greit\u012f, taigi ir triuk\u0161m\u0105<\/strong>. Kuo ma\u017eesnis au\u0161intuvas, tuo ma\u017eesnis garso lygis. M\u016bs\u0173 \u012frengini\u0173 garso lygis yra 66 dB.     <\/p>\n\n<blockquote class=\"wp-block-quote is-layout-flow wp-block-quote-is-layout-flow\">\n<p>Taip pat skaitykite : <a href=\"https:\/\/obera.fr\/lt\/musu-patarimas\/ou-utiliser-rafraichissement-evaporation\/\" data-type=\"post\" data-id=\"7093\">Kur galima naudoti garuojant\u012f v\u0117sinim\u0105?<\/a><\/p>\n<\/blockquote>\n\n<h2 class=\"wp-block-heading\">K\u0105 galiu padaryti, kad sureguliuo\u010diau oro sraut\u0105?<\/h2>\n\n<p>Pana\u0161iai kaip ir 4 klausime, kai kuriuos \u017emones gamykloje oro srautas gali erzinti. Tokiu atveju galite <strong>perkelti \u012frengin\u012f toliau arba pakoreguoti srauto krypt\u012f<\/strong>. M\u016bs\u0173 oro au\u0161intuvuose yra reguliuojamos briaunos, kuriomis galite <strong>valdyti oro srauto krypt\u012f<\/strong>. Valdymo skydeliu taip pat galite <strong>reguliuoti greit\u012f<\/strong> ir <strong>suma\u017einti \u012frenginio oro sraut\u0105<\/strong>.     <\/p>\n\n<p>Kitas sprendimas &#8211; <strong>pastatyti au\u0161intuv\u0105 auk\u0161\u010diau<\/strong>, kad oras neb\u016bt\u0173 nukreiptas \u012f \u017emones (\u0161altas oras visada juda \u017eemyn, tod\u0117l \u0161is sprendimas taip pat u\u017etikrina tinkam\u0105 v\u0117sinim\u0105).<\/p>\n\n<h2 class=\"wp-block-heading\">Kod\u0117l verta leisti pinigus komfortui: juk pigiau apsieiti be jo, tiesa?<\/h2>\n\n<p>\u012erengimo, eksploatavimo ir valdymo s\u0105naudos yra gana ma\u017eos, tod\u0117l garinimo au\u0161inimas <strong>yra ekonomi\u0161kai efektyvus<\/strong>. Be to, kar\u0161toje aplinkoje dirbantys darbuotojai patiria kar\u0161\u010dio stres\u0105, kuris gali tur\u0117ti \u012ftakos j\u0173 saugai ir <a href=\"https:\/\/obera.fr\/lt\/musu-patarimas\/comment-rafraichissement-evaporation-ameliorer-production-industrielle\/\" data-type=\"post\" data-id=\"7081\">produktyvumui<\/a>. Dirbant komforti\u0161koje aplinkoje <strong>pager\u0117s j\u0173 koncentracija ir geb\u0117jimas efektyviai dirbti<\/strong>.   <\/p>\n\n<h2 class=\"wp-block-heading\">Kaip i\u0161valyti oro au\u0161intuv\u0105 ir laikyti j\u012f pasibaigus kar\u0161tajam sezonui?<\/h2>\n\n<p>Jei j\u016bs\u0173 darbo aplinka yra dulk\u0117ta arba purvina, tur\u0117tum\u0117te da\u017eniau valyti ir tu\u0161tinti dozatori\u0173. Rekomenduojame <strong>kart\u0105 per m\u0117nes\u012f i\u0161tu\u0161tinti vandens rezervuar\u0105<\/strong>, kai jis naudojamas, ir <strong>i\u0161valyti j\u012f \u0161variu vandeniu<\/strong>.   <\/p>\n\n<p>Oro au\u0161intuv\u0173 paruo\u0161imas \u017eiemai sezono pabaigoje<\/p>\n\n<p>Jei pasibaigus sezonui plok\u0161t\u0117s laikomos sausai, j\u0173 keisti nereikia.<\/p>\n\n<p>Kiekvieno sezono pabaigoje, prie\u0161 sand\u0117liuojant garintuvus \u017eiemai, rekomenduojame atlikti \u0161iuos veiksmus:<\/p>\n\n<ul class=\"wp-block-list\">\n<li><strong>I\u0161tu\u0161tinkite \u012frenginius<\/strong><\/li>\n\n\n\n<li>Nuplaukite <strong>\u0161variu vandeniu<\/strong>.<\/li>\n\n\n\n<li><strong>Paleiskite prietaisus \u0161variu vandeniu<\/strong> ir, jei reikia, \u012fpilkite baltojo acto.<\/li>\n\n\n\n<li><strong>Visi\u0161kai juos nusausinkite<\/strong><\/li>\n\n\n\n<li>Kad plok\u0161t\u0117s ir \u012frenginys i\u0161d\u017ei\u016bt\u0173, <strong>paleiskite juos be vandens bent 6 valandas<\/strong>.<\/li>\n<\/ul>\n\n<h2 class=\"wp-block-heading\">Ar turite dar vien\u0105 klausim\u0105?<\/h2>\n\n<p>Nedvejodami kreipkit\u0117s \u012f mus, jei turite daugiau klausim\u0173. Vienas i\u0161 m\u016bs\u0173 atstov\u0173 atsakys \u012f j\u016bs\u0173 klausimus ir pad\u0117s jums \u012fgyvendinti <a href=\"https:\/\/obera.fr\/lt\/musu-patarimas\/rafraichissement-adiabatique-confort-thermique-naturel\/\" data-type=\"URL\" data-id=\"https:\/\/obera.fr\/conseils\/rafraichissement-adiabatique-confort-thermique-naturel\/\">oro kondicionavimo projekt\u0105<\/a>.   <\/p>\n\n<div class=\"wp-block-buttons is-horizontal is-content-justification-center is-layout-flex wp-container-core-buttons-is-layout-03627597 wp-block-buttons-is-layout-flex\">\n<div class=\"wp-block-button has-custom-width wp-block-button__width-100\"><a class=\"wp-block-button__link wp-element-button\" href=\"https:\/\/obera.fr\/lt\/susisiekite-su-mumis\/\">Su\u017einokite daugiau<\/a><\/div>\n<\/div>\n","protected":false},"excerpt":{"rendered":"<p>\u0160iame straipsnyje pateikiami atsakymai \u012f da\u017eniausiai u\u017eduodamus klausimus apie garinam\u0105j\u012f v\u0117sinim\u0105.<\/p>\n","protected":false},"author":4,"featured_media":43588,"comment_status":"closed","ping_status":"closed","sticky":false,"template":"","format":"standard","meta":{"_acf_changed":false,"_seopress_robots_primary_cat":"none","_seopress_titles_title":"Adiabatiniai au\u0161intuvai: da\u017eniausiai u\u017eduodami klausimai - OberA","_seopress_titles_desc":"DUK rasite atsakymus \u012f da\u017eniausiai u\u017eduodamus klausimus apie m\u016bs\u0173 adiabatinius oro au\u0161intuvus.","_seopress_robots_index":"","footnotes":""},"categories":[135],"tags":[136],"class_list":["post-43587","post","type-post","status-publish","format-standard","has-post-thumbnail","hentry","category-musu-patarimas","tag-entete-mazas","generate-columns","tablet-grid-50","mobile-grid-100","grid-parent","grid-50","no-featured-image-padding","resize-featured-image"],"acf":[],"_links":{"self":[{"href":"https:\/\/obera.fr\/lt\/wp-json\/wp\/v2\/posts\/43587","targetHints":{"allow":["GET"]}}],"collection":[{"href":"https:\/\/obera.fr\/lt\/wp-json\/wp\/v2\/posts"}],"about":[{"href":"https:\/\/obera.fr\/lt\/wp-json\/wp\/v2\/types\/post"}],"author":[{"embeddable":true,"href":"https:\/\/obera.fr\/lt\/wp-json\/wp\/v2\/users\/4"}],"replies":[{"embeddable":true,"href":"https:\/\/obera.fr\/lt\/wp-json\/wp\/v2\/comments?post=43587"}],"version-history":[{"count":1,"href":"https:\/\/obera.fr\/lt\/wp-json\/wp\/v2\/posts\/43587\/revisions"}],"predecessor-version":[{"id":43590,"href":"https:\/\/obera.fr\/lt\/wp-json\/wp\/v2\/posts\/43587\/revisions\/43590"}],"wp:featuredmedia":[{"embeddable":true,"href":"https:\/\/obera.fr\/lt\/wp-json\/wp\/v2\/media\/43588"}],"wp:attachment":[{"href":"https:\/\/obera.fr\/lt\/wp-json\/wp\/v2\/media?parent=43587"}],"wp:term":[{"taxonomy":"category","embeddable":true,"href":"https:\/\/obera.fr\/lt\/wp-json\/wp\/v2\/categories?post=43587"},{"taxonomy":"post_tag","embeddable":true,"href":"https:\/\/obera.fr\/lt\/wp-json\/wp\/v2\/tags?post=43587"}],"curies":[{"name":"wp","href":"https:\/\/api.w.org\/{rel}","templated":true}]}}