{"id":109291,"date":"2025-06-11T11:10:04","date_gmt":"2025-06-11T09:10:04","guid":{"rendered":"https:\/\/obera.fr\/nase-rada\/rafraichisseur-secteur-evenementiel\/"},"modified":"2025-07-16T11:09:20","modified_gmt":"2025-07-16T09:09:20","slug":"rafraichisseur-secteur-evenementiel","status":"publish","type":"post","link":"https:\/\/obera.fr\/lv\/maksla-izklaide-un-atputa\/rafraichisseur-secteur-evenementiel\/","title":{"rendered":"Gaisa dzes\u0113t\u0101js pas\u0101kumu nozarei"},"content":{"rendered":"\n<p><strong>Pas\u0101kumu nozar\u0113<\/strong> komandu un dal\u012bbnieku term\u0101l\u0101 komforta nodro\u0161in\u0101\u0161ana ir \u013coti svar\u012bga, lai j\u016bsu pas\u0101kumi norit\u0113tu veiksm\u012bgi. OberA, atz\u012bts r\u016bpniecisk\u0101s gaisa apstr\u0101des speci\u0101lists, pied\u0101v\u0101 augstas veiktsp\u0113jas, videi draudz\u012bgus <a href=\"https:\/\/obera.fr\/lv\/produits\/rafraichisseurs-air\/\">mobilus adiab\u0101tisk\u0101s dzes\u0113\u0161anas<\/a> risin\u0101jumus, kas piel\u0101goti pagaidu pas\u0101kumu pras\u012bb\u0101m.<\/p>\n\n<h2 class=\"wp-block-heading\">K\u0101p\u0113c izv\u0113l\u0113ties gaisa dzes\u0113t\u0101ju saviem pas\u0101kumiem?<\/h2>\n\n<h3 class=\"wp-block-heading\">Karstuma p\u0101rvald\u012bba &#8211; izaicin\u0101jums pas\u0101kumu norisei<\/h3>\n\n<p>Neatkar\u012bgi no t\u0101, vai t\u0101 ir <strong>izst\u0101de zem telts<\/strong>, festiv\u0101ls saul\u0113 vai k\u0101zas zem klajas debess, apk\u0101rt\u0113j\u0101s vides temperat\u016brai ir b\u016btiska noz\u012bme dal\u012bbnieku pieredz\u0113. Dusm\u012bga atmosf\u0113ra mazina atmosf\u0113ru, veicina nogurumu un var pat apdraud\u0113t dro\u0161\u012bbu viet\u0101s, kur ir liels cilv\u0113ku bl\u012bvums. Turkl\u0101t p\u0101rm\u0113r\u012bga karstuma ietekm\u0113 pas\u0101kums var \u0101tri p\u0101rv\u0113rsties par nepat\u012bkamu pieredzi &#8211; <strong>dal\u012bbnieki var sa\u012bsin\u0101t savu apmekl\u0113jumu<\/strong>, samazin\u0101ties stendu apmekl\u0113t\u012bba un rasties visp\u0101r\u0113js diskomforts.  <\/p>\n\n<p><\/p>\n\n<p>No otras puses, <strong>efekt\u012bvu,<\/strong> labi v\u0113din\u0101mu un pat\u012bkamu <strong>dzes\u0113\u0161anas zonu<\/strong> nodro\u0161in\u0101\u0161ana pagarina apmekl\u0113t\u0101ju apmekl\u0113juma ilgumu, veicina mijiedarb\u012bbu un pie\u0161\u0137ir j\u016bsu organiz\u0101cijai augstas kvalit\u0101tes t\u0113lu. \u012as\u0101k sakot, <strong>r\u016bpnieciskie gaisa atsvaidzin\u0101t\u0101ji<\/strong> ir daudz vair\u0101k nek\u0101 komforts &#8211; tie ir sviras, kas veicina pas\u0101kumu efektivit\u0101ti. <\/p>\n\n<h3 class=\"wp-block-heading\">Gaisa dzes\u0113t\u0101ji: ide\u0101ls risin\u0101jums pas\u0101kumu videi<\/h3>\n\n<p>Ar \u016bdeni dzes\u0113ti gaisa dzes\u0113t\u0101ji, paz\u012bstami ar\u012b k\u0101 <strong>adiab\u0101tiskie dzes\u0113t\u0101ji<\/strong>, ir ide\u0101ls risin\u0101jums, lai rad\u012btu m\u0113renu vidi bez smagas uzst\u0101d\u012b\u0161anas un p\u0101rm\u0113r\u012bga ener\u0123ijas pat\u0113ri\u0146a. At\u0161\u0137ir\u012bb\u0101 no parastajiem gaisa kondicionieriem tiem nav nepiecie\u0161ama dzes\u0113\u0161anas \u0137\u0113de, tie nepat\u0113r\u0113 e\u013c\u013cu vai g\u0101zi un neizvada karstu gaisu uz \u0101ru. T\u0101 ir dabiska tehnolo\u0123ija, kuras pamat\u0101 ir vienk\u0101r\u0161s, bet sp\u0113c\u012bgs princips:<strong>\u016bdens iztvaiko\u0161ana <\/strong>\u0101tri, ekonomiski un ekolo\u0123iski pazemina apk\u0101rt\u0113j\u0101s vides temperat\u016bru.  <\/p>\n\n<p><\/p>\n\n<div class=\"wp-block-columns is-layout-flex wp-container-core-columns-is-layout-28f84493 wp-block-columns-is-layout-flex\">\n<div class=\"wp-block-column is-layout-flow wp-block-column-is-layout-flow\" style=\"flex-basis:66.66%\">\n<h3 class=\"wp-block-heading\">Apr\u012bkojums, kas paredz\u0113ts pas\u0101kumu vajadz\u012bb\u0101m<\/h3>\n\n\n\n<p><strong>OberA pied\u0101v\u0101tie gaisa dzes\u0113t\u0101ji<\/strong> ir \u012bpa\u0161i atlas\u012bti, lai atbilstu pagaidu vides ierobe\u017eojumiem: kompaktums, jauda, mobilit\u0101te uz rite\u0146iem, ilga autonomija, pateicoties integr\u0113taj\u0101m \u016bdens tvertn\u0113m, un, pats galvenais, pier\u0101d\u012bta dzes\u0113\u0161anas efektivit\u0101te.<\/p>\n\n\n\n<blockquote class=\"wp-block-quote is-layout-flow wp-block-quote-is-layout-flow\">\n<p><em>Dabiski v\u0113s\u0101ks gaiss bez tehniskiem ierobe\u017eojumiem: OberA mobilie gaisa atsvaidzin\u0101t\u0101ji nodro\u0161ina<\/em><strong><em> t\u016bl\u012bt\u0113ju svaigumu<\/em><\/strong><em>Tos ir vienk\u0101r\u0161i uzst\u0101d\u012bt, nav nepiecie\u0161ami lieli elektriskie t\u012bkli vai sare\u017e\u0123\u012bta apkope.<\/em><\/p>\n<\/blockquote>\n\n\n\n<p>Tos var izmantot visu veidu pas\u0101kumos, s\u0101kot no atspirdzin\u0101jumu stenda nakts tirdzi\u0146\u0101 l\u012bdz VIP zonai koncert\u0101 vai tirdzniec\u012bbas izst\u0101des ejai. T\u0101s ir <strong>\u0101tri un vienk\u0101r\u0161i lietojamas<\/strong>, t\u0101p\u0113c organizatori var koncentr\u0113ties uz svar\u012bg\u0101ko &#8211; pas\u0101kuma raitu norisi. <\/p>\n\n\n\n<h2 class=\"wp-block-heading\">K\u0101dos pas\u0101kumos nepiecie\u0161ams gaisa dzes\u0113t\u0101js?<\/h2>\n\n\n\n<ul class=\"wp-block-list\">\n<li><strong>\u0101ra pas\u0101kumi <\/strong>(k\u0101zas, festiv\u0101li, koncerti, tirgi): atkl\u0101t\u0101 vid\u0113 gaisa atsvaidzin\u0101t\u0101ji var rad\u012bt v\u0113sas zonas, pied\u0101v\u0101jot dal\u012bbniekiem patv\u0113rumu no karstuma.<\/li>\n\n\n\n<li><strong>Pas\u0101kumi zem telt\u012bm vai sl\u0113gt\u0101s telp\u0101s<\/strong> (gadatirgi, izst\u0101des, konferences): sl\u0113gt\u0101s telp\u0101s \u0161\u012bs iek\u0101rtas nodro\u0161ina svaiga gaisa cirkul\u0101ciju, uzlabojot gaisa kvalit\u0101ti un siltuma komfortu.<\/li>\n\n\n\n<li><strong>\u012apa\u0161as zonas<\/strong> (VIP zonas, skatuves, trib\u012bnes, atspirdzin\u0101jumu zonas): gaisa dzes\u0113t\u0101jus var strat\u0113\u0123iski izvietot t\u0101, lai tie b\u016btu paredz\u0113ti konkr\u0113t\u0101m zon\u0101m, kur\u0101s nepiecie\u0161ama \u012bpa\u0161a dzes\u0113\u0161ana.<\/li>\n<\/ul>\n\n\n\n<p><\/p>\n<\/div>\n\n\n\n<div class=\"wp-block-column is-layout-flow wp-block-column-is-layout-flow\" style=\"flex-basis:33.33%\">\n<figure class=\"wp-block-image aligncenter size-large is-resized\"><img decoding=\"async\" width=\"1024\" height=\"681\" src=\"https:\/\/obera.fr\/wp-content\/uploads\/2025\/07\/mva-samedi-16-1024x681.jpg\" alt=\"mva sestdiena 16\" class=\"wp-image-119364\" style=\"width:242px;height:auto\" srcset=\"https:\/\/obera.fr\/wp-content\/uploads\/2025\/07\/mva-samedi-16-1024x681.jpg 1024w, https:\/\/obera.fr\/wp-content\/uploads\/2025\/07\/mva-samedi-16-300x200.jpg 300w, https:\/\/obera.fr\/wp-content\/uploads\/2025\/07\/mva-samedi-16-768x511.jpg 768w, https:\/\/obera.fr\/wp-content\/uploads\/2025\/07\/mva-samedi-16-1536x1022.jpg 1536w, https:\/\/obera.fr\/wp-content\/uploads\/2025\/07\/mva-samedi-16-2048x1363.jpg 2048w\" sizes=\"(max-width: 1024px) 100vw, 1024px\" \/><\/figure>\n\n\n\n<p><\/p>\n\n\n\n<figure class=\"wp-block-image aligncenter size-large is-resized\"><img decoding=\"async\" width=\"1024\" height=\"1024\" src=\"https:\/\/obera.fr\/wp-content\/uploads\/2025\/06\/4-2-1024x1024.png\" alt=\"Vizu&#x101;lais 2.0 festiv&#x101;ls\" class=\"wp-image-115927\" style=\"width:249px;height:auto\" srcset=\"https:\/\/obera.fr\/wp-content\/uploads\/2025\/06\/4-2-1024x1024.png 1024w, https:\/\/obera.fr\/wp-content\/uploads\/2025\/06\/4-2-300x300.png 300w, https:\/\/obera.fr\/wp-content\/uploads\/2025\/06\/4-2-150x150.png 150w, https:\/\/obera.fr\/wp-content\/uploads\/2025\/06\/4-2-768x768.png 768w, https:\/\/obera.fr\/wp-content\/uploads\/2025\/06\/4-2.png 1200w\" sizes=\"(max-width: 1024px) 100vw, 1024px\" \/><\/figure>\n\n\n\n<p><\/p>\n\n\n\n<figure class=\"wp-block-image aligncenter size-large is-resized\"><img decoding=\"async\" width=\"1024\" height=\"683\" src=\"https:\/\/obera.fr\/wp-content\/uploads\/2025\/07\/gk8a2996-2-1024x683.jpg\" alt=\"gk8a2996 2\" class=\"wp-image-119249\" style=\"width:243px;height:auto\" srcset=\"https:\/\/obera.fr\/wp-content\/uploads\/2025\/07\/gk8a2996-2-1024x683.jpg 1024w, https:\/\/obera.fr\/wp-content\/uploads\/2025\/07\/gk8a2996-2-300x200.jpg 300w, https:\/\/obera.fr\/wp-content\/uploads\/2025\/07\/gk8a2996-2-768x512.jpg 768w, https:\/\/obera.fr\/wp-content\/uploads\/2025\/07\/gk8a2996-2-1536x1024.jpg 1536w, https:\/\/obera.fr\/wp-content\/uploads\/2025\/07\/gk8a2996-2-2048x1365.jpg 2048w\" sizes=\"(max-width: 1024px) 100vw, 1024px\" \/><\/figure>\n<\/div>\n<\/div>\n\n<h2 class=\"wp-block-heading\">K\u0101 darbojas gaisa atsvaidzin\u0101t\u0101ji?<\/h2>\n\n<h3 class=\"wp-block-heading\">\u016adens iztvaiko\u0161anas princips: dabiska un efekt\u012bva tehnolo\u0123ija<\/h3>\n\n<p><strong>OberA pied\u0101v\u0101tie gaisa atsvaidzin\u0101t\u0101ji<\/strong> izmanto adiabata principu, kad siltais gaiss tiek iepludin\u0101ts un izpl\u016bst caur mitrin\u0101tiem filtr\u0113jo\u0161iem filtr\u0113jo\u0161iem materi\u0101liem. \u016adens iztvaiko\u0161ana absorb\u0113 siltumu, radot v\u0113s\u0101ku gaisu, kas tiek izklied\u0113ts vis\u0101 telp\u0101. <\/p>\n\n<h3 class=\"wp-block-heading\">K\u0101da ir at\u0161\u0137ir\u012bba starp ventilatoriem un gaisa kondicionieriem?<\/h3>\n\n<p>At\u0161\u0137ir\u012bb\u0101 no ventilatoriem, kas vienk\u0101r\u0161i<strong> <\/strong>Gaisa atsvaidzin\u0101t\u0101ji, <a href=\"https:\/\/obera.fr\/lv\/musu-padoms\/rafraichisseur-air-basse-temperature\/\">iekustinot siltu gaisu, nemainot t\u0101 temperat\u016bru<\/a>, faktiski pazemina apk\u0101rt\u0113j\u0101s vides temperat\u016bru, pateicoties iztvaiko\u0161anas miglo\u0161anas sist\u0113mai. Tie rada t\u016bl\u012bt\u0113ju, dabisku svaiguma saj\u016btu pat \u0101r\u0101 vai pagaidu b\u016bv\u0113s, kur ventilatori nav efekt\u012bvi. <\/p>\n\n<p><\/p>\n\n<p>Savuk\u0101rt gaisa kondicionieriem <strong>ir nepiecie\u0161ama stacion\u0101ra uzst\u0101d\u012b\u0161ana<\/strong>, jaud\u012bga elektroapg\u0101de un karst\u0101 gaisa novad\u012b\u0161anas sist\u0113ma. Tie ir efekt\u012bvi, bet nav \u012bpa\u0161i piem\u0113roti vienreiz\u0113jiem pas\u0101kumiem, br\u012bvdabas pas\u0101kumiem vai pas\u0101kumiem zem telts. Dzes\u0113t\u0101jus ir vienk\u0101r\u0161\u0101k uzst\u0101d\u012bt, tie pat\u0113r\u0113 maz\u0101k ener\u0123ijas un neizmanto ne g\u0101zi, ne naftu. Tie ir mobila, ekonomiska un videi draudz\u012bga alternat\u012bva. Tie\u0161i \u0161\u012b <strong>unik\u0101l\u0101 efektivit\u0101tes<\/strong>, vienk\u0101r\u0161\u012bbas un elast\u012bbas <strong>kombin\u0101cija<\/strong> padara gaisa dzes\u0113t\u0101jus par vispiem\u0113rot\u0101ko risin\u0101jumu, lai garant\u0113tu komfortu un svaigumu j\u016bsu pas\u0101kumos.    <br\/><\/p>\n\n<h2 class=\"wp-block-heading\">Pas\u0101kumu gaisa dzes\u0113t\u0101ju priek\u0161roc\u012bbas<\/h2>\n\n<div class=\"wp-block-columns is-layout-flex wp-container-core-columns-is-layout-28f84493 wp-block-columns-is-layout-flex\">\n<div class=\"wp-block-column is-layout-flow wp-block-column-is-layout-flow\" style=\"flex-basis:33.33%\">\n<figure class=\"wp-block-image aligncenter size-large is-resized\"><img decoding=\"async\" width=\"1024\" height=\"1024\" src=\"https:\/\/obera.fr\/wp-content\/uploads\/2025\/01\/image-avantages-1024x1024.jpg\" alt=\"att&#x113;la priek&#x161;roc&#x12B;bas\" class=\"wp-image-57732\" style=\"width:167px;height:auto\" srcset=\"https:\/\/obera.fr\/wp-content\/uploads\/2025\/01\/image-avantages-1024x1024.jpg 1024w, https:\/\/obera.fr\/wp-content\/uploads\/2025\/01\/image-avantages-300x300.jpg 300w, https:\/\/obera.fr\/wp-content\/uploads\/2025\/01\/image-avantages-150x150.jpg 150w, https:\/\/obera.fr\/wp-content\/uploads\/2025\/01\/image-avantages-768x768.jpg 768w, https:\/\/obera.fr\/wp-content\/uploads\/2025\/01\/image-avantages-400x400.jpg 400w, https:\/\/obera.fr\/wp-content\/uploads\/2025\/01\/image-avantages-600x600.jpg 600w, https:\/\/obera.fr\/wp-content\/uploads\/2025\/01\/image-avantages.jpg 1200w\" sizes=\"(max-width: 1024px) 100vw, 1024px\" \/><\/figure>\n<\/div>\n\n\n\n<div class=\"wp-block-column is-layout-flow wp-block-column-is-layout-flow\" style=\"flex-basis:66.66%\">\n<ul class=\"wp-block-list\">\n<li><strong>T\u016bl\u012bt\u0113ja temperat\u016bras pazemin\u0101\u0161ana<\/strong> atkl\u0101t\u0101s vai da\u013c\u0113ji atkl\u0101t\u0101s viet\u0101s ;<\/li>\n\n\n\n<li>Nav nepiecie\u0161ama g\u0101ze, e\u013c\u013ca vai sare\u017e\u0123\u012bta uzst\u0101d\u012b\u0161ana;<\/li>\n\n\n\n<li>Zems ener\u0123ijas pat\u0113ri\u0146\u0161, ide\u0101li piem\u0113rots viet\u0101m ar ierobe\u017eotu ener\u0123ijas padevi;<\/li>\n\n\n\n<li>Piln\u012bga mobilit\u0101te: viegli p\u0101rvietot no vienas telpas uz citu;<\/li>\n\n\n\n<li>Vienk\u0101r\u0161a ekspluat\u0101cija, nav smagas apkopes;<\/li>\n\n\n\n<li>Ekolo\u0123isks risin\u0101jums, kura pamat\u0101 ir dabiska \u016bdens izmanto\u0161ana.<\/li>\n<\/ul>\n<\/div>\n<\/div>\n\n<p><em>Eksperta teiktais: pat\u0113r\u0113 l\u012bdz pat 10 rei\u017eu maz\u0101k elektroener\u0123ijas nek\u0101 tradicion\u0101lie gaisa kondicionieri, OberA.<\/em><strong><em> OberA gaisa atsvaidzin\u0101t\u0101ji ir ekolo\u0123iska alternat\u012bva<\/em><\/strong><em>T\u0101 k\u0101 tie nerada siltumn\u012bcefekta g\u0101zu emisijas, tie ir lieliski piem\u0113roti pas\u0101kumu nozares vajadz\u012bb\u0101m.<\/em><\/p>\n\n<p><\/p>\n\n<h2 class=\"wp-block-heading\">K\u0101 izv\u0113l\u0113ties gaisa dzes\u0113t\u0101ju pas\u0101kumam?<\/h2>\n\n<p>Katram pas\u0101kumam ir savi <strong>specifiski ierobe\u017eojumi<\/strong>: plat\u012bba, konfigur\u0101cija, ilgums, auditorijas bl\u012bvums u. c. Lai garant\u0113tu optim\u0101lu efektivit\u0101ti un past\u0101v\u012bgu komfortu, ir svar\u012bgi izv\u0113l\u0113ties modeli, kas ir piel\u0101gots j\u016bsu re\u0101laj\u0101m vajadz\u012bb\u0101m. L\u016bk, galvenie krit\u0113riji, kas j\u0101\u0146em v\u0113r\u0101. <\/p>\n\n<h3 class=\"wp-block-heading\">Dzes\u0113\u0161anas jauda un gaisa pl\u016bsmas \u0101trums<\/h3>\n\n<p>Ir svar\u012bgi izv\u0113l\u0113ties ier\u012bci ar gaisa pl\u016bsmas \u0101trumu, kas <strong>atbilst dzes\u0113jam\u0101s telpas lielumam<\/strong>. Piem\u0113ram, <a href=\"https:\/\/obera.fr\/lv\/produits\/rafraichisseurs-air\/rafraichisseurs-par-evaporation-ic\/\">OberA IC30 modelis IC30<\/a> pied\u0101v\u0101 30 000 m\u00b3\/h gaisa pl\u016bsmu, kas ir piem\u0113rota plat\u012bb\u0101m no 200 l\u012bdz 400 m\u00b2. <\/p>\n\n<h3 class=\"wp-block-heading\">Autonomija un tvertnes ietilp\u012bba<\/h3>\n\n<p><strong> Liela ietilp\u012bbas<\/strong> tvertne<strong> nodro\u0161ina ilg\u0101ku autonomiju<\/strong>. M\u016bsu dzes\u0113t\u0101ju kl\u0101st\u0101, piem\u0113ram, IC30 modelim ir 280 l tvertne, kas nodro\u0161ina 7 stundu autonomiju. <\/p>\n\n<h3 class=\"wp-block-heading\">Viegla transport\u0113\u0161ana, uzst\u0101d\u012b\u0161ana un apkope<\/h3>\n\n<p>OberA dzes\u0113t\u0101ji ir <strong>kompaktas, mobilas iek\u0101rtas, kas<\/strong> paredz\u0113tas \u0101trai uzst\u0101d\u012b\u0161anai un vienk\u0101r\u0161otai apkopei. To konstrukcija ir ide\u0101li piem\u0113rota pagaidu lieto\u0161anai. <\/p>\n\n<h3 class=\"wp-block-heading\">Pas\u0101kumiem piel\u0101gots OberA apr\u012bkojums<\/h3>\n\n<p>OberA pied\u0101v\u0101 pla\u0161u gaisa dzes\u0113t\u0101ju kl\u0101stu, kas atbilst katra pas\u0101kuma \u012bpa\u0161aj\u0101m vajadz\u012bb\u0101m.<\/p>\n\n<ul class=\"wp-block-list\">\n<li>IC12: kompakts un mobils, ide\u0101li piem\u0113rots plat\u012bb\u0101m l\u012bdz 100 m\u00b2.<br\/><\/li>\n\n\n\n<li>IC22: univers\u0101ls, piem\u0113rots telp\u0101m no 100 l\u012bdz 200 m\u00b2.<br\/><\/li>\n\n\n\n<li>IC30: augsta veiktsp\u0113ja, paredz\u0113ts 200 l\u012bdz 400 m\u00b2 plat\u012bb\u0101m.<br\/><\/li>\n<\/ul>\n\n<blockquote class=\"wp-block-quote is-layout-flow wp-block-quote-is-layout-flow\">\n<p><em>OberA stipr\u0101s puses: neatkar\u012bgi no t\u0101, vai m\u016bsu risin\u0101jumi ir paredz\u0113ti nomai vai ieg\u0101dei, tie ir izstr\u0101d\u0101ti t\u0101, lai piel\u0101gotos j\u016bsu \u012bpa\u0161aj\u0101m vajadz\u012bb\u0101m. Uz   <\/em><strong><em>nodro\u0161in\u0101t j\u016bsu pas\u0101kumu pan\u0101kumus<\/em><\/strong><em>M\u0113s pieg\u0101d\u0101sim j\u016bsu apr\u012bkojumu \u0101tri un tie\u0161i uz pas\u0101kuma norises vietu. Visbeidzot, bet ne maz\u0101k svar\u012bgi, m\u0113s nodro\u0161in\u0101m tehnisko atbalstu j\u016bsu apr\u012bkojuma uzst\u0101d\u012b\u0161anai un apkopei. <\/em><br\/><\/p>\n<\/blockquote>\n\n<h2 class=\"wp-block-heading\">OberA risin\u0101jumu sal\u012bdzino\u0161\u0101 tabula<\/h2>\n\n<figure class=\"wp-block-table\"><table class=\"has-fixed-layout\"><tbody><tr><td>Modelis<\/td><td>Gaisa pl\u016bsmas \u0101trums (m\u00b3\/h)<\/td><td>Segt\u0101 plat\u012bba (m\u00b2)<\/td><td>Tvertnes tilpums (L)<\/td><td>Autonomija (stundas)<\/td><td>Trok\u0161\u0146a l\u012bmenis (dB)<\/td><\/tr><tr><td>IC12<\/td><td>12 000 m\u00b3\/h<\/td><td>80 l\u012bdz 150 m\u00b2 plat\u012bba<\/td><td>70 L<\/td><td>8h<\/td><td>63 dB<\/td><\/tr><tr><td>IC22<\/td><td>22 000 m\u00b3\/h<\/td><td>L\u012bdz 250 m\u00b2 plat\u012bba<\/td><td>130 L<\/td><td>8h<\/td><td>68 dB<\/td><\/tr><tr><td>IC30<\/td><td>30 000 m\u00b3\/h<\/td><td>200 l\u012bdz 400 m\u00b2 plat\u012bba<\/td><td>280 L<\/td><td>7h<\/td><td>70 dB<\/td><\/tr><\/tbody><\/table><\/figure>\n\n<h2 class=\"wp-block-heading\">K\u0101p\u0113c izv\u0113l\u0113ties OberA saviem pas\u0101kumiem?<\/h2>\n\n<ul class=\"wp-block-list\">\n<li><strong>Izstr\u0101d\u0101jumi, kas p\u0101rbaud\u012bti<\/strong> vispras\u012bg\u0101kaj\u0101s vid\u0113s (r\u016bpniec\u012bb\u0101, b\u016bvlaukumos, pas\u0101kumos);<br\/><\/li>\n\n\n\n<li><strong>\u0100tra reakcija uz j\u016bsu piepras\u012bjumiem ar pieg\u0101di<\/strong> uz vietas 24 l\u012bdz 72 stundu laik\u0101 atkar\u012bb\u0101 no re\u0123iona;<br\/><\/li>\n\n\n\n<li><strong>Ekspertu atbalsts no<\/strong> j\u016bsu vajadz\u012bbu<strong>defin\u0113\u0161anas l\u012bdz<\/strong> risin\u0101juma ievie\u0161anai;<br\/><\/li>\n<\/ul>\n\n<p>atsauc\u012bgs klientu apkalpo\u0161anas dienests, kas jebkur\u0101 laik\u0101 pieejams pa e-pastu vai t\u0101lruni.<\/p>\n","protected":false},"excerpt":{"rendered":"<p>Pas\u0101kumu nozar\u0113 komandu un dal\u012bbnieku term\u0101l\u0101 komforta garant\u0113\u0161ana ir \u013coti svar\u012bga, lai j\u016bsu pas\u0101kumi norit\u0113tu veiksm\u012bgi.  <\/p>\n","protected":false},"author":13,"featured_media":113691,"comment_status":"open","ping_status":"closed","sticky":false,"template":"","format":"standard","meta":{"_acf_changed":false,"_seopress_robots_primary_cat":"none","_seopress_titles_title":"Pas\u0101kuma gaisa dzes\u0113t\u0101js Es ieg\u0101d\u0101jos un nom\u0101ju","_seopress_titles_desc":"Izv\u0113lieties r\u016bpniecisk\u0101s klases gaisa atsvaidzin\u0101t\u0101jus saviem pas\u0101kumiem: mobilus, jaud\u012bgus un ekonomiskus. \u0100tra pieg\u0101de, konkur\u0113tsp\u0113j\u012bgas cenas, konsult\u0101cijas p\u0113c pas\u016bt\u012bjuma.","_seopress_robots_index":"","footnotes":""},"categories":[444],"tags":[418],"class_list":["post-109291","post","type-post","status-publish","format-standard","has-post-thumbnail","hentry","category-maksla-izklaide-un-atputa","tag-dzesetaji","generate-columns","tablet-grid-50","mobile-grid-100","grid-parent","grid-50","no-featured-image-padding","resize-featured-image"],"acf":[],"_links":{"self":[{"href":"https:\/\/obera.fr\/lv\/wp-json\/wp\/v2\/posts\/109291","targetHints":{"allow":["GET"]}}],"collection":[{"href":"https:\/\/obera.fr\/lv\/wp-json\/wp\/v2\/posts"}],"about":[{"href":"https:\/\/obera.fr\/lv\/wp-json\/wp\/v2\/types\/post"}],"author":[{"embeddable":true,"href":"https:\/\/obera.fr\/lv\/wp-json\/wp\/v2\/users\/13"}],"replies":[{"embeddable":true,"href":"https:\/\/obera.fr\/lv\/wp-json\/wp\/v2\/comments?post=109291"}],"version-history":[{"count":2,"href":"https:\/\/obera.fr\/lv\/wp-json\/wp\/v2\/posts\/109291\/revisions"}],"predecessor-version":[{"id":122224,"href":"https:\/\/obera.fr\/lv\/wp-json\/wp\/v2\/posts\/109291\/revisions\/122224"}],"wp:featuredmedia":[{"embeddable":true,"href":"https:\/\/obera.fr\/lv\/wp-json\/wp\/v2\/media\/113691"}],"wp:attachment":[{"href":"https:\/\/obera.fr\/lv\/wp-json\/wp\/v2\/media?parent=109291"}],"wp:term":[{"taxonomy":"category","embeddable":true,"href":"https:\/\/obera.fr\/lv\/wp-json\/wp\/v2\/categories?post=109291"},{"taxonomy":"post_tag","embeddable":true,"href":"https:\/\/obera.fr\/lv\/wp-json\/wp\/v2\/tags?post=109291"}],"curies":[{"name":"wp","href":"https:\/\/api.w.org\/{rel}","templated":true}]}}