{"id":114879,"date":"2025-06-23T14:29:46","date_gmt":"2025-06-23T12:29:46","guid":{"rendered":"https:\/\/obera.fr\/nase-rada\/jeunes-tailleurs-refusent-ateliers-poussiereux\/"},"modified":"2025-07-08T14:05:16","modified_gmt":"2025-07-08T12:05:16","slug":"jeunes-tailleurs-refusent-ateliers-poussiereux","status":"publish","type":"post","link":"https:\/\/obera.fr\/lv\/musu-padoms\/jeunes-tailleurs-refusent-ateliers-poussiereux\/","title":{"rendered":"Jaunie \u0161uv\u0113ji atsak\u0101s no putek\u013cain\u0101m darbn\u012bc\u0101m: paaud\u017eu mai\u0146a?"},"content":{"rendered":"\n<p>\u0160\u016b\u0161anas un \u0161\u016b\u0161anas darbn\u012bcas tradicion\u0101li asoci\u0113jas ar <strong>fizisku<\/strong> darbu, kas <strong>da\u017ek\u0101rt tiek uzskat\u012bts par skarbu<\/strong>, un to t\u0113ls jau sen ir iespr\u016bdis pag\u0101tn\u0113: putek\u013ci, bl\u0101vs apgaismojums, garas atk\u0101rtojo\u0161a darba stundas. Ta\u010du \u0161is t\u0113ls main\u0101s. Jaun\u0101 jauno \u0161uv\u0113ju paaudze &#8211; aizraut\u012bga, ambicioza un saist\u012bta &#8211; pieprasa<strong> m\u016bsdien\u012bgus,<\/strong> rado\u0161us un atalgojumu sniedzo\u0161us darba apst\u0101k\u013cus.    <\/p>\n\n<h2 class=\"wp-block-heading\">Jaun\u0101 paaudze, kas satricina situ\u0101ciju  <\/h2>\n\n<p>Ir pag\u0101ju\u0161i laiki, kad darbn\u012bcas bija tum\u0161as un novecojo\u0161as.<strong>Jaunie talanti<\/strong> v\u0113las gai\u0161as, ergonomiskas telpas, kas paredz\u0113tas ne tikai rad\u012b\u0161anai, bet ar\u012b apmai\u0146ai un m\u0101c\u012bb\u0101m. Vi\u0146i v\u0113las ne tikai \u201cdar\u012bt\u201d, bet ar\u012b \u201csaprast\u201d, \u201crad\u012bt jaunin\u0101jumus\u201d un \u201cizpausties\u201d.    <\/p>\n\n<p>\u0160\u012bs p\u0101rmai\u0146as <strong>ietekm\u0113 ne tikai darba vidi,<\/strong> bet ar\u012b to, k\u0101 tiek uztverta profesija. Daudziem jaunie\u0161iem b\u016bt dr\u0113bniekam vairs nenoz\u012bm\u0113 tikai reproduc\u0113t sen\u0101s prasmes, bet ar\u012b att\u012bst\u012bt t\u0101s, piel\u0101gojot m\u016bsdienu pras\u012bb\u0101m &#8211; gan ilgtsp\u0113jas, gan stila, gan tehnolo\u0123iju zi\u0146\u0101.   <\/p>\n\n<h2 class=\"wp-block-heading\">OberA, n\u0101kamo paaud\u017eu partneris  <\/h2>\n\n<p>Uz\u0146\u0113mum\u0101 <strong>OberA<\/strong> m\u0113s jau sen esam sapratu\u0161i, cik svar\u012bga ir \u0161\u012b transform\u0101cija. T\u0101p\u0113c m\u0113s akt\u012bvi sadarbojamies ar jaunajiem amatniekiem un amatniec\u0113m, pal\u012bdzot vi\u0146iem att\u012bst\u012bt savas prasmes, veicinot vi\u0146u rado\u0161umu un atbalstot vi\u0146u amb\u012bcijas.   <\/p>\n\n<p>Jau vair\u0101kus gadus esam <strong>lepni, ka esam WorldSkills partneris gan valsts, gan starptautisk\u0101 l\u012bmen\u012b<\/strong>. \u0160\u012b ap\u0146em\u0161an\u0101s atspogu\u013co m\u016bsu v\u0113lmi atbalst\u012bt izcil\u012bbu, p\u0101rnesi un inov\u0101cijas amatniec\u012bb\u0101, jo \u012bpa\u0161i tekstilr\u016bpniec\u012bb\u0101 un ap\u0123\u0113rbu ra\u017eo\u0161an\u0101.   <\/p>\n\n<p>WorldSkills ir kas vair\u0101k nek\u0101 tikai konkurss &#8211; t\u0101 ir glob\u0101la jaunie\u0161u prasmju prezent\u0101cija, vi\u0146u aizraut\u012bbas katalizators un ce\u013c\u0161 uz profesion\u0101lo atzin\u012bbu. Atbalstot \u0161os jaunie\u0161us visos posmos &#8211; no sagatavo\u0161an\u0101s l\u012bdz starptautiskajam konkursam &#8211; <strong>OberA izce\u013c jaunas \u0161uv\u0113ju profesijas sejas<\/strong>, tos, kuri \u0161odien veido n\u0101kotnes darbn\u012bcas.   <\/p>\n\n<h2 class=\"wp-block-heading\">Ce\u013c\u0101 uz ar rok\u0101m \u0161\u016btu n\u0101kotni  <\/h2>\n\n<p>\u0160\u012b paaud\u017eu mai\u0146a ir lieliska iesp\u0113ja atjaunot \u0161uv\u0113ja profesijas presti\u017eu. Protams, ar nosac\u012bjumu, ka m\u0113s pavad\u012bsim \u0161o p\u0101reju, atbalst\u012bsim v\u0113lmi m\u0101c\u012bties cit\u0101di un veidosim tiltus starp trad\u012bcij\u0101m un m\u016bsdien\u012bgumu.   <\/p>\n\n<p>OberA m\u0113s ticam \u0161ai jaunajai paaudzei. Un m\u0113s lepojamies, ka esam da\u013ca no vi\u0146u ce\u013cojuma. <\/p>\n","protected":false},"excerpt":{"rendered":"<p>\u0160\u016b\u0161anas un \u0161\u016b\u0161anas darbn\u012bcas tradicion\u0101li asoci\u0113jas ar fizisku darbu, kas da\u017ek\u0101rt tiek uzskat\u012bts par skarbu, un to t\u0113ls jau sen ir iespr\u016bdis pag\u0101tn\u0113: putek\u013ci, bl\u0101vs apgaismojums, garas atk\u0101rtojo\u0161a darba stundas. Ta\u010du \u0161is t\u0113ls main\u0101s. <\/p>\n","protected":false},"author":13,"featured_media":120486,"comment_status":"open","ping_status":"closed","sticky":false,"template":"","format":"standard","meta":{"_acf_changed":false,"_seopress_robots_primary_cat":"none","_seopress_titles_title":"Les jeunes tailleurs r\u00e9inventent l\u2019atelier : vers un m\u00e9tier modernis\u00e9","_seopress_titles_desc":"Nouvelle g\u00e9n\u00e9ration, nouveaux ateliers : les jeunes tailleurs modernisent le m\u00e9tier avec cr\u00e9ativit\u00e9, innovation et exigence. OberA les accompagne.","_seopress_robots_index":"","footnotes":""},"categories":[132],"tags":[],"class_list":["post-114879","post","type-post","status-publish","format-standard","has-post-thumbnail","hentry","category-musu-padoms","generate-columns","tablet-grid-50","mobile-grid-100","grid-parent","grid-50","no-featured-image-padding","resize-featured-image"],"acf":[],"_links":{"self":[{"href":"https:\/\/obera.fr\/lv\/wp-json\/wp\/v2\/posts\/114879","targetHints":{"allow":["GET"]}}],"collection":[{"href":"https:\/\/obera.fr\/lv\/wp-json\/wp\/v2\/posts"}],"about":[{"href":"https:\/\/obera.fr\/lv\/wp-json\/wp\/v2\/types\/post"}],"author":[{"embeddable":true,"href":"https:\/\/obera.fr\/lv\/wp-json\/wp\/v2\/users\/13"}],"replies":[{"embeddable":true,"href":"https:\/\/obera.fr\/lv\/wp-json\/wp\/v2\/comments?post=114879"}],"version-history":[{"count":1,"href":"https:\/\/obera.fr\/lv\/wp-json\/wp\/v2\/posts\/114879\/revisions"}],"predecessor-version":[{"id":114880,"href":"https:\/\/obera.fr\/lv\/wp-json\/wp\/v2\/posts\/114879\/revisions\/114880"}],"wp:featuredmedia":[{"embeddable":true,"href":"https:\/\/obera.fr\/lv\/wp-json\/wp\/v2\/media\/120486"}],"wp:attachment":[{"href":"https:\/\/obera.fr\/lv\/wp-json\/wp\/v2\/media?parent=114879"}],"wp:term":[{"taxonomy":"category","embeddable":true,"href":"https:\/\/obera.fr\/lv\/wp-json\/wp\/v2\/categories?post=114879"},{"taxonomy":"post_tag","embeddable":true,"href":"https:\/\/obera.fr\/lv\/wp-json\/wp\/v2\/tags?post=114879"}],"curies":[{"name":"wp","href":"https:\/\/api.w.org\/{rel}","templated":true}]}}