{"id":118485,"date":"2025-06-30T15:30:10","date_gmt":"2025-06-30T13:30:10","guid":{"rendered":"https:\/\/obera.fr\/nase-rada\/rafraichisseur-garage\/"},"modified":"2025-07-16T11:04:27","modified_gmt":"2025-07-16T09:04:27","slug":"rafraichisseur-garage","status":"publish","type":"post","link":"https:\/\/obera.fr\/lv\/automasinas-un-kravas-automasinas\/rafraichisseur-garage\/","title":{"rendered":"Karstums automa\u0161\u012bnu gar\u0101\u017e\u0101s: ikdienas izaicin\u0101jums, kas beidzot tiek kontrol\u0113ts, pateicoties OberA dzes\u0113t\u0101jiem"},"content":{"rendered":"\n<div class=\"wp-block-columns is-layout-flex wp-container-core-columns-is-layout-28f84493 wp-block-columns-is-layout-flex\">\n<div class=\"wp-block-column is-layout-flow wp-block-column-is-layout-flow\" style=\"flex-basis:66.66%\">\n<p><strong>Autob\u016bves nozare p\u0101rkarst<\/strong>, un karstums gar\u0101\u017e\u0101s un darbn\u012bc\u0101s<br\/>k\u013c\u016bst par postu nozares profesion\u0101\u013ciem.<br\/><br\/>Katru vasaru darbn\u012bc\u0101s karstums \u0101tri k\u013c\u016bst par <strong>b\u016btisku \u0161\u0137\u0113rsli meh\u0101ni\u0137iem<\/strong>, ietekm\u0113jot vi\u0146u vesel\u012bbu, dro\u0161\u012bbu un produktivit\u0101ti.<br\/><br\/>Karstuma vi\u013c\u0146i Francij\u0101 k\u013c\u016bst arvien bie\u017e\u0101ki un intens\u012bv\u0101ki. Saska\u0146\u0101 ar M\u00e9t\u00e9o France datiem p\u0113d\u0113jo 20 gadu laik\u0101<strong> valst\u012b ir biju\u0161as 8 no 10 karst\u0101kaj\u0101m vasar\u0101m<\/strong> kop\u0161 1900. gada. <\/p>\n<\/div>\n\n\n\n<div class=\"wp-block-column is-layout-flow wp-block-column-is-layout-flow\" style=\"flex-basis:33.33%\">\n<figure class=\"wp-block-image aligncenter size-full is-resized\"><img decoding=\"async\" width=\"612\" height=\"612\" src=\"https:\/\/obera.fr\/wp-content\/uploads\/2025\/06\/istockphoto-629496278-612x612-1.jpg\" alt=\"Automa&#x161;&#x12B;nu gar&#x101;&#x17E;a\" class=\"wp-image-118791\" style=\"width:326px;height:auto\" srcset=\"https:\/\/obera.fr\/wp-content\/uploads\/2025\/06\/istockphoto-629496278-612x612-1.jpg 612w, https:\/\/obera.fr\/wp-content\/uploads\/2025\/06\/istockphoto-629496278-612x612-1-300x300.jpg 300w, https:\/\/obera.fr\/wp-content\/uploads\/2025\/06\/istockphoto-629496278-612x612-1-150x150.jpg 150w\" sizes=\"(max-width: 612px) 100vw, 612px\" \/><\/figure>\n<\/div>\n<\/div>\n\n<h2 class=\"wp-block-heading\">Ekstrem\u0101las temperat\u016bras slikti izol\u0113t\u0101s darbn\u012bc\u0101s<\/h2>\n\n<p><a href=\"https:\/\/obera.fr\/lv\/nase-rada\/rafraichisseur-production-automobile\/\">Automa\u0161\u012bnu gar\u0101\u017eas un darbn\u012bcas bie\u017ei vien ir slikti v\u0113din\u0101mas<\/a>, da\u013c\u0113ji atv\u0113rtas, taj\u0101s ir iek\u0101rtas, kas izdala augstu temperat\u016bru, piem\u0113ram, karsti dzin\u0113ji, hidrauliskie tilti, kompresori u. c.<br\/>Karstuma vi\u013c\u0146a laik\u0101 <strong>apk\u0101rt\u0113j\u0101 temperat\u016bra <\/strong>sl\u0113gt\u0101s darbn\u012bc\u0101s vai pie atv\u0113rt\u0101m durv\u012bm <strong>var viegli sasniegt 35 l\u012bdz 45 \u00b0C, <\/strong>k\u0101 rezult\u0101t\u0101 \u0101r\u0101 ir dusino\u0161a temperat\u016bra.<br\/><br\/>\u0160\u0101dai augstajai temperat\u016brai ir konkr\u0113tas sekas automeh\u0101ni\u0137iem:  <\/p>\n\n<ul class=\"wp-block-list\">\n<li><strong>Vesel\u012bbas probl\u0113mas<\/strong> \u2192 karstuma d\u016briens, dehidrat\u0101cija un slikta pa\u0161saj\u016bta atk\u0101rtojas.<\/li>\n\n\n\n<li><strong>Samazin\u0101ta koncentr\u0101cija<\/strong> \u2192 karstums palielina tehnisko k\u013c\u016bdu risku<\/li>\n\n\n\n<li><strong>Ietekme uz visp\u0101r\u0113jo sniegumu<\/strong> \u2192 samazin\u0101ta izlaide, efektivit\u0101tes zudums, \u012bslaic\u012bga darba nesp\u0113ja<\/li>\n\n\n\n<li><strong>Sekas komand\u0101m<\/strong> \u2192 liel\u0101ka main\u012bba, bie\u017ea aizvieto\u0161ana.<\/li>\n<\/ul>\n\n<p><\/p>\n\n<h2 class=\"wp-block-heading\">Izm\u0113\u0123in\u0101ts un p\u0101rbaud\u012bts risin\u0101jums: OberA r\u016bpnieciskie gaisa dzes\u0113t\u0101ji<\/h2>\n\n<p>OberA nodro\u0161ina augstas veiktsp\u0113jas, iztur\u012bgu un viegli uzst\u0101d\u0101mu dzes\u0113\u0161anas risin\u0101jumu. M\u016bsu IC dzes\u0113t\u0101ju kl\u0101sts ir lieliski <strong>piem\u0113rots automobi\u013cu videi,<\/strong> piem\u0113ram, gar\u0101\u017e\u0101m un tehnisk\u0101s apkopes, remonta un ra\u017eo\u0161anas darbn\u012bc\u0101m. <\/p>\n\n<p><br\/>M\u016bsu IC ir piem\u0113rotas virsm\u0101m no 80 l\u012bdz 400 m\u00b2, un t\u0101s pied\u0101v\u0101 j\u016bsu nozarei :<br\/><\/p>\n\n<ul class=\"wp-block-list\">\n<li>Tehnolo\u0123iska inov\u0101cija, kuras pamat\u0101 ir v\u0113sturisks un dabisks princips &#8211; \u016bdens iztvaiko\u0161ana.<\/li>\n\n\n\n<li>15 rei\u017eu zem\u0101kas ekspluat\u0101cijas izmaksas nek\u0101 gaisa kondicion\u0113\u0161anai<\/li>\n\n\n\n<li>Piln\u012bgs kl\u0101sts, kas atbilst vis\u0101m j\u016bsu vajadz\u012bb\u0101m un ierobe\u017eojumiem<\/li>\n\n\n\n<li>\u013boti zems oglek\u013ca dioks\u012bda emisijas l\u012bmenis (nav aukstuma a\u0123enta), kas neizplata siltu gaisu (nav &#8220;siltuma salas&#8221; efekta).<\/li>\n\n\n\n<li>Francij\u0101 ra\u017eotu kvalitat\u012bvu produktu kl\u0101sts<\/li>\n\n\n\n<li>Praktisks, piel\u0101gojams un mobils &#8220;plug and play&#8221; risin\u0101jums<\/li>\n\n\n\n<li>\u0100tra un rentabla apkope<\/li>\n\n\n\n<li>5 gadu garantija<br\/><\/li>\n<\/ul>\n\n<p>Pateicoties patent\u0113tajai &#8220;Pureflow&#8221; inov\u0101cijai, OberA <strong>apvieno dzes\u0113\u0161anu un att\u012br\u012b\u0161anu<\/strong>, lai garant\u0113tu izcilu gaisa kvalit\u0101ti j\u016bsu gar\u0101\u017e\u0101s un autoservisos.<\/p>\n\n<p><\/p>\n\n<div class=\"wp-block-columns is-layout-flex wp-container-core-columns-is-layout-28f84493 wp-block-columns-is-layout-flex\">\n<div class=\"wp-block-column is-layout-flow wp-block-column-is-layout-flow\">\n<h3 class=\"wp-block-heading has-text-align-center\">IC 12<\/h3>\n\n\n\n<figure class=\"wp-block-image aligncenter size-full is-resized\"><a href=\"https:\/\/obera.fr\/produits\/rafraichisseurs-air\/rafraichisseurs-par-evaporation-ic\/\"><img decoding=\"async\" width=\"1200\" height=\"1200\" src=\"https:\/\/obera.fr\/wp-content\/uploads\/2025\/04\/img-ic-12.png\" alt=\"att&#x113;ls ic 12\" class=\"wp-image-87231\" style=\"object-fit:cover;width:300px;height:300px\" srcset=\"https:\/\/obera.fr\/wp-content\/uploads\/2025\/04\/img-ic-12.png 1200w, https:\/\/obera.fr\/wp-content\/uploads\/2025\/04\/img-ic-12-300x300.png 300w, https:\/\/obera.fr\/wp-content\/uploads\/2025\/04\/img-ic-12-1024x1024.png 1024w, https:\/\/obera.fr\/wp-content\/uploads\/2025\/04\/img-ic-12-150x150.png 150w, https:\/\/obera.fr\/wp-content\/uploads\/2025\/04\/img-ic-12-768x768.png 768w\" sizes=\"(max-width: 1200px) 100vw, 1200px\" \/><\/a><\/figure>\n<\/div>\n\n\n\n<div class=\"wp-block-column is-layout-flow wp-block-column-is-layout-flow\">\n<h3 class=\"wp-block-heading has-text-align-center\">IC 22<\/h3>\n\n\n\n<figure class=\"wp-block-image aligncenter size-full is-resized\"><a href=\"https:\/\/obera.fr\/produits\/rafraichisseurs-air\/rafraichisseurs-par-evaporation-ic\/\"><img decoding=\"async\" width=\"1200\" height=\"1200\" src=\"https:\/\/obera.fr\/wp-content\/uploads\/2025\/04\/img-ic-22.png\" alt=\"att&#x113;ls ic 22\" class=\"wp-image-87254\" style=\"object-fit:cover;width:300px;height:300px\" srcset=\"https:\/\/obera.fr\/wp-content\/uploads\/2025\/04\/img-ic-22.png 1200w, https:\/\/obera.fr\/wp-content\/uploads\/2025\/04\/img-ic-22-300x300.png 300w, https:\/\/obera.fr\/wp-content\/uploads\/2025\/04\/img-ic-22-1024x1024.png 1024w, https:\/\/obera.fr\/wp-content\/uploads\/2025\/04\/img-ic-22-150x150.png 150w, https:\/\/obera.fr\/wp-content\/uploads\/2025\/04\/img-ic-22-768x768.png 768w\" sizes=\"(max-width: 1200px) 100vw, 1200px\" \/><\/a><\/figure>\n<\/div>\n\n\n\n<div class=\"wp-block-column is-layout-flow wp-block-column-is-layout-flow\">\n<h3 class=\"wp-block-heading has-text-align-center\">IC 30<\/h3>\n\n\n\n<figure class=\"wp-block-image aligncenter size-full is-resized\"><a href=\"https:\/\/obera.fr\/produits\/rafraichisseurs-air\/rafraichisseurs-par-evaporation-ic\/\"><img decoding=\"async\" width=\"1200\" height=\"1200\" src=\"https:\/\/obera.fr\/wp-content\/uploads\/2025\/04\/img-ic-30.png\" alt=\"img ic 30\" class=\"wp-image-87278\" style=\"object-fit:cover;width:300px;height:300px\" srcset=\"https:\/\/obera.fr\/wp-content\/uploads\/2025\/04\/img-ic-30.png 1200w, https:\/\/obera.fr\/wp-content\/uploads\/2025\/04\/img-ic-30-300x300.png 300w, https:\/\/obera.fr\/wp-content\/uploads\/2025\/04\/img-ic-30-1024x1024.png 1024w, https:\/\/obera.fr\/wp-content\/uploads\/2025\/04\/img-ic-30-150x150.png 150w, https:\/\/obera.fr\/wp-content\/uploads\/2025\/04\/img-ic-30-768x768.png 768w\" sizes=\"(max-width: 1200px) 100vw, 1200px\" \/><\/a><\/figure>\n<\/div>\n<\/div>\n\n<div class=\"wp-block-buttons is-content-justification-center is-layout-flex wp-container-core-buttons-is-layout-a89b3969 wp-block-buttons-is-layout-flex\">\n<div class=\"wp-block-button\"><a class=\"wp-block-button__link has-text-align-center wp-element-button\" href=\"https:\/\/obera.fr\/lv\/produits\/rafraichisseurs-air\/\"><strong>Atkl\u0101jiet m\u016bsu dzes\u0113t\u0101jus<\/strong><\/a><\/div>\n<\/div>\n\n<div style=\"height:81px\" aria-hidden=\"true\" class=\"wp-block-spacer\"><\/div>\n\n<h2 class=\"wp-block-heading\">Volkswagen Fabris autoserviss Irm\u0161tet\u0101 (67)<\/h2>\n\n<div class=\"wp-block-columns is-layout-flex wp-container-core-columns-is-layout-28f84493 wp-block-columns-is-layout-flex\">\n<div class=\"wp-block-column is-layout-flow wp-block-column-is-layout-flow\" style=\"flex-basis:80%\">\n<p><\/p>\n\n\n\n<p><strong>Gar\u0101\u017ea Volkswagen Fabris<\/strong>, kas atrodas Francijas Bas-Rhin re\u0123ion\u0101, k\u0101 katru gadu sask\u0101r\u0101s ar iev\u0113rojamu temperat\u016bras paaugstin\u0101\u0161anos sav\u0101 darbn\u012bc\u0101.<br\/>Lai uzlabotu savu meh\u0101ni\u0137u komfortu, m\u0113s ierosin\u0101j\u0101m veikt m\u016bsu IC 12 mode\u013ca testu vair\u0101ku dienu garum\u0101, lai pier\u0101d\u012btu<strong>m\u016bsu<\/strong> Made In France dzes\u0113\u0161anas<strong>risin\u0101juma efektivit\u0101ti<\/strong>.<\/p>\n\n\n\n<p><\/p>\n\n\n\n<h3 class=\"wp-block-heading\">T\u016bl\u012bt\u0113ji rezult\u0101ti<\/h3>\n\n\n\n<blockquote class=\"wp-block-quote is-layout-flow wp-block-quote-is-layout-flow\">\n<p>&#8220;Tas ir vienk\u0101r\u0161i, mani meh\u0101ni\u0137i tam netic\u0113ja, bet p\u0113c da\u017e\u0101m lieto\u0161anas min\u016bt\u0113m m\u0113s redz\u0113j\u0101m, ka temperat\u016bra iev\u0113rojami samazin\u0101j\u0101s. M\u0113s <strong>ieguv\u0101m<\/strong> ne tikai <strong>komfortu,<\/strong> bet ar\u012b efektivit\u0101ti. Atmosf\u0113ra darbn\u012bc\u0101 ir daudz mier\u012bg\u0101ka un labv\u0113l\u012bg\u0101ka darbam daudz lab\u0101kos apst\u0101k\u013cos.  <br\/><br\/>Fabris kungs, gar\u0101\u017eas FABRIS \u012bpa\u0161nieks.<\/p>\n<\/blockquote>\n<\/div>\n\n\n\n<div class=\"wp-block-column is-layout-flow wp-block-column-is-layout-flow\" style=\"flex-basis:50%\"><style>.kb-gallery-id-118196_6fa53f-8e .kadence-blocks-gallery-item .kb-gal-image-radius, .kb-gallery-id-118196_6fa53f-8e .kb-slide-item .kb-gal-image-radius img{border-radius:0px 0px 0px 0px;;}.kb-gallery-wrap-id-118196_6fa53f-8e.wp-block-kadence-advancedgallery{overflow:visible;}.kb-gallery-wrap-id-118196_6fa53f-8e.wp-block-kadence-advancedgallery .kt-blocks-carousel{overflow:visible;}<\/style><div class=\"kb-gallery-wrap-id-118196_6fa53f-8e alignnone wp-block-kadence-advancedgallery\"><div class=\"kb-gallery-ul kb-gallery-non-static kb-gallery-type-slider kb-gallery-id-118196_6fa53f-8e kb-gallery-caption-style-bottom-hover kb-gallery-filter-none\" data-image-filter=\"none\" data-lightbox-caption=\"true\"><div class=\"kt-blocks-carousel splide kt-carousel-container-dotstyle-dark kt-carousel-arrowstyle-whiteondark kt-carousel-dotstyle-dark kb-slider-group-arrow kb-slider-arrow-position-center\" data-slider-anim-speed=\"400\" data-slider-scroll=\"1\" data-slider-arrows=\"true\" data-slider-fade=\"true\" data-slider-dots=\"true\" data-slider-type=\"slider\" data-slider-hover-pause=\"false\" data-slider-auto=\"\" data-slider-speed=\"7000\" data-show-pause-button=\"false\"><div class=\"splide__track\"><ul class=\"kt-blocks-carousel-init kb-blocks-slider splide__list\"><li class=\"kb-slide-item kb-gallery-slide-item splide__slide\"><div class=\"kadence-blocks-gallery-item\"><div class=\"kadence-blocks-gallery-item-inner\"><figure class=\"kb-gallery-figure kadence-blocks-gallery-item-hide-caption\"><div class=\"kb-gal-image-radius\"><div class=\"kb-gallery-image-contain kadence-blocks-gallery-intrinsic kb-gallery-image-ratio-land32 kb-has-image-ratio-land32\" ><img decoding=\"async\" src=\"https:\/\/obera.fr\/wp-content\/uploads\/2025\/06\/raf-ic-12-secteur-automobile.3-1024x1024.png\" width=\"1024\" height=\"1024\" alt=\"raf ic 12 secteur automobile\" data-full-image=\"https:\/\/obera.fr\/wp-content\/uploads\/2025\/06\/raf-ic-12-secteur-automobile.3.png\" data-light-image=\"https:\/\/obera.fr\/wp-content\/uploads\/2025\/06\/raf-ic-12-secteur-automobile.3.png\" data-id=\"118287\" class=\"wp-image-118287 skip-lazy\" srcset=\"https:\/\/obera.fr\/wp-content\/uploads\/2025\/06\/raf-ic-12-secteur-automobile.3-1024x1024.png 1024w, https:\/\/obera.fr\/wp-content\/uploads\/2025\/06\/raf-ic-12-secteur-automobile.3-300x300.png 300w, https:\/\/obera.fr\/wp-content\/uploads\/2025\/06\/raf-ic-12-secteur-automobile.3-150x150.png 150w, https:\/\/obera.fr\/wp-content\/uploads\/2025\/06\/raf-ic-12-secteur-automobile.3-768x768.png 768w, https:\/\/obera.fr\/wp-content\/uploads\/2025\/06\/raf-ic-12-secteur-automobile.3.png 1200w\" sizes=\"(max-width: 1024px) 100vw, 1024px\" \/><\/div><\/div><\/figure><\/div><\/div><\/li><li class=\"kb-slide-item kb-gallery-slide-item splide__slide\"><div class=\"kadence-blocks-gallery-item\"><div class=\"kadence-blocks-gallery-item-inner\"><figure class=\"kb-gallery-figure kadence-blocks-gallery-item-hide-caption\"><div class=\"kb-gal-image-radius\"><div class=\"kb-gallery-image-contain kadence-blocks-gallery-intrinsic kb-gallery-image-ratio-land32 kb-has-image-ratio-land32\" ><img decoding=\"async\" src=\"https:\/\/obera.fr\/wp-content\/uploads\/2025\/06\/raf-ic-12-secteur-automobile.2-1024x1024.png\" width=\"1024\" height=\"1024\" alt=\"raf ic 12 secteur\" data-full-image=\"https:\/\/obera.fr\/wp-content\/uploads\/2025\/06\/raf-ic-12-secteur-automobile.2.png\" data-light-image=\"https:\/\/obera.fr\/wp-content\/uploads\/2025\/06\/raf-ic-12-secteur-automobile.2.png\" data-id=\"118313\" class=\"wp-image-118313 skip-lazy\" srcset=\"https:\/\/obera.fr\/wp-content\/uploads\/2025\/06\/raf-ic-12-secteur-automobile.2-1024x1024.png 1024w, https:\/\/obera.fr\/wp-content\/uploads\/2025\/06\/raf-ic-12-secteur-automobile.2-300x300.png 300w, https:\/\/obera.fr\/wp-content\/uploads\/2025\/06\/raf-ic-12-secteur-automobile.2-150x150.png 150w, https:\/\/obera.fr\/wp-content\/uploads\/2025\/06\/raf-ic-12-secteur-automobile.2-768x768.png 768w, https:\/\/obera.fr\/wp-content\/uploads\/2025\/06\/raf-ic-12-secteur-automobile.2.png 1200w\" sizes=\"(max-width: 1024px) 100vw, 1024px\" \/><\/div><\/div><\/figure><\/div><\/div><\/li><li class=\"kb-slide-item kb-gallery-slide-item splide__slide\"><div class=\"kadence-blocks-gallery-item\"><div class=\"kadence-blocks-gallery-item-inner\"><figure class=\"kb-gallery-figure kadence-blocks-gallery-item-hide-caption\"><div class=\"kb-gal-image-radius\"><div class=\"kb-gallery-image-contain kadence-blocks-gallery-intrinsic kb-gallery-image-ratio-land32 kb-has-image-ratio-land32\" ><img decoding=\"async\" src=\"https:\/\/obera.fr\/wp-content\/uploads\/2025\/06\/raf-ic-12-secteur-automobile-1024x1024.png\" width=\"1024\" height=\"1024\" alt=\"raf ic 12 secteur garage\" data-full-image=\"https:\/\/obera.fr\/wp-content\/uploads\/2025\/06\/raf-ic-12-secteur-automobile.png\" data-light-image=\"https:\/\/obera.fr\/wp-content\/uploads\/2025\/06\/raf-ic-12-secteur-automobile.png\" data-id=\"118337\" class=\"wp-image-118337 skip-lazy\" srcset=\"https:\/\/obera.fr\/wp-content\/uploads\/2025\/06\/raf-ic-12-secteur-automobile-1024x1024.png 1024w, https:\/\/obera.fr\/wp-content\/uploads\/2025\/06\/raf-ic-12-secteur-automobile-300x300.png 300w, https:\/\/obera.fr\/wp-content\/uploads\/2025\/06\/raf-ic-12-secteur-automobile-150x150.png 150w, https:\/\/obera.fr\/wp-content\/uploads\/2025\/06\/raf-ic-12-secteur-automobile-768x768.png 768w, https:\/\/obera.fr\/wp-content\/uploads\/2025\/06\/raf-ic-12-secteur-automobile.png 1200w\" sizes=\"(max-width: 1024px) 100vw, 1024px\" \/><\/div><\/div><\/figure><\/div><\/div><\/li><li class=\"kb-slide-item kb-gallery-slide-item splide__slide\"><div class=\"kadence-blocks-gallery-item\"><div class=\"kadence-blocks-gallery-item-inner\"><figure class=\"kb-gallery-figure kadence-blocks-gallery-item-hide-caption\"><div class=\"kb-gal-image-radius\"><div class=\"kb-gallery-image-contain kadence-blocks-gallery-intrinsic kb-gallery-image-ratio-land32 kb-has-image-ratio-land32\" ><img decoding=\"async\" src=\"https:\/\/obera.fr\/wp-content\/uploads\/2025\/06\/raf-ic-12-secteur-automobile.4-1024x1024.png\" width=\"1024\" height=\"1024\" alt=\"raf ic 12\" data-full-image=\"https:\/\/obera.fr\/wp-content\/uploads\/2025\/06\/raf-ic-12-secteur-automobile.4.png\" data-light-image=\"https:\/\/obera.fr\/wp-content\/uploads\/2025\/06\/raf-ic-12-secteur-automobile.4.png\" data-id=\"118361\" class=\"wp-image-118361 skip-lazy\" srcset=\"https:\/\/obera.fr\/wp-content\/uploads\/2025\/06\/raf-ic-12-secteur-automobile.4-1024x1024.png 1024w, https:\/\/obera.fr\/wp-content\/uploads\/2025\/06\/raf-ic-12-secteur-automobile.4-300x300.png 300w, https:\/\/obera.fr\/wp-content\/uploads\/2025\/06\/raf-ic-12-secteur-automobile.4-150x150.png 150w, https:\/\/obera.fr\/wp-content\/uploads\/2025\/06\/raf-ic-12-secteur-automobile.4-768x768.png 768w, https:\/\/obera.fr\/wp-content\/uploads\/2025\/06\/raf-ic-12-secteur-automobile.4.png 1200w\" sizes=\"(max-width: 1024px) 100vw, 1024px\" \/><\/div><\/div><\/figure><\/div><\/div><\/li><li class=\"kb-slide-item kb-gallery-slide-item splide__slide\"><div class=\"kadence-blocks-gallery-item\"><div class=\"kadence-blocks-gallery-item-inner\"><figure class=\"kb-gallery-figure kadence-blocks-gallery-item-hide-caption\"><div class=\"kb-gal-image-radius\"><div class=\"kb-gallery-image-contain kadence-blocks-gallery-intrinsic kb-gallery-image-ratio-land32 kb-has-image-ratio-land32\" ><img decoding=\"async\" src=\"https:\/\/obera.fr\/wp-content\/uploads\/2025\/06\/raf-ic-12-secteur-automobile.1-1024x1024.png\" width=\"1024\" height=\"1024\" alt=\"raf ic 12 secteur auto\" data-full-image=\"https:\/\/obera.fr\/wp-content\/uploads\/2025\/06\/raf-ic-12-secteur-automobile.1.png\" data-light-image=\"https:\/\/obera.fr\/wp-content\/uploads\/2025\/06\/raf-ic-12-secteur-automobile.1.png\" data-id=\"118387\" class=\"wp-image-118387 skip-lazy\" srcset=\"https:\/\/obera.fr\/wp-content\/uploads\/2025\/06\/raf-ic-12-secteur-automobile.1-1024x1024.png 1024w, https:\/\/obera.fr\/wp-content\/uploads\/2025\/06\/raf-ic-12-secteur-automobile.1-300x300.png 300w, https:\/\/obera.fr\/wp-content\/uploads\/2025\/06\/raf-ic-12-secteur-automobile.1-150x150.png 150w, https:\/\/obera.fr\/wp-content\/uploads\/2025\/06\/raf-ic-12-secteur-automobile.1-768x768.png 768w, https:\/\/obera.fr\/wp-content\/uploads\/2025\/06\/raf-ic-12-secteur-automobile.1.png 1200w\" sizes=\"(max-width: 1024px) 100vw, 1024px\" \/><\/div><\/div><\/figure><\/div><\/div><\/li><\/ul><\/div><\/div><\/div><\/div><\/div>\n<\/div>\n\n<p><br\/>P\u0113c m\u016bsu risin\u0101juma pan\u0101kumiem Volkswagen Fabris gar\u0101\u017ea izv\u0113l\u0113j\u0101s ieg\u0101d\u0101ties <strong>2 OberA dzes\u0113t\u0101jus<\/strong>, kas ir b\u016btisks solis uz priek\u0161u, lai nodro\u0161in\u0101tu meh\u0101ni\u0137u komfortu \u0161ajos atk\u0101rtotajos karstuma periodos.<\/p>\n\n<p><\/p>\n\n<h2 class=\"wp-block-heading\">Vai esat autoservisa \u012bpa\u0161nieks vai str\u0101d\u0101jat autob\u016bves nozar\u0113? Atkl\u0101jiet, k\u0101das taust\u0101mas priek\u0161roc\u012bbas sniedz svaig\u0101ks gaiss j\u016bsu darbn\u012bc\u0101<\/h2>\n\n<p>C\u012b\u0146a ar karstumu meh\u0101nisk\u0101s darbn\u012bc\u0101s vairs nav risin\u0101jums: tas ir <strong>jaut\u0101jums par vesel\u012bbu, veiktsp\u0113ju un labsaj\u016btu darba viet\u0101.<\/strong><\/p>\n\n<ul class=\"wp-block-list\">\n<li>T\u0101pat k\u0101 Garage Fabris, izm\u0113\u0123iniet vai iznom\u0101jiet m\u016bsu IC dzes\u0113t\u0101ju kl\u0101stu<\/li>\n\n\n\n<li>Sazinieties ar mums jau \u0161odien, lai \u0101tri diagnostic\u0113tu j\u016bsu r\u016bpniecisk\u0101s dzes\u0113\u0161anas vajadz\u012bbas.<\/li>\n<\/ul>\n\n<p><\/p>\n\n<p>J\u016bsu darbinieku komforts nevar gaid\u012bt, r\u012bkojieties jau tagad ar OberA risin\u0101jumiem!<\/p>\n\n<div style=\"height:51px\" aria-hidden=\"true\" class=\"wp-block-spacer\"><\/div>\n\n<div class=\"wp-block-buttons is-content-justification-center is-layout-flex wp-container-core-buttons-is-layout-a89b3969 wp-block-buttons-is-layout-flex\">\n<div class=\"wp-block-button\"><a class=\"wp-block-button__link has-text-align-center wp-element-button\" href=\"https:\/\/obera.fr\/lv\/contact\/\"><strong><strong>Sazinieties ar mums<\/strong><\/strong><\/a><\/div>\n\n\n\n<div class=\"wp-block-button\"><a class=\"wp-block-button__link has-text-align-center wp-element-button\" href=\"https:\/\/obera.fr\/lv\/location-appareil-industriel\/\"><strong><strong>M\u016bsu apr\u012bkojuma noma<\/strong><\/strong><\/a><\/div>\n<\/div>\n","protected":false},"excerpt":{"rendered":"<p>Autob\u016bves nozare p\u0101rkarst, un karstums gar\u0101\u017e\u0101s un darbn\u012bc\u0101s<br \/>\nk\u013c\u016bst par postu nozares profesion\u0101\u013ciem.<\/p>\n","protected":false},"author":13,"featured_media":120445,"comment_status":"open","ping_status":"closed","sticky":false,"template":"","format":"standard","meta":{"_acf_changed":false,"_seopress_robots_primary_cat":"none","_seopress_titles_title":"OberA dzes\u0113t\u0101ji: vairs nav karstuma automa\u0161\u012bnu gar\u0101\u017e\u0101s","_seopress_titles_desc":"OberA pied\u0101v\u0101 efekt\u012bvu risin\u0101jumu karstuma probl\u0113mai ceh\u0101: pateicoties r\u016bpnieciskajiem gaisa dzes\u0113t\u0101jiem, tiek atjaunots komforts, dro\u0161\u012bba un veiktsp\u0113ja.","_seopress_robots_index":"","footnotes":""},"categories":[584],"tags":[418],"class_list":["post-118485","post","type-post","status-publish","format-standard","has-post-thumbnail","hentry","category-automasinas-un-kravas-automasinas","tag-dzesetaji","generate-columns","tablet-grid-50","mobile-grid-100","grid-parent","grid-50","no-featured-image-padding","resize-featured-image"],"acf":[],"_links":{"self":[{"href":"https:\/\/obera.fr\/lv\/wp-json\/wp\/v2\/posts\/118485","targetHints":{"allow":["GET"]}}],"collection":[{"href":"https:\/\/obera.fr\/lv\/wp-json\/wp\/v2\/posts"}],"about":[{"href":"https:\/\/obera.fr\/lv\/wp-json\/wp\/v2\/types\/post"}],"author":[{"embeddable":true,"href":"https:\/\/obera.fr\/lv\/wp-json\/wp\/v2\/users\/13"}],"replies":[{"embeddable":true,"href":"https:\/\/obera.fr\/lv\/wp-json\/wp\/v2\/comments?post=118485"}],"version-history":[{"count":5,"href":"https:\/\/obera.fr\/lv\/wp-json\/wp\/v2\/posts\/118485\/revisions"}],"predecessor-version":[{"id":122864,"href":"https:\/\/obera.fr\/lv\/wp-json\/wp\/v2\/posts\/118485\/revisions\/122864"}],"wp:featuredmedia":[{"embeddable":true,"href":"https:\/\/obera.fr\/lv\/wp-json\/wp\/v2\/media\/120445"}],"wp:attachment":[{"href":"https:\/\/obera.fr\/lv\/wp-json\/wp\/v2\/media?parent=118485"}],"wp:term":[{"taxonomy":"category","embeddable":true,"href":"https:\/\/obera.fr\/lv\/wp-json\/wp\/v2\/categories?post=118485"},{"taxonomy":"post_tag","embeddable":true,"href":"https:\/\/obera.fr\/lv\/wp-json\/wp\/v2\/tags?post=118485"}],"curies":[{"name":"wp","href":"https:\/\/api.w.org\/{rel}","templated":true}]}}