{"id":134056,"date":"2025-11-04T11:42:40","date_gmt":"2025-11-04T09:42:40","guid":{"rendered":"https:\/\/obera.fr\/nase-rada\/iekseja-gaisa-kvalitates-merisana-nozime-un-princips\/"},"modified":"2025-11-27T21:26:00","modified_gmt":"2025-11-27T19:26:00","slug":"iekseja-gaisa-kvalitates-merisana-nozime-un-princips","status":"publish","type":"post","link":"https:\/\/obera.fr\/lv\/musu-padoms\/iekseja-gaisa-kvalitates-merisana-nozime-un-princips\/","title":{"rendered":"Iek\u0161\u0113j\u0101 gaisa kvalit\u0101tes m\u0113r\u012b\u0161ana: noz\u012bme un princips"},"content":{"rendered":"\n<p>Saska\u0146\u0101 ar PVO datiem, Francij\u0101 katru gadu ir aptuveni 50 000 n\u0101ves gad\u012bjumu, kas saist\u012bti ar <strong>gaisa pies\u0101r\u0146ojumu<\/strong>, kas ir 10 reizes vair\u0101k nek\u0101 ce\u013cu satiksmes negad\u012bjumos! Turkl\u0101t tiek l\u0113sts, ka gaiss dz\u012bvojam\u0101s telp\u0101s vai darba viet\u0101s ir 5 l\u012bdz 10 reizes pies\u0101r\u0146ot\u0101ks nek\u0101 \u0101ra vid\u0113.<\/p>\n\n<p><\/p>\n\n<p><strong>Gaisa kvalit\u0101te uz\u0146\u0113mum\u0101<\/strong> ir b\u016btisks jaut\u0101jums gan darbinieku vesel\u012bbai, gan uz\u0146\u0113mumu produktivit\u0101tei. \u0160aj\u0101 kontekst\u0101 <strong>iek\u0161telpu gaisa kvalit\u0101tes m\u0113r\u012b\u0161anas<\/strong> sist\u0113mas ievie\u0161ana ir neizb\u0113gama. K\u0101di parametri j\u0101\u0146em v\u0113r\u0101? K\u0101di ir <strong>gaisa kvalit\u0101tes uzraudz\u012bbas<\/strong> ieguvumi un k\u0101 to ieviest? Atkl\u0101jiet visus m\u016bsu padomus.    <\/p>\n\n<p><\/p>\n\n<h2 class=\"wp-block-heading\" id=\"quels-sont-les-parametres-de-la-qualite-de-l-air-interieur\">K\u0101di ir iek\u0161telpu gaisa kvalit\u0101tes parametri?<\/h2>\n\n<p><a href=\"https:\/\/obera.fr\/lv\/musu-padoms\/qualite-l-air-interieur-critere-essentiel-industrie\/\">Iek\u0161telpu gaisa kvalit\u0101tes<\/a> nov\u0113rt\u0113\u0161ana balst\u0101s uz <strong>pies\u0101r\u0146ojo\u0161o vielu noteik\u0161anu un noteiktu fizik\u0101lo v\u0113rt\u012bbu m\u0113r\u012b\u0161anu<\/strong>, piem\u0113ram, temperat\u016bru un relat\u012bvo mitrumu. <\/p>\n\n<h3 class=\"wp-block-heading\" id=\"la-concentration-en-polluants-et-particules\">Pies\u0101r\u0146ojo\u0161o vielu un da\u013ci\u0146u koncentr\u0101cija<\/h3>\n\n<p>Biroj\u0101 vai r\u016bpnieciskaj\u0101s \u0113k\u0101s darbinieki ir pak\u013cauti diviem galvenajiem <strong>gaisa pies\u0101r\u0146ojuma avotiem<\/strong>:<\/p>\n\n<ul class=\"wp-block-list\">\n<li><strong>gaisto\u0161i organiskie savienojumi (GOS)<\/strong>, piem\u0113ram, formaldeh\u012bds, kas ir \u0137\u012bmisko vielu un b\u016bvmateri\u0101lu rad\u012bta g\u0101ze;<\/li>\n\n\n\n<li><strong>cietas vai \u0161\u0137idras da\u013ci\u0146as<\/strong>, kas atrodas gais\u0101, piem\u0113ram, putek\u013ci, aerosoli un mikroorganismi (v\u012brusi, bakt\u0113rijas, pel\u0113jums u.c.).<\/li>\n<\/ul>\n\n<p><strong>Ietekme uz vesel\u012bbu un vidi<\/strong> palielin\u0101s l\u012bdz ar pies\u0101r\u0146ot\u0101ju koncentr\u0101ciju gais\u0101 un iedarb\u012bbas laiku.<\/p>\n\n<h3 class=\"wp-block-heading\" id=\"la-temperature-et-le-niveau-d-humidite\">Temperat\u016bra un mitruma l\u012bmenis<\/h3>\n\n<p>Iek\u0161telpu gaisa kvalit\u0101tes m\u0113r\u012b\u0161ana ietver ar\u012b <strong>temperat\u016bras un relat\u012bv\u0101 mitruma uzraudz\u012bbu<\/strong>. P\u0101rm\u0113r\u012bgas v\u0113rt\u012bbas veicina biolo\u0123isko pies\u0101r\u0146ot\u0101ju vairo\u0161anos, k\u0101 ar\u012b materi\u0101lu, gatavo produktu un darba vides degrad\u0101ciju. Turkl\u0101t temperat\u016bra un mitrums pastiprina gaisto\u0161o organisko savienojumu (GOS) kairino\u0161o iedarb\u012bbu.  <\/p>\n\n<h2 class=\"wp-block-heading\" id=\"quel-est-l-interet-de-la-mesure-de-la-qualite-de-l-air-interieur\">K\u0101da ir iek\u0161telpu gaisa kvalit\u0101tes m\u0113r\u012b\u0161anas noz\u012bme?<\/h2>\n\n<p>Vesel\u012bga iek\u0161telpu gaisa uztur\u0113\u0161ana darba telp\u0101s ir darba dev\u0113ja <strong>normat\u012bv\u0101 pras\u012bba<\/strong>. Pies\u0101r\u0146ojuma l\u012bme\u0146a samazin\u0101\u0161ana biroj\u0101 ar\u012b nodro\u0161ina <strong>produktivit\u0101tes pieaugumu<\/strong> uz\u0146\u0113mumiem. <\/p>\n\n<h3 class=\"wp-block-heading\" id=\"respecter-les-valeurs-limites-d-exposition-professionnelle-vlep\">Arodekspoz\u012bcijas robe\u017ev\u0113rt\u012bbu (AER) iev\u0113ro\u0161ana<\/h3>\n\n<p>Darba kodeks\u0101 noteikt\u0101s Arodekspoz\u012bcijas robe\u017ev\u0113rt\u012bbas (AER) nosaka <strong>maksim\u0101lo koncentr\u0101cijas l\u012bmeni pies\u0101r\u0146ojo\u0161\u0101m viel\u0101m un da\u013ci\u0146\u0101m<\/strong>, lai ierobe\u017eotu ietekmi uz darbinieku vesel\u012bbu. P\u0101rm\u0113r\u012bgas v\u0113rt\u012bbas noved pie darba vietas darb\u012bbas aptur\u0113\u0161anas l\u012bdz tiek \u012bstenoti pas\u0101kumi darbinieka ekspoz\u012bcijas ierobe\u017eo\u0161anai. <\/p>\n\n<h3 class=\"wp-block-heading\" id=\"garantir-un-environnement-de-travail-sain-et-productif\">Vesel\u012bgas un produkt\u012bvas darba vides nodro\u0161in\u0101\u0161ana<\/h3>\n\n<p>Papildus normat\u012bvaj\u0101m pras\u012bb\u0101m, iek\u0161telpu gaisa kvalit\u0101tes m\u0113r\u012b\u0161ana sniedz <a href=\"https:\/\/obera.fr\/lv\/musu-padoms\/comment-rafraichissement-evaporation-ameliorer-production-industrielle\/\">vair\u0101kas priek\u0161roc\u012bbas uz\u0146\u0113mumiem<\/a>:<\/p>\n\n<ul class=\"wp-block-list\">\n<li><strong>Darbinieku vesel\u012bbas uzlabo\u0161ana<\/strong> pal\u012bdz ierobe\u017eot darba kav\u0113jumus un slim\u012bbas atva\u013cin\u0101jumu bie\u017eumu.<\/li>\n\n\n\n<li><strong>Da\u013ci\u0146u nogul\u0161\u0146u samazin\u0101\u0161ana uz iek\u0101rt\u0101m un gr\u012bd\u0101m<\/strong> \u013cauj ietaup\u012bt uz apkopes un uztur\u0113\u0161anas izmaks\u0101m.<\/li>\n\n\n\n<li>Pies\u0101r\u0146ot\u0101ju un da\u013ci\u0146u ekspoz\u012bcijas l\u012bme\u0146a uzraudz\u012bba nodro\u0161ina <strong>procesu un gatavo produktu kvalit\u0101ti<\/strong>.<\/li>\n<\/ul>\n\n<h2 class=\"wp-block-heading\" id=\"comment-mesurer-la-qualite-de-l-air-interieur\">K\u0101 m\u0113r\u012bt iek\u0161telpu gaisa kvalit\u0101ti?<\/h2>\n\n<p><strong><a href=\"https:\/\/obera.fr\/lv\/musu-padoms\/qai-diagnostic-qualite-de-l-air-interieur-batiments-industriels\/\">Iek\u0161telpu gaisa kvalit\u0101tes diagnostika<\/a><\/strong> ir pirmais pies\u0101r\u0146ojuma l\u012bme\u0146a nov\u0113rt\u0113jums j\u016bsu \u0113k\u0101s. P\u0113c tam j\u0101veic regul\u0101ra uzraudz\u012bba, izmantojot <strong>\u012bpa\u0161as m\u0113rier\u012bces<\/strong>. <\/p>\n\n<h3 class=\"wp-block-heading\" id=\"effectuer-un-diagnostic-qualite-de-l-air-interieur\">Iek\u0161telpu gaisa kvalit\u0101tes diagnostikas veik\u0161ana<\/h3>\n\n<p><strong>Iek\u0161telpu gaisa kvalit\u0101tes (IAQ) diagnostika<\/strong> ir normat\u012bva pras\u012bba \u0113k\u0101m, kur\u0101s uzturas b\u0113rni. No 2023. gada t\u0101 b\u016bs oblig\u0101ta vis\u0101s sabiedriskaj\u0101s \u0113k\u0101s. OBERA, kas ir eksperts <a href=\"https:\/\/obera.fr\/lv\/musu-padoms\/traitement-air-industriel-guide-complet\/\">r\u016bpniecisk\u0101 gaisa apstr\u0101des<\/a> jom\u0101, veic diagnostiku, kas ietver:  <\/p>\n\n<ul class=\"wp-block-list\">\n<li><strong>gaisa pies\u0101r\u0146ojuma avotu noteik\u0161anu<\/strong> j\u016bsu telp\u0101s;<\/li>\n\n\n\n<li><strong>da\u013ci\u0146u un pies\u0101r\u0146ot\u0101ju<\/strong> (GOS, formaldeh\u012bda u. c.) <strong>koncentr\u0101cijas m\u0113r\u012b\u0161ana<\/strong>.<\/li>\n<\/ul>\n\n<h3 class=\"wp-block-heading\" id=\"utiliser-un-appareil-de-mesure-de-la-qualite-de-l-air-interieur\">Iek\u0161telpu gaisa kvalit\u0101tes m\u0113rier\u012bces izmanto\u0161ana<\/h3>\n\n<p><a href=\"https:\/\/obera.fr\/lv\/musu-padoms\/analyse-qualite-l-air-interieur\/\">Iek\u0161telpu gaisa kvalit\u0101tes m\u0113r\u012b\u0161ana<\/a> tiek veikta ar ier\u012bc\u0113m, kas sp\u0113j noteikt pies\u0101r\u0146ot\u0101ju veidu un koncentr\u0101ciju. M\u016bsu <strong>r\u016bpniecisko un profesion\u0101lo gaisa analizatoru<\/strong> kl\u0101sts nodro\u0161ina nep\u0101rtrauktu iek\u0161telpu gaisa kvalit\u0101tes parametru uzraudz\u012bbu: <\/p>\n\n<ul class=\"wp-block-list\">\n<li><strong>g\u0101zveida pies\u0101r\u0146ot\u0101ju<\/strong> &#8211; gaisto\u0161o organisko savienojumu (GOS) un oglek\u013ca dioks\u012bda (CO2) &#8211; <strong>koncentr\u0101cija<\/strong>;<\/li>\n\n\n\n<li><strong>da\u013ci\u0146u koncentr\u0101cija un izm\u0113rs<\/strong>: putek\u013ci un smalk\u0101s da\u013ci\u0146as PM 2,5 un PM 10 ;<\/li>\n\n\n\n<li><strong>temperat\u016bra un relat\u012bv\u0101 mitruma l\u012bmenis<\/strong>.<\/li>\n<\/ul>\n\n<p>Dati tiek tie\u0161i p\u0101rraid\u012bti uz datoru, kur v\u0113rt\u012bbas tiek att\u0113lotas grafiku veid\u0101. <strong>Re\u0101llaika anal\u012bze<\/strong> \u013cauj \u0101tri un efekt\u012bvi r\u012bkoties, ja m\u0113r\u012bjumi neatbilst AER. <\/p>\n\n<p>Lai ieg\u016btu vair\u0101k <strong>inform\u0101cijas par iek\u0161telpu gaisa kvalit\u0101tes m\u0113r\u012b\u0161anu<\/strong>, l\u016bdzu, sazinieties ar mums. M\u0113s ar\u012b aicin\u0101m j\u016bs iepaz\u012bties ar m\u016bsu padomiem par r\u016bpniecisk\u0101s gaisa apstr\u0101des sist\u0113mas ievie\u0161anu. <\/p>\n\n<blockquote class=\"wp-block-quote is-layout-flow wp-block-quote-is-layout-flow\">\n<p>Lasiet ar\u012b: <a href=\"https:\/\/obera.fr\/lv\/musu-padoms\/rafraichissement-adiabatique-confort-thermique-naturel\/\">Adiab\u0101tisk\u0101s dzes\u0113\u0161anas un dabisk\u0101 siltuma komforta<\/a> ce\u013cvedis.<\/p>\n<\/blockquote>\n","protected":false},"excerpt":{"rendered":"<p>Saska\u0146\u0101 ar PVO datiem Francij\u0101 ik gadu re\u0123istr\u0113 aptuveni 50 000 n\u0101ves gad\u012bjumu, kas saist\u012bti ar gaisa pies\u0101r\u0146ojumu, kas ir 10 reizes vair\u0101k nek\u0101 ce\u013cu satiksmes negad\u012bjumos! Turkl\u0101t tiek l\u0113sts, ka gaiss dz\u012bvojam\u0101s telp\u0101s vai darba viet\u0101s ir 5 l\u012bdz 10 reizes pies\u0101r\u0146ot\u0101ks nek\u0101 \u0101ra vid\u0113.<\/p>\n","protected":false},"author":13,"featured_media":95230,"comment_status":"open","ping_status":"closed","sticky":false,"template":"","format":"standard","meta":{"_acf_changed":false,"_seopress_robots_primary_cat":"none","_seopress_titles_title":"Iek\u0161\u0113j\u0101 gaisa kvalit\u0101tes m\u0113r\u012b\u0161ana: noz\u012bme un princips","_seopress_titles_desc":"Saska\u0146\u0101 ar PVO datiem Francij\u0101 ik gadu re\u0123istr\u0113 aptuveni 50 000 n\u0101ves gad\u012bjumu, kas saist\u012bti ar gaisa pies\u0101r\u0146ojumu, kas ir 10 reizes vair\u0101k nek\u0101 ce\u013cu satiksmes negad\u012bjumos!","_seopress_robots_index":"","footnotes":""},"categories":[132],"tags":[],"class_list":["post-134056","post","type-post","status-publish","format-standard","has-post-thumbnail","hentry","category-musu-padoms","generate-columns","tablet-grid-50","mobile-grid-100","grid-parent","grid-50","no-featured-image-padding","resize-featured-image"],"acf":[],"_links":{"self":[{"href":"https:\/\/obera.fr\/lv\/wp-json\/wp\/v2\/posts\/134056","targetHints":{"allow":["GET"]}}],"collection":[{"href":"https:\/\/obera.fr\/lv\/wp-json\/wp\/v2\/posts"}],"about":[{"href":"https:\/\/obera.fr\/lv\/wp-json\/wp\/v2\/types\/post"}],"author":[{"embeddable":true,"href":"https:\/\/obera.fr\/lv\/wp-json\/wp\/v2\/users\/13"}],"replies":[{"embeddable":true,"href":"https:\/\/obera.fr\/lv\/wp-json\/wp\/v2\/comments?post=134056"}],"version-history":[{"count":1,"href":"https:\/\/obera.fr\/lv\/wp-json\/wp\/v2\/posts\/134056\/revisions"}],"predecessor-version":[{"id":134059,"href":"https:\/\/obera.fr\/lv\/wp-json\/wp\/v2\/posts\/134056\/revisions\/134059"}],"wp:featuredmedia":[{"embeddable":true,"href":"https:\/\/obera.fr\/lv\/wp-json\/wp\/v2\/media\/95230"}],"wp:attachment":[{"href":"https:\/\/obera.fr\/lv\/wp-json\/wp\/v2\/media?parent=134056"}],"wp:term":[{"taxonomy":"category","embeddable":true,"href":"https:\/\/obera.fr\/lv\/wp-json\/wp\/v2\/categories?post=134056"},{"taxonomy":"post_tag","embeddable":true,"href":"https:\/\/obera.fr\/lv\/wp-json\/wp\/v2\/tags?post=134056"}],"curies":[{"name":"wp","href":"https:\/\/api.w.org\/{rel}","templated":true}]}}