{"id":145705,"date":"2025-12-08T13:27:24","date_gmt":"2025-12-08T11:27:24","guid":{"rendered":"https:\/\/obera.fr\/nase-rada\/89-francuzu-par-zemu-noverte-gaisa-piesarnojumu-sava-darba-vieta\/"},"modified":"2026-03-02T14:55:00","modified_gmt":"2026-03-02T12:55:00","slug":"89-francuzu-par-zemu-noverte-gaisa-piesarnojumu-sava-darba-vieta","status":"publish","type":"post","link":"https:\/\/obera.fr\/lv\/presse\/89-francuzu-par-zemu-noverte-gaisa-piesarnojumu-sava-darba-vieta\/","title":{"rendered":"89 % franc\u016b\u017eu par zemu nov\u0113rt\u0113 gaisa pies\u0101r\u0146ojumu sav\u0101 darba viet\u0101"},"content":{"rendered":"\n<p class=\"has-text-align-center has-medium-font-size\">Pies\u0101r\u0146ojums, kas var b\u016bt 5 l\u012bdz 10 reizes liel\u0101ks nek\u0101 \u0101rpus telp\u0101m<\/p>\n\n<p class=\"has-text-align-center has-medium-font-size\">Tikai 22 % darbinieku zina, ka vesel\u012bga iek\u0161telpu gaisa uztur\u0113\u0161ana ir darba dev\u0113ja regulat\u012bvs pien\u0101kums<\/p>\n\n<figure class=\"wp-block-image aligncenter size-full\"><img decoding=\"async\" width=\"289\" height=\"193\" src=\"https:\/\/obera.fr\/wp-content\/uploads\/2026\/02\/etude-image-obera-pollution.png\" alt=\"obera pies&#x101;r&#x146;ojuma p&#x113;t&#x12B;juma att&#x113;ls\" class=\"wp-image-143846\"\/><\/figure>\n\n<h2 class=\"wp-block-heading\">Ko j\u016bs dom\u0101jat par gaisa kvalit\u0101ti sav\u0101 darba viet\u0101? <\/h2>\n\n<p><strong>\u0160\u0101du jaut\u0101jumu uz\u0146\u0113mums OberA uzdeva 5601 personai se\u0161\u0101s galvenaj\u0101s darb\u012bbas nozar\u0113s*. Aptauja liecina, ka liel\u0101k\u0101 da\u013ca darbinieku par zemu nov\u0113rt\u0113 iek\u0161telpu gaisa pies\u0101r\u0146ojumu, slikti p\u0101rzina riskus savai vesel\u012bbai un liel\u0101koties nezina par sava darba dev\u0113ja juridiskajiem pien\u0101kumiem.  <\/strong><\/p>\n\n<h2 class=\"wp-block-heading\">Franc\u016b\u017ei, kuri nepareizi nov\u0113rt\u0113 gaisa kvalit\u0101ti <\/h2>\n\n<p>T\u0101lu no realit\u0101tes, <strong>57 % franc\u016b\u017eu uzskata, ka gaiss vi\u0146u darba viet\u0101 ziem\u0101 ir \u201c\u013coti\u201d vai \u201cdiezgan\u201d labas kvalit\u0101tes<\/strong>. <\/p>\n\n<p>Tom\u0113r visi p\u0113t\u012bjumi liecina, ka iek\u0161telpu gaisa kvalit\u0101te var rad\u012bt nopietnus riskus vesel\u012bbai pat bez j\u016btamas smakas vai ac\u012bmredzama diskomforta. <\/p>\n\n<p>Gandr\u012bz <strong>1 no 3 person\u0101m (29 %)<\/strong> tom\u0113r uzskata gaisu sav\u0101 darba viet\u0101 par sliktu, kas liecina, ka diskomforts jau ir j\u016btams daudz\u0101s vid\u0113s. Bet galvenais, ka <strong>14 % apgalvo, ka nekad nav uzdevu\u0161i sev \u0161o jaut\u0101jumu<\/strong>, apstiprinot milz\u012bgo plaisu starp darbinieku uztveri un gaisa kvalit\u0101tes probl\u0113mu realit\u0101ti darb\u0101.  <\/p>\n\n<h3 class=\"wp-block-heading\">Vai j\u016bs teiktu, ka ziem\u0101 gaisa kvalit\u0101te j\u016bsu darba vid\u0113 ir:<\/h3>\n\n<figure class=\"wp-block-table\"><table class=\"has-fixed-layout\"><tbody><tr><td><strong>Atbildes <\/strong><\/td><td><strong>Procenti<\/strong><\/td><\/tr><tr><td>\u013boti laba <\/td><td>21 %<\/td><\/tr><tr><td>Diezgan laba <\/td><td>36 %<\/td><\/tr><tr><td>Diezgan slikta <\/td><td>23 %<\/td><\/tr><tr><td>\u013boti slikta <\/td><td>6 %<\/td><\/tr><tr><td>Nezinu \/ nekad neesmu par to dom\u0101jis(-usi) <\/td><td>14 %<\/td><\/tr><\/tbody><\/table><\/figure>\n\n<h4 class=\"wp-block-heading\">K\u0101dam nol\u016bkam kalpo uz\u0146\u0113mumos eso\u0161\u0101s sist\u0113mas? <\/h4>\n\n<p>K\u013c\u016bdaini <strong>65 % franc\u016b\u017eu dom\u0101, ka vi\u0146u apkures, gaisa kondicion\u0113\u0161anas vai VMC sist\u0113mas filtr\u0113 vai att\u012bra gaisu<\/strong>, lai gan liel\u0101k\u0101 da\u013ca \u0161o iek\u0101rtu nav apr\u012bkotas pies\u0101r\u0146ot\u0101ju likvid\u0113\u0161anai bez \u012bpa\u0161as apstr\u0101des ier\u012bces. <\/p>\n\n<p>Re\u0101listisk\u0101k noska\u0146oti <strong>23 %<\/strong> uzskata, ka t\u0101s \u201ctikai silda vai dzes\u0113\u201d, un <strong>12 % atz\u012bst, ka nezina, k\u0101 t\u0101s darbojas<\/strong>, kas liecina par visp\u0101r\u0113ju skaidr\u012bbas tr\u016bkumu par \u0161o iek\u0101rtu faktisko lomu.<\/p>\n\n<h3 class=\"wp-block-heading\">Vai, j\u016bsupr\u0101t, j\u016bsu darba viet\u0101 eso\u0161\u0101s sist\u0113mas (apkure, gaisa kondicion\u0113\u0161ana, meh\u0101nisk\u0101 ventil\u0101cija): <\/h3>\n\n<figure class=\"wp-block-table\"><table class=\"has-fixed-layout\"><tbody><tr><td><strong>Atbildes <\/strong><\/td><td><strong>Procenti<\/strong><\/td><\/tr><tr><td>Att\u012bra gaisu un padara to vesel\u012bg\u0101ku <\/td><td>34 %<\/td><\/tr><tr><td>Nedaudz filtr\u0113 gaisu, bet t\u0101 nav to galven\u0101 funkcija <\/td><td>31 %<\/td><\/tr><tr><td>Tikai silda \/ dzes\u0113 gaisu, to neatt\u012brot <\/td><td>23 %<\/td><\/tr><tr><td>Nezinu, k\u0101 t\u0101s darbojas <\/td><td>12 %<\/td><\/tr><\/tbody><\/table><\/figure>\n\n<h4 class=\"wp-block-heading\">\u013boti neregul\u0101ras p\u0101rbaudes <\/h4>\n\n<p>Gandr\u012bz <strong>katrs otrais darbinieks nezina, vai gaisa kvalit\u0101te tiek m\u0113r\u012bta<\/strong> vi\u0146a telp\u0101s: 29 % atbild \u201cn\u0113, nekad\u201d un 31 % apgalvo, ka nekad nav tiku\u0161i inform\u0113ti, ka to var izm\u0113r\u012bt. <\/p>\n\n<p>Tikai <strong>14 %<\/strong> nor\u0101da uz regul\u0101ru kontroli, lai gan CO\u2082, da\u013ci\u0146u vai GOS m\u0113r\u012b\u0161ana tagad tiek uzskat\u012bta par <strong>neaizst\u0101jamu sviru<\/strong>, lai garant\u0113tu vesel\u012bgu un produkt\u012bvu darba vidi. <\/p>\n\n<h3 class=\"wp-block-heading\">Vai j\u016bs zin\u0101t, vai j\u016bsu profesion\u0101laj\u0101 vid\u0113 tiek m\u0113r\u012bta vai kontrol\u0113ta gaisa kvalit\u0101te (CO\u2082, smalk\u0101s da\u013ci\u0146as, d\u016bmi, GOS, r\u016bpnieciskie putek\u013ci\u2026)?<\/h3>\n\n<figure class=\"wp-block-table\"><table class=\"has-fixed-layout\"><tbody><tr><td><strong>Atbildes <\/strong><\/td><td><strong>Procenti<\/strong><\/td><\/tr><tr><td>J\u0101, regul\u0101ri <\/td><td>14 %<\/td><\/tr><tr><td>J\u0101, bet \u013coti neregul\u0101ri <\/td><td>26 %<\/td><\/tr><tr><td>N\u0113, nekad <\/td><td>29 %<\/td><\/tr><tr><td>Nezinu \/ nebiju inform\u0113ts(-a), ka to var izm\u0113r\u012bt <\/td><td>31 %<\/td><\/tr><\/tbody><\/table><\/figure>\n\n<h4 class=\"wp-block-heading\">Uz\u0146\u0113mumi, kurus tas maz interes\u0113 <\/h4>\n\n<p>Liel\u0101kaj\u0101 da\u013c\u0101 uz\u0146\u0113mumu iek\u0161telpu gaisa kvalit\u0101te joproj\u0101m iev\u0113rojami atpaliek no dro\u0161\u012bbas vai ergonomikas: <strong>tikai 12 % franc\u016b\u017eu<\/strong> uzskata, ka t\u0101 ir patiesa priorit\u0101te. <\/p>\n\n<p>Turpret\u012b <strong>37 % par to gandr\u012bz nekad nerun\u0101<\/strong> un <strong>27 % visp\u0101r nezina, k\u0101 \u0161is jaut\u0101jums tiek risin\u0101ts<\/strong>, t\u0101tad gandr\u012bz <strong>2 no 3 darbiniekiem atrodas nezi\u0146\u0101<\/strong>. <\/p>\n\n<h3 class=\"wp-block-heading\">Vai, j\u016bsupr\u0101t, j\u016bsu uz\u0146\u0113mum\u0101 iek\u0161telpu gaisa kvalit\u0101te ziem\u0101 tiek uzskat\u012bta par\u2026<\/h3>\n\n<figure class=\"wp-block-table\"><table class=\"has-fixed-layout\"><tbody><tr><td><strong>Atbildes <\/strong><\/td><td><strong>Procenti<\/strong><\/td><\/tr><tr><td>Svar\u012bgu priorit\u0101ti, t\u0101pat k\u0101 dro\u0161\u012bba vai ergonomika <\/td><td>12 %<\/td><\/tr><tr><td>Tematu, par kuru da\u017ereiz run\u0101, bet bez redzamas r\u012bc\u012bbas <\/td><td>24 %<\/td><\/tr><tr><td>Tematu, par kuru gandr\u012bz nekad nerun\u0101 <\/td><td>37 %<\/td><\/tr><tr><td>Es visp\u0101r nezinu, k\u0101 tas tiek risin\u0101ts <\/td><td>27 %<\/td><\/tr><\/tbody><\/table><\/figure>\n\n<h4 class=\"wp-block-heading\">Kas ir vesel\u012bgs gaiss? <\/h4>\n\n<p>\u013boti satrauco\u0161s fakts: liela <strong>darbinieku da\u013ca (64 %)<\/strong> dom\u0101, ka var spriest par savu telpu gaisa kvalit\u0101ti, pamatojoties uz vienk\u0101r\u0161iem subjekt\u012bviem iespaidiem \u2013 smakas, redzamu d\u016bmu vai s\u016bdz\u012bbu tr\u016bkumu \u2013 bez jebk\u0101diem objekt\u012bviem m\u0113r\u012bjumiem. <\/p>\n\n<p>Tikai <strong>25 %<\/strong> k\u0101 lab\u0101ko r\u0101d\u012bt\u0101ju min pies\u0101r\u0146ot\u0101ju (CO\u2082, GOS, da\u013ci\u0146u u.c.) m\u0113r\u012b\u0161anu, lai gan eksperti atg\u0101dina, ka gaiss var b\u016bt stipri pies\u0101r\u0146ots, vienlaikus paliekot bez smar\u017eas un vizu\u0101li \u201ct\u012brs\u201d.<\/p>\n\n<p>\u0160\u012b neatbilst\u012bba rada <strong>viltus dro\u0161\u012bbas saj\u016btu<\/strong> daudz\u0101s darba vid\u0113s, lai gan iek\u0161telpu gaisa kvalit\u0101ti prec\u012bzi m\u0113ra ar sensoriem un \u012bpa\u0161u diagnostiku, un t\u0101 ir b\u016btisks vesel\u012bbas un darba efektivit\u0101tes jaut\u0101jums uz\u0146\u0113mum\u0101. <\/p>\n\n<h3 class=\"wp-block-heading\">K\u0101ds, j\u016bsupr\u0101t, ir lab\u0101kais r\u0101d\u012bt\u0101js, lai uzzin\u0101tu, vai gaiss j\u016bsu telp\u0101s ir vesel\u012bgs?<\/h3>\n\n<figure class=\"wp-block-table\"><table class=\"has-fixed-layout\"><tbody><tr><td><strong>Atbildes <\/strong><\/td><td><strong>Procenti<\/strong><\/td><\/tr><tr><td>Ja nav nepat\u012bkamas smakas <\/td><td>34 %<\/td><\/tr><tr><td>Ja nav redzamu d\u016bmu vai putek\u013cu <\/td><td>23 %<\/td><\/tr><tr><td>Ja neviens nes\u016bdzas (nav galvass\u0101pju, nav diskomforta) <\/td><td>7 %<\/td><\/tr><tr><td>Noteiktu pies\u0101r\u0146ot\u0101ju (CO\u2082, GOS, da\u013ci\u0146u u.c.) m\u0113r\u012b\u0161ana ar piem\u0113rotu ier\u012bci <\/td><td>25 %<\/td><\/tr><tr><td>Nezinu <\/td><td>11 %<\/td><\/tr><\/tbody><\/table><\/figure>\n\n<h4 class=\"wp-block-heading\">Zin\u0101\u0161anu tr\u016bkums par \u0161o jaut\u0101jumu <\/h4>\n\n<p>\u013boti maz franc\u016b\u017eu p\u0101rzina parametrus, ko izmanto iek\u0161telpu gaisa kvalit\u0101tes m\u0113r\u012b\u0161anai. Ja <strong>temperat\u016bra (91 %) un relat\u012bvais mitrums (76 %)<\/strong> ir pla\u0161i atpaz\u012bti, tikai <strong>64 %<\/strong> min <strong>CO\u2082<\/strong>, <strong>38 %<\/strong> \u2013 <a href=\"https:\/\/obera.fr\/lv\/musu-padoms\/traitement-air-industriel-guide-complet\/\" data-type=\"post\" data-id=\"1420\">smalk\u0101s da\u013ci\u0146as<\/a> <strong> <\/strong>un tikko <strong>5 %<\/strong> zina par <strong>GOS<\/strong>, lai gan \u0161ie pies\u0101r\u0146ot\u0101ji ir profesion\u0101las gaisa kvalit\u0101tes diagnostikas pamat\u0101. Gandr\u012bz <strong>1 no 10 respondentiem<\/strong> pat apgalvo, ka nezina nevienu no m\u0113r\u012bjumu parametriem.  <\/p>\n\n<p>\u0160\u012b nezin\u0101\u0161ana par \u201c\u012bstajiem\u201d tehniskajiem r\u0101d\u012bt\u0101jiem liecina, ka daudzi uz\u0146\u0113mumi \u013coti maz inform\u0113 par IGK m\u0113r\u012b\u0161anu, lai gan eksperti CO\u2082, da\u013ci\u0146u un GOS uzraudz\u012bbu uzskata par nepiecie\u0161amu, lai aizsarg\u0101tu komandu vesel\u012bbu un produktivit\u0101ti. <\/p>\n\n<h3 class=\"wp-block-heading\">Kur\u0161 no \u0161iem parametriem jums ir zin\u0101ms (kaut vai p\u0113c nosaukuma) k\u0101 t\u0101ds, ko izmanto iek\u0161telpu gaisa kvalit\u0101tes m\u0113r\u012b\u0161anai? <\/h3>\n\n<p><em>(iesp\u0113jamas vair\u0101kas atbildes)<\/em><\/p>\n\n<figure class=\"wp-block-table\"><table class=\"has-fixed-layout\"><tbody><tr><td><strong>Atbildes <\/strong><\/td><td><strong>Procenti<\/strong><\/td><\/tr><tr><td>CO\u2082 (oglek\u013ca dioks\u012bds) <\/td><td>64 %<\/td><\/tr><tr><td>GOS (gaisto\u0161ie organiskie savienojumi) <\/td><td>5 %<\/td><\/tr><tr><td>Smalk\u0101s da\u013ci\u0146as (PM2,5 \/ PM10) <\/td><td>38 %<\/td><\/tr><tr><td>Temperat\u016bra <\/td><td>91 %<\/td><\/tr><tr><td>Relat\u012bvais mitrums <\/td><td>76 %<\/td><\/tr><tr><td>Neviens no \u0161iem terminiem man neko neizsaka <\/td><td>9 %<\/td><\/tr><\/tbody><\/table><\/figure>\n\n<h4 class=\"wp-block-heading\">Stipri par zemu nov\u0113rt\u0113ts iek\u0161telpu gaisa pies\u0101r\u0146ojums <\/h4>\n\n<p>Gandr\u012bz <strong>9 no 10 respondentiem (89 %)<\/strong> par zemu nov\u0113rt\u0113 iek\u0161telpu gaisa pies\u0101r\u0146ojumu profesion\u0101laj\u0101 vid\u0113 vai vi\u0146iem vienk\u0101r\u0161i nav ne jausmas par t\u0101 l\u012bmeni. Tikai <strong>11 %<\/strong> zina, ka tas var b\u016bt <strong>5 l\u012bdz 10 reizes pies\u0101r\u0146ot\u0101ks par \u0101ra gaisu<\/strong>, ko apstiprina OQEI dati. <\/p>\n\n<p>S\u012bk\u0101k analiz\u0113jot, <strong>63 %<\/strong> dom\u0101, ka iek\u0161telpu gaiss ir maz\u0101k, tikpat vai tikai nedaudz vair\u0101k pies\u0101r\u0146ots nek\u0101 \u0101r\u0101, un <strong>26 %<\/strong> nekad nebija sev uzdevu\u0161i \u0161o jaut\u0101jumu. <\/p>\n\n<p>\u0160\u012b milz\u012bg\u0101 at\u0161\u0137ir\u012bba starp uztveri un realit\u0101ti uzskat\u0101mi par\u0101da, cik liel\u0101 m\u0113r\u0101 iek\u0161telpu gaisa pies\u0101r\u0146ojums joproj\u0101m ir <strong>neredzams risks<\/strong>, lai gan tas ir atz\u012bts par noz\u012bm\u012bgu sabiedr\u012bbas vesel\u012bbas un profilakses jaut\u0101jumu uz\u0146\u0113mumos. <\/p>\n\n<h3 class=\"wp-block-heading\">Vai, j\u016bsupr\u0101t, iek\u0161telpu gaiss profesion\u0101laj\u0101 vid\u0113 ir:<\/h3>\n\n<figure class=\"wp-block-table\"><table class=\"has-fixed-layout\"><tbody><tr><td><strong>Atbildes <\/strong><\/td><td><strong>Procenti<\/strong><\/td><\/tr><tr><td>Maz\u0101k pies\u0101r\u0146ots nek\u0101 \u0101ra gaiss <\/td><td>12 %<\/td><\/tr><tr><td>Aptuveni tikpat pies\u0101r\u0146ots <\/td><td>23 %<\/td><\/tr><tr><td>Nedaudz vair\u0101k pies\u0101r\u0146ots, bet ne tik \u013coti <\/td><td>28 %<\/td><\/tr><tr><td>5 l\u012bdz 10 reizes pies\u0101r\u0146ot\u0101ks <\/td><td>11 %<\/td><\/tr><tr><td>Nezinu \/ nekad neesmu par to dom\u0101jis(-usi) <\/td><td>26 %<\/td><\/tr><\/tbody><\/table><\/figure>\n\n<h4 class=\"wp-block-heading\">Un k\u0101 ar likumdo\u0161anu? <\/h4>\n\n<p>\u0160ie rezult\u0101ti atkl\u0101j ar\u012b patiesu neizpratni par darba ties\u012bb\u0101m: <strong>tikai 22 % respondentu skaidri zina, ka vesel\u012bga iek\u0161telpu gaisa uztur\u0113\u0161ana ir darba dev\u0113ja regulat\u012bvs pien\u0101kums<\/strong>. <\/p>\n\n<p>Tiesa, 29 % to uzskata par \u201ciesp\u0113jams patiesu\u201d, bet <strong>gandr\u012bz 1 no 2 darbiniekiem (49 %) to nezina vai, v\u0113l \u013caun\u0101k, dom\u0101, ka tas nav pien\u0101kums<\/strong>. <\/p>\n\n<h3 class=\"wp-block-heading\">Vai, j\u016bsupr\u0101t, vesel\u012bga iek\u0161telpu gaisa uztur\u0113\u0161ana ir darba dev\u0113ja regulat\u012bvs pien\u0101kums?<\/h3>\n\n<figure class=\"wp-block-table\"><table class=\"has-fixed-layout\"><tbody><tr><td><strong>Atbildes <\/strong><\/td><td><strong>Procenti<\/strong><\/td><\/tr><tr><td>J\u0101, t\u0101 ir piln\u012bga taisn\u012bba <\/td><td>22 %<\/td><\/tr><tr><td>Iesp\u0113jams, taisn\u012bba <\/td><td>29 %<\/td><\/tr><tr><td>Nezinu, vai tas ir tiesa vai n\u0113 <\/td><td>25 %<\/td><\/tr><tr><td>Iesp\u0113jams, nepareizi, es nedom\u0101ju, ka tas ir pien\u0101kums <\/td><td>15 %<\/td><\/tr><tr><td>Piln\u012bgi nepareizi <\/td><td>9 %<\/td><\/tr><\/tbody><\/table><\/figure>\n\n<p>\u0160\u012b aptauja izgaismo b\u016btisku punktu: plaisu starp to, ko iesaka eksperti \u2013 struktur\u0113tu un regul\u0101ru iek\u0161telpu gaisa kvalit\u0101tes uzraudz\u012bbu \u2013 un realit\u0101ti, kur uzraudz\u012bba joproj\u0101m ir liel\u0101koties margin\u0101la vai pat darbiniekiem neredzama. <\/p>\n\n<p>Tom\u0113r <strong>Darba likums skaidri uzliek darba dev\u0113jam pien\u0101kumu garant\u0113t vesel\u012bgu gaisu un nov\u0113rst riskus, kas saist\u012bti ar iek\u0161telpu pies\u0101r\u0146ojumu<\/strong> (jo \u012bpa\u0161i L4121-1 un R4222-1 panti). \u0160\u012b neatbilst\u012bba starp juridisko ietvaru un darbinieku uztveri liecina, ka gaisa kvalit\u0101te joproj\u0101m ir patiess \u201caklais punkts\u201d uz\u0146\u0113mumu profilakses kult\u016br\u0101. <\/p>\n\n<h2 class=\"wp-block-heading has-text-align-center\">Tibo SAMSELS (Thibaut SAMSEL), OberA vad\u012bt\u0101js un dibin\u0101t\u0101js<\/h2>\n\n<p>*Metodolo\u0123ija: Aptauja veikta reprezentat\u012bv\u0101 izlas\u0113, kur\u0101 piedal\u012bj\u0101s 5601 Francij\u0101 dz\u012bvojo\u0161a persona vecum\u0101 no 18 gadiem. Aptauja veikta tie\u0161saist\u0113 2025. gada novembr\u012b, izmantojot BuzzPress respondentu paneli (27 700 personas Francij\u0101, kas aptauj\u0101tas elektroniski pa e-pastu un soci\u0101lajos t\u012bklos Facebook un LinkedIn). Respondentu nor\u0101d\u012bto uz\u0146\u0113mumu profili vi\u0146u darba viet\u0101:   <\/p>\n\n<p>R\u016bpniec\u012bba \/ ra\u017eo\u0161ana: 16 % <\/p>\n\n<p>Pakalpojumi priv\u0101tperson\u0101m (vesel\u012bbas apr\u016bpe, soci\u0101l\u0101 pal\u012bdz\u012bba, pal\u012bdz\u012bba m\u0101j\u0101s, tirdzniec\u012bba, \u0113din\u0101\u0161ana\u2026): 28 % <\/p>\n\n<p>Pakalpojumi uz\u0146\u0113mumiem (konsult\u0101cijas, IT, finanses, komunik\u0101cija\u2026): 23 % <\/p>\n\n<p>Publiskais \/ pa\u0161vald\u012bbu sektors (administr\u0101cija, izgl\u012bt\u012bba, slimn\u012bcas\u2026): 19 % <\/p>\n\n<p>B\u016bvniec\u012bba \/ ce\u013cu b\u016bve: 7 % <\/p>\n\n<p>Transports \/ lo\u0123istika: 6 % <\/p>\n\n<p>Cits \/ nevar atbild\u0113t: 1 % <\/p>\n\n<p>Atbildes apkopotas un sv\u0113rtas atbilsto\u0161i iepriek\u0161 noteikt\u0101m kvot\u0101m, lai nodro\u0161in\u0101tu izlases reprezentativit\u0101ti un ieg\u016btu m\u0113r\u0137auditorijas reprezentativit\u0101ti. Visi sv\u0113rumi balst\u0101s uz administrat\u012bvajiem datiem un INSEE sav\u0101ktajiem datiem.  <\/p>\n\n<h2 class=\"wp-block-heading has-text-align-center\">Vi\u0146i rakst\u012bja par mums!<\/h2>\n\n<div class=\"wp-block-columns are-vertically-aligned-center is-layout-flex wp-container-core-columns-is-layout-8bffabeb wp-block-columns-is-layout-flex\" style=\"margin-top:var(--wp--preset--spacing--30);margin-bottom:var(--wp--preset--spacing--30);padding-top:0;padding-bottom:0\">\n<div class=\"wp-block-column is-vertically-aligned-center is-layout-flow wp-block-column-is-layout-flow\">\n<figure class=\"wp-block-image size-full\"><a href=\"https:\/\/presseagence.fr\/paris-sondage-qvct-4-francais-sur-5-ignorent-comment-detecter-un-air-vraiment-sain\/\" target=\"_blank\" rel=\" noreferrer noopener\"><img decoding=\"async\" width=\"463\" height=\"153\" src=\"https:\/\/obera.fr\/wp-content\/uploads\/2026\/02\/logo_de_presse_agence.jpg\" alt=\"presse agence logotips\" class=\"wp-image-143848\" srcset=\"https:\/\/obera.fr\/wp-content\/uploads\/2026\/02\/logo_de_presse_agence.jpg 463w, https:\/\/obera.fr\/wp-content\/uploads\/2026\/02\/logo_de_presse_agence-300x99.jpg 300w\" sizes=\"(max-width: 463px) 100vw, 463px\" \/><\/a><figcaption class=\"wp-element-caption\"><em>PRESSE AGENCE<\/em><\/figcaption><\/figure>\n<\/div>\n\n\n\n<div class=\"wp-block-column is-vertically-aligned-center is-layout-flow wp-block-column-is-layout-flow\">\n<figure class=\"wp-block-image size-large\"><a href=\"https:\/\/xn--horizonviesant-okb.com\/4-francais-sur-5-ignorent-comment-detecter-un-air-vraiment-sain\/\" target=\"_blank\" rel=\" noreferrer noopener\"><img decoding=\"async\" width=\"1024\" height=\"207\" src=\"https:\/\/obera.fr\/wp-content\/uploads\/2026\/02\/loog-horizonviesante-1024x207.png\" alt=\"horizonviesante logotips\" class=\"wp-image-143849\" srcset=\"https:\/\/obera.fr\/wp-content\/uploads\/2026\/02\/loog-horizonviesante-1024x207.png 1024w, https:\/\/obera.fr\/wp-content\/uploads\/2026\/02\/loog-horizonviesante-300x61.png 300w, https:\/\/obera.fr\/wp-content\/uploads\/2026\/02\/loog-horizonviesante-768x156.png 768w, https:\/\/obera.fr\/wp-content\/uploads\/2026\/02\/loog-horizonviesante.png 1229w\" sizes=\"(max-width: 1024px) 100vw, 1024px\" \/><\/a><figcaption class=\"wp-element-caption\"><em>HORIZON VIE ET SANTE<\/em><\/figcaption><\/figure>\n<\/div>\n\n\n\n<div class=\"wp-block-column is-vertically-aligned-center has-contrast-background-color has-background is-layout-constrained wp-block-column-is-layout-constrained\">\n<figure class=\"wp-block-image size-full\"><a href=\"https:\/\/www.news-eco.com\/communique\/au-travail-lair-semble-correct-mais-la-plupart-se-trompent\/\" target=\"_blank\" rel=\" noreferrer noopener\"><img decoding=\"async\" width=\"215\" height=\"42\" src=\"https:\/\/obera.fr\/wp-content\/uploads\/2026\/02\/news-eco-logo2.png\" alt=\"news eco logo2\" class=\"wp-image-143850\"\/><\/a><\/figure>\n<\/div>\n\n\n\n<div class=\"wp-block-column is-vertically-aligned-center is-layout-flow wp-block-column-is-layout-flow\">\n<figure class=\"wp-block-image size-full\"><a href=\"https:\/\/www.lyftvnews.com\/t9528-au-travail-lair-a-lair-sain-mais-89-des-francais-se-trompent#10372\" target=\"_blank\" rel=\" noreferrer noopener\"><img decoding=\"async\" width=\"900\" height=\"900\" src=\"https:\/\/obera.fr\/wp-content\/uploads\/2026\/02\/logo-lyftv.jpg\" alt=\"lyftv logotips\" class=\"wp-image-143851\" srcset=\"https:\/\/obera.fr\/wp-content\/uploads\/2026\/02\/logo-lyftv.jpg 900w, https:\/\/obera.fr\/wp-content\/uploads\/2026\/02\/logo-lyftv-300x300.jpg 300w, https:\/\/obera.fr\/wp-content\/uploads\/2026\/02\/logo-lyftv-150x150.jpg 150w, https:\/\/obera.fr\/wp-content\/uploads\/2026\/02\/logo-lyftv-768x768.jpg 768w\" sizes=\"(max-width: 900px) 100vw, 900px\" \/><\/a><figcaption class=\"wp-element-caption\"><em>LYF TV NEWS<\/em><\/figcaption><\/figure>\n<\/div>\n\n\n\n<div class=\"wp-block-column is-vertically-aligned-center is-layout-flow wp-block-column-is-layout-flow\">\n<figure class=\"wp-block-image size-full\"><a href=\"https:\/\/communiques.categorynet.com\/sante\/525169-4-francais-sur-5-ignorent-comment-detecter-un-air-vraiment-s\/\" target=\"_blank\" rel=\" noreferrer noopener\"><img decoding=\"async\" width=\"201\" height=\"41\" src=\"https:\/\/obera.fr\/wp-content\/uploads\/2026\/02\/cropped-cn-1.webp\" alt=\"apgriezts cn 1\" class=\"wp-image-143852\"\/><\/a><figcaption class=\"wp-element-caption\"><em>CATEGORYNET<\/em><\/figcaption><\/figure>\n<\/div>\n<\/div>\n\n<div class=\"wp-block-columns are-vertically-aligned-center is-layout-flex wp-container-core-columns-is-layout-28f84493 wp-block-columns-is-layout-flex\">\n<div class=\"wp-block-column is-vertically-aligned-center is-layout-flow wp-block-column-is-layout-flow\">\n<figure class=\"wp-block-image size-full\"><a href=\"https:\/\/www.esteval.fr\/article.44169.etudes-89-pourcents-des-francais-sous-estiment-la-pollution-de-l-air-sur-leur-lieu-de-travail\" target=\"_blank\" rel=\" noreferrer noopener\"><img decoding=\"async\" width=\"200\" height=\"200\" src=\"https:\/\/obera.fr\/wp-content\/uploads\/2026\/02\/logo_esteval_200_200.jpg\" alt=\"esteval logo 200 200\" class=\"wp-image-143853\" srcset=\"https:\/\/obera.fr\/wp-content\/uploads\/2026\/02\/logo_esteval_200_200.jpg 200w, https:\/\/obera.fr\/wp-content\/uploads\/2026\/02\/logo_esteval_200_200-150x150.jpg 150w\" sizes=\"(max-width: 200px) 100vw, 200px\" \/><\/a><figcaption class=\"wp-element-caption\"><em>ESTEVAL<\/em><\/figcaption><\/figure>\n<\/div>\n\n\n\n<div class=\"wp-block-column is-vertically-aligned-center is-layout-flow wp-block-column-is-layout-flow\">\n<figure class=\"wp-block-image size-full\"><img decoding=\"async\" width=\"700\" height=\"350\" src=\"https:\/\/obera.fr\/wp-content\/uploads\/2026\/02\/therm-presse01.jpg\" alt=\"therm presse01\" class=\"wp-image-143854\" srcset=\"https:\/\/obera.fr\/wp-content\/uploads\/2026\/02\/therm-presse01.jpg 700w, https:\/\/obera.fr\/wp-content\/uploads\/2026\/02\/therm-presse01-300x150.jpg 300w\" sizes=\"(max-width: 700px) 100vw, 700px\" \/><figcaption class=\"wp-element-caption\"><em>THERMPRESSE<\/em><\/figcaption><\/figure>\n<\/div>\n\n\n\n<div class=\"wp-block-column is-vertically-aligned-center is-layout-flow wp-block-column-is-layout-flow\">\n<figure class=\"wp-block-image size-full\"><a href=\"https:\/\/terre-futur.com\/un-angle-mort-sanitaire-qui-persiste-dans-les-entreprises-francaises\/\" target=\"_blank\" rel=\" noreferrer noopener\"><img decoding=\"async\" width=\"512\" height=\"512\" src=\"https:\/\/obera.fr\/wp-content\/uploads\/2026\/02\/terrefutur_logo.jpg\" alt=\"terrefutur logotips\" class=\"wp-image-143855\" srcset=\"https:\/\/obera.fr\/wp-content\/uploads\/2026\/02\/terrefutur_logo.jpg 512w, https:\/\/obera.fr\/wp-content\/uploads\/2026\/02\/terrefutur_logo-300x300.jpg 300w, https:\/\/obera.fr\/wp-content\/uploads\/2026\/02\/terrefutur_logo-150x150.jpg 150w\" sizes=\"(max-width: 512px) 100vw, 512px\" \/><\/a><figcaption class=\"wp-element-caption\"><em>TERRE FUTUR<\/em><\/figcaption><\/figure>\n<\/div>\n\n\n\n<div class=\"wp-block-column is-vertically-aligned-center is-layout-flow wp-block-column-is-layout-flow\">\n<figure class=\"wp-block-image size-full\"><a href=\"https:\/\/portaildocumentaire.inrs.fr\/blog-view\/25\/veille-qualite-de-lair-interieur\/2038\/bulletin-de-veille-qualite-de-lair-interieur-janvier-2026\" target=\"_blank\" rel=\" noreferrer noopener\"><img decoding=\"async\" width=\"366\" height=\"138\" src=\"https:\/\/obera.fr\/wp-content\/uploads\/2026\/02\/logoinrs.png\" alt=\"logoinrs\" class=\"wp-image-143856\" srcset=\"https:\/\/obera.fr\/wp-content\/uploads\/2026\/02\/logoinrs.png 366w, https:\/\/obera.fr\/wp-content\/uploads\/2026\/02\/logoinrs-300x113.png 300w\" sizes=\"(max-width: 366px) 100vw, 366px\" \/><\/a><figcaption class=\"wp-element-caption\"><em>INRS DOKUMENT\u0100LAIS PORT\u0100LS<\/em><\/figcaption><\/figure>\n<\/div>\n<\/div>\n","protected":false},"excerpt":{"rendered":"<p>Pies\u0101r\u0146ojums, kas var b\u016bt 5 l\u012bdz 10 reizes liel\u0101ks nek\u0101 \u0101rpus telp\u0101m Tikai 22 % darbinieku zina, ka vesel\u012bga iek\u0161telpu gaisa uztur\u0113\u0161ana ir darba dev\u0113ja regulat\u012bvs pien\u0101kums Ko j\u016bs dom\u0101jat par gaisa kvalit\u0101ti sav\u0101 darba viet\u0101? \u0160\u0101du jaut\u0101jumu uz\u0146\u0113mums OberA uzdeva 5601 personai se\u0161\u0101s galvenaj\u0101s darb\u012bbas nozar\u0113s*. Aptauja liecina, ka liel\u0101k\u0101 da\u013ca darbinieku par zemu nov\u0113rt\u0113 iek\u0161telpu gaisa pies\u0101r\u0146ojumu, slikti p\u0101rzina riskus savai vesel\u012bbai un liel\u0101koties nezina par sava darba dev\u0113ja juridiskajiem pien\u0101kumiem. Franc\u016b\u017ei, kuri nepareizi nov\u0113rt\u0113 gaisa kvalit\u0101ti T\u0101lu no realit\u0101tes, 57 % franc\u016b\u017eu uzskata, ka gaiss vi\u0146u darba viet\u0101 ziem\u0101 ir \u201c\u013coti\u201d vai \u201cdiezgan\u201d labas kvalit\u0101tes. Tom\u0113r visi &#8230; <\/p>\n<p class=\"read-more-container\"><a title=\"89 % franc\u016b\u017eu par zemu nov\u0113rt\u0113 gaisa pies\u0101r\u0146ojumu sav\u0101 darba viet\u0101\" class=\"read-more button\" href=\"https:\/\/obera.fr\/lv\/presse\/89-francuzu-par-zemu-noverte-gaisa-piesarnojumu-sava-darba-vieta\/#more-145705\" aria-label=\"Read more about 89 % franc\u016b\u017eu par zemu nov\u0113rt\u0113 gaisa pies\u0101r\u0146ojumu sav\u0101 darba viet\u0101\">Lire la suite<\/a><\/p>\n","protected":false},"author":13,"featured_media":0,"comment_status":"open","ping_status":"closed","sticky":false,"template":"","format":"standard","meta":{"_acf_changed":false,"_seopress_robots_primary_cat":"980","_seopress_titles_title":"P\u0113t\u012bjums: Gaisa pies\u0101r\u0146ojums darba viet\u0101s","_seopress_titles_desc":"","_seopress_robots_index":"","footnotes":""},"categories":[998],"tags":[],"class_list":["post-145705","post","type-post","status-publish","format-standard","hentry","category-prese","generate-columns","tablet-grid-50","mobile-grid-100","grid-parent","grid-50","no-featured-image-padding"],"acf":[],"_links":{"self":[{"href":"https:\/\/obera.fr\/lv\/wp-json\/wp\/v2\/posts\/145705","targetHints":{"allow":["GET"]}}],"collection":[{"href":"https:\/\/obera.fr\/lv\/wp-json\/wp\/v2\/posts"}],"about":[{"href":"https:\/\/obera.fr\/lv\/wp-json\/wp\/v2\/types\/post"}],"author":[{"embeddable":true,"href":"https:\/\/obera.fr\/lv\/wp-json\/wp\/v2\/users\/13"}],"replies":[{"embeddable":true,"href":"https:\/\/obera.fr\/lv\/wp-json\/wp\/v2\/comments?post=145705"}],"version-history":[{"count":3,"href":"https:\/\/obera.fr\/lv\/wp-json\/wp\/v2\/posts\/145705\/revisions"}],"predecessor-version":[{"id":145755,"href":"https:\/\/obera.fr\/lv\/wp-json\/wp\/v2\/posts\/145705\/revisions\/145755"}],"wp:attachment":[{"href":"https:\/\/obera.fr\/lv\/wp-json\/wp\/v2\/media?parent=145705"}],"wp:term":[{"taxonomy":"category","embeddable":true,"href":"https:\/\/obera.fr\/lv\/wp-json\/wp\/v2\/categories?post=145705"},{"taxonomy":"post_tag","embeddable":true,"href":"https:\/\/obera.fr\/lv\/wp-json\/wp\/v2\/tags?post=145705"}],"curies":[{"name":"wp","href":"https:\/\/api.w.org\/{rel}","templated":true}]}}