{"id":40840,"date":"2023-12-12T12:19:53","date_gmt":"2023-12-12T10:19:53","guid":{"rendered":"https:\/\/obera.fr\/non-classifiee\/fiksetais-vai-mobilais-kolektors-centralais-vai-vietejais-kurus-kriterijus-izveleties\/"},"modified":"2025-04-15T10:26:08","modified_gmt":"2025-04-15T08:26:08","slug":"depoussiereur-fixe-mobile-central-local-quels-criteres","status":"publish","type":"post","link":"https:\/\/obera.fr\/lv\/musu-padoms\/depoussiereur-fixe-mobile-central-local-quels-criteres\/","title":{"rendered":"Stacion\u0101rais vai mobilais, centr\u0101lais vai lok\u0101lais putek\u013cu sav\u0101c\u0113js: p\u0113c k\u0101diem krit\u0113rijiem izv\u0113l\u0113ties?"},"content":{"rendered":"\n<figure class=\"wp-block-image alignright size-large is-resized\"><img decoding=\"async\" width=\"1024\" height=\"704\" src=\"https:\/\/obera.fr\/wp-content\/uploads\/2023\/12\/schema-particules-1024x704.jpg\" alt=\"DA&#x13B;I&#x145;U SH&#x112;MA\" class=\"wp-image-26777\" style=\"width:353px;height:auto\" srcset=\"https:\/\/obera.fr\/wp-content\/uploads\/2023\/12\/schema-particules-1024x704.jpg 1024w, https:\/\/obera.fr\/wp-content\/uploads\/2023\/12\/schema-particules-300x206.jpg 300w, https:\/\/obera.fr\/wp-content\/uploads\/2023\/12\/schema-particules-768x528.jpg 768w, https:\/\/obera.fr\/wp-content\/uploads\/2023\/12\/schema-particules.jpg 1199w\" sizes=\"(max-width: 1024px) 100vw, 1024px\" \/><\/figure>\n\n<figure class=\"wp-block-image size-full is-resized\"><img decoding=\"async\" width=\"346\" height=\"80\" src=\"https:\/\/obera.fr\/wp-content\/uploads\/2023\/12\/capture-decran-2023-12-06-155242-1.png\" alt=\"uztver&#x161;anas dek&#x101;ns 2023 12 06 155242 1\" class=\"wp-image-26556\" style=\"width:164px;height:auto\" srcset=\"https:\/\/obera.fr\/wp-content\/uploads\/2023\/12\/capture-decran-2023-12-06-155242-1.png 346w, https:\/\/obera.fr\/wp-content\/uploads\/2023\/12\/capture-decran-2023-12-06-155242-1-300x69.png 300w\" sizes=\"(max-width: 346px) 100vw, 346px\" \/><\/figure>\n\n<p>Lai gan<strong> putek\u013cu sav\u0101k\u0161anas tehnikas<\/strong> izv\u0113li nosaka emit\u0113to da\u013ci\u0146u izm\u0113rs, to fizik\u0101li \u0137\u012bmisk\u0101s \u012bpa\u0161\u012bbas un ietekme uz operatoriem un vidi, ir ar\u012b citi krit\u0113riji, kas nosaka, vai izv\u0113l\u0113ties <a href=\"https:\/\/obera.fr\/lv\/produits\/depoussiereurs-industriels\/\">stacion\u0101ru vai p\u0101rvietojamu putek\u013cu sav\u0101c\u0113ju<\/a> un vai putek\u013cu sav\u0101k\u0161anas sist\u0113ma ir centraliz\u0113ta vai lokaliz\u0113ta. \u0160ie krit\u0113riji ir atkar\u012bgi no ra\u017eo\u0161anas konteksta: r\u016bpniec\u012bbas nozares, ra\u017eotnes lieluma, t\u0101s aprites cikla posma, ra\u017eo\u0161anas procesiem, tiesiskajiem ierobe\u017eojumiem, kas reglament\u0113 t\u0101s darb\u012bbu, finansi\u0101l\u0101 l\u012bdzsvara starp bud\u017eeta ierobe\u017eojumiem un <strong>putek\u013cu sav\u0101c\u0113ja<\/strong> ieguld\u012bjumu un <strong>ekspluat\u0101cijas<\/strong> pl\u016bsm\u0101m utt. Katrs gad\u012bjums ir unik\u0101ls. Ir daudz krit\u0113riju! Pirm\u0101 pieeja \u013caus jums noskaidrot situ\u0101ciju!    <\/p>\n\n<p><\/p>\n\n<figure class=\"wp-block-image size-full is-resized\"><img decoding=\"async\" width=\"346\" height=\"80\" src=\"https:\/\/obera.fr\/wp-content\/uploads\/2023\/12\/capture-decran-2023-12-06-155242-1.png\" alt=\"uztver&#x161;anas dek&#x101;ns 2023 12 06 155242 1\" class=\"wp-image-26556\" style=\"width:164px;height:auto\" srcset=\"https:\/\/obera.fr\/wp-content\/uploads\/2023\/12\/capture-decran-2023-12-06-155242-1.png 346w, https:\/\/obera.fr\/wp-content\/uploads\/2023\/12\/capture-decran-2023-12-06-155242-1-300x69.png 300w\" sizes=\"(max-width: 346px) 100vw, 346px\" \/><\/figure>\n\n<h2 class=\"wp-block-heading\">Izv\u0113les konteksts fiks\u0113t\u0101 vai mobilaj\u0101, centr\u0101laj\u0101 vai viet\u0113j\u0101 atputek\u013co\u0161anas sist\u0113m\u0101<\/h2>\n\n<p>Stacion\u0101ra putek\u013cu novad\u012b\u0161anas iek\u0101rta aptver visas <strong>ra\u017eo\u0161anas vien\u012bbas darba vietas<\/strong>. T\u0101 att\u012bra lielu putek\u013cain\u0101 gaisa daudzumu neatkar\u012bgi no emit\u0113to putek\u013cu koncentr\u0101cijas.   <\/p>\n\n<p>Savuk\u0101rt ieguld\u012bjums mobilaj\u0101 putek\u013cu sav\u0101c\u0113j\u0101 ir da\u013ca no viet\u0113j\u0101s putek\u013cu sav\u0101k\u0161anas sist\u0113mas. T\u0101 att\u012br\u012b\u0161anas jauda parasti aprobe\u017eojas ar darba vietu. T\u0101<strong> mobilit\u0101te noz\u012bm\u0113, ka to var izmantot da\u017e\u0101d\u0101s viet\u0101s<\/strong>.    <\/p>\n\n<p>Citi putek\u013cu sav\u0101c\u0113ji atbilst starpposma vajadz\u012bb\u0101m. Piem\u0113ram, <strong>stacion\u0101rs putek\u013cu sav\u0101c\u0113js, kas novietots <\/strong>pie darba vietas, var apmierin\u0101t nelielas strukt\u016bras past\u0101v\u012bg\u0101s vajadz\u012bbas vai lielas ra\u017eotnes papildu vajadz\u012bbas, kam b\u016btu nepiecie\u0161ama p\u0101r\u0101k d\u0101rga putek\u013cu sav\u0101c\u0113ja moderniz\u0101cija. Ar\u012b p\u0101rvietojams putek\u013cu sav\u0101c\u0113js var vienlaikus apkalpot vair\u0101kas darba vietas b\u016bvlaukum\u0101 vai neliel\u0101 ra\u017eotn\u0113.  <\/p>\n\n<p>T\u0101 k\u0101 izmanto\u0161anas gad\u012bjumu ir daudz, m\u0113s apl\u016bkosim krit\u0113rijus <strong>stacion\u0101rai elektrostacijai un mobilajam filtram<\/strong>; starpposma konteksti netiks apl\u016bkoti, jo krit\u0113riji at\u0161\u0137iras nevis p\u0113c b\u016bt\u012bbas, bet gan p\u0113c pak\u0101pes.<\/p>\n\n<h2 class=\"wp-block-heading\">Ieguld\u012bjumu apjoms un ilgums, iepirkuma process  <\/h2>\n\n<p><strong>Centraliz\u0113tas atputek\u013co\u0161anas sist\u0113mas ieg\u0101de <\/strong>prasa iev\u0113rojamus laika un naudas ieguld\u012bjumus. Tas prasa ra\u017eo\u0161anas sist\u0113mas iepriek\u0161\u0113ju izp\u0113ti, detaliz\u0113tu atputek\u013co\u0161anas sist\u0113mas projekt\u0113\u0161anu, lai to integr\u0113tu ra\u017eo\u0161anas sist\u0113m\u0101, t\u0101s izgatavo\u0161anu un p\u0113c tam uzst\u0101d\u012b\u0161anu. Tas ir strat\u0113\u0123isks ieguld\u012bjums, ko var apsv\u0113rt noteiktos r\u016bpniecisk\u0101s ra\u017eotnes dz\u012bves cikla posmos: izveidojot lielu specializ\u0113tu ra\u017eotni, to papla\u0161inot vai p\u0101rveidojot ra\u017eo\u0161anas sist\u0113mu.    <\/p>\n\n<p>Ieguld\u012bjumi mobilaj\u0101 putek\u013cu sav\u0101c\u0113j\u0101 ir daudz maz\u0101ki.<strong> Ieg\u0101des izmaks\u0101s nav iek\u013cauti nek\u0101di \u0113kas celtniec\u012bbas darbi<\/strong> vai ra\u017eo\u0161anas zaud\u0113jumi, kas saist\u012bti ar \u012bslaic\u012bgu ra\u017eo\u0161anas p\u0101rtrauk\u0161anu, lai veiktu uzst\u0101d\u012b\u0161anu. Ra\u017eot\u0101js t\u0113r\u0113 maz\u0101k laika iepirkuma procesam, ko var dele\u0123\u0113t darbn\u012bcai.    <\/p>\n\n<p>Vismaz pirms putek\u013cu sav\u0101c\u0113ja ieg\u0101des var veikt nomu, lai nodro\u0161in\u0101tu ieguld\u012bjumu. Turkl\u0101t mobilo apr\u012bkojumu var iznom\u0101t, lai apmierin\u0101tu \u012bslaic\u012bgu vajadz\u012bbu (piem\u0113ram, \u012bslaic\u012bga darba vieta,<strong> ra\u017eo\u0161anas sist\u0113mas <\/strong>da\u013cas remonts, kas rada kait\u012bgu vai spr\u0101dzienb\u012bstamu da\u013ci\u0146u emisiju u. c.). <\/p>\n\n<p>Mobilo putek\u013cu sav\u0101c\u0113ju ieg\u0101de ir da\u013ca no pak\u0101peniskas ieguld\u012bjumu programmas, kas seko l\u012bdzi izmai\u0146\u0101m ra\u017eo\u0161anas sist\u0113m\u0101. \u0160\u012b ieguld\u012bjumu strat\u0113\u0123ija paredz izmai\u0146as r\u016bpniec\u012bbas nozar\u0113, ra\u017eo\u0161anas un putek\u013cu sav\u0101k\u0161anas tehnikas att\u012bst\u012bbas tendences, k\u0101 ar\u012b izmai\u0146as ties\u012bbu aktos. Ja, papla\u0161inoties ra\u017eo\u0161anas sist\u0113mai,<strong> centraliz\u0113t\u0101 putek\u013cu sav\u0101k\u0161anas sist\u0113ma<\/strong> ir spiesta att\u012bst\u012bties, s\u0101kotn\u0113j\u0101s invest\u012bcijas var saglab\u0101t un papildin\u0101t ar invest\u012bcij\u0101m mobilajos putek\u013cu sav\u0101c\u0113jos.  <\/p>\n\n<h2 class=\"wp-block-heading\">Ra\u017eo\u0161anas sist\u0113mas att\u012bst\u012bbas perspekt\u012bvas  <\/h2>\n\n<figure class=\"wp-block-image alignright size-large is-resized\"><img decoding=\"async\" width=\"576\" height=\"1024\" src=\"https:\/\/obera.fr\/wp-content\/uploads\/2023\/12\/dustomat-4.24-576x1024.jpg\" alt=\"dustomat 4.24\" class=\"wp-image-26784\" style=\"width:201px;height:auto\" srcset=\"https:\/\/obera.fr\/wp-content\/uploads\/2023\/12\/dustomat-4.24-576x1024.jpg 576w, https:\/\/obera.fr\/wp-content\/uploads\/2023\/12\/dustomat-4.24-169x300.jpg 169w, https:\/\/obera.fr\/wp-content\/uploads\/2023\/12\/dustomat-4.24-768x1365.jpg 768w, https:\/\/obera.fr\/wp-content\/uploads\/2023\/12\/dustomat-4.24-864x1536.jpg 864w, https:\/\/obera.fr\/wp-content\/uploads\/2023\/12\/dustomat-4.24-1152x2048.jpg 1152w, https:\/\/obera.fr\/wp-content\/uploads\/2023\/12\/dustomat-4.24-scaled.jpg 1440w\" sizes=\"(max-width: 576px) 100vw, 576px\" \/><\/figure>\n\n<p>Ra\u017eot\u0101ji apsver centraliz\u0113tas atputek\u013co\u0161anas risin\u0101jumu, ja to ra\u017eo\u0161anas sist\u0113ma att\u012bst\u0101s ilgtermi\u0146\u0101 un ir specializ\u0113ta viena veida ra\u017eo\u0161an\u0101. Centraliz\u0113ta atputek\u013co\u0161anas sist\u0113ma ir izstr\u0101d\u0101ta konkr\u0113tam lieto\u0161anas gad\u012bjumam. T\u0101 tiek pl\u0101nota un ra\u017eota atbilsto\u0161i ra\u017eo\u0161anas sist\u0113mas pras\u012bb\u0101m konkr\u0113taj\u0101 laik\u0101. Jebkuras<strong>izmai\u0146as ra\u017eo\u0161anas sist\u0113mas konfigur\u0101cij\u0101<\/strong> (jauna iek\u0101rta, jauna atra\u0161an\u0101s vieta, ra\u017eo\u0161anas vien\u012bbas papla\u0161in\u0101\u0161ana) izraisa atputek\u013co\u0161anas sist\u0113mas p\u0101rkonfigur\u0113\u0161anu (cauru\u013cvadu t\u012bkla, filtra izm\u0113ru mai\u0146a). Tas da\u017ek\u0101rt var b\u016bt saist\u012bts ar piln\u012bgu ieguld\u012bjumu atjauno\u0161anu, ja <strong>bud\u017eeta apsv\u0113rumu d\u0113\u013c <\/strong> projekt\u0113\u0161anas posm\u0101 nav saglab\u0101ta filtr\u0113\u0161anas modu\u013ca modularit\u0101te un ventil\u0101cijas main\u012bgums.      <\/p>\n\n<p><strong>Ieguld\u012bjums mobilaj\u0101 putek\u013cu sav\u0101c\u0113j\u0101 <\/strong>ir da\u013ca no putek\u013cu sav\u0101k\u0161anas sist\u0113mas decentraliz\u0101cijas strat\u0113\u0123ijas. Filtr\u0113\u0161anas modulis ar filtr\u0113t\u0101 gaisa izpl\u016bdi atrodas p\u0113c iesp\u0113jas tuv\u0101k iek\u0101rtai. \u0160\u012bs strat\u0113\u0123ijas pamat\u0101 ir \u0161\u0101di apsv\u0113rumi: r\u016bpniecisk\u0101 instrumenta piel\u0101go\u0161an\u0101s un \u012bstermi\u0146a vai vid\u0113ja termi\u0146a att\u012bst\u012bba, putek\u013cu sav\u0101c\u0113ja izmanto\u0161anas daudzveid\u012bba, nep\u0101rtraukta nepiecie\u0161am\u012bba izmantot <a href=\"https:\/\/obera.fr\/lv\/produits\/depoussiereurs-industriels\/mazie-rupnieciskie-puteklu-savaceji\/tk-serie\/\">putek\u013cu sav\u0101c\u0113ju darba viet\u0101<\/a> un ra\u017eo\u0161anas sist\u0113m\u0101 izmantoto tehnolo\u0123iju strauja noveco\u0161an\u0101s. Ra\u017eot\u0101ji apsver mobil\u0101 putek\u013cu sav\u0101c\u0113ja ieg\u0101di, ja tie veicina elast\u012bgu ra\u017eo\u0161anas sist\u0113mas organiz\u0101ciju. Piem\u0113ram, mobilais putek\u013cu sav\u0101c\u0113js sekos ra\u017eo\u0161anas iek\u0101rtas atra\u0161an\u0101s vietas mai\u0146ai, kad ra\u017eot\u0101js p\u0101rstruktur\u0113s savu ra\u017eo\u0161anas sist\u0113mu.<strong>Mobil\u0101 putek\u013cu sav\u0101c\u0113ja ieg\u0101de <\/strong>var b\u016bt saist\u012bta ar\u012b ar ra\u017eo\u0161anas iek\u0101rtu papla\u0161in\u0101\u0161anu. \u0160\u0101d\u0101 gad\u012bjum\u0101 ir j\u0101pabeidz putek\u013cu sav\u0101k\u0161anas sist\u0113mas s\u0101kotn\u0113j\u0101 konfigur\u0101cija (centr\u0101l\u0101 vien\u012bba vai mobilo putek\u013cu sav\u0101c\u0113ju parks).      <\/p>\n\n<h3 class=\"wp-block-heading\">Atputek\u013co\u0161anas sist\u0113mas uzst\u0101d\u012b\u0161anas laika ietekme uz ra\u017eo\u0161anas sist\u0113mu<\/h3>\n\n<figure class=\"wp-block-image alignleft size-large is-resized\"><img decoding=\"async\" width=\"1024\" height=\"768\" src=\"https:\/\/obera.fr\/wp-content\/uploads\/2023\/12\/obnex2-1024x768.png\" alt=\"obnex2\" class=\"wp-image-26788\" style=\"width:360px;height:auto\" srcset=\"https:\/\/obera.fr\/wp-content\/uploads\/2023\/12\/obnex2-1024x768.png 1024w, https:\/\/obera.fr\/wp-content\/uploads\/2023\/12\/obnex2-300x225.png 300w, https:\/\/obera.fr\/wp-content\/uploads\/2023\/12\/obnex2-768x576.png 768w, https:\/\/obera.fr\/wp-content\/uploads\/2023\/12\/obnex2-1536x1152.png 1536w, https:\/\/obera.fr\/wp-content\/uploads\/2023\/12\/obnex2-2048x1536.png 2048w\" sizes=\"(max-width: 1024px) 100vw, 1024px\" \/><\/figure>\n\n<p><strong>Centraliz\u0113tas, stacion\u0101ras putek\u013cu nos\u016bces sist\u0113mas uzst\u0101d\u012b\u0161ana prasa<\/strong> \u012bslaic\u012bgu ra\u017eo\u0161anas sist\u0113mas apst\u0101\u0161anos un t\u0101d\u0113j\u0101di pat\u0113r\u0113 ra\u017eo\u0161anas laiku. Uzst\u0101d\u012b\u0161ana bie\u017ei vien ir saist\u012bta ar laikietilp\u012bgiem \u0113kas piel\u0101go\u0161anas darbiem (piem\u0113ram, neso\u0161o pamatu nostiprin\u0101\u0161ana, iek\u013c\u016b\u0161ana neso\u0161aj\u0101s sien\u0101s, iek\u013c\u016b\u0161ana griestos, elektrisk\u0101 t\u012bkla, saspiest\u0101 gaisa t\u012bkla piel\u0101go\u0161ana utt.). Tam j\u0101pieskaita laiks, kas nepiecie\u0161ams, lai izveidotu sare\u017e\u0123\u012btu sav\u0101k\u0161anas un cauru\u013cvadu t\u012bklu, kas nepiecie\u0161ams, lai iev\u0113rotu standarta ies\u016bk\u0161anas \u0101trumu katr\u0101 iek\u0101rt\u0101 un sav\u0101kto putek\u013cu transport\u0113\u0161anas \u0101trumu.  <\/p>\n\n<p><strong>Mobil\u0101 putek\u013cu sav\u0101c\u0113ja uzst\u0101d\u012b\u0161ana<\/strong> neaiz\u0146em nek\u0101du ra\u017eo\u0161anas laiku, jo tas neprasa ra\u017eo\u0161anas sist\u0113mas \u012bslaic\u012bgu aptur\u0113\u0161anu. Uzst\u0101d\u012b\u0161ana ir tikpat vienk\u0101r\u0161a k\u0101 iek\u0101rtas novieto\u0161ana un piesl\u0113g\u0161ana pie elektr\u012bbas un saspiest\u0101 gaisa t\u012bkla. Putek\u013cu sav\u0101c\u0113ju novieto p\u0113c iesp\u0113jas tuv\u0101k ra\u017eo\u0161anas iek\u0101rt\u0101m. Cauru\u013cvadi ir samazin\u0101ti l\u012bdz minimumam. Nav gr\u016bt\u012bbu, kas saist\u012btas ar<strong>darba vietas uzst\u0101d\u012b\u0161anas<\/strong> mai\u0146u.    <\/p>\n\n<h3 class=\"wp-block-heading\">Ietekme uz ra\u017eo\u0161anas zonas konfigur\u0101ciju un stacion\u0101r\u0101 vai mobil\u0101 putek\u013cu sav\u0101c\u0113ja izv\u0113li<\/h3>\n\n<p>Centraliz\u0113t\u0101s putek\u013cu sav\u0101k\u0161anas sist\u0113mas lielumu nosaka kop\u0113jais tilpums, ko aiz\u0146em <a href=\"https:\/\/obera.fr\/lv\/produits\/bras-dispositifs-captation\/capot-industriel\/\">sav\u0101k\u0161anas modu\u013ci<\/a>, putek\u013cu transport\u0113\u0161anas t\u012bkls un<strong>centr\u0101l\u0101 filtr\u0113\u0161anas un re\u0123ener\u0101cijas iek\u0101rta<\/strong>. Centraliz\u0113t\u0101 filtr\u0113\u0161anas iek\u0101rta aiz\u0146em tik daudz vietas, ka bie\u017ei vien tiek apsv\u0113rta t\u0101s izvieto\u0161ana iek\u0161pus\u0113 &#8211; vai nu specializ\u0113t\u0101 telp\u0101, pie \u0101r\u0113j\u0101s sienas ra\u017eotnes iek\u0161pus\u0113, vai \u0101rpus t\u0101s. Atputek\u013co\u0161anas iek\u0101rtas atra\u0161an\u0101s vieta ir kompromiss starp ra\u017eo\u0161anas zonas konfigur\u0101ciju, att\u0101lumu starp ies\u016bkn\u0113\u0161anas ier\u012bc\u0113m un centr\u0101lo filtru un cauru\u013cvadu izm\u0113ru. Izvietojot cauru\u013cvadu t\u012bklu ra\u017eo\u0161anas zon\u0101, j\u0101\u0146em v\u0113r\u0101 telpa, kas nepiecie\u0161ama ma\u0161\u012bnas iejauk\u0161anai av\u0101rijas vai <strong>ma\u0161\u012bnas p\u0101rvieto\u0161anas<\/strong> gad\u012bjum\u0101.   <\/p>\n\n<p>Sal\u012bdzinot ar stacion\u0101ro putek\u013cu sav\u0101c\u0113ju, mobilais putek\u013cu sav\u0101c\u0113js aiz\u0146em \u013coti maz vietas. Iek\u0101rtas tilpums un mobilit\u0101te noz\u012bm\u0113, ka to var novietot tuvu darba vietai vai iek\u0101rtai. Tas nov\u0113r\u0161 telpas probl\u0113mas, kas saist\u012btas ar cauru\u013cu t\u012bklu. Telpiskie ierobe\u017eojumi b\u016bs lok\u0101li, saist\u012bti ar: pieejamo tilpumu starp <strong>darba vietu un blakus eso\u0161aj\u0101m iek\u0101rt\u0101m<\/strong>, putek\u013cu sav\u0101k\u0161anas ier\u012bci un t\u0101s tuvumu emisijas avotam, da\u017e\u0101d\u0101m darba \u0146\u0113m\u0113ja poz\u012bcij\u0101m un vi\u0146a kust\u012bb\u0101m darba laik\u0101. Uz \u0161iem ierobe\u017eojumiem rea\u0123\u0113 tas, cik viegli ir manevr\u0113t ar mobilo putek\u013cu sav\u0101c\u0113ju.      <\/p>\n\n<h2 class=\"wp-block-heading\">ra\u017eo\u0161anas procesa nep\u0101rtraukt\u012bba vai nep\u0101rtraukt\u012bba, izv\u0113loties centraliz\u0113tu vai lok\u0101lu putek\u013cu novad\u012b\u0161anu.<\/h2>\n\n<p><strong>Centr\u0101lais filtr\u0113\u0161anas bloks <\/strong>parasti atbilst ma\u0161\u012bnu grupas nep\u0101rtrauktas atputek\u013co\u0161anas vajadz\u012bb\u0101m, un katrai no t\u0101m ir sava \u012bpa\u0161a ekstrakcijas sist\u0113ma. Centraliz\u0113t\u0101 iek\u0101rta ir paredz\u0113ta nep\u0101rtrauktai un vienlaic\u012bgai putek\u013cu novad\u012b\u0161anai no vis\u0101m ra\u017eo\u0161anas sist\u0113mas oper\u0101cij\u0101m. T\u0101 sp\u0113j izmantot \u013coti lielu gaisa pl\u016bsmu un filtr\u0113\u0161anas virsmas laukumu, kas sp\u0113j absorb\u0113t putek\u013cu emisiju maksimumu. Ja darba vieta netiek izmantota, gaisa sav\u0101k\u0161anas sist\u0113ma neapst\u0101jas. Nepietiekama izmanto\u0161ana rada <strong>nevajadz\u012bgu ener\u0123ijas pat\u0113ri\u0146u<\/strong>.    <\/p>\n\n<p>Mobilo putek\u013cu sav\u0101c\u0113ju var piel\u0101got gan nep\u0101rtrauktai, gan neregul\u0101rai putek\u013cu no\u0146em\u0161anai. Univers\u0101ls, tas var sec\u012bgi nov\u0101kt putek\u013cus no vair\u0101k\u0101m putek\u013cus emit\u0113jo\u0161\u0101m darba viet\u0101m ierobe\u017eot\u0101 laika period\u0101 vai no<strong> vair\u0101k\u0101m pagaidu viet\u0101m<\/strong>. Tas var pavad\u012bt p\u0101rvietojamu darba vietu vai str\u0101d\u0101t vair\u0101k\u0101s viet\u0101s uz liela sagataves gabala.    <\/p>\n\n<p>Vair\u0101ku mobilo putek\u013cu sav\u0101c\u0113ju izmanto\u0161ana \u013cauj ra\u017eot\u0101jiem piel\u0101got putek\u013cu sav\u0101k\u0161anas sist\u0113mu emisiju main\u012bgumam un da\u013ci\u0146u da\u017e\u0101d\u012bbai, ko emit\u0113 ra\u017eo\u0161anas sist\u0113mas iek\u0101rtas. Atkar\u012bb\u0101 no darba viet\u0101m paral\u0113li var izmantot vair\u0101kas putek\u013cu sav\u0101k\u0161anas metodes. Izmantojot mobil\u0101s iek\u0101rtas, ir iesp\u0113jams ar\u012b<strong> apvienot viet\u0113jo filtr\u0101ciju<\/strong> (s\u016bkn\u0113\u0161ana pie avota) un visp\u0101r\u0113jo filtr\u0101ciju (apk\u0101rt\u0113j\u0101s vides s\u016bkn\u0113\u0161ana).  <\/p>\n\n<h3 class=\"wp-block-heading\">Trok\u0161\u0146a l\u012bmenis, ko rada putek\u013cu nos\u016bces sist\u0113ma saska\u0146\u0101 ar noteikumiem<\/h3>\n\n<figure class=\"wp-block-image alignright size-full is-resized\"><img decoding=\"async\" width=\"832\" height=\"355\" src=\"https:\/\/obera.fr\/wp-content\/uploads\/2023\/12\/capture-decran-2023-12-19-144926.png\" alt=\"uztver&#x161;anas dek&#x101;ns 2023 12 19 144926\" class=\"wp-image-26772\" style=\"width:372px;height:auto\" srcset=\"https:\/\/obera.fr\/wp-content\/uploads\/2023\/12\/capture-decran-2023-12-19-144926.png 832w, https:\/\/obera.fr\/wp-content\/uploads\/2023\/12\/capture-decran-2023-12-19-144926-300x128.png 300w, https:\/\/obera.fr\/wp-content\/uploads\/2023\/12\/capture-decran-2023-12-19-144926-768x328.png 768w\" sizes=\"(max-width: 832px) 100vw, 832px\" \/><\/figure>\n\n<p><strong>Putek\u013cu sav\u0101c\u0113ja darb\u012bbas trok\u0161\u0146a l\u012bmeni<\/strong> rada ventilatora troksnis (l\u0101psti\u0146as, motors), trok\u0161\u0146i, kas rodas, ats\u016bkn\u0113jot (krat\u012b\u0161ana, kompresors, saspiest\u0101 gaisa puls\u0101cija utt.).<\/p>\n\n<p>Putek\u013cu nos\u016bc\u0113js darbojas nep\u0101rtraukti, radot troksni proporcion\u0101li t\u0101 jaudai. Iek\u0101rtai, kas izvietota ra\u017eotn\u0113, j\u0101atbilst normat\u012bvaj\u0101m pras\u012bb\u0101m attiec\u012bb\u0101 uz ikdienas trok\u0161\u0146a iedarb\u012bbas l\u012bmeni uz operatoriem. Tas noz\u012bm\u0113, ka tai j\u0101b\u016bt vai nu ska\u0146as izol\u0101cijai, vai ar\u012b t\u0101 j\u0101novieto \u012bpa\u0161\u0101 telp\u0101 ar ska\u0146as izol\u0101ciju. Novietojot to \u0101rpus\u0113, uz to attiecas juridiskie ierobe\u017eojumi attiec\u012bb\u0101 uz r\u016bpniecisko darb\u012bbu rad\u012bto trok\u0161\u0146a pies\u0101r\u0146ojumu, jo \u012bpa\u0161i, ja ra\u017eotne <strong>atrodas dz\u012bvojam\u0101 zon\u0101<\/strong>. Filtra ska\u0146as izol\u0101cija ietver ventilatora ska\u0146as izol\u0101ciju (akustiskais p\u0101rsegs, trok\u0161\u0146a sl\u0101p\u0113t\u0101js) un filtra t\u012br\u012b\u0161anas izol\u0101ciju (filtra oder\u0113jums ar no\u0146emamu akustisko paneli).    <\/p>\n\n<p>Mobil\u0101 putek\u013cu sav\u0101c\u0113ja trok\u0161\u0146a l\u012bmenis ir aptuveni 80-90 dB. \u0160is troksnis ir papildus darba vietas troksnim. \u0160\u0101da trok\u0161\u0146a uzkr\u0101\u0161an\u0101s var pras\u012bt individu\u0101lu aizsardz\u012bbu pret troksni, \u0146emot v\u0113r\u0101<strong> normat\u012bvo aktu pras\u012bbas attiec\u012bb\u0101 uz darba vides trok\u0161\u0146a l\u012bmeni<\/strong>.  <\/p>\n\n<h3 class=\"wp-block-heading\">Putek\u013cu nos\u016bces sist\u0113mas ener\u0123ijas pat\u0113ri\u0146\u0161<\/h3>\n\n<p>Past\u0101v\u012bga putek\u013cu nos\u016bc\u0113ja darb\u012bba nav sader\u012bga ar darba vietu, kas uz laiku netiek izmantota. Ener\u0123ija neizb\u0113gami tiek zaud\u0113ta, jo ies\u016bktais gaiss nav atputek\u013cots. Ja <strong>iek\u0101rta atrodas \u0101rpus \u0113kas<\/strong> un gaiss tiek izvad\u012bts uz \u0101ru, tiek pat\u0113r\u0113ta siltumener\u0123ija, ko rada apk\u0101rt\u0113j\u0101 gaisa un \u0101ra gaisa temperat\u016bras starp\u012bba.    <\/p>\n\n<p>P\u0113c piepras\u012bjuma tiek izmantots mobilais putek\u013cu sav\u0101c\u0113js. Tas darbojas tikai tik ilgi, kam\u0113r darbojas ier\u012bce, ar kuru tas ir savienots, lai filtr\u0113tu t\u0101s emisijas.<strong> Ener\u0123ijas pat\u0113ri\u0146\u0161 ir ierobe\u017eots ar laiku, kam\u0113r tas tiek izmantots<\/strong>. T\u0101 k\u0101 putek\u013cu sav\u0101c\u0113js t\u012bru gaisu izvada ra\u017eo\u0161anas iek\u0101rt\u0101, putek\u013cu no\u0146em\u0161anas proces\u0101 netiek pat\u0113r\u0113ta siltumener\u0123ija.   <\/p>\n\n<h3 class=\"wp-block-heading\">Putek\u013cu nos\u016bces sist\u0113mas apkope<\/h3>\n\n<p>Meh\u0101nisk\u0101s kust\u012bg\u0101s da\u013cas galvenok\u0101rt atrodas centr\u0101l\u0101 putek\u013cu sav\u0101c\u0113ja filtr\u0101. Tehnisk\u0101 apkope galvenok\u0101rt tiek veikta filtra atra\u0161an\u0101s viet\u0101. Sare\u017e\u0123\u012bt\u0101kas ir cauru\u013cvadu sist\u0113mas p\u0101rbaudes. Ja ra\u017eo\u0161anas iek\u0101rt\u0101 rodas av\u0101rija, atkar\u012bba no viena filtr\u0113\u0161anas avota izraisa piln\u012bgu ra\u017eo\u0161anas iek\u0101rtas vai t\u0101s <strong>da\u013cas<\/strong> aptur\u0113\u0161anu, <strong>ja cauru\u013cvadu t\u012bkls<\/strong> ir projekt\u0113ts ar main\u012bgu ventil\u0101ciju. Filtra boj\u0101jums neizb\u0113gami izraisa ra\u017eo\u0161anas p\u0101rtraukumu.      <\/p>\n\n<p>Mobilie putek\u013cu sav\u0101c\u0113ji ir izvietoti pa visu ra\u017eo\u0161anas vien\u012bbu. Tas apgr\u016btina tehnisk\u0101s apkopes organiz\u0113\u0161anu, jo t\u0101 tiek veikta vair\u0101k\u0101s viet\u0101s, kas palielina p\u0101rbau\u017eu skaitu. No otras puses,<strong> vienas ra\u017eo\u0161anas vien\u012bbas av\u0101rija<\/strong> neietekm\u0113 p\u0101r\u0113jo vien\u012bbu att\u012br\u012b\u0161anu no putek\u013ciem. Mobil\u0101 putek\u013cu sav\u0101c\u0113ja av\u0101riju var uz laiku atrisin\u0101t, iznom\u0101jot l\u012bdz\u012bgu sav\u0101c\u0113ju.   <\/p>\n","protected":false},"excerpt":{"rendered":"<p>Lai gan putek\u013cu sav\u0101k\u0161anas tehnikas izv\u0113li nosaka emit\u0113to da\u013ci\u0146u izm\u0113rs, to fizik\u0101li \u0137\u012bmisk\u0101s \u012bpa\u0161\u012bbas un ietekme uz operatoriem un vidi, ir ar\u012b citi krit\u0113riji, kas nosaka, vai izv\u0113l\u0113ties stacion\u0101ru vai p\u0101rvietojamu putek\u013cu sav\u0101c\u0113ju, k\u0101 ar\u012b vai putek\u013cu sav\u0101k\u0161anas sist\u0113ma ir centraliz\u0113ta vai lokaliz\u0113ta. \u0160ie krit\u0113riji ir atkar\u012bgi no ra\u017eo\u0161anas konteksta: r\u016bpniec\u012bbas nozares, ra\u017eotnes lieluma, t\u0101s aprites cikla posma, ra\u017eo\u0161anas procesiem, tiesiskajiem ierobe\u017eojumiem, kas reglament\u0113 t\u0101s darb\u012bbu, finansi\u0101l\u0101 l\u012bdzsvara starp bud\u017eeta ierobe\u017eojumiem un putek\u013cu sav\u0101c\u0113ja ieguld\u012bjumu un ekspluat\u0101cijas pl\u016bsm\u0101m utt. Katrs gad\u012bjums ir unik\u0101ls. Ir daudz krit\u0113riju! Pirm\u0101 pieeja \u013caus jums noskaidrot situ\u0101ciju!    <\/p>\n","protected":false},"author":4,"featured_media":81714,"comment_status":"open","ping_status":"closed","sticky":false,"template":"","format":"standard","meta":{"_acf_changed":false,"_seopress_robots_primary_cat":"none","_seopress_titles_title":"Stacion\u0101rais vai mobilais, centr\u0101lais vai lok\u0101lais putek\u013cu sav\u0101c\u0113js: izv\u0113les krit\u0113riji?","_seopress_titles_desc":"\u0160ie krit\u0113riji ir atkar\u012bgi no ra\u017eo\u0161anas konteksta: r\u016bpniec\u012bbas nozares, ra\u017eo\u0161anas vien\u012bbas lieluma, t\u0101s dz\u012bves cikla posma, ra\u017eo\u0161anas procesa utt.","_seopress_robots_index":"","footnotes":""},"categories":[132],"tags":[133],"class_list":["post-40840","post","type-post","status-publish","format-standard","has-post-thumbnail","hentry","category-musu-padoms","tag-entete-maza","generate-columns","tablet-grid-50","mobile-grid-100","grid-parent","grid-50","no-featured-image-padding","resize-featured-image"],"acf":[],"_links":{"self":[{"href":"https:\/\/obera.fr\/lv\/wp-json\/wp\/v2\/posts\/40840","targetHints":{"allow":["GET"]}}],"collection":[{"href":"https:\/\/obera.fr\/lv\/wp-json\/wp\/v2\/posts"}],"about":[{"href":"https:\/\/obera.fr\/lv\/wp-json\/wp\/v2\/types\/post"}],"author":[{"embeddable":true,"href":"https:\/\/obera.fr\/lv\/wp-json\/wp\/v2\/users\/4"}],"replies":[{"embeddable":true,"href":"https:\/\/obera.fr\/lv\/wp-json\/wp\/v2\/comments?post=40840"}],"version-history":[{"count":3,"href":"https:\/\/obera.fr\/lv\/wp-json\/wp\/v2\/posts\/40840\/revisions"}],"predecessor-version":[{"id":82267,"href":"https:\/\/obera.fr\/lv\/wp-json\/wp\/v2\/posts\/40840\/revisions\/82267"}],"wp:featuredmedia":[{"embeddable":true,"href":"https:\/\/obera.fr\/lv\/wp-json\/wp\/v2\/media\/81714"}],"wp:attachment":[{"href":"https:\/\/obera.fr\/lv\/wp-json\/wp\/v2\/media?parent=40840"}],"wp:term":[{"taxonomy":"category","embeddable":true,"href":"https:\/\/obera.fr\/lv\/wp-json\/wp\/v2\/categories?post=40840"},{"taxonomy":"post_tag","embeddable":true,"href":"https:\/\/obera.fr\/lv\/wp-json\/wp\/v2\/tags?post=40840"}],"curies":[{"name":"wp","href":"https:\/\/api.w.org\/{rel}","templated":true}]}}