{"id":41126,"date":"2023-11-14T12:12:24","date_gmt":"2023-11-14T10:12:24","guid":{"rendered":"https:\/\/obera.fr\/non-classifiee\/izmantosanas-gadijums-ogludenrazu-attirisana-rupnieciska-vide\/"},"modified":"2025-04-15T11:16:56","modified_gmt":"2025-04-15T09:16:56","slug":"cas-usage-traitement-hydrocarbures-milieu-industriel","status":"publish","type":"post","link":"https:\/\/obera.fr\/lv\/musu-padoms\/cas-usage-traitement-hydrocarbures-milieu-industriel\/","title":{"rendered":"oberA Lieto\u0161anas gad\u012bjums: Og\u013c\u016bde\u0146ra\u017eu att\u012br\u012b\u0161ana r\u016bpniecisk\u0101 vid\u0113"},"content":{"rendered":"\n<figure class=\"wp-block-image alignleft size-large is-resized\"><img decoding=\"async\" width=\"1024\" height=\"683\" src=\"https:\/\/obera.fr\/wp-content\/uploads\/2023\/12\/plaquette-frein-train-1-1024x683.jpg\" alt=\"dzelzce&#x13C;a darbinieks p&#x101;rbauda kravas vilciena rite&#x146;us un bremzes.\" class=\"wp-image-26412\" style=\"width:330px;height:auto\" srcset=\"https:\/\/obera.fr\/wp-content\/uploads\/2023\/12\/plaquette-frein-train-1-1024x683.jpg 1024w, https:\/\/obera.fr\/wp-content\/uploads\/2023\/12\/plaquette-frein-train-1-300x200.jpg 300w, https:\/\/obera.fr\/wp-content\/uploads\/2023\/12\/plaquette-frein-train-1-768x512.jpg 768w, https:\/\/obera.fr\/wp-content\/uploads\/2023\/12\/plaquette-frein-train-1-1536x1024.jpg 1536w, https:\/\/obera.fr\/wp-content\/uploads\/2023\/12\/plaquette-frein-train-1-2048x1365.jpg 2048w\" sizes=\"(max-width: 1024px) 100vw, 1024px\" \/><\/figure>\n\n<p>OberA lepojas ar to, ka <strong>klienti, kas specializ\u0113jas dzelzce\u013ca transporta nozar\u0113, <\/strong>un Francijas speci\u0101listi granul\u0113tu risin\u0101jumu jom\u0101 ce\u013cu mais\u012bjumu ra\u017eo\u0161an\u0101 ir izv\u0113l\u0113ju\u0161ies OberA, lai atrisin\u0101tu lielu izaicin\u0101jumu sav\u0101 ra\u017eo\u0161anas proces\u0101.<\/p>\n\n<p>M\u016bsu klienti, apzinoties, cik svar\u012bgi ir saglab\u0101t vidi un garant\u0113t savu darbinieku vesel\u012bbu un dro\u0161\u012bbu, v\u0113rs\u0101s pie m\u016bsu<a href=\"https:\/\/obera.fr\/lv\/musu-padoms\/traitement-odeurs-industrielles\/\"> gaisa apstr\u0101des speci\u0101listiem.<\/a> Ra\u017eo\u0161anas proces\u0101 tie sask\u0101r\u0101s ar <strong>kait\u012bgiem og\u013c\u016bde\u0146ra\u017eu d\u016bmiem,<\/strong> kas rad\u012bja ba\u017eas gan par vidi, gan darbinieku vesel\u012bbu. <\/p>\n\n<p>Lai risin\u0101tu \u0161os izaicin\u0101jumus, esam <strong>izstr\u0101d\u0101ju\u0161i piel\u0101gotus risin\u0101jumus,<\/strong> lai efekt\u012bvi uztvertu un apstr\u0101d\u0101tu og\u013c\u016bde\u0146ra\u017eu emisijas to ra\u0161an\u0101s viet\u0101. Ievie\u0161ot gaisa att\u012br\u012b\u0161anas sist\u0113mas, kas piel\u0101gotas konkr\u0113t\u0101m vajadz\u012bb\u0101m, mums ir izdevies iev\u0113rojami samazin\u0101t og\u013c\u016bde\u0146ra\u017eu emisijas apk\u0101rt\u0113j\u0101 gais\u0101. <\/p>\n\n<p>Dzelzce\u013ca nozare<\/p>\n\n<p>M\u016bsu <strong>klientam, kas specializ\u0113jas dzelzce\u013ca transport\u0101<\/strong>, m\u0113s ievies\u0101m putek\u013cu sav\u0101k\u0161anas risin\u0101jumu, tostarp <a href=\"https:\/\/obera.fr\/lv\/produits\/traitement-cov\/filtre-atex-mobile-mobfan-4500\/\">Mobfan<\/a> sist\u0113mu, kas \u012bpa\u0161i izstr\u0101d\u0101ta smaku un gaisto\u0161o organisko savienojumu (GOS) att\u012br\u012b\u0161anai. Ieg\u016btie rezult\u0101ti un pozit\u012bv\u0101s atsauksmes no operatoriem piln\u012bb\u0101 apmierin\u0101ja m\u016bsu klientu, jo \u0161is risin\u0101jums \u013c\u0101va <strong>iev\u0113rojami samazin\u0101t og\u013c\u016bde\u0146ra\u017eu emisijas<\/strong> pie r\u016bpniecisk\u0101s kr\u0101sns izejas, ko izmanto ra\u017eo\u0161anas procesos darbn\u012bc\u0101s. <\/p>\n\n<div class=\"wp-block-columns is-layout-flex wp-container-core-columns-is-layout-28f84493 wp-block-columns-is-layout-flex\">\n<div class=\"wp-block-column is-layout-flow wp-block-column-is-layout-flow\">\n<figure class=\"wp-block-image size-full is-resized\"><img decoding=\"async\" width=\"1638\" height=\"1265\" src=\"https:\/\/obera.fr\/wp-content\/uploads\/2023\/12\/render_front1_v1-edited.png\" alt=\"render&#x113;t front1 v1\" class=\"wp-image-26424\" style=\"width:498px;height:auto\" srcset=\"https:\/\/obera.fr\/wp-content\/uploads\/2023\/12\/render_front1_v1-edited.png 1638w, https:\/\/obera.fr\/wp-content\/uploads\/2023\/12\/render_front1_v1-edited-300x232.png 300w, https:\/\/obera.fr\/wp-content\/uploads\/2023\/12\/render_front1_v1-edited-1024x791.png 1024w, https:\/\/obera.fr\/wp-content\/uploads\/2023\/12\/render_front1_v1-edited-768x593.png 768w, https:\/\/obera.fr\/wp-content\/uploads\/2023\/12\/render_front1_v1-edited-1536x1186.png 1536w\" sizes=\"(max-width: 1638px) 100vw, 1638px\" \/><\/figure>\n<\/div>\n\n\n\n<div class=\"wp-block-column is-layout-flow wp-block-column-is-layout-flow\">\n<figure class=\"wp-block-image size-full\"><img decoding=\"async\" width=\"945\" height=\"650\" src=\"https:\/\/obera.fr\/wp-content\/uploads\/2023\/12\/vacumat.jpg\" alt=\"vacumat\" class=\"wp-image-26418\" srcset=\"https:\/\/obera.fr\/wp-content\/uploads\/2023\/12\/vacumat.jpg 945w, https:\/\/obera.fr\/wp-content\/uploads\/2023\/12\/vacumat-300x206.jpg 300w, https:\/\/obera.fr\/wp-content\/uploads\/2023\/12\/vacumat-768x528.jpg 768w\" sizes=\"(max-width: 945px) 100vw, 945px\" \/><\/figure>\n<\/div>\n<\/div>\n\n<figure class=\"wp-block-image alignright size-large is-resized\"><img decoding=\"async\" width=\"576\" height=\"1024\" src=\"https:\/\/obera.fr\/wp-content\/uploads\/2023\/12\/epurbox-576x1024.jpg\" alt=\"epurbox\" class=\"wp-image-26436\" style=\"width:179px;height:auto\" srcset=\"https:\/\/obera.fr\/wp-content\/uploads\/2023\/12\/epurbox-576x1024.jpg 576w, https:\/\/obera.fr\/wp-content\/uploads\/2023\/12\/epurbox-169x300.jpg 169w, https:\/\/obera.fr\/wp-content\/uploads\/2023\/12\/epurbox-768x1365.jpg 768w, https:\/\/obera.fr\/wp-content\/uploads\/2023\/12\/epurbox-864x1536.jpg 864w, https:\/\/obera.fr\/wp-content\/uploads\/2023\/12\/epurbox-1152x2048.jpg 1152w, https:\/\/obera.fr\/wp-content\/uploads\/2023\/12\/epurbox-scaled.jpg 1440w\" sizes=\"(max-width: 576px) 100vw, 576px\" \/><\/figure>\n\n<p>Ce\u013cu asfalt\u0113\u0161anas nozare<\/p>\n\n<p>M\u016bsu klientam, kas specializ\u0113jas ce\u013cu asfalta ra\u017eo\u0161an\u0101 un ra\u017eo jaunu darvu, m\u0113s uzst\u0101d\u012bj\u0101m<a href=\"https:\/\/obera.fr\/lv\/produits\/traitement-cov\/aspiration-mobile-odeurs-epur-box\/\"> ePURBOX<\/a> atputek\u013co\u0161anas sist\u0113mu, kas apr\u012bkota ar roku un akt\u012bv\u0101s ogles patron\u0101m, kas \u012bpa\u0161i izstr\u0101d\u0101tas, lai efekt\u012bvi att\u012br\u012btu g\u0101zveida pies\u0101r\u0146ot\u0101jus, smakas un gaisto\u0161os organiskos savienojumus (GOS) to ra\u0161an\u0101s viet\u0101. M\u016bsu klients bija <strong>piln\u012bb\u0101 apmierin\u0101ts ar \u0161o risin\u0101jumu,<\/strong> jo tas \u013c\u0101va iev\u0113rojami samazin\u0101t og\u013c\u016bde\u0146ra\u017eu emisijas jauno darvu ra\u017eo\u0161anas proces\u0101 t\u0101 darbn\u012bc\u0101s.   <\/p>\n\n<p>Pateicoties m\u016bsu intervencei, m\u016bsu klienti ir sp\u0113ju\u0161i ne tikai<strong> iev\u0113rot<\/strong> stingros<strong> vides aizsardz\u012bbas noteikumus<\/strong> attiec\u012bb\u0101 uz og\u013c\u016bde\u0146ra\u017eu emisij\u0101m, bet ar\u012b uzlabot savu darbinieku darba apst\u0101k\u013cus, radot vesel\u012bg\u0101ku un dro\u0161\u0101ku vidi.<\/p>\n\n<p>\u0160\u012b augl\u012bg\u0101 sadarb\u012bba ar m\u016bsu klientiem, kas specializ\u0113jas dzelzce\u013ca transport\u0101 un plastmasas deta\u013cu ra\u017eo\u0161an\u0101, apliecina m\u016bsu <strong>ap\u0146em\u0161anos veicin\u0101t inov\u0101cijas un ilgtsp\u0113j\u012bbu<\/strong>. M\u0113s lepojamies ar to, ka varam sniegt ieguld\u012bjumu ietekmes uz vidi samazin\u0101\u0161an\u0101 un darba apst\u0101k\u013cu uzlabo\u0161an\u0101 \u0161aj\u0101 nozar\u0113, pied\u0101v\u0101jot piel\u0101gotus risin\u0101jumus vides, vesel\u012bbas un dro\u0161\u012bbas probl\u0113m\u0101m. <\/p>\n\n<h2 class=\"wp-block-heading\"><strong>Og\u013c\u016bde\u0146ra\u017eu ra\u017eo\u0161anas procesi dzelzce\u013ca nozar\u0113  <\/strong><\/h2>\n\n<p><strong>Og\u013c\u016bde\u0146ra\u017eu kl\u0101tb\u016btne r\u016bpniecisk\u0101s kr\u0101sns beig\u0101s <\/strong>ir bie\u017ei sastopama par\u0101d\u012bba dzelzce\u013ca r\u016bpniec\u012bb\u0101 da\u017eu konkr\u0113tu deta\u013cu ra\u017eo\u0161anas proces\u0101. R\u016bpniecisk\u0101s kr\u0101snis izmanto da\u017e\u0101du materi\u0101lu, tostarp plastmasas un sve\u0137u, kars\u0113\u0161anai, \u017e\u0101v\u0113\u0161anai, sacietin\u0101\u0161anai vai polimeriz\u0101cijai, kurus bie\u017ei izmanto vilcienu un dzelzce\u013ca iek\u0101rtu sast\u0101vda\u013cu ra\u017eo\u0161an\u0101. <\/p>\n\n<p>Kad \u0161ie materi\u0101li tiek pak\u013cauti augstai temperat\u016brai kr\u0101sn\u012b, da\u017eas og\u013c\u016bde\u0146ra\u017eu molekulas var <strong>izdal\u012bties g\u0101zu vai tvaiku veid\u0101<\/strong>. \u0160ie og\u013c\u016bde\u0146ra\u017eu izme\u0161i var izplat\u012bties apk\u0101rt\u0113j\u0101 gais\u0101 ap kr\u0101sni un var b\u016bt potenci\u0101li kait\u012bgi darbinieku vesel\u012bbai un videi. <\/p>\n\n<figure class=\"wp-block-image alignleft size-full is-resized\"><img decoding=\"async\" width=\"600\" height=\"600\" src=\"https:\/\/obera.fr\/wp-content\/uploads\/2023\/12\/picto-risque-mutagene.jpg\" alt=\"picto mutag&#x113;nais risks\" class=\"wp-image-26440\" style=\"width:52px;height:auto\" srcset=\"https:\/\/obera.fr\/wp-content\/uploads\/2023\/12\/picto-risque-mutagene.jpg 600w, https:\/\/obera.fr\/wp-content\/uploads\/2023\/12\/picto-risque-mutagene-300x300.jpg 300w, https:\/\/obera.fr\/wp-content\/uploads\/2023\/12\/picto-risque-mutagene-150x150.jpg 150w\" sizes=\"(max-width: 600px) 100vw, 600px\" \/><\/figure>\n\n<p>Og\u013c\u016bde\u0146ra\u017eu kl\u0101tb\u016btne pie r\u016bpniecisk\u0101s kr\u0101sns izejas var apdraud\u0113t vesel\u012bbu operatoriem, kas pak\u013cauti \u0161o d\u016bmu iedarb\u012bbai.<strong>\u0160o og\u013c\u016bde\u0146ra\u017eu g\u0101zu vai tvaiku ieelpo\u0161ana<\/strong> var izrais\u012bt elpo\u0161anas ce\u013cu kairin\u0101jumu, galvass\u0101pes, reiboni, sliktu d\u016b\u0161u saj\u016btu un pat nopietn\u0101ku ilgtermi\u0146a ietekmi uz vesel\u012bbu atkar\u012bb\u0101 no izdal\u012bto og\u013c\u016bde\u0146ra\u017eu koncentr\u0101cijas un veida. <\/p>\n\n<h2 class=\"wp-block-heading\"><strong>Procesi, kuros, ra\u017eojot jaunu darvu, rodas og\u013c\u016bde\u0146ra\u017ei<\/strong><\/h2>\n\n<p>Og\u013c\u016bde\u0146ra\u017eu kl\u0101tb\u016btne,<strong> veidojot jaunu dar<\/strong> vu, ir bie\u017ea un neizb\u0113gama situ\u0101cija. Darvu parasti ra\u017eo, destil\u0113jot j\u0113lnaftu vai citus og\u013c\u016bde\u0146ra\u017eu avotus. Jaunas darvas formul\u0113\u0161anas proces\u0101 izmanto <strong>da\u017e\u0101das og\u013c\u016bde\u0146ra\u017eus saturo\u0161as izejvielas<\/strong>, lai ieg\u016btu v\u0113lamo sast\u0101vu.  <\/p>\n\n<p>Formul\u0113\u0161anas procesa laik\u0101 og\u013c\u016bde\u0146ra\u017eu d\u016bmi var izdal\u012bties r\u016bpn\u012bcas vai ra\u017eo\u0161anas ceha apk\u0101rt\u0113j\u0101 gais\u0101. \u0160ie izgarojumi var b\u016bt g\u0101zu vai tvaiku veid\u0101, un tie var b\u016bt <strong>potenci\u0101li kait\u012bgi<\/strong> iedarb\u012bbai pak\u013cauto <strong>darbinieku vesel\u012bbai<\/strong>. <\/p>\n\n<h2 class=\"wp-block-heading\"><strong>Og\u013c\u016bde\u0146ra\u017eu b\u012bstam\u012bba operatoru vesel\u012bbai<\/strong><\/h2>\n\n<p>Og\u013c\u016bde\u0146ra\u017eu ieelpo\u0161ana r\u016bpnieciskos ra\u017eo\u0161anas procesos rada vair\u0101kus vesel\u012bbas apdraud\u0113jumus iedarb\u012bbai pak\u013cautajiem darbiniekiem. <strong>Og\u013c\u016bde\u0146ra\u017ei ir organiski \u0137\u012bmiski savienojumi, kas <\/strong>sastopami naftas produktos, un tie var b\u016bt g\u0101zu, tvaiku vai smalku da\u013ci\u0146u veid\u0101. \u0160eit ir min\u0113ti da\u017ei ar og\u013c\u016bde\u0146ra\u017eu ieelpo\u0161anu saist\u012btie apdraud\u0113jumi:  <\/p>\n\n<h3 class=\"wp-block-heading\"><strong>Elpo\u0161anas trakta kairin\u0101jums  <\/strong><\/h3>\n\n<p>Og\u013c\u016bde\u0146ra\u017eu ieelpo\u0161ana var <strong>izrais\u012bt elpce\u013cu kairin\u0101jumu,<\/strong> kas izraisa t\u0101dus simptomus k\u0101 klepus, kakla s\u0101pes, \u0161\u0137aud\u012b\u0161ana un elpas tr\u016bkums.<\/p>\n\n<h3 class=\"wp-block-heading\"><strong>Elpo\u0161anas probl\u0113mas  <\/strong><\/h3>\n\n<p>Hroniska <strong>augsta og\u013c\u016bde\u0146ra\u017eu l\u012bme\u0146a<\/strong> iedarb\u012bba var izrais\u012bt hroniskas elpo\u0161anas probl\u0113mas, piem\u0113ram, astmu vai simptomu pasliktin\u0101\u0161anos predispon\u0113tiem cilv\u0113kiem.<\/p>\n\n<h3 class=\"wp-block-heading\"><strong>Neirolo\u0123isk\u0101 ietekme<\/strong><\/h3>\n\n<p>Da\u017ei og\u013c\u016bde\u0146ra\u017ei tiek uzskat\u012bti par neirotoks\u012bniem un var ietekm\u0113t centr\u0101lo nervu sist\u0113mu.<strong> Ilgsto\u0161a iedarb\u012bba var izrais\u012bt galvass\u0101pes<\/strong>, reiboni, atmi\u0146as trauc\u0113jumus un koncentr\u0113\u0161an\u0101s probl\u0113mas. <\/p>\n\n<h3 class=\"wp-block-heading\"><strong>Ietekme uz akn\u0101m un nier\u0113m<\/strong><\/h3>\n\n<p>Da\u017ei og\u013c\u016bde\u0146ra\u017ei ir toksiski akn\u0101m un nier\u0113m, un ilgsto\u0161a iedarb\u012bba var <strong>izrais\u012bt \u0161o org\u0101nu boj\u0101jumus<\/strong>.<\/p>\n\n<h3 class=\"wp-block-heading\"><strong>Kancerog\u0113ni riski  <\/strong><\/h3>\n\n<p>Da\u017eas starptautiskas vesel\u012bbas a\u0123ent\u016bras klasific\u0113 da\u017eus og\u013c\u016bde\u0146ra\u017eus k\u0101 kancerog\u0113nus cilv\u0113kiem, t\u0101d\u0113j\u0101di radot ba\u017eas par to, ka tie var <strong>izrais\u012bt v\u0113zi iedarb\u012bbai pak\u013caut\u0101m person\u0101m<\/strong>.<\/p>\n\n<h3 class=\"wp-block-heading\"><strong>Aizdusin\u0101\u0161ana  <\/strong><\/h3>\n\n<p>Da\u017ei og\u013c\u016bde\u0146ra\u017ei var aizst\u0101t sk\u0101bekli gais\u0101, radot sk\u0101bek\u013ca defic\u012btu un potenci\u0101li nosmac\u0113jo\u0161u vidi.<\/p>\n\n<p>OberA pied\u0101v\u0101t\u0101 gaisa att\u012br\u012b\u0161ana sniedz vair\u0101kas b\u016btiskas priek\u0161roc\u012bbas <strong>dzelzce\u013ca nozares uz\u0146\u0113mumiem<\/strong> un ce\u013cu asfalta ra\u017eo\u0161anas speci\u0101listiem, jo \u012bpa\u0161i saist\u012bb\u0101 ar og\u013c\u016bde\u0146ra\u017eu p\u0101rvald\u012bbu ra\u017eo\u0161anas procesos.<\/p>\n\n<h2 class=\"wp-block-heading\"><strong>Og\u013c\u016bde\u0146ra\u017eu p\u0101rstr\u0101des priek\u0161roc\u012bbas m\u016bsu vado\u0161ajiem Francijas nozares dal\u012bbniekiem<\/strong><\/h2>\n\n<p>Attiec\u012bb\u0101 uz darbinieku vesel\u012bbu un dro\u0161\u012bbu gaisa att\u012br\u012b\u0161ana efekt\u012bvi uztver un likvid\u0113 og\u013c\u016bde\u0146ra\u017eu d\u016bmus,<strong> aizsarg\u0101jot darbinieku vesel\u012bbu, samazinot \u0161o potenci\u0101li kait\u012bgo savienojumu iedarb\u012bbu<\/strong>. Tas pal\u012bdz nov\u0113rst elpo\u0161anas ce\u013cu kairin\u0101jumu, hroniskas elpo\u0161anas probl\u0113mas un ilgtermi\u0146a nelabv\u0113l\u012bgas ietekmes uz vesel\u012bbu risku. <\/p>\n\n<p>Turkl\u0101t, uzst\u0101dot gaisa att\u012br\u012b\u0161anas sist\u0113mas, m\u016bsu klienti var iev\u0113rot stingros vides aizsardz\u012bbas noteikumus attiec\u012bb\u0101 uz og\u013c\u016bde\u0146ra\u017eu emisij\u0101m. Tas \u013cauj izvair\u012bties no iesp\u0113jamiem sodiem un soda naud\u0101m, kas saist\u012btas ar <strong>vides standartu neiev\u0113ro\u0161anu<\/strong>, t\u0101d\u0113j\u0101di pastiprinot uz\u0146\u0113muma atbild\u012bbu vides jom\u0101. <\/p>\n\n<p>Attiec\u012bb\u0101 uz z\u012bmola t\u0113lu un reput\u0101ciju atbild\u012bgas og\u013c\u016bde\u0146ra\u017eu apstr\u0101des prakses pie\u0146em\u0161ana pal\u012bdz uzlabot to z\u012bmola t\u0113lu. Tas apliecina to ap\u0146em\u0161anos<strong> aizsarg\u0101t vidi <\/strong>un darbinieku vesel\u012bbu, kas var uzlabot to uztveri klientu, dar\u012bjumu partneru un sabiedr\u012bbas ac\u012bs. <\/p>\n\n<p>Turkl\u0101t gaisa att\u012br\u012b\u0161ana pal\u012bdz<strong> uzlabot gaisa kvalit\u0101ti<\/strong> uz\u0146\u0113muma darba vid\u0113, uztverot un likvid\u0113jot og\u013c\u016bde\u0146ra\u017eu d\u016bmus. Tas rada vesel\u012bg\u0101ku darba vietu darbiniekiem, samazinot elpo\u0161anas un citu vesel\u012bbas probl\u0113mu risku, kas saist\u012bts ar sliktu gaisa kvalit\u0101ti. <\/p>\n\n<p>Visbeidzot, kontrol\u0113jot og\u013c\u016bde\u0146ra\u017eu emisijas, gaisa att\u012br\u012b\u0161ana var \u013caut efekt\u012bv\u0101k izmantot izejvielas un resursus, kas<strong> uz\u0146\u0113mumam<\/strong> var<strong> rad\u012bt izmaksu ietaup\u012bjumus<\/strong>.<\/p>\n\n<p>Kopum\u0101 OberA pied\u0101v\u0101t\u0101 gaisa att\u012br\u012b\u0161ana nodro\u0161ina piln\u012bgu risin\u0101jumu og\u013c\u016bde\u0146ra\u017eu p\u0101rvald\u012bbai ra\u017eo\u0161anas procesos dzelzce\u013ca un ce\u013cu asfalta nozar\u0113. Tas pal\u012bdz uzlabot darbinieku vesel\u012bbu un dro\u0161\u012bbu, iev\u0113rot vides aizsardz\u012bbas noteikumus,<strong> uzlabot z\u012bmola t\u0113lu<\/strong> un rad\u012bt vesel\u012bg\u0101ku un efekt\u012bv\u0101ku darba vidi. Tas ir b\u016btisks pas\u0101kums, lai nodro\u0161in\u0101tu atbild\u012bgu, ilgtsp\u0113j\u012bgu un videi draudz\u012bgu ra\u017eo\u0161anu \u0161aj\u0101s svar\u012bg\u0101kaj\u0101s nozar\u0113s.  <\/p>\n\n<h2 class=\"wp-block-heading\"><strong>Aktiv\u0113t\u0101s ogles efektivit\u0101te og\u013c\u016bde\u0146ra\u017eu emisiju samazin\u0101\u0161an\u0101<\/strong><\/h2>\n\n<figure class=\"wp-block-image alignright size-large is-resized\"><img decoding=\"async\" width=\"1024\" height=\"549\" src=\"https:\/\/obera.fr\/wp-content\/uploads\/2023\/12\/charbon-actif-ckv-3-1024x549.jpg\" alt=\"akt&#x12B;v&#x101; ogle ckv 3\" class=\"wp-image-26444\" style=\"width:411px;height:auto\" srcset=\"https:\/\/obera.fr\/wp-content\/uploads\/2023\/12\/charbon-actif-ckv-3-1024x549.jpg 1024w, https:\/\/obera.fr\/wp-content\/uploads\/2023\/12\/charbon-actif-ckv-3-300x161.jpg 300w, https:\/\/obera.fr\/wp-content\/uploads\/2023\/12\/charbon-actif-ckv-3-768x412.jpg 768w, https:\/\/obera.fr\/wp-content\/uploads\/2023\/12\/charbon-actif-ckv-3.jpg 1200w\" sizes=\"(max-width: 1024px) 100vw, 1024px\" \/><\/figure>\n\n<p><strong> Aktiv\u0113t\u0101 ogle<\/strong> ir porains materi\u0101ls ar lielu \u012bpatn\u0113jo virsmas laukumu, kas \u013cauj tai aiztur\u0113t og\u013c\u016bde\u0146ra\u017eu molekulas, kad t\u0101s caur to izk\u013c\u016bst. \u0160\u012bs og\u013c\u016bde\u0146ra\u017eu molekulas tiek adsorb\u0113tas un aiztur\u0113tas uz aktiv\u0113t\u0101s ogles virsmas. Tas iev\u0113rojami samazina<strong> og\u013c\u016bde\u0146ra\u017eu koncentr\u0101ciju gais\u0101<\/strong> un uzlabo gaisa kvalit\u0101ti, likvid\u0113jot \u0161os pies\u0101r\u0146ot\u0101jus.  <\/p>\n\n<p>Lai nodro\u0161in\u0101tu, ka akt\u012bv\u0101 ogle ir p\u0113c iesp\u0113jas efekt\u012bv\u0101ka, ir svar\u012bgi izv\u0113l\u0113ties ogles veidu, kas piem\u0113rots izdal\u012bto og\u013c\u016bde\u0146ra\u017eu specifiskajam sast\u0101vam, un izstr\u0101d\u0101t piem\u0113rotu filtr\u0113\u0161anas sist\u0113mu d\u016bmiem, kas izpl\u016bst no r\u016bpniecisk\u0101s kr\u0101sns. Lai saglab\u0101tu <strong>akt\u012bv\u0101s ogles<\/strong> ilgtermi\u0146a efektivit\u0101ti, ir nepiecie\u0161ama ar\u012b <strong>regul\u0101ra uzraudz\u012bba un pareiza t\u0101s apkope<\/strong>. <\/p>\n\n<blockquote class=\"wp-block-quote is-layout-flow wp-block-quote-is-layout-flow\">\n<p>Uzziniet vair\u0101k par v\u0113l vienu izmanto\u0161anas gad\u012bjumu, kas saist\u012bts ar<a href=\"https:\/\/obera.fr\/lv\/musu-padoms\/cas-usage-traitement-vapeurs-degraissant-nettoyage-pieces-metalliques\/\"> attauko\u0161anas tvaiku apstr\u0101di, t\u012brot met\u0101la deta\u013cas<\/a> r\u016bpniecisk\u0101 vid\u0113.<\/p>\n<\/blockquote>\n","protected":false},"excerpt":{"rendered":"<p>OberA lepojas ar to, ka klienti, kas specializ\u0113jas dzelzce\u013ca transporta nozar\u0113, un Francijas speci\u0101listi granul\u0113tu risin\u0101jumu jom\u0101 ce\u013cu mais\u012bjumu ra\u017eo\u0161an\u0101 ir izv\u0113l\u0113ju\u0161ies OberA, lai atrisin\u0101tu lielu izaicin\u0101jumu sav\u0101 ra\u017eo\u0161anas proces\u0101.<\/p>\n","protected":false},"author":4,"featured_media":81796,"comment_status":"open","ping_status":"closed","sticky":false,"template":"","format":"standard","meta":{"_acf_changed":false,"_seopress_robots_primary_cat":"none","_seopress_titles_title":"oberA Lieto\u0161anas gad\u012bjums: Og\u013c\u016bde\u0146ra\u017eu att\u012br\u012b\u0161ana r\u016bpniecisk\u0101 vid\u0113","_seopress_titles_desc":"OberA lepojas ar to, ka to ir izv\u0113l\u0113ju\u0161ies klienti, kas specializ\u0113jas dzelzce\u013ca transporta nozar\u0113. Uzziniet, k\u0101 m\u0113s esam sp\u0113ju\u0161i rea\u0123\u0113t uz \u0161\u012bs nozares izaicin\u0101jumiem.","_seopress_robots_index":"","footnotes":""},"categories":[132],"tags":[133],"class_list":["post-41126","post","type-post","status-publish","format-standard","has-post-thumbnail","hentry","category-musu-padoms","tag-entete-maza","generate-columns","tablet-grid-50","mobile-grid-100","grid-parent","grid-50","no-featured-image-padding","resize-featured-image"],"acf":[],"_links":{"self":[{"href":"https:\/\/obera.fr\/lv\/wp-json\/wp\/v2\/posts\/41126","targetHints":{"allow":["GET"]}}],"collection":[{"href":"https:\/\/obera.fr\/lv\/wp-json\/wp\/v2\/posts"}],"about":[{"href":"https:\/\/obera.fr\/lv\/wp-json\/wp\/v2\/types\/post"}],"author":[{"embeddable":true,"href":"https:\/\/obera.fr\/lv\/wp-json\/wp\/v2\/users\/4"}],"replies":[{"embeddable":true,"href":"https:\/\/obera.fr\/lv\/wp-json\/wp\/v2\/comments?post=41126"}],"version-history":[{"count":5,"href":"https:\/\/obera.fr\/lv\/wp-json\/wp\/v2\/posts\/41126\/revisions"}],"predecessor-version":[{"id":82420,"href":"https:\/\/obera.fr\/lv\/wp-json\/wp\/v2\/posts\/41126\/revisions\/82420"}],"wp:featuredmedia":[{"embeddable":true,"href":"https:\/\/obera.fr\/lv\/wp-json\/wp\/v2\/media\/81796"}],"wp:attachment":[{"href":"https:\/\/obera.fr\/lv\/wp-json\/wp\/v2\/media?parent=41126"}],"wp:term":[{"taxonomy":"category","embeddable":true,"href":"https:\/\/obera.fr\/lv\/wp-json\/wp\/v2\/categories?post=41126"},{"taxonomy":"post_tag","embeddable":true,"href":"https:\/\/obera.fr\/lv\/wp-json\/wp\/v2\/tags?post=41126"}],"curies":[{"name":"wp","href":"https:\/\/api.w.org\/{rel}","templated":true}]}}