{"id":41978,"date":"2023-06-12T11:01:48","date_gmt":"2023-06-12T09:01:48","guid":{"rendered":"https:\/\/obera.fr\/non-classifiee\/silicija-dioksida-putekli-strasburas-katedrales-sveta-laurenta-portala-restauracija\/"},"modified":"2025-04-23T08:54:39","modified_gmt":"2025-04-23T06:54:39","slug":"poussiere-de-silice-renovation-du-portail-st-laurent-de-la-cathedrale-de-strasbourg","status":"publish","type":"post","link":"https:\/\/obera.fr\/lv\/musu-padoms\/poussiere-de-silice-renovation-du-portail-st-laurent-de-la-cathedrale-de-strasbourg\/","title":{"rendered":"Sil\u012bcija dioks\u012bda putek\u013ci: Strasb\u016bras katedr\u0101les Sv\u0113t\u0101 Laurenta port\u0101la atjauno\u0161ana"},"content":{"rendered":"\n<p><strong>Strasb\u016bras katedr\u0101le<\/strong> ir arhitekt\u016bras d\u0101rgakmens, kas iemieso Francijas mantojuma bag\u0101t\u012bbu un kr\u0101\u0161\u0146umu. \u0160\u012b iespaid\u012bg\u0101 gotisk\u0101 katedr\u0101le ar savu varen\u012bbu un v\u0113sturi valdzina apmekl\u0113t\u0101jus no visas pasaules. <\/p>\n\n<h2 class=\"wp-block-heading\">Strasb\u016bras katedr\u0101le, kas iek\u013cauta UNESCO Pasaules mantojuma sarakst\u0101<\/h2>\n\n<figure class=\"wp-block-embed is-type-video is-provider-youtube wp-block-embed-youtube wp-embed-aspect-16-9 wp-has-aspect-ratio\"><div class=\"wp-block-embed__wrapper\">\n<iframe title=\"R\u00e9novation du portail saint-Laurent \u00e0 la cath\u00e9drale de Strasbourg par OberA\" width=\"1200\" height=\"675\" src=\"https:\/\/www.youtube.com\/embed\/QwxNtAw6KLQ?feature=oembed\" frameborder=\"0\" allow=\"accelerometer; autoplay; clipboard-write; encrypted-media; gyroscope; picture-in-picture; web-share\" referrerpolicy=\"strict-origin-when-cross-origin\" allowfullscreen><\/iframe>\n<\/div><\/figure>\n\n<p>Strasb\u016bras katedr\u0101le, kas ofici\u0101li paz\u012bstama k\u0101 Notre-Dame de Strasbourg Cathedral, ir \u012bsts arhitekt\u016bras \u0161edevrs. T\u0101 celta laik\u0101 no 12. l\u012bdz 15. gadsimtam un tiek uzskat\u012bta par vienu no noz\u012bm\u012bg\u0101kajiem gotikas arhitekt\u016bras paraugiem. T\u0101 1988. gad\u0101 tika iek\u013cauta <strong>UNESCO Pasaules mantojuma<\/strong> sarakst\u0101, uzsverot t\u0101s izcilo kult\u016brv\u0113sturisko noz\u012bmi.  <\/p>\n\n<h2 class=\"wp-block-heading\">Port\u0101la St Laurent atjauno\u0161ana, kas rada draudus darbiniekiem<\/h2>\n\n<h3 class=\"wp-block-heading\">Sv\u0113t\u0101 Lauru v\u0101rti<\/h3>\n\n<p><strong>Saint Laurent port\u0101ls<\/strong> ir viena no galvenaj\u0101m ieej\u0101m Strasb\u016bras katedr\u0101l\u0113. Tas ir gotikas t\u0113lniec\u012bbas meistardarbs, un tas ir \u012bsts skats ac\u012bm. Statujas, kas rot\u0101 port\u0101lu, att\u0113lo B\u012bbeles ainas un reli\u0123iskas fig\u016bras. T\u0101s ir izcili smalkas un liecina par t\u0101 laika m\u0101kslinieku meistar\u012bbu. Apmekl\u0113t\u0101ji var apbr\u012bnot <strong>izsmalcin\u0101t\u0101s skulpt\u016bru deta\u013cas<\/strong> un apbr\u012bnot svar\u012bgu B\u012bbeles st\u0101stu m\u0101ksliniecisko atveidojumu.    <\/p>\n\n<h3 class=\"wp-block-heading\">Saint Laurent v\u0101rtu atjauno\u0161ana<\/h3>\n\n<p><strong> Akme\u0146kal\u0161ana ir sena un cien\u012bjama profesija<\/strong>, ta\u010du t\u0101 var ar\u012b rad\u012bt iev\u0113rojamus draudus amatnieku vesel\u012bbai. Viens no satrauco\u0161\u0101kajiem riskiem ir saist\u012bts ar sil\u012bcija dioks\u012bdu &#8211; vielu, kas dabiski sastopama daudzos akme\u0146os. <\/p>\n\n<h2 class=\"wp-block-heading\">Sil\u012bcija dioks\u012bds un t\u0101 rad\u012btais risks vesel\u012bbai<\/h2>\n\n<p><strong> Sil\u012bcija dioks\u012bds ir krist\u0101liska<\/strong> sil\u012bcija dioks\u012bda<strong> forma, kas<\/strong> sastopama daudzos akmens veidos, tostarp smil\u0161akmen\u012b. Grie\u017eot akmeni, berzes un trieciena rezult\u0101t\u0101 rodas sil\u012bcija dioks\u012bdu saturo\u0161as putek\u013cu da\u013ci\u0146as, kuras<strong> amatnieki<\/strong> var<strong> ieelpot<\/strong>. \u0160\u012b hronisk\u0101 sil\u012bcija dioks\u012bda iedarb\u012bba var izrais\u012bt nopietnas vesel\u012bbas probl\u0113mas, piem\u0113ram, silikozi &#8211; ne\u0101rst\u0113jamu plau\u0161u slim\u012bbu, kas samazina elpo\u0161anas sp\u0113ju. Sil\u012bcija dioks\u012bds ir saist\u012bts ar\u012b ar<strong> paaugstin\u0101tu plau\u0161u v\u0113\u017ea<\/strong>, elpce\u013cu slim\u012bbu un citu plau\u0161u slim\u012bbu<strong> risku<\/strong>.   <\/p>\n\n<h2 class=\"wp-block-heading\">Profilakses un aizsardz\u012bbas pas\u0101kumi<\/h2>\n\n<p>Lai l\u012bdz minimumam samazin\u0101tu <strong>ar sil\u012bcija dioks\u012bdu saist\u012btos riskus, grie\u017eot akmeni,<\/strong> ir svar\u012bgi ieviest atbilsto\u0161us profilakses un aizsardz\u012bbas pas\u0101kumus. Pirmk\u0101rt, amatnieki j\u0101apr\u012bko ar elpo\u0161anas mask\u0101m, kas \u012bpa\u0161i paredz\u0113tas <strong>sil\u012bcija dioks\u012bda da\u013ci\u0146u<\/strong> filtr\u0113\u0161anai. Lai nodro\u0161in\u0101tu optim\u0101lu aizsardz\u012bbu, \u0161\u012bs maskas ir pareizi j\u0101uzliek un regul\u0101ri j\u0101maina.  <\/p>\n\n<p>Lai veiktu <strong>port\u0101la St Laurent renov\u0101ciju<\/strong>, OberA atbild\u0113ja ar\u012b uz specifik\u0101ciju par centraliz\u0113tas putek\u013cu nos\u016bkn\u0113\u0161anas sist\u0113mas, kas ir vien\u012bg\u0101 \u0161\u0101da veida sist\u0113ma Francij\u0101, projekt\u0113\u0161anu, ieg\u0101di un izstr\u0101di. Lai garant\u0113tu optim\u0101lu aizsardz\u012bbu akme\u0146ka\u013ciem, OberA uzst\u0101d\u012bja putek\u013cu sav\u0101c\u0113ju. <strong><a href=\"https:\/\/obera.fr\/lv\/produits\/depoussiereurs-industriels\/mobiles\/extracteur-poussiere-dustomat-4\/\" data-type=\"page\" data-id=\"440\">Dustomat 4.24<\/a><\/strong> ar cauru\u013cvadu sist\u0113mu, lai apr\u012bkotu vair\u0101kas akme\u0146u grie\u0161anas stacijas <strong>da\u017e\u0101dos Saint-Laurent port\u0101la st\u0101vos<\/strong>. Instal\u0101cija \u013cauj<strong> vienlaic\u012bgi<\/strong> darboties l\u012bdz pat 3<strong> akmens grie\u0161anas<\/strong> stacij\u0101m.  <\/p>\n\n<p><\/p>\n\n<div class=\"wp-block-columns is-layout-flex wp-container-core-columns-is-layout-28f84493 wp-block-columns-is-layout-flex\">\n<div class=\"wp-block-column is-layout-flow wp-block-column-is-layout-flow\">\n<div class=\"wp-block-buttons alignwide is-content-justification-center is-layout-flex wp-container-core-buttons-is-layout-a89b3969 wp-block-buttons-is-layout-flex\">\n<div class=\"wp-block-button\"><a class=\"wp-block-button__link wp-element-button\" href=\"https:\/\/obera.fr\/produits\/depoussiereurs-industriels\/mobiles\/\">M\u016bsu mobilie r\u016bpnieciskie putek\u013cu sav\u0101c\u0113ji<\/a><\/div>\n<\/div>\n<\/div>\n\n\n\n<div class=\"wp-block-column is-layout-flow wp-block-column-is-layout-flow\">\n<div class=\"wp-block-buttons is-horizontal is-content-justification-center is-layout-flex wp-container-core-buttons-is-layout-03627597 wp-block-buttons-is-layout-flex\">\n<div class=\"wp-block-button has-custom-width wp-block-button__width-100\"><a class=\"wp-block-button__link wp-element-button\" href=\"https:\/\/obera.fr\/lv\/sazinieties-ar-mums\/\">Uzziniet vair\u0101k<\/a><\/div>\n<\/div>\n<\/div>\n<\/div>\n","protected":false},"excerpt":{"rendered":"<p>Strasb\u016bras katedr\u0101le ir arhitekt\u016bras d\u0101rgakmens, kas iemieso Francijas mantojuma bag\u0101t\u012bbu un kr\u0101\u0161\u0146umu. \u0160\u012b iespaid\u012bg\u0101 gotisk\u0101 katedr\u0101le ar savu varen\u012bbu un v\u0113sturi valdzina apmekl\u0113t\u0101jus no visas pasaules. <\/p>\n","protected":false},"author":4,"featured_media":85116,"comment_status":"closed","ping_status":"closed","sticky":false,"template":"","format":"standard","meta":{"_acf_changed":false,"_seopress_robots_primary_cat":"none","_seopress_titles_title":"Saint-Laurent port\u0101la atjauno\u0161ana, Notre-Dame katedr\u0101le, Strasb\u016bra","_seopress_titles_desc":"Strasb\u016bras katedr\u0101les Sv\u0113t\u0101 Laurenta port\u0101la renov\u0101cijas ietvaros OberA uzst\u0101d\u012bja Francij\u0101 unik\u0101lu centraliz\u0113tu vakuuma sist\u0113mu.","_seopress_robots_index":"","footnotes":""},"categories":[132],"tags":[133],"class_list":["post-41978","post","type-post","status-publish","format-standard","has-post-thumbnail","hentry","category-musu-padoms","tag-entete-maza","generate-columns","tablet-grid-50","mobile-grid-100","grid-parent","grid-50","no-featured-image-padding","resize-featured-image"],"acf":[],"_links":{"self":[{"href":"https:\/\/obera.fr\/lv\/wp-json\/wp\/v2\/posts\/41978","targetHints":{"allow":["GET"]}}],"collection":[{"href":"https:\/\/obera.fr\/lv\/wp-json\/wp\/v2\/posts"}],"about":[{"href":"https:\/\/obera.fr\/lv\/wp-json\/wp\/v2\/types\/post"}],"author":[{"embeddable":true,"href":"https:\/\/obera.fr\/lv\/wp-json\/wp\/v2\/users\/4"}],"replies":[{"embeddable":true,"href":"https:\/\/obera.fr\/lv\/wp-json\/wp\/v2\/comments?post=41978"}],"version-history":[{"count":3,"href":"https:\/\/obera.fr\/lv\/wp-json\/wp\/v2\/posts\/41978\/revisions"}],"predecessor-version":[{"id":85464,"href":"https:\/\/obera.fr\/lv\/wp-json\/wp\/v2\/posts\/41978\/revisions\/85464"}],"wp:featuredmedia":[{"embeddable":true,"href":"https:\/\/obera.fr\/lv\/wp-json\/wp\/v2\/media\/85116"}],"wp:attachment":[{"href":"https:\/\/obera.fr\/lv\/wp-json\/wp\/v2\/media?parent=41978"}],"wp:term":[{"taxonomy":"category","embeddable":true,"href":"https:\/\/obera.fr\/lv\/wp-json\/wp\/v2\/categories?post=41978"},{"taxonomy":"post_tag","embeddable":true,"href":"https:\/\/obera.fr\/lv\/wp-json\/wp\/v2\/tags?post=41978"}],"curies":[{"name":"wp","href":"https:\/\/api.w.org\/{rel}","templated":true}]}}