{"id":42411,"date":"2023-04-26T15:38:09","date_gmt":"2023-04-26T13:38:09","guid":{"rendered":"https:\/\/obera.fr\/non-classifiee\/puteklu-tlv-samazinasana-no-2023-gada-1-julija\/"},"modified":"2025-04-25T09:48:56","modified_gmt":"2025-04-25T07:48:56","slug":"evolution-des-valeurs-limites-dexposition-des-poussieres","status":"publish","type":"post","link":"https:\/\/obera.fr\/lv\/conseils\/evolution-des-valeurs-limites-dexposition-des-poussieres\/","title":{"rendered":"Putek\u013cu TLV samazin\u0101\u0161ana no 2023. gada 1. j\u016blija"},"content":{"rendered":"\n<p>2022. gada 1. janv\u0101r\u012b jau ir groz\u012btas <strong>ELV <\/strong> <strong>putek\u013ciem, kas tiek uzskat\u012bti par t\u0101diem, kam nav \u012bpa\u0161as ietekmes<\/strong>. Tom\u0113r tagad t\u0101s atkal tiks samazin\u0101tas, lai lab\u0101k aizsarg\u0101tu to darbinieku vesel\u012bbu, kuri ir pak\u013cauti \u0161o vielu iedarb\u012bbai. T\u0101p\u0113c no<strong> 2023. gada 1. j\u016blija<\/strong> Francij\u0101 tiks <strong>samazin\u0101tas <\/strong> <strong>arodekspoz\u012bcijas robe\u017ev\u0113rt\u012bbas<\/strong> (AERLV) putek\u013ciem, kurus uzskata par t\u0101diem, kam nav \u012bpa\u0161as iedarb\u012bbas.  <\/p>\n\n<p>Putek\u013ci, kurus uzskata par t\u0101diem, kam nav \u012bpa\u0161as ietekmes, ir putek\u013ci, kas nav klasific\u0113ti k\u0101 kancerog\u0113ni, mutag\u0113ni vai <a href=\"https:\/\/obera.fr\/lv\/musu-padoms\/kas-ir-cmr-un-kuri-produkti-ir-kancerogeni-mutageni-un-reprotoksiski\/\">reprodukt\u012bvajai funkcijai toksiski (<strong>CMR<\/strong>).<\/a> Tom\u0113r <strong>tas nenoz\u012bm\u0113, ka tie ir nekait\u012bgi<\/strong> darba \u0146\u0113m\u0113ju <strong>vesel\u012bbai<\/strong>. Patie\u0161\u0101m, putek\u013ci, kurus uzskata par putek\u013ciem bez \u012bpa\u0161as iedarb\u012bbas, var izrais\u012bt <strong>elpce\u013cu kairin\u0101jumu<\/strong> un<strong> vesel\u012bbas probl\u0113mas,<\/strong> piem\u0113ram, <strong>plau\u0161u slim\u012bbas<\/strong>.  <\/p>\n\n<div class=\"wp-block-buttons is-horizontal is-content-justification-center is-layout-flex wp-container-core-buttons-is-layout-03627597 wp-block-buttons-is-layout-flex\">\n<div class=\"wp-block-button has-custom-width wp-block-button__width-100\"><a class=\"wp-block-button__link wp-element-button\" href=\"https:\/\/obera.fr\/lv\/sazinieties-ar-mums\/\">Uzziniet vair\u0101k<\/a><\/div>\n<\/div>\n\n<figure class=\"wp-block-image alignright size-full is-resized\"><img decoding=\"async\" width=\"500\" height=\"500\" src=\"https:\/\/obera.fr\/wp-content\/uploads\/2024\/09\/vlep.png\" alt=\"pusaplis ar da&#x17E;&#x101;d&#x101;m kr&#x101;s&#x101;m, s&#x101;kot no tum&#x161;i za&#x13C;as l&#x12B;dz sarkanai, un adatu, kas nor&#x101;da uz vienu kr&#x101;su.\" class=\"wp-image-33979\" style=\"width:301px;height:auto\" srcset=\"https:\/\/obera.fr\/wp-content\/uploads\/2024\/09\/vlep.png 500w, https:\/\/obera.fr\/wp-content\/uploads\/2024\/09\/vlep-300x300.png 300w, https:\/\/obera.fr\/wp-content\/uploads\/2024\/09\/vlep-150x150.png 150w, https:\/\/obera.fr\/wp-content\/uploads\/2024\/09\/vlep-24x24.png 24w, https:\/\/obera.fr\/wp-content\/uploads\/2024\/09\/vlep-48x48.png 48w, https:\/\/obera.fr\/wp-content\/uploads\/2024\/09\/vlep-96x96.png 96w\" sizes=\"(max-width: 500px) 100vw, 500px\" \/><\/figure>\n\n<h2 class=\"wp-block-heading\">Kas ir VLEP?<\/h2>\n\n<p>OELV ir <a href=\"https:\/\/obera.fr\/lv\/musu-padoms\/kas-ir-arodekspozicijas-robezvertiba-jeb-oel\/\">arodekspoz\u012bcijas robe\u017ev\u0113rt\u012bba<\/a>, kas nosaka maksim\u0101li pie\u013caujamo vielas koncentr\u0101ciju gais\u0101, ko darbinieks ieelpo noteikt\u0101 laika posm\u0101. OEL izmanto, lai aizsarg\u0101tu <strong>darbinieku vesel\u012bbu<\/strong> pret noteiktu vielu kait\u012bgo ietekmi. <\/p>\n\n<p>Ir divu veidu arodekspoz\u012bcijas robe\u017ev\u0113rt\u012bbas (AERLV):  <\/p>\n\n<h3 class=\"wp-block-heading\">\u012astermi\u0146a VLEP<\/h3>\n\n<p>\u012astermi\u0146a OELV ir robe\u017ev\u0113rt\u012bba, kas nosaka <strong>maksim\u0101lo vielas daudzumu, kuram<\/strong> darbinieks var b\u016bt pak\u013cauts \u012bs\u0101 laika posm\u0101, parasti 15 min\u016bt\u0113s. \u0160o robe\u017ev\u0113rt\u012bbu izmanto, lai aizsarg\u0101tu darbiniekus pret vielas iedarb\u012bbas t\u016bl\u012bt\u0113j\u0101m sek\u0101m, piem\u0113ram, <strong>kairin\u0101jumu vai aler\u0123isk\u0101m reakcij\u0101m<\/strong>. <\/p>\n\n<h3 class=\"wp-block-heading\">Ilgtermi\u0146a VLEP<\/h3>\n\n<p>Savuk\u0101rt ilgtermi\u0146a <strong>OELV<\/strong> ir robe\u017ev\u0113rt\u012bba, kas nosaka <strong>maksim\u0101lo vielas daudzumu, kuram<\/strong> darbinieks var b\u016bt pak\u013cauts ilg\u0101k\u0101 laika posm\u0101, parasti 8 stundas dien\u0101 un 40 stundas ned\u0113\u013c\u0101. \u0160o robe\u017ev\u0113rt\u012bbu izmanto, lai <strong>aizsarg\u0101tu darbiniekus pret <\/strong>vielas iedarb\u012bbas <strong>ilgtermi\u0146a sek\u0101m <\/strong>, piem\u0113ram, elpo\u0161anas ce\u013cu slim\u012bb\u0101m vai v\u0113zi. <\/p>\n\n<p>VLEP ir noteiku\u0161as sabiedr\u012bbas vesel\u012bbas iest\u0101des, lai aizsarg\u0101tu darba \u0146\u0113m\u0113ju vesel\u012bbu pret<strong> noteiktu vielu kait\u012bgo ietekmi<\/strong>. Darba dev\u0113jiem ir svar\u012bgi zin\u0101t, k\u0101di <a href=\"https:\/\/obera.fr\/lv\/musu-padoms\/kadi-ir-vlep-neieverosanas-riski\/\">TLV ir piem\u0113rojami vi\u0146u darb\u012bbai<\/a>, un ieviest nepiecie\u0161amos prevent\u012bvos pas\u0101kumus, lai nodro\u0161in\u0101tu <strong>savu darbinieku vesel\u012bbu un dro\u0161\u012bbu<\/strong>. <\/p>\n\n<h2 class=\"wp-block-heading\">Ko tas noz\u012bm\u0113?<\/h2>\n\n<p>Attiec\u012bgajiem uz\u0146\u0113mumiem <strong>l\u012bdz 2023. gada 1. j\u016blijam<\/strong> b\u016bs j\u0101veic nepiecie\u0161amie pas\u0101kumi, lai nodro\u0161in\u0101tu, ka to darbinieki ir aizsarg\u0101ti pret \u0161o putek\u013cu kait\u012bgo ietekmi. Tas var ietvert prevent\u012bvu pas\u0101kumu \u012bsteno\u0161anu, piem\u0113ram, ventil\u0101ciju,<strong>nos\u016bc\u0113ju avot\u0101<\/strong> vai vid\u0113,<strong>individu\u0101lo aizsardz\u012bbas l\u012bdzek\u013cu<\/strong>nodro\u0161in\u0101\u0161anu vai putek\u013cu iedarb\u012bbas ierobe\u017eo\u0161anu. <\/p>\n\n<figure class=\"wp-block-image aligncenter size-large is-resized\"><img decoding=\"async\" width=\"1024\" height=\"293\" src=\"https:\/\/obera.fr\/wp-content\/uploads\/2023\/04\/vlep-en-mgm3-1-1024x293.png\" alt=\"Izmai&#x146;as VLEP 2023. gada j&#x16B;lij&#x101;\" class=\"wp-image-22450\" style=\"width:768px;height:220px\" srcset=\"https:\/\/obera.fr\/wp-content\/uploads\/2023\/04\/vlep-en-mgm3-1-1024x293.png 1024w, https:\/\/obera.fr\/wp-content\/uploads\/2023\/04\/vlep-en-mgm3-1-300x86.png 300w, https:\/\/obera.fr\/wp-content\/uploads\/2023\/04\/vlep-en-mgm3-1-768x219.png 768w, https:\/\/obera.fr\/wp-content\/uploads\/2023\/04\/vlep-en-mgm3-1.png 1400w\" sizes=\"(max-width: 1024px) 100vw, 1024px\" \/><\/figure>\n\n<div class=\"wp-block-buttons is-horizontal is-content-justification-center is-layout-flex wp-container-core-buttons-is-layout-03627597 wp-block-buttons-is-layout-flex\">\n<div class=\"wp-block-button has-custom-width wp-block-button__width-100\"><a class=\"wp-block-button__link wp-element-button\" href=\"https:\/\/obera.fr\/lv\/sazinieties-ar-mums\/\">Uzziniet vair\u0101k<\/a><\/div>\n<\/div>\n\n<h2 class=\"wp-block-heading\">K\u0101 j\u016bs atbilstat VLEP pras\u012bb\u0101m?<\/h2>\n\n<p>OberA iek\u0101rtas ir paredz\u0113tas <strong>gaisa att\u012br\u012b\u0161anai vid\u0113<\/strong> vai tie\u0161i pie avota un kait\u012bgo vielu likvid\u0113\u0161anai, lai nodro\u0161in\u0101tu atbilst\u012bbu VLEP robe\u017ev\u0113rt\u012bb\u0101m un aizsarg\u0101tu darbinieku vesel\u012bbu. \u0160\u012bs ier\u012bces var izmantot <strong>da\u017e\u0101da veida darba vid\u0113,<\/strong> piem\u0113ram, darbn\u012bc\u0101s, r\u016bpn\u012bc\u0101s, laboratorij\u0101s utt. <\/p>\n\n<p>Atbilsto\u0161i VLEP ierobe\u017eojumiem OberA apr\u012bkojums pal\u012bdz<strong>uzlabot darbinieku produktivit\u0101ti<\/strong>. Ilgsto\u0161a kait\u012bgo vielu iedarb\u012bba var izrais\u012bt nogurumu, galvass\u0101pes, kairin\u0101jumu vai elpo\u0161anas gr\u016bt\u012bbas, kas var negat\u012bvi ietekm\u0113t darbinieku darba ra\u017e\u012bgumu. Aizsarg\u0101jot darbinieku vesel\u012bbu, OberA ier\u012bces pal\u012bdz <strong>uzlabot vi\u0146u labsaj\u016btu un darba efektivit\u0101ti<\/strong>.  <\/p>\n\n<p>Visbeidzot, iev\u0113rojot VLEP robe\u017ev\u0113rt\u012bbas, OberA apr\u012bkojums<strong>nov\u0113r\u0161 darba p\u0101rtraukumus, ko izraisa<\/strong> kait\u012bgo vielu iedarb\u012bbas izrais\u012btas<strong>vesel\u012bbas probl\u0113mas<\/strong>. Tas pal\u012bdz samazin\u0101t uz\u0146\u0113mumu izmaksas un nodro\u0161in\u0101t uz\u0146\u0113m\u0113jdarb\u012bbas nep\u0101rtraukt\u012bbu. <\/p>\n\n<div class=\"wp-block-buttons is-content-justification-center is-layout-flex wp-container-core-buttons-is-layout-a89b3969 wp-block-buttons-is-layout-flex\">\n<div class=\"wp-block-button\"><a class=\"wp-block-button__link wp-element-button\" href=\"https:\/\/obera.fr\/lv\/produits\/\">Skatiet m\u016bsu produktus<\/a><\/div>\n<\/div>\n","protected":false},"excerpt":{"rendered":"<p>No 2022. gada 1. janv\u0101ra TLV putek\u013ciem, kas tiek uzskat\u012bti par t\u0101diem, kam nav \u012bpa\u0161as ietekmes, jau ir main\u012bti. Tom\u0113r no 2023. gada 1. j\u016blija, kad Francij\u0101 tiks pazemin\u0101tas TLV putek\u013ciem, kas tiek uzskat\u012bti par t\u0101diem, kam nav \u012bpa\u0161as ietekmes, t\u0101s atkal tiks p\u0101rskat\u012btas uz leju. <\/p>\n","protected":false},"author":4,"featured_media":89588,"comment_status":"closed","ping_status":"closed","sticky":false,"template":"","format":"standard","meta":{"_acf_changed":false,"_seopress_robots_primary_cat":"1","_seopress_titles_title":"Putek\u013cu TLV samazin\u0101\u0161ana no 2023. gada 1. j\u016blija","_seopress_titles_desc":"No 2023. gada 1. j\u016blija TLV putek\u013ciem, kas netiek uzskat\u012bti par \u012bpa\u0161i iedarb\u012bgiem, tiks pazemin\u0101tas, lai nodro\u0161in\u0101tu liel\u0101ku aizsardz\u012bbu operatoriem.","_seopress_robots_index":"","footnotes":""},"categories":[132],"tags":[133],"class_list":["post-42411","post","type-post","status-publish","format-standard","has-post-thumbnail","hentry","category-musu-padoms","tag-entete-maza","generate-columns","tablet-grid-50","mobile-grid-100","grid-parent","grid-50","no-featured-image-padding","resize-featured-image"],"acf":[],"_links":{"self":[{"href":"https:\/\/obera.fr\/lv\/wp-json\/wp\/v2\/posts\/42411","targetHints":{"allow":["GET"]}}],"collection":[{"href":"https:\/\/obera.fr\/lv\/wp-json\/wp\/v2\/posts"}],"about":[{"href":"https:\/\/obera.fr\/lv\/wp-json\/wp\/v2\/types\/post"}],"author":[{"embeddable":true,"href":"https:\/\/obera.fr\/lv\/wp-json\/wp\/v2\/users\/4"}],"replies":[{"embeddable":true,"href":"https:\/\/obera.fr\/lv\/wp-json\/wp\/v2\/comments?post=42411"}],"version-history":[{"count":4,"href":"https:\/\/obera.fr\/lv\/wp-json\/wp\/v2\/posts\/42411\/revisions"}],"predecessor-version":[{"id":89648,"href":"https:\/\/obera.fr\/lv\/wp-json\/wp\/v2\/posts\/42411\/revisions\/89648"}],"wp:featuredmedia":[{"embeddable":true,"href":"https:\/\/obera.fr\/lv\/wp-json\/wp\/v2\/media\/89588"}],"wp:attachment":[{"href":"https:\/\/obera.fr\/lv\/wp-json\/wp\/v2\/media?parent=42411"}],"wp:term":[{"taxonomy":"category","embeddable":true,"href":"https:\/\/obera.fr\/lv\/wp-json\/wp\/v2\/categories?post=42411"},{"taxonomy":"post_tag","embeddable":true,"href":"https:\/\/obera.fr\/lv\/wp-json\/wp\/v2\/tags?post=42411"}],"curies":[{"name":"wp","href":"https:\/\/api.w.org\/{rel}","templated":true}]}}