{"id":42593,"date":"2023-04-25T16:45:46","date_gmt":"2023-04-25T14:45:46","guid":{"rendered":"https:\/\/obera.fr\/non-classifiee\/kadas-ir-gaisa-attiritaja-prieksrocibas-attieciba-uz-energijas-rekiniem\/"},"modified":"2025-04-23T09:02:11","modified_gmt":"2025-04-23T07:02:11","slug":"les-avantages-de-la-purification-dair-sur-vos-factures-energetiques","status":"publish","type":"post","link":"https:\/\/obera.fr\/lv\/musu-padoms\/les-avantages-de-la-purification-dair-sur-vos-factures-energetiques\/","title":{"rendered":"K\u0101das ir gaisa att\u012br\u012bt\u0101ja priek\u0161roc\u012bbas attiec\u012bb\u0101 uz j\u016bsu ener\u0123ijas r\u0113\u0137iniem?"},"content":{"rendered":"\n<p>Gaisa <strong>nosl\u0101\u0146o\u0161an\u0101s <\/strong>r\u016bpniecisk\u0101s telp\u0101s var izrais\u012bt iev\u0113rojamus siltuma zudumus, sliktu gaisa kvalit\u0101ti un komforta tr\u016bkumu darbiniekiem. Gaisa <strong>destratifik\u0101cija <\/strong>ietver silt\u0101 un aukst\u0101 gaisa sajauk\u0161anu, lai izl\u012bdzin\u0101tu temperat\u016bru telp\u0101, t\u0101d\u0113j\u0101di samazinot siltuma zudumus un ierobe\u017eojot apkures un gaisa kondicion\u0113\u0161anas pat\u0113ri\u0146u. OberA <strong>r\u016bpnieciskie gaisa att\u012br\u012bt\u0101ji<\/strong> \u013cauj \u0161o destratifik\u0101ciju veikt ekonomiski un efekt\u012bvi, vienlaikus nov\u0113r\u0161ot putek\u013cu da\u013ci\u0146as, g\u0101zes un smakas, t\u0101d\u0113j\u0101di radot vesel\u012bg\u0101ku un dro\u0161\u0101ku darba vidi darbiniekiem. Turpm\u0101kaj\u0101 rakst\u0101 m\u0113s to izskaidrosim s\u012bk\u0101k.   <\/p>\n\n<div class=\"wp-block-buttons is-horizontal is-content-justification-center is-layout-flex wp-container-core-buttons-is-layout-03627597 wp-block-buttons-is-layout-flex\">\n<div class=\"wp-block-button has-custom-width wp-block-button__width-100\"><a class=\"wp-block-button__link wp-element-button\" href=\"https:\/\/obera.fr\/lv\/sazinieties-ar-mums\/\">Uzziniet vair\u0101k<\/a><\/div>\n<\/div>\n\n<h2 class=\"wp-block-heading\">Kas ir gaisa stratifik\u0101cija?<\/h2>\n\n<p>Gaisa <strong>nosl\u0101\u0146o\u0161an\u0101s <\/strong>ir izplat\u012bta par\u0101d\u012bba r\u016bpniecisk\u0101s telp\u0101s, kur gaiss tiek sild\u012bts. T\u0101 izpau\u017eas k\u0101 silta gaisa sl\u0101\u0146u veido\u0161an\u0101s telpas aug\u0161da\u013c\u0101 un auksta gaisa sl\u0101\u0146u veido\u0161an\u0101s apak\u0161da\u013c\u0101, radot<strong> iev\u0113rojamas temperat\u016bras at\u0161\u0137ir\u012bbas<\/strong>. \u0160\u012b stratifik\u0101cija var izrais\u012bt iev\u0113rojamus siltuma zudumus, komforta tr\u016bkumu darbiniekiem un <a href=\"https:\/\/obera.fr\/conseils\/qualite-l-air-interieur-critere-essentiel-industrie\/\">sliktu gaisa kvalit\u0101ti<\/a>.  <\/p>\n\n<figure class=\"wp-block-image aligncenter size-medium is-resized\"><img decoding=\"async\" width=\"300\" height=\"300\" src=\"https:\/\/obera.fr\/wp-content\/uploads\/2023\/04\/sans-titre-2023-04-25t154307.808-300x300.png\" alt=\"Gaisa stratifik&#x101;cija\" class=\"wp-image-21980\" style=\"width:225px;height:225px\" srcset=\"https:\/\/obera.fr\/wp-content\/uploads\/2023\/04\/sans-titre-2023-04-25t154307.808-300x300.png 300w, https:\/\/obera.fr\/wp-content\/uploads\/2023\/04\/sans-titre-2023-04-25t154307.808-150x150.png 150w, https:\/\/obera.fr\/wp-content\/uploads\/2023\/04\/sans-titre-2023-04-25t154307.808.png 700w\" sizes=\"(max-width: 300px) 100vw, 300px\" \/><\/figure>\n\n<h2 class=\"wp-block-heading\">Kas ir gaisa destratifik\u0101cija?<\/h2>\n\n<p>Gaisa <strong>destratifik\u0101cija <\/strong>ietver silt\u0101 un aukst\u0101 gaisa sajauk\u0161anu, lai izl\u012bdzin\u0101tu<strong> temperat\u016bru telp\u0101<\/strong>. \u0160is pa\u0146\u0113miens samazina siltuma zudumus, veicina gaisa cirkul\u0101ciju un rada \u0113rt\u0101ku darba vidi darbiniekiem. Turkl\u0101t gaisa destratifik\u0101cija <a href=\"https:\/\/obera.fr\/conseils\/industriels-des-solutions-pour-faire-des-economies-denergie\/\">samazina ener\u0123ijas izmaksas,<\/a> jo ierobe\u017eo apkures pras\u012bbas.  <\/p>\n\n<figure class=\"wp-block-image aligncenter size-medium is-resized\"><img decoding=\"async\" width=\"300\" height=\"300\" src=\"https:\/\/obera.fr\/wp-content\/uploads\/2023\/04\/sans-titre-76-300x300.jpg\" alt=\"gaisa destratifik&#x101;cija\" class=\"wp-image-21984\" style=\"width:225px;height:225px\" srcset=\"https:\/\/obera.fr\/wp-content\/uploads\/2023\/04\/sans-titre-76-300x300.jpg 300w, https:\/\/obera.fr\/wp-content\/uploads\/2023\/04\/sans-titre-76-150x150.jpg 150w, https:\/\/obera.fr\/wp-content\/uploads\/2023\/04\/sans-titre-76.jpg 700w\" sizes=\"(max-width: 300px) 100vw, 300px\" \/><\/figure>\n\n<h2 class=\"wp-block-heading\">K\u0101das ir gaisa destratifik\u0101cijas priek\u0161roc\u012bbas r\u016bpnieciskaj\u0101 vid\u0113?<\/h2>\n\n<p>R\u016bpnieciskaj\u0101 vid\u0113 destratifik\u0101cijas priek\u0161roc\u012bbas ir daudzas. Pirmk\u0101rt, t\u0101 pal\u012bdz <strong>uztur\u0113t nemain\u012bgu temperat\u016bru<\/strong> darba telp\u0101s, kas <strong>uzlabo darbinieku komfortu un produktivit\u0101ti<\/strong>. Gaisa destratifik\u0101cija ar\u012b pal\u012bdz <strong>samazin\u0101t ener\u0123ijas izmaksas <\/strong>, ierobe\u017eojot apkures un gaisa kondicion\u0113\u0161anas pat\u0113ri\u0146u.  <\/p>\n\n<p>Atg\u0101din\u0101m, ka ADEME iesaka samazin\u0101t apkures temperat\u016bru par 1\u00b0C, lai <strong>iev\u0113rojami ietaup\u012btu ener\u0123iju<\/strong>. Paties\u012bb\u0101 katrs gr\u0101ds maz\u0101k samazina apkures pat\u0113ri\u0146u par 7%. T\u0101d\u0113j\u0101di \u0161is vienk\u0101r\u0161ais un efekt\u012bvais pas\u0101kums var rad\u012bt iev\u0113rojamus ener\u0123ijas ietaup\u012bjumus un pal\u012bdz\u0113t c\u012bn\u012bties pret klimata p\u0101rmai\u0146\u0101m.  <\/p>\n\n<h2 class=\"wp-block-heading\">Ko es varu dar\u012bt ar savu darba telpu vai lo\u0123istikas z\u0101li?  <\/h2>\n\n<div class=\"wp-block-columns is-layout-flex wp-container-core-columns-is-layout-28f84493 wp-block-columns-is-layout-flex\">\n<div class=\"wp-block-column is-vertically-aligned-center is-layout-flow wp-block-column-is-layout-flow\" style=\"flex-basis:66.66%\">\n<p>Uz\u0146\u0113mum\u0101 OberA m\u0113s pied\u0101v\u0101jam <a href=\"https:\/\/obera.fr\/lv\/produits\/purificateurs-air\/\" data-type=\"page\" data-id=\"26\">r\u016bpnieciskos gaisa att\u012br\u012bt\u0101jus<\/a>, kas <strong>efekt\u012bvi un ekonomiski att\u012bra gaisu<\/strong>. Tie ir apr\u012bkoti ar jaud\u012bgu ies\u016bk\u0161anas sist\u0113mu, kas sav\u0101c silto gaisu telpas aug\u0161da\u013c\u0101 un novada to atpaka\u013c uz leju, kur tas sajaucas ar auksto gaisu. \u0160is pa\u0146\u0113miens samazina temperat\u016bras at\u0161\u0137ir\u012bbas un<strong>uzlabo gaisa kvalit\u0101ti<\/strong>.  <\/p>\n\n\n\n<p>M\u016bsu r\u016bpnieciskie gaisa att\u012br\u012bt\u0101ji papildus <strong>gaisa destratifik\u0101cijai<\/strong> pied\u0101v\u0101 ar\u012b citas priek\u0161roc\u012bbas. Tie nov\u0113r\u0161 putek\u013cu da\u013ci\u0146as, g\u0101zes un smakas, radot vesel\u012bg\u0101ku un dro\u0161\u0101ku darba vidi darbiniekiem. Turkl\u0101t m\u016bsu r\u016bpnieciskie gaisa att\u012br\u012bt\u0101ji ir<strong> energoefekt\u012bvi<\/strong>, t\u0101p\u0113c j\u016bs varat samazin\u0101t ener\u0123ijas pat\u0113ri\u0146u un pagarin\u0101t halles un darbn\u012bcas apr\u012bkojuma kalpo\u0161anas laiku.  <\/p>\n<\/div>\n\n\n\n<div class=\"wp-block-column is-vertically-aligned-center is-layout-flow wp-block-column-is-layout-flow\" style=\"flex-basis:33.33%\">\n<figure class=\"wp-block-image aligncenter size-medium is-resized\"><a href=\"https:\/\/obera.fr\/produits\/purificateurs-air\/industriel-epur\/\"><img decoding=\"async\" width=\"300\" height=\"300\" src=\"https:\/\/obera.fr\/wp-content\/uploads\/2023\/05\/gamme-de-purificateur-dair-epur-garantie-300x300.png\" alt=\"epur gaisa att&#x12B;r&#x12B;t&#x101;ju kl&#x101;sts garant&#x113;ts\" class=\"wp-image-22613\" style=\"width:225px;height:225px\" srcset=\"https:\/\/obera.fr\/wp-content\/uploads\/2023\/05\/gamme-de-purificateur-dair-epur-garantie-300x300.png 300w, https:\/\/obera.fr\/wp-content\/uploads\/2023\/05\/gamme-de-purificateur-dair-epur-garantie-150x150.png 150w, https:\/\/obera.fr\/wp-content\/uploads\/2023\/05\/gamme-de-purificateur-dair-epur-garantie.png 600w\" sizes=\"(max-width: 300px) 100vw, 300px\" \/><\/a><\/figure>\n<\/div>\n<\/div>\n\n<div class=\"wp-block-buttons is-horizontal is-content-justification-center is-layout-flex wp-container-core-buttons-is-layout-03627597 wp-block-buttons-is-layout-flex\">\n<div class=\"wp-block-button has-custom-width wp-block-button__width-100\"><a class=\"wp-block-button__link wp-element-button\" href=\"https:\/\/obera.fr\/lv\/sazinieties-ar-mums\/\">Uzziniet vair\u0101k<\/a><\/div>\n<\/div>\n\n<h2 class=\"wp-block-heading\">Secin\u0101jums<\/h2>\n\n<p>Nosl\u0113gum\u0101 j\u0101secina, ka gaisa destratifik\u0101cija ir <strong>efekt\u012bvs pa\u0146\u0113miens ener\u0123ijas izmaksu samazin\u0101\u0161anai<\/strong>, darbinieku komforta uzlabo\u0161anai un gaisa cirkul\u0101cijas veicin\u0101\u0161anai r\u016bpniecisk\u0101s telp\u0101s. OberA r\u016bpnieciskie gaisa att\u012br\u012bt\u0101ji ir efekt\u012bvs risin\u0101jums, lai \u0161o <strong>destratifik\u0101ciju<\/strong>veiktu <strong>ekonomiski un<\/strong>ar papildu priek\u0161roc\u012bb\u0101m gaisa kvalit\u0101tes un energoefektivit\u0101tes zi\u0146\u0101. <\/p>\n","protected":false},"excerpt":{"rendered":"<p>Gaisa att\u012br\u012b\u0161anai r\u016bpniecisk\u0101s vid\u0113s ir daudz priek\u0161roc\u012bbu, bet vai esat k\u0101dreiz dzird\u0113ju\u0161i par gaisa destratifik\u0101ciju? \u0160is fenomens sajauc silto gaisu \u0113kas aug\u0161da\u013c\u0101 ar svaigo gaisu apak\u0161da\u013c\u0101, nodro\u0161inot vesel\u012bgu un komfortablu darba vidi un samazinot ener\u0123ijas izmaksas.   <\/p>\n","protected":false},"author":4,"featured_media":85346,"comment_status":"closed","ping_status":"closed","sticky":false,"template":"","format":"standard","meta":{"_acf_changed":false,"_seopress_robots_primary_cat":"none","_seopress_titles_title":"K\u0101das ir gaisa att\u012br\u012bt\u0101ja priek\u0161roc\u012bbas attiec\u012bb\u0101 uz j\u016bsu r\u0113\u0137iniem?","_seopress_titles_desc":"\u0160aj\u0101 rakst\u0101 uzziniet, k\u0101das priek\u0161roc\u012bbas j\u016bsu ener\u0123ijas izmaks\u0101m sniedz gaisa destratifik\u0101cija, pateicoties r\u016bpnieciskai gaisa att\u012br\u012b\u0161anai.","_seopress_robots_index":"","footnotes":""},"categories":[132],"tags":[133],"class_list":["post-42593","post","type-post","status-publish","format-standard","has-post-thumbnail","hentry","category-musu-padoms","tag-entete-maza","generate-columns","tablet-grid-50","mobile-grid-100","grid-parent","grid-50","no-featured-image-padding","resize-featured-image"],"acf":[],"_links":{"self":[{"href":"https:\/\/obera.fr\/lv\/wp-json\/wp\/v2\/posts\/42593","targetHints":{"allow":["GET"]}}],"collection":[{"href":"https:\/\/obera.fr\/lv\/wp-json\/wp\/v2\/posts"}],"about":[{"href":"https:\/\/obera.fr\/lv\/wp-json\/wp\/v2\/types\/post"}],"author":[{"embeddable":true,"href":"https:\/\/obera.fr\/lv\/wp-json\/wp\/v2\/users\/4"}],"replies":[{"embeddable":true,"href":"https:\/\/obera.fr\/lv\/wp-json\/wp\/v2\/comments?post=42593"}],"version-history":[{"count":3,"href":"https:\/\/obera.fr\/lv\/wp-json\/wp\/v2\/posts\/42593\/revisions"}],"predecessor-version":[{"id":85704,"href":"https:\/\/obera.fr\/lv\/wp-json\/wp\/v2\/posts\/42593\/revisions\/85704"}],"wp:featuredmedia":[{"embeddable":true,"href":"https:\/\/obera.fr\/lv\/wp-json\/wp\/v2\/media\/85346"}],"wp:attachment":[{"href":"https:\/\/obera.fr\/lv\/wp-json\/wp\/v2\/media?parent=42593"}],"wp:term":[{"taxonomy":"category","embeddable":true,"href":"https:\/\/obera.fr\/lv\/wp-json\/wp\/v2\/categories?post=42593"},{"taxonomy":"post_tag","embeddable":true,"href":"https:\/\/obera.fr\/lv\/wp-json\/wp\/v2\/tags?post=42593"}],"curies":[{"name":"wp","href":"https:\/\/api.w.org\/{rel}","templated":true}]}}