{"id":42731,"date":"2023-04-18T10:17:44","date_gmt":"2023-04-18T08:17:44","guid":{"rendered":"https:\/\/obera.fr\/non-classifiee\/mobilie-adiabatiskie-gaisa-dzesetaji-elastigs-un-praktisks-risinajums-rupnieciskiem-lietojumiem\/"},"modified":"2025-04-25T09:52:00","modified_gmt":"2025-04-25T07:52:00","slug":"rafraichisseur-dair-adiabatique-mobile-une-solution-souple-et-pratique-pour-lindustriel","status":"publish","type":"post","link":"https:\/\/obera.fr\/lv\/musu-padoms\/rafraichisseur-dair-adiabatique-mobile-une-solution-souple-et-pratique-pour-lindustriel\/","title":{"rendered":"Mobilie adiab\u0101tiskie gaisa dzes\u0113t\u0101ji: elast\u012bgs un praktisks risin\u0101jums r\u016bpnieciskiem lietojumiem"},"content":{"rendered":"\n<p>Papildus adiab\u0101tisk\u0101s dzes\u0113\u0161anas standarta priek\u0161roc\u012bb\u0101m <strong>mobilais adiab\u0101tiskais<\/strong> dzes\u0113t\u0101js ir univers\u0101ls un vienk\u0101r\u0161s da\u017e\u0101d\u0101s situ\u0101cij\u0101s.<\/p>\n\n<h2 class=\"wp-block-heading\">Mobilo adiab\u0101tisko dzes\u0113t\u0101ju visur izplat\u012bta izmanto\u0161ana<\/h2>\n\n<p><a href=\"https:\/\/obera.fr\/lv\/produits\/rafraichisseurs-air\/\">Mobil\u0101 iztvaiko\u0161anas dzes\u0113t\u0101ja<\/a> b\u016bt\u012bba ir elast\u012bba<strong>.<\/strong> T\u0101 mobilit\u0101te noz\u012bm\u0113, ka to var izmantot visda\u017e\u0101d\u0101kaj\u0101s situ\u0101cij\u0101s, kad ir svar\u012bgi dzes\u0113t darba vidi. Tas ir <strong>gan telpiski, gan laikus mobils<\/strong>. <\/p>\n\n<p><strong>Mobilo adiab\u0101tisko dzes\u0113t\u0101ju<\/strong> var novietot vispiem\u0113rot\u0101kaj\u0101 dzes\u0113jam\u0101 tilpuma viet\u0101. Piem\u0113ram, r\u016bpniecisk\u0101 procesa karst\u0101 zona, darba zona, kas \u012bpa\u0161i pak\u013cauta karstuma pl\u016bsmai, utt. Turkl\u0101t <strong>iztvaiko\u0161anas dzes\u0113\u0161anas princips <\/strong>papla\u0161ina iek\u0101rtu darb\u012bbu da\u017e\u0101d\u0101s viet\u0101s gan \u0113k\u0101, gan \u0101rpus t\u0101s. Mobilais iztvaikojo\u0161ais dzes\u0113t\u0101js efekt\u012bvi dzes\u0113<strong> uz\u0146\u0113muma terasi, lo\u0123istikas noliktavu, pas\u0101kumu telti<\/strong> vai segtu restor\u0101na terasi.   <\/p>\n\n<p>Turkl\u0101t mobilo adiab\u0101tisko dzes\u0113t\u0101ju var ar\u012b sec\u012bgi novietot vair\u0101k\u0101s viet\u0101s atkar\u012bb\u0101 no<strong>siltuma pl\u016bsmas att\u012bst\u012bbas, kas ietekm\u0113 darba tilpumu<\/strong>. Piem\u0113ram : <\/p>\n\n<ul class=\"wp-block-list\">\n<li>Saules starojums no austrumiem, p\u0113c tam no rietumiem atkar\u012bb\u0101 no dienas laika uz<strong> r\u016bpniecisku \u0113ku ar nelielu izol\u0101ciju vai bez t\u0101s;<\/strong> <\/li>\n\n\n\n<li><strong> Dienas laik\u0101 p\u0101rkarsu\u0161as darba vietas,<\/strong> piem\u0113ram, iekraujot vai izkraujot konteinerus vai piekabes.<\/li>\n<\/ul>\n\n<div class=\"wp-block-columns is-layout-flex wp-container-core-columns-is-layout-28f84493 wp-block-columns-is-layout-flex\">\n<div class=\"wp-block-column is-layout-flow wp-block-column-is-layout-flow\">\n<p>\u0160aj\u0101 zi\u0146\u0101<strong> specifisko karsto punktu skaita palielin\u0101\u0161anos<\/strong> var viegli atrisin\u0101t, tilpum\u0101 atbilsto\u0161i izvietojot vair\u0101kus iztvaiko\u0161anas dzes\u0113t\u0101jus. \u0160o ier\u012b\u010du izplat\u012bba un rentabilit\u0101te, k\u0101 ar\u012b to energoefektivit\u0101tes koeficients noz\u012bm\u0113, ka<strong>ra\u017eot\u0101ji var dro\u0161i izmantot \u0161o vair\u0101ku dzes\u0113t\u0101ju pieeju.<\/strong> Pielietojuma elast\u012bba un da\u017e\u0101d\u012bba, pan\u0101ktais ener\u0123ijas ietaup\u012bjums un samazin\u0101t\u0101s ekspluat\u0101cijas izmaksas sal\u012bdzin\u0101jum\u0101 ar parasto gaisa kondicion\u0113\u0161anas risin\u0101jumu &#8211; tas viss veicina vair\u0101ku iek\u0101rtu izv\u0113li, nevis<strong>stacion\u0101ra gaisa transport\u0113\u0161anas un sadales t\u012bkla<\/strong> uzst\u0101d\u012b\u0161anu. <\/p>\n\n\n\n<p>Mobil\u0101 dzes\u0113t\u0101ja elast\u012bgums un sp\u0113ja rea\u0123\u0113t \u013cauj nodro\u0161in\u0101t auksta <strong>gaisa ra\u017eo\u0161anu tie\u0161i laik\u0101,<\/strong> lai nodro\u0161in\u0101tu sezon\u0101lo vai r\u016bpniecisko temperat\u016bras maksimumu. V\u0113l jo vair\u0101k t\u0101p\u0113c, ka <a href=\"https:\/\/obera.fr\/lv\/musu-padoms\/le-principe-de-fonctionnement-du-refroidissement-adiabatique-air-eau-evaporation\/\">adiab\u0101tisk\u0101 dzes\u0113t\u0101j\u0101<\/a> dzes\u0113\u0161anu virza \u0101r\u0113j\u0101 siltuma pl\u016bsma. Jo karst\u0101ks un saus\u0101ks ir gaiss, jo efekt\u012bv\u0101ks ir iztvaiko\u0161anas dzes\u0113t\u0101js.  <\/p>\n<\/div>\n\n\n\n<div class=\"wp-block-column is-layout-flow wp-block-column-is-layout-flow\">\n<figure class=\"wp-block-embed is-type-video is-provider-youtube wp-block-embed-youtube wp-embed-aspect-16-9 wp-has-aspect-ratio\"><div class=\"wp-block-embed__wrapper\">\n<iframe title=\"Rafraichisseur d&#039;air - Gamme IC - OberA\" width=\"1200\" height=\"675\" src=\"https:\/\/www.youtube.com\/embed\/NG-Ssy2oM70?feature=oembed\" frameborder=\"0\" allow=\"accelerometer; autoplay; clipboard-write; encrypted-media; gyroscope; picture-in-picture; web-share\" referrerpolicy=\"strict-origin-when-cross-origin\" allowfullscreen><\/iframe>\n<\/div><\/figure>\n<\/div>\n<\/div>\n\n<div class=\"wp-block-columns is-layout-flex wp-container-core-columns-is-layout-28f84493 wp-block-columns-is-layout-flex\">\n<div class=\"wp-block-column is-layout-flow wp-block-column-is-layout-flow\">\n<figure class=\"wp-block-image aligncenter size-full is-resized\"><img decoding=\"async\" width=\"600\" height=\"600\" src=\"https:\/\/obera.fr\/wp-content\/uploads\/2023\/04\/zone-logstique.png\" alt=\"lo&#x123;istikas apgabals\" class=\"wp-image-20904\" style=\"width:450px;height:450px\" srcset=\"https:\/\/obera.fr\/wp-content\/uploads\/2023\/04\/zone-logstique.png 600w, https:\/\/obera.fr\/wp-content\/uploads\/2023\/04\/zone-logstique-300x300.png 300w, https:\/\/obera.fr\/wp-content\/uploads\/2023\/04\/zone-logstique-150x150.png 150w\" sizes=\"(max-width: 600px) 100vw, 600px\" \/><figcaption class=\"wp-element-caption\"><em>Lo\u0123istikas zona<\/em><\/figcaption><\/figure>\n<\/div>\n\n\n\n<div class=\"wp-block-column is-layout-flow wp-block-column-is-layout-flow\">\n<figure class=\"wp-block-image aligncenter size-full is-resized\"><img decoding=\"async\" width=\"600\" height=\"600\" src=\"https:\/\/obera.fr\/wp-content\/uploads\/2023\/04\/zone-industrielle.png\" alt=\"r&#x16B;pniecisk&#x101; zona\" class=\"wp-image-20907\" style=\"width:450px;height:450px\" srcset=\"https:\/\/obera.fr\/wp-content\/uploads\/2023\/04\/zone-industrielle.png 600w, https:\/\/obera.fr\/wp-content\/uploads\/2023\/04\/zone-industrielle-300x300.png 300w, https:\/\/obera.fr\/wp-content\/uploads\/2023\/04\/zone-industrielle-150x150.png 150w\" sizes=\"(max-width: 600px) 100vw, 600px\" \/><figcaption class=\"wp-element-caption\"><em>Liela r\u016bpniecisk\u0101 zona<\/em><\/figcaption><\/figure>\n<\/div>\n<\/div>\n\n<h2 class=\"wp-block-heading\">Mobil\u0101 adiab\u0101tisk\u0101 dzes\u0113t\u0101ja lieto\u0161anas \u0113rtums<\/h2>\n\n<p>Piepildiet \u016bdens tvertni, pievienojiet dzes\u0113t\u0101ju, nospiediet t\u0101lvad\u012bbas pulti, un dzes\u0113\u0161anas process s\u0101ksies.<\/p>\n\n<p><strong> Mobilais iztvaiko\u0161anas dzes\u0113t\u0101js izplata <\/strong>atdzes\u0113tu gaisu, vienk\u0101r\u0161i p\u0101rvietojot gaisu no atdzes\u0113jam\u0101 tilpuma. Var pievienot ar\u012b slauc\u012b\u0161anas funkciju, lai pa\u0101trin\u0101tu svaiga gaisa pl\u016bsmas sadali. Turkl\u0101t ventil\u0101cijas jaudas palielin\u0101\u0161anu var izmantot situ\u0101cij\u0101s, kad \u013coti <strong>\u0101tra karsta tilpuma<\/strong>atdzes\u0113\u0161ana k\u013c\u016bst par priorit\u0101ti dro\u0161\u012bbas vai produktivit\u0101tes apsv\u0113rumu d\u0113\u013c: p\u0101rkars\u0113ta ma\u0161\u012bna vai p\u0101rkars\u0113ta telpa. Ja dzes\u0113 \u0101r\u0113ju telti, pievienojot elast\u012bgu \u0161\u013c\u016bteni, <strong>dzes\u0113t\u0101ju<\/strong> vajadz\u012bbas gad\u012bjum\u0101 var <strong>novietot \u0101rpus\u0113<\/strong>.   <\/p>\n\n<p>Mobilais iztvaiko\u0161anas dzes\u0113t\u0101js ir paredz\u0113ts \u0101trai un vieglai p\u0101rvieto\u0161anai uz atdzes\u0113jamo vietu. Rite\u0146i, samazin\u0101ts platums, kompakts tilpums un neliels svars veicina iek\u0101rtas manevr\u0113tsp\u0113ju, \u013caujot tai izbraukt cauri \u0161aur\u0101m ej\u0101m (durv\u012bm, koridoram, uzbrauktuvei) un p\u0113c tam viegli piel\u0101got <strong>dzes\u0113t\u0101ja poz\u012bciju<\/strong>, lai ieg\u016btu efekt\u012bvu v\u0113s\u0101 gaisa pl\u016bsmu virs atdzes\u0113jam\u0101s zonas. <\/p>\n\n<p><strong>Tvertne ir paredz\u0113ta <\/strong>autonomai darb\u012bbai 10 l\u012bdz 12 stundas. Tas \u013cauj dzes\u0113t <strong>vieglu konstrukciju \u0101rpus telp\u0101m<\/strong> vai darba dienas laik\u0101 vair\u0101kas reizes p\u0101rvietoties pa b\u016bvlaukumu bez nepiecie\u0161am\u012bbas tuvum\u0101 atrast \u016bdens \u0146em\u0161anas punktus. Ja dzes\u0113t\u0101ja atra\u0161an\u0101s vieta ir past\u0101v\u012bgi fiks\u0113ta, t\u0101 savienojums ar standarta kr\u0101nu nodro\u0161ina<strong> past\u0101v\u012bgu \u016bdens padevi<\/strong>, ko regul\u0113 pludi\u0146\u0161.  <\/p>\n\n<p>Elektr\u012bba tiek pieg\u0101d\u0101ta, izmantojot<strong> standarta vienf\u0101zes kontaktligzdu \u0113kas iek\u0161pus\u0113<\/strong>. \u0100rpus telp\u0101m to, t\u0101pat k\u0101 visas \u0101r\u0113jai lieto\u0161anai paredz\u0113t\u0101s elektroiek\u0101rtas, piesl\u0113dz pie mobil\u0101 baro\u0161anas avota vai vienf\u0101zes \u0123eneratora. <\/p>\n\n<h2 class=\"wp-block-heading\">Secin\u0101jums: mobilais adiab\u0101tiskais dzes\u0113t\u0101js ir risin\u0101jums liel\u0101kajai da\u013cai situ\u0101ciju.<\/h2>\n\n<p><strong>Mobilais adiab\u0101tiskais dzes\u0113t\u0101js<\/strong> apvieno daudzveid\u012bgu un elast\u012bgu lieto\u0161anu ar vienk\u0101r\u0161u un praktisku ekspluat\u0101ciju. T\u0101p\u0113c tas atbilst visda\u017e\u0101d\u0101kaj\u0101m vajadz\u012bb\u0101m un pielietojumiem, vienlaikus nodro\u0161inot termisko komfortu un adiab\u0101tisk\u0101s dzes\u0113\u0161anas ekolo\u0123isk\u0101s un ekonomisk\u0101s priek\u0161roc\u012bbas. <\/p>\n\n<p>T\u0101 rentabilit\u0101te un pla\u0161i izplat\u012bt\u012bba noz\u012bm\u0113, ka darba dev\u0113ji var <strong>dro\u0161i ieg\u0101d\u0101ties vair\u0101kas iek\u0101rtas,<\/strong> jo t\u0101s var izmantot kop\u0101 vai atsevi\u0161\u0137i atkar\u012bb\u0101 no nepiecie\u0161am\u0101s siltumapg\u0101des situ\u0101ciju da\u017e\u0101d\u012bbas. Tos var izmantot gan konkr\u0113tu karsto zonu vai lielu tilpumu past\u0101v\u012bgai dzes\u0113\u0161anai, gan da\u017e\u0101du uz\u0146\u0113muma telpu (lo\u0123istikas halles, kravas automobi\u013cu piekabes, re\u0123istrat\u016bras terases, nojumes u. c.) sec\u012bgai dzes\u0113\u0161anai. <\/p>\n\n<div style=\"height:20px\" aria-hidden=\"true\" class=\"wp-block-spacer\"><\/div>\n\n<div class=\"wp-block-buttons is-content-justification-center is-layout-flex wp-container-core-buttons-is-layout-a89b3969 wp-block-buttons-is-layout-flex\">\n<div class=\"wp-block-button\"><a class=\"wp-block-button__link wp-element-button\" href=\"https:\/\/obera.fr\/lv\/contact\/\">NEPIECIE\u0160AMS INDIVIDU\u0100LS PADOMS?<\/a><\/div>\n<\/div>\n","protected":false},"excerpt":{"rendered":"<p>Mobil\u0101 iztvaiko\u0161anas dzes\u0113t\u0101ja b\u016bt\u012bba ir elast\u012bba. Pateicoties t\u0101 mobilit\u0101tei, to var izmantot visda\u017e\u0101d\u0101kaj\u0101s situ\u0101cij\u0101s, kad ir svar\u012bgi dzes\u0113t darba vidi. Runa ir par telpisko un laika mobilit\u0101ti.<\/p>\n","protected":false},"author":4,"featured_media":89663,"comment_status":"closed","ping_status":"closed","sticky":false,"template":"","format":"standard","meta":{"_acf_changed":false,"_seopress_robots_primary_cat":"none","_seopress_titles_title":"Mobilais adiab\u0101tiskais dzes\u0113t\u0101js: elast\u012bgs risin\u0101jums r\u016bpniec\u012bbai","_seopress_titles_desc":"Papildus adiab\u0101tisk\u0101 dzes\u0113t\u0101ja da\u017e\u0101daj\u0101m priek\u0161roc\u012bb\u0101m tas ir ar\u012b elast\u012bgs un praktisks risin\u0101jums r\u016bpniec\u012bb\u0101, kad temperat\u016bra ir augsta.","_seopress_robots_index":"","footnotes":""},"categories":[132],"tags":[133],"class_list":["post-42731","post","type-post","status-publish","format-standard","has-post-thumbnail","hentry","category-musu-padoms","tag-entete-maza","generate-columns","tablet-grid-50","mobile-grid-100","grid-parent","grid-50","no-featured-image-padding","resize-featured-image"],"acf":[],"_links":{"self":[{"href":"https:\/\/obera.fr\/lv\/wp-json\/wp\/v2\/posts\/42731","targetHints":{"allow":["GET"]}}],"collection":[{"href":"https:\/\/obera.fr\/lv\/wp-json\/wp\/v2\/posts"}],"about":[{"href":"https:\/\/obera.fr\/lv\/wp-json\/wp\/v2\/types\/post"}],"author":[{"embeddable":true,"href":"https:\/\/obera.fr\/lv\/wp-json\/wp\/v2\/users\/4"}],"replies":[{"embeddable":true,"href":"https:\/\/obera.fr\/lv\/wp-json\/wp\/v2\/comments?post=42731"}],"version-history":[{"count":3,"href":"https:\/\/obera.fr\/lv\/wp-json\/wp\/v2\/posts\/42731\/revisions"}],"predecessor-version":[{"id":89703,"href":"https:\/\/obera.fr\/lv\/wp-json\/wp\/v2\/posts\/42731\/revisions\/89703"}],"wp:featuredmedia":[{"embeddable":true,"href":"https:\/\/obera.fr\/lv\/wp-json\/wp\/v2\/media\/89663"}],"wp:attachment":[{"href":"https:\/\/obera.fr\/lv\/wp-json\/wp\/v2\/media?parent=42731"}],"wp:term":[{"taxonomy":"category","embeddable":true,"href":"https:\/\/obera.fr\/lv\/wp-json\/wp\/v2\/categories?post=42731"},{"taxonomy":"post_tag","embeddable":true,"href":"https:\/\/obera.fr\/lv\/wp-json\/wp\/v2\/tags?post=42731"}],"curies":[{"name":"wp","href":"https:\/\/api.w.org\/{rel}","templated":true}]}}