{"id":42993,"date":"2023-04-18T09:57:36","date_gmt":"2023-04-18T07:57:36","guid":{"rendered":"https:\/\/obera.fr\/non-classifiee\/adiabatiskais-dzesetajs-ir-videi-draudziga-bioklimatiska-ierice\/"},"modified":"2025-04-23T09:08:37","modified_gmt":"2025-04-23T07:08:37","slug":"le-rafraichisseur-adiabatique-represente-un-dispositif-bioclimatique-respectueux-de-lenvironnement","status":"publish","type":"post","link":"https:\/\/obera.fr\/lv\/musu-padoms\/le-rafraichisseur-adiabatique-represente-un-dispositif-bioclimatique-respectueux-de-lenvironnement\/","title":{"rendered":"Adiab\u0101tiskais dzes\u0113t\u0101js ir videi draudz\u012bga bioklimatiska ier\u012bce."},"content":{"rendered":"\n<h2 class=\"wp-block-heading\">Adiab\u0101tiskais dzes\u0113t\u0101js pal\u012bdz ietaup\u012bt ener\u0123iju<\/h2>\n\n<p><strong>Adiab\u0101tisko dzes\u0113\u0161anu<\/strong> var raksturot k\u0101 energoefekt\u012bv\u0101ko gaisa kondicion\u0113\u0161anas sist\u0113mu tirg\u016b.<\/p>\n\n<p><strong> \u016adens iztvaiko\u0161anas dabiskais process <\/strong>nodro\u0161ina liel\u0101ko dzes\u0113t\u0101ja dzes\u0113\u0161anas jaudas da\u013cu. Ener\u0123ijas pat\u0113ri\u0146\u0161 ventil\u0101cijai un \u016bdens cirkul\u0101cijai veido tikai 5 % no dzes\u0113\u0161anas jaudas. <strong>Energoefektivit\u0101te<\/strong> ir jo liel\u0101ka, jo silt\u0101ks ir laiks. Tas ir t\u0101p\u0113c, ka <strong>augst\u0101k\u0101 temperat\u016br\u0101 iztvaiko\u0161anas process pa\u0101trin\u0101s<\/strong>, t\u0101p\u0113c palielin\u0101s no gaisa ieg\u016bt\u0101 siltuma daudzums. Palielin\u0101s dzes\u0113t\u0101ja dzes\u0113\u0161anas jauda, bet ier\u012bces ener\u0123ijas pat\u0113ri\u0146\u0161 paliek nemain\u012bgs.    <\/p>\n\n<p>Turkl\u0101t \u0113kas ar nelielu izol\u0101ciju vai bez t\u0101s nepat\u0113r\u0113 <strong>iev\u0113rojami vair\u0101k ener\u0123ijas, <\/strong>jo 95 % no adiab\u0101tisk\u0101s sist\u0113mas dzes\u0113\u0161anas jaudas ir atkar\u012bgi no \u016bdens iztvaiko\u0161anas.<\/p>\n\n<div class=\"wp-block-columns is-layout-flex wp-container-core-columns-is-layout-28f84493 wp-block-columns-is-layout-flex\">\n<div class=\"wp-block-column is-layout-flow wp-block-column-is-layout-flow\" style=\"flex-basis:50%\">\n<p>Ener\u0123ija, kas <strong>nepiecie\u0161ama elektromotoriem<\/strong>, kuri darbina dzes\u0113t\u0101ja \u016bdens un gaisa ciklus, prasa \u013coti maz ener\u0123ijas gan palai\u0161anas, gan darb\u012bbas laik\u0101. Ener\u0123ijas zudumi, ko rada ventil\u0101cijas un \u016bdens cirkul\u0101cijas meh\u0101nisk\u0101 berze, veido tikai 5 % no<strong> ener\u0123ijas pat\u0113ri\u0146a<\/strong>, pateicoties vienk\u0101r\u0161ajai aparat\u016bras konfigur\u0101cijai. <\/p>\n\n\n\n<p>Protams, elektroener\u0123ijas pat\u0113ri\u0146\u0161 ir atkar\u012bgs no<strong> ventil\u0101cijas un \u016bdens cirkul\u0101cijas<\/strong> \u0101truma. Atkar\u012bb\u0101 no mode\u013ca tas var sv\u0101rst\u012bties no 1 l\u012bdz 3 kWh, lai atdzes\u0113tu 250 m\u00b2 lielu plat\u012bbu. Kopum\u0101 <a href=\"https:\/\/obera.fr\/lv\/musu-padoms\/comment-fonctionne-un-rafraichisseur-adiabatique\/\">adiab\u0101tiskais dzes\u0113t\u0101js <\/a>ir ener\u0123ijas taup\u012b\u0161anas avots gaisa kondicion\u0113\u0161anai karst\u0101 laik\u0101 jebkur\u0101 r\u016bpniec\u012bbas objekt\u0101.  <\/p>\n<\/div>\n\n\n\n<div class=\"wp-block-column is-layout-flow wp-block-column-is-layout-flow\" style=\"flex-basis:50%\">\n<figure class=\"wp-block-embed is-type-video is-provider-youtube wp-block-embed-youtube wp-embed-aspect-16-9 wp-has-aspect-ratio\"><div class=\"wp-block-embed__wrapper\">\n<iframe title=\"Rafraichisseur d&#039;air - Gamme IC - OberA\" width=\"1200\" height=\"675\" src=\"https:\/\/www.youtube.com\/embed\/NG-Ssy2oM70?feature=oembed\" frameborder=\"0\" allow=\"accelerometer; autoplay; clipboard-write; encrypted-media; gyroscope; picture-in-picture; web-share\" referrerpolicy=\"strict-origin-when-cross-origin\" allowfullscreen><\/iframe>\n<\/div><\/figure>\n<\/div>\n<\/div>\n\n<h2 class=\"wp-block-heading\">Adiab\u0101tiskai dzes\u0113\u0161anai rakstur\u012bgs m\u0113rens \u016bdens pat\u0113ri\u0146\u0161.<\/h2>\n\n<p><strong> R\u016bpniec\u012bbas nozar\u0113<\/strong> vid\u0113ji tiek pat\u0113r\u0113ti 500 litri dien\u0101 uz vienu darbinieku. Adiab\u0101tisks dzes\u0113t\u0101js iztvaiko 120 litrus dien\u0101 <strong>250 m\u00b2 liel\u0101 telp\u0101.<\/strong> Ja telp\u0101 ir 12 darba vietas, tas ir 2 % no vid\u0113j\u0101 dienas pat\u0113ri\u0146a. <\/p>\n\n<p><strong>Adiab\u0101tisk\u0101 dzes\u0113t\u0101ja<\/strong> nelielais \u016bdens pat\u0113ri\u0146\u0161 nav pretrun\u0101 ar vasaras period\u0101 izsludin\u0101tajiem \u016bdens lieto\u0161anas ierobe\u017eojumiem, kas saist\u012bti ar glob\u0101lo sasil\u0161anu.<\/p>\n\n<p>Turkl\u0101t<strong> \u016bdens tvaika veid\u0101 pat\u0113r\u0113tais \u016bdens <\/strong>netiek r\u016bpnieciski pies\u0101r\u0146ots, tas atgrie\u017eas atmosf\u0113r\u0101, turpinot savu dabisko apriti. T\u0101pat novad\u012bto \u016bdeni bez iepriek\u0161\u0113jas att\u012br\u012b\u0161anas var novad\u012bt <strong>r\u016bpniecisk\u0101 objekta notek\u016bde\u0146u sist\u0113m\u0101.<\/strong> <\/p>\n\n<h2 class=\"wp-block-heading\">Adiab\u0101tisk\u0101 dzes\u0113\u0161ana rada nelielu ekolo\u0123isko ietekmi.<\/h2>\n\n<p>M\u0113s atz\u012bm\u0113j\u0101m, ka <strong>adiab\u0101tiskais dzes\u0113t\u0101js darbojas ar \u013coti mazu ener\u0123ijas un \u016bdens pat\u0113ri\u0146u<\/strong>. Tam ir m\u0113rena oglek\u013ca dioks\u012bda emisija. <\/p>\n\n<figure class=\"wp-block-image alignright size-full is-resized\"><img decoding=\"async\" width=\"613\" height=\"441\" src=\"https:\/\/obera.fr\/wp-content\/uploads\/2024\/09\/ecologie.png\" alt=\"roka, kas tur augsni kop&#x101; ar augo&#x161;u augu\" class=\"wp-image-33973\" style=\"width:278px;height:auto\" srcset=\"https:\/\/obera.fr\/wp-content\/uploads\/2024\/09\/ecologie.png 613w, https:\/\/obera.fr\/wp-content\/uploads\/2024\/09\/ecologie-300x216.png 300w\" sizes=\"(max-width: 613px) 100vw, 613px\" \/><\/figure>\n\n<p>Adiab\u0101tiskais dzes\u0113t\u0101js neizmanto aukstuma\u0123entus, kas veicina gaisa pies\u0101r\u0146ojumu un ozona sl\u0101\u0146a no\u0101rd\u012b\u0161anos. T\u0101 vien\u012bgais aukstuma a\u0123ents ir \u016bdens tvaiks. T\u0101d\u0113j\u0101di <strong>adiab\u0101tiskais dzes\u0113t\u0101js neveicina siltumn\u012bcas efektu, kas <\/strong>saist\u012bts ar cilv\u0113ka rad\u012bto aukstuma a\u0123entu emisiju. T\u0101 k\u0101 \u016bdens tvaiks veicina tikai Zemes dabisko siltumn\u012bcas efektu, kas saist\u012bts ar dabisko \u016bdens ciklu. Turkl\u0101t adiab\u0101tiskais dzes\u0113t\u0101js emit\u0113 niec\u012bgu \u016bdens tvaiku daudzumu, sal\u012bdzinot ar<strong> r\u016bpniecisk\u0101s darb\u012bbas<\/strong> emit\u0113to daudzumu.    <\/p>\n\n<p>Visbeidzot, adiab\u0101tisk\u0101 dzes\u0113t\u0101ja vienk\u0101r\u0161\u0101 materi\u0101la konfigur\u0101cija noz\u012bm\u0113, ka p\u0113c kalpo\u0161anas laika beig\u0101m tas ir viegli p\u0101rstr\u0101d\u0101jams. Korpus\u0101 eso\u0161o propil\u0113nu var p\u0101rstr\u0101d\u0101t akrilsk\u0101b\u0113, ko izmanto t\u0101du polim\u0113ru k\u0101 polistirols un PVC ra\u017eo\u0161an\u0101. T\u0101pat ar\u012b<strong>apvalka alum\u012bniju ir \u013coti viegli p\u0101rstr\u0101d\u0101t<\/strong>. Ventilators, s\u016bknis, zondes un citas deta\u013cas tiek uzskat\u012btas par elektriskiem un elektroniskiem atkritumiem, un uz t\u0101m attiecas sav\u0101k\u0161anas un apstr\u0101des sist\u0113ma, ko reglament\u0113<strong> Eiropas EEIA direkt\u012bva<\/strong>. Iztvaic\u0113\u0161anas paneli var kompost\u0113t atkritumu sav\u0101k\u0161anas centr\u0101.    <\/p>\n\n<p><strong> Adiab\u0101tiskais dzes\u0113t\u0101js<\/strong> vis\u0101 t\u0101 aprites cikl\u0101<strong> rada mazu ietekmi uz vidi.<\/strong> Adiab\u0101tisk\u0101 dzes\u0113t\u0101ja ieg\u0101de ir da\u013ca no uz\u0146\u0113muma ilgtsp\u0113j\u012bgas att\u012bst\u012bbas politikas, kas ir v\u0113rsta pret glob\u0101lo sasil\u0161anu.<\/p>\n\n<div style=\"height:20px\" aria-hidden=\"true\" class=\"wp-block-spacer\"><\/div>\n\n<div class=\"wp-block-buttons alignwide is-content-justification-center is-layout-flex wp-container-core-buttons-is-layout-a89b3969 wp-block-buttons-is-layout-flex\">\n<div class=\"wp-block-button\"><a class=\"wp-block-button__link wp-element-button\" href=\"https:\/\/obera.fr\/lv\/contact\/\">NEPIECIE\u0160AMS INDIVIDU\u0100LS PADOMS?<\/a><\/div>\n<\/div>\n","protected":false},"excerpt":{"rendered":"<p>Adiab\u0101tiskais dzes\u0113t\u0101js ir videi draudz\u012bga bioklimatiska ier\u012bce. T\u0101 pal\u012bdz ietaup\u012bt ener\u0123iju, tai rakstur\u012bgs m\u0113rens \u016bdens pat\u0113ri\u0146\u0161 un neliels ekolo\u0123iskais nospiedums.<\/p>\n","protected":false},"author":4,"featured_media":85577,"comment_status":"closed","ping_status":"closed","sticky":false,"template":"","format":"standard","meta":{"_acf_changed":false,"_seopress_robots_primary_cat":"none","_seopress_titles_title":"Adiab\u0101tiskie dzes\u0113t\u0101ji: bioklimatiskas ekoier\u012bces","_seopress_titles_desc":"Videi draudz\u012bgs adiab\u0101tiskais dzes\u0113t\u0101js ir bioklimatiska ier\u012bce, kas \u013cauj samazin\u0101t temperat\u016bru j\u016bsu darba telp\u0101s.","_seopress_robots_index":"","footnotes":""},"categories":[132],"tags":[133],"class_list":["post-42993","post","type-post","status-publish","format-standard","has-post-thumbnail","hentry","category-musu-padoms","tag-entete-maza","generate-columns","tablet-grid-50","mobile-grid-100","grid-parent","grid-50","no-featured-image-padding","resize-featured-image"],"acf":[],"_links":{"self":[{"href":"https:\/\/obera.fr\/lv\/wp-json\/wp\/v2\/posts\/42993","targetHints":{"allow":["GET"]}}],"collection":[{"href":"https:\/\/obera.fr\/lv\/wp-json\/wp\/v2\/posts"}],"about":[{"href":"https:\/\/obera.fr\/lv\/wp-json\/wp\/v2\/types\/post"}],"author":[{"embeddable":true,"href":"https:\/\/obera.fr\/lv\/wp-json\/wp\/v2\/users\/4"}],"replies":[{"embeddable":true,"href":"https:\/\/obera.fr\/lv\/wp-json\/wp\/v2\/comments?post=42993"}],"version-history":[{"count":3,"href":"https:\/\/obera.fr\/lv\/wp-json\/wp\/v2\/posts\/42993\/revisions"}],"predecessor-version":[{"id":85937,"href":"https:\/\/obera.fr\/lv\/wp-json\/wp\/v2\/posts\/42993\/revisions\/85937"}],"wp:featuredmedia":[{"embeddable":true,"href":"https:\/\/obera.fr\/lv\/wp-json\/wp\/v2\/media\/85577"}],"wp:attachment":[{"href":"https:\/\/obera.fr\/lv\/wp-json\/wp\/v2\/media?parent=42993"}],"wp:term":[{"taxonomy":"category","embeddable":true,"href":"https:\/\/obera.fr\/lv\/wp-json\/wp\/v2\/categories?post=42993"},{"taxonomy":"post_tag","embeddable":true,"href":"https:\/\/obera.fr\/lv\/wp-json\/wp\/v2\/tags?post=42993"}],"curies":[{"name":"wp","href":"https:\/\/api.w.org\/{rel}","templated":true}]}}