{"id":44317,"date":"2021-05-06T11:22:12","date_gmt":"2021-05-06T09:22:12","guid":{"rendered":"https:\/\/obera.fr\/non-classifiee\/aeracija-un-covid-19-obera-apriko-klases-ednicas-un-ednicas-daudzas-francijas-skolas-un-vidusskolas\/"},"modified":"2025-05-07T10:06:05","modified_gmt":"2025-05-07T08:06:05","slug":"aeration-covid-salles-classes-cantines-refectoire-lycees","status":"publish","type":"post","link":"https:\/\/obera.fr\/lv\/musu-padoms\/aeration-covid-salles-classes-cantines-refectoire-lycees\/","title":{"rendered":"Ventil\u0101cija un COVID-19: OberA apr\u012bko daudzu Francijas skolu un liceju klases, \u0113dn\u012bcas un \u0113dn\u012bcas!"},"content":{"rendered":"\n<h2 class=\"wp-block-heading\">Antibakteri\u0101li aer\u0101cijas risin\u0101jumi izgl\u012bt\u012bb\u0101<\/h2>\n\n<p>B\u0113rniem un pusaud\u017eiem ir svar\u012bgi m\u0101c\u012bties kop\u0101. Vislab\u0101kais ir tas, ka tas vienm\u0113r ir iesp\u0113jams klas\u0113, ja vien taj\u0101 ir t\u012brs gaiss un tiek iev\u0113roti sanit\u0101rie apst\u0101k\u013ci. <\/p>\n\n<figure class=\"wp-block-image alignright size-large is-resized\"><img decoding=\"async\" src=\"https:\/\/obera.fr\/wp-content\/uploads\/2021\/05\/image_ecole-covid-1024x768.jpg\" alt=\"ventil&#x101;cijas covid skola\" class=\"wp-image-5610\" width=\"527\" height=\"395\" srcset=\"https:\/\/obera.fr\/wp-content\/uploads\/2021\/05\/image_ecole-covid-1024x768.jpg 1024w, https:\/\/obera.fr\/wp-content\/uploads\/2021\/05\/image_ecole-covid-300x225.jpg 300w, https:\/\/obera.fr\/wp-content\/uploads\/2021\/05\/image_ecole-covid-768x576.jpg 768w, https:\/\/obera.fr\/wp-content\/uploads\/2021\/05\/image_ecole-covid-1536x1152.jpg 1536w, https:\/\/obera.fr\/wp-content\/uploads\/2021\/05\/image_ecole-covid.jpg 2016w\" sizes=\"(max-width: 527px) 100vw, 527px\" \/><figcaption class=\"wp-element-caption\">Klases ventil\u0101cija ar OBERA<\/figcaption><\/figure>\n\n<p>Vair\u0101ki Francijas re\u0123ioni ir nol\u0113mu\u0161i piln\u012bb\u0101 vai da\u013c\u0113ji finans\u0113t <a href=\"https:\/\/obera.fr\/lv\/produits\/purificateurs-air\/covid-19-pretvirusu-un-antibakterialie-gaisa-attiritaji\/\" data-type=\"page\" data-id=\"5161\">gaisa att\u012br\u012bt\u0101ju<\/a> izmaksas un pal\u012bdz\u0113t izgl\u012bt\u012bbas iest\u0101d\u0113m tos ieg\u0101d\u0101ties:<\/p>\n\n<ul class=\"wp-block-list\">\n<li>Over\u0146as-Ronas-Alpu re\u0123ions ir nobalsojis par 10 miljonus eiro v\u0113rtu re\u0123ion\u0101lo invest\u012bciju pl\u0101nu, lai <a href=\"https:\/\/obera.fr\/lv\/produits\/purificateurs-air\/\" data-type=\"page\">att\u012br\u012btu gaisu<\/a> re\u0123iona vidusskol\u0101s un skol\u0101s.  <\/li>\n\n\n\n<li>Ile-de-France re\u0123ions pie\u0161\u0137ir finans\u0113jumu l\u012bdz EUR 10 000 vidusskol\u0101m un viet\u0113j\u0101m pa\u0161vald\u012bb\u0101m, lai ieg\u0101d\u0101tos ar vesel\u012bbu saist\u012btu apr\u012bkojumu, piem\u0113ram, gaisa att\u012br\u012bt\u0101jus.<\/li>\n<\/ul>\n\n<p>Atgrie\u017eoties pie kl\u0101tienes m\u0101c\u012bb\u0101m un \u0113dn\u012bcu un refektoriju izmanto\u0161anas, <strong>ir nepiecie\u0161ami gaisa att\u012br\u012bt\u0101ji, lai att\u012br\u012btu telpas, kur\u0101s ir liela cilv\u0113ku koncentr\u0101cija<\/strong> un\/vai kur\u0101s vienlaikus ir liels skaits skol\u0113nu. Gaisa att\u012br\u012bt\u0101ji var att\u012br\u012bt gaisu \u0161aj\u0101s telp\u0101s, kas ir l\u012bdzv\u0113rt\u012bgi aptuveni \u010detr\u0101m l\u012bdz desmit telpu tilpuma mai\u0146\u0101m stund\u0101.   <\/p>\n\n<blockquote class=\"wp-block-quote is-layout-flow wp-block-quote-is-layout-flow\">\n<p>Tas <strong>iev\u0113rojami samazina suspend\u0113to da\u013ci\u0146u un v\u012brusu skaitu<\/strong> (vid\u0113ji -85 %) un iev\u0113rojami att\u012bra gaisu telp\u0101.<\/p>\n<\/blockquote>\n\n<div class=\"wp-block-buttons is-horizontal is-content-justification-center is-layout-flex wp-container-core-buttons-is-layout-03627597 wp-block-buttons-is-layout-flex\">\n<div class=\"wp-block-button\"><a class=\"wp-block-button__link wp-element-button\" href=\"https:\/\/obera.fr\/lv\/contact\/\">V\u0113los uzzin\u0101t vair\u0101k<\/a><\/div>\n<\/div>\n\n<h2 class=\"wp-block-heading\">Koronav\u012brusa aer\u0101cija<\/h2>\n\n<div class=\"wp-block-columns is-layout-flex wp-container-core-columns-is-layout-28f84493 wp-block-columns-is-layout-flex\">\n<div class=\"wp-block-column is-vertically-aligned-center is-layout-flow wp-block-column-is-layout-flow\" style=\"flex-basis:66.66%\">\n<p>Lai <strong>iev\u0113rojami samazin\u0101tu infic\u0113\u0161an\u0101s risku iek\u0161telp\u0101s<\/strong>, tom\u0113r ir nepiecie\u0161ama regul\u0101ra ventil\u0101cija. Tom\u0113r tas ne vienm\u0113r ir iesp\u0113jams (ja telp\u0101s nav logu vai ir p\u0101r\u0101k auksts). \u0160\u0101dos gad\u012bjumos risin\u0101jums var b\u016bt gaisa att\u012br\u012bt\u0101ja un<strong>sensoru<\/strong> uzst\u0101d\u012b\u0161ana, lai nep\u0101rtraukti<strong>m\u0113r\u012btu<\/strong> gaisa kvalit\u0101tes parametrus.  <\/p>\n\n\n\n<h3 class=\"wp-block-heading\">Neraugoties uz gaisa att\u012br\u012bt\u0101jiem: jums joproj\u0101m ir j\u0101v\u0113dina!<\/h3>\n\n\n\n<p>Da\u017eas iest\u0101des ir izv\u0113l\u0113ju\u0161\u0101s ar\u012b uzst\u0101d\u012bt <a href=\"https:\/\/obera.fr\/lv\/produits\/purificateurs-air\/covid-19-pretvirusu-un-antibakterialie-gaisa-attiritaji\/virbox-pretvirusu-gaisa-attiritajs\/\" data-type=\"page\" data-id=\"4902\">CO2 sensorus<\/a>, lai nep\u0101rtraukti m\u0113r\u012btu CO2 koncentr\u0101ciju un iedarbin\u0101tu ventil\u0101ciju, ja tiek p\u0101rsniegta ieteicam\u0101 robe\u017ev\u0113rt\u012bba.<\/p>\n<\/div>\n\n\n\n<div class=\"wp-block-column is-vertically-aligned-center is-layout-flow wp-block-column-is-layout-flow\" style=\"flex-basis:33.33%\">\n<figure class=\"wp-block-image aligncenter size-full is-resized\"><img decoding=\"async\" src=\"https:\/\/obera.fr\/wp-content\/uploads\/2021\/05\/Sans-titre-20.jpg\" alt=\"Telpu v&#x113;din&#x101;&#x161;ana pa logiem\" class=\"wp-image-5607\" width=\"250\" height=\"250\" srcset=\"https:\/\/obera.fr\/wp-content\/uploads\/2021\/05\/Sans-titre-20.jpg 500w, https:\/\/obera.fr\/wp-content\/uploads\/2021\/05\/Sans-titre-20-300x300.jpg 300w, https:\/\/obera.fr\/wp-content\/uploads\/2021\/05\/Sans-titre-20-150x150.jpg 150w\" sizes=\"(max-width: 250px) 100vw, 250px\" \/><\/figure>\n<\/div>\n<\/div>\n\n<h2 class=\"wp-block-heading\">Jautrs r\u012bks: zila LED: viss ir k\u0101rt\u012bb\u0101; sarkana LED: nepiecie\u0161ams v\u0113din\u0101t.<\/h2>\n\n<p>Vair\u0101kas skolot\u0101ju arodbiedr\u012bbas aicina uzst\u0101d\u012bt <strong>CO2 sensorus,<\/strong> lai past\u0101v\u012bgi uzraudz\u012btu gaisa kvalit\u0101ti.<\/p>\n\n<p><strong>Daudzos p\u0113t\u012bjumos ir ieteikts izmantot CO2 sensorus iek\u0161telp\u0101s<\/strong>. \u0160aj\u0101 zi\u0146\u0101 b\u016btu \u012bpa\u0161i pr\u0101t\u012bgi tos izmantot vis\u0101s klas\u0113s. \u0160ie m\u0113rinstrumenti iedarbina trauksmes sign\u0101lu, kad telpas ir j\u0101v\u0113dina. \u0160ie sensori ir labs l\u012bdzeklis, lai padar\u012btu gaisa kvalit\u0101ti klas\u0113s redzamu:     <\/p>\n\n<blockquote class=\"wp-block-quote is-layout-flow wp-block-quote-is-layout-flow\">\n<p>&#8220;Telp\u0101s t\u0101s r\u0101da, kad ir sasniegtas robe\u017eas un ir j\u0101atver logi.&#8221;  <\/p>\n<\/blockquote>\n","protected":false},"excerpt":{"rendered":"<p>Lai samazin\u0101tu Kovid-19 v\u012brusa p\u0101rne\u0161anas risku, OberA ir apr\u012bkojusi daudzu Francijas skolu un liceju klases, \u0113dn\u012bcas un \u0113dn\u012bcas!<\/p>\n","protected":false},"author":4,"featured_media":98835,"comment_status":"open","ping_status":"closed","sticky":false,"template":"","format":"standard","meta":{"_acf_changed":false,"_seopress_robots_primary_cat":"none","_seopress_titles_title":"Ventil\u0101cija un COVID-19: OBERA apr\u012bko Francijas vidusskolas!","_seopress_titles_desc":"OberA skol\u0101s uzst\u0101da gaisa att\u012br\u012b\u0161anas sist\u0113mas, kas ir efekt\u012bvas pret v\u012brusiem un bakt\u0113rij\u0101m, lai aizsarg\u0101tu skol\u0113nus un m\u0101c\u012bbsp\u0113kus.","_seopress_robots_index":"","footnotes":""},"categories":[132],"tags":[133],"class_list":["post-44317","post","type-post","status-publish","format-standard","has-post-thumbnail","hentry","category-musu-padoms","tag-entete-maza","generate-columns","tablet-grid-50","mobile-grid-100","grid-parent","grid-50","no-featured-image-padding","resize-featured-image"],"acf":[],"_links":{"self":[{"href":"https:\/\/obera.fr\/lv\/wp-json\/wp\/v2\/posts\/44317","targetHints":{"allow":["GET"]}}],"collection":[{"href":"https:\/\/obera.fr\/lv\/wp-json\/wp\/v2\/posts"}],"about":[{"href":"https:\/\/obera.fr\/lv\/wp-json\/wp\/v2\/types\/post"}],"author":[{"embeddable":true,"href":"https:\/\/obera.fr\/lv\/wp-json\/wp\/v2\/users\/4"}],"replies":[{"embeddable":true,"href":"https:\/\/obera.fr\/lv\/wp-json\/wp\/v2\/comments?post=44317"}],"version-history":[{"count":3,"href":"https:\/\/obera.fr\/lv\/wp-json\/wp\/v2\/posts\/44317\/revisions"}],"predecessor-version":[{"id":99092,"href":"https:\/\/obera.fr\/lv\/wp-json\/wp\/v2\/posts\/44317\/revisions\/99092"}],"wp:featuredmedia":[{"embeddable":true,"href":"https:\/\/obera.fr\/lv\/wp-json\/wp\/v2\/media\/98835"}],"wp:attachment":[{"href":"https:\/\/obera.fr\/lv\/wp-json\/wp\/v2\/media?parent=44317"}],"wp:term":[{"taxonomy":"category","embeddable":true,"href":"https:\/\/obera.fr\/lv\/wp-json\/wp\/v2\/categories?post=44317"},{"taxonomy":"post_tag","embeddable":true,"href":"https:\/\/obera.fr\/lv\/wp-json\/wp\/v2\/tags?post=44317"}],"curies":[{"name":"wp","href":"https:\/\/api.w.org\/{rel}","templated":true}]}}