{"id":45563,"date":"2020-11-20T18:06:03","date_gmt":"2020-11-20T16:06:03","guid":{"rendered":"https:\/\/obera.fr\/non-classifiee\/kas-ir-arodekspozicijas-robezvertiba-jeb-oel\/"},"modified":"2025-05-07T11:08:39","modified_gmt":"2025-05-07T09:08:39","slug":"valeur-limite-exposition-professionnelle-ou-vlep","status":"publish","type":"post","link":"https:\/\/obera.fr\/lv\/musu-padoms\/valeur-limite-exposition-professionnelle-ou-vlep\/","title":{"rendered":"Kas ir arodekspoz\u012bcijas robe\u017ev\u0113rt\u012bba jeb OEL?"},"content":{"rendered":"\n<p>T\u0101s ir atsauces v\u0113rt\u012bbas, ko izmanto, lai nov\u0113rt\u0113tu gaisa iedarb\u012bbas l\u012bmeni, ko cilv\u0113ks var ieelpot noteikt\u0101 laikposm\u0101. T\u0101s tiek izteiktas k\u0101 konkr\u0113tas \u0137\u012bmisk\u0101s vielas koncentr\u0101cija gais\u0101 noteikt\u0101 laika period\u0101. Tiek uzskat\u012bts, ka sekas vesel\u012bbai rad\u012bs tikai iedarb\u012bba liel\u0101k\u0101 koncentr\u0101cij\u0101 vai ilg\u0101k\u0101 laika posm\u0101.  <\/p>\n\n<h2 class=\"wp-block-heading\">K\u0101 tiek iestat\u012bti TLV?<\/h2>\n\n<p>Kop\u0161 Direkt\u012bvas 98\/24\/EK VLEP ir noteikti, pamatojoties uz zin\u0101tnisku nov\u0113rt\u0113jumu par saist\u012bbu starp b\u012bstamo vielu ietekmi uz vesel\u012bbu un arodekspoz\u012bcijas l\u012bmeni. Atsauces periods TLV noteik\u0161anai ir vai nu 8 stundas 8 stundu TLV gad\u012bjum\u0101, vai 15 min\u016btes \u012bslaic\u012bgu TLV gad\u012bjum\u0101. <\/p>\n\n<h2 class=\"wp-block-heading\">K\u0101di ir da\u017e\u0101di VLEP veidi?<\/h2>\n\n<p>Ir divu <a href=\"https:\/\/obera.fr\/lv\/musu-padoms\/reglementation-vlep-evaluation-risque-chimique-lieu-de-travail\/\" data-type=\"post\" data-id=\"6575\">veidu regulat\u012bv\u0101s robe\u017ev\u0113rt\u012bbas<\/a>:<\/p>\n\n<ul class=\"wp-block-list\">\n<li>Ierobe\u017eojo\u0161ais VLEP, kas pat pie zemiem iedarb\u012bbas l\u012bme\u0146iem veido<strong>  apdraud\u0113jumu vesel\u012bbai. Par neatbilst\u012bbu darba dev\u0113jiem var piem\u0113rot sodus.   <\/strong>T\u0101s ir noteiktas ar Valsts padomes dekr\u0113tu un iek\u013cautas Darba kodeks\u0101.<\/li>\n\n\n\n<li><strong> Indikat\u012bvie OEL<\/strong> ir balst\u012bti tikai uz medic\u012bniskiem p\u0113t\u012bjumiem, kas nosaka neto robe\u017ev\u0113rt\u012bbu, zem kuras viela nerada risku vesel\u012bbai.<\/li>\n<\/ul>\n\n<h2 class=\"wp-block-heading\">K\u0101 tiek uzraudz\u012bti TLV?<\/h2>\n\n<div class=\"wp-block-columns are-vertically-aligned-center is-layout-flex wp-container-core-columns-is-layout-28f84493 wp-block-columns-is-layout-flex\">\n<div class=\"wp-block-column is-vertically-aligned-center is-layout-flow wp-block-column-is-layout-flow\" style=\"flex-basis:33.33%\">\n<figure class=\"wp-block-image aligncenter size-medium is-resized\"><img decoding=\"async\" src=\"https:\/\/obera.fr\/wp-content\/uploads\/2020\/08\/compteur-de-particules-300x300.png\" alt=\"Da&#x13C;i&#x146;u skait&#x12B;t&#x101;js Trotec PC220 - Da&#x13C;i&#x146;u skait&#x12B;t&#x101;js\" class=\"wp-image-714\" width=\"150\" height=\"150\" srcset=\"https:\/\/obera.fr\/wp-content\/uploads\/2020\/08\/compteur-de-particules-300x300.png 300w, https:\/\/obera.fr\/wp-content\/uploads\/2020\/08\/compteur-de-particules-150x150.png 150w, https:\/\/obera.fr\/wp-content\/uploads\/2020\/08\/compteur-de-particules.png 433w\" sizes=\"(max-width: 150px) 100vw, 150px\" \/><\/figure>\n<\/div>\n\n\n\n<div class=\"wp-block-column is-vertically-aligned-center is-layout-flow wp-block-column-is-layout-flow\" style=\"flex-basis:66.66%\">\n<p>ELV tiek kontrol\u0113ti, izmantojot gaisa analizatoru sist\u0113mas. Neatkar\u012bgi no t\u0101, vai t\u0101 ir kaste, zonde vai gaisa analizators, ier\u012bcei j\u0101atrodas pies\u0101r\u0146ot\u0101ja kl\u0101tb\u016btnes viet\u0101. \u0160\u012bs da\u017e\u0101d\u0101s ier\u012bces analiz\u0113 gaisu un nosaka pies\u0101r\u0146ojo\u0161\u0101s vielas daudzumu un veidu, kas atrodas darba telpas gais\u0101. P\u0113c tam gaisa p\u0101rbau\u017eu rezult\u0101ti tiek re\u0123istr\u0113ti valsts datub\u0101z\u0113<strong>(SCOLA datub\u0101ze<\/strong>), kas valsts iest\u0101d\u0113m \u013caus izmantot \u0161os statistikas datus.   <\/p>\n<\/div>\n<\/div>\n\n<p>Atmosf\u0113ras m\u0113r\u012bjumu un monitoringa rezult\u0101ti tiek pazi\u0146oti arodslim\u012bbu \u0101rstam un <strong>CHSCT<\/strong>. Tie pal\u012bdz nov\u0113rt\u0113t \u0137\u012bmisko vielu iedarb\u012bbas rad\u012btos riskus un noteikt piem\u0113rotus profilakses pas\u0101kumus. <\/p>\n\n<h3 class=\"wp-block-heading\">Kas var uzraudz\u012bt VLEP?<\/h3>\n\n<p>Kopum\u0101 ikviens, kam ir gaisa analizators, var p\u0101rbaud\u012bt sav\u0101s telp\u0101s eso\u0161os ELV. Tom\u0113r likuma izpratn\u0113 j\u016bsu testam neb\u016bs nek\u0101das v\u0113rt\u012bbas, jo neesat akredit\u0113ts. T\u0101p\u0113c ir \u013coti svar\u012bgi izmantot COFRAC (Comit\u00e9 Fran\u00e7ais d&#8217;Accr\u00e9ditation) akredit\u0113tas organiz\u0101cijas. \u0160\u012bs strukt\u016bras, kas ir neatkar\u012bgas no uz\u0146\u0113mumiem, kuros tiek veiktas tehnisk\u0101s p\u0101rbaudes, ir akredit\u0113tas <strong>m\u0113r\u012bjumu strat\u0113\u0123ijas<\/strong> noteik\u0161anai, paraugu \u0146em\u0161anai un anal\u012b\u017eu veik\u0161anai.   <\/p>\n\n<h2 class=\"wp-block-heading\">K\u0101 nov\u0113rst b\u012bstamo \u0137\u012bmisko vielu un CMR iedarb\u012bbu darba viet\u0101?<\/h2>\n\n<div class=\"wp-block-columns are-vertically-aligned-center is-layout-flex wp-container-core-columns-is-layout-28f84493 wp-block-columns-is-layout-flex\">\n<div class=\"wp-block-column is-vertically-aligned-center is-layout-flow wp-block-column-is-layout-flow\" style=\"flex-basis:25%\">\n<figure class=\"wp-block-image aligncenter size-full\"><img decoding=\"async\" width=\"150\" height=\"150\" src=\"https:\/\/obera.fr\/wp-content\/uploads\/2020\/11\/CMR.jpg\" alt=\"Dro&#x161;&#x12B;bas datu lapa - &#x136;&#x12B;misk&#x101; viela\" class=\"wp-image-1832\"\/><\/figure>\n<\/div>\n\n\n\n<div class=\"wp-block-column is-vertically-aligned-center is-layout-flow wp-block-column-is-layout-flow\" style=\"flex-basis:75%\">\n<p>Saska\u0146\u0101 ar 2009. gada 15. decembra dekr\u0113tu un r\u012bkojumiem darba dev\u0113jam j\u0101veic riska nov\u0113rt\u0113jums, m\u0113rot gaisa kvalit\u0101ti vismaz reizi gad\u0101 un ikreiz, kad ir izmai\u0146as, kas var ietekm\u0113t iedarb\u012bbu uz darbiniekiem.<\/p>\n<\/div>\n<\/div>\n\n<h2 class=\"wp-block-heading\">Vai atbilst\u012bba VLEP ir oblig\u0101ta?<\/h2>\n\n<p>J\u0101, ierobe\u017eojo\u0161a regulat\u012bv\u0101 VLEP p\u0101rsnieg\u0161anai ir j\u0101rada : <\/p>\n\n<ul class=\"wp-block-list\">\n<li>\u0136\u012bmisk\u0101s vielas, kas nav CMR 1A vai 1B, vai kop\u0113jo vai ieelpojamo putek\u013cu gad\u012bjum\u0101 &#8211; t\u016bl\u012bt\u0113ja <strong>aizsardz\u012bbas pas\u0101kumu<\/strong> \u012bsteno\u0161ana (R. 4412-28 un R. 4412-29. pants),<\/li>\n\n\n\n<li>Ja \u0137\u012bmiskais a\u0123ents ir klasific\u0113ts k\u0101 CMR 1A vai 1B kategorijas \u0137\u012bmiskais a\u0123ents,<strong>p\u0101rtrauc darbu<\/strong> attiec\u012bgaj\u0101s darba viet\u0101s, l\u012bdz tiek \u012bstenoti pas\u0101kumi, lai nodro\u0161in\u0101tu darbinieku aizsardz\u012bbu (R. 4412-77 un R. 4412-78. pants).<\/li>\n<\/ul>\n\n<p>Ja tiek p\u0101rsniegts normat\u012bvos noteiktais indikat\u012bvais VLEP, j\u0101veic jauns <strong>riska nov\u0113rt\u0113jums<\/strong>, lai noteiktu atbilsto\u0161us profilakses un aizsardz\u012bbas pas\u0101kumus.<\/p>\n\n<h2 class=\"wp-block-heading\">Kas j\u0101dara, ja uz\u0146\u0113muma TLV ir p\u0101rsniegti?<\/h2>\n\n<div class=\"wp-block-columns is-layout-flex wp-container-core-columns-is-layout-28f84493 wp-block-columns-is-layout-flex\">\n<div class=\"wp-block-column is-layout-flow wp-block-column-is-layout-flow\" style=\"flex-basis:33.33%\">\n<figure class=\"wp-block-image aligncenter size-full is-resized\"><img decoding=\"async\" src=\"https:\/\/obera.fr\/wp-content\/uploads\/2022\/07\/VLEP.jpg\" alt=\"vlep\" class=\"wp-image-13688\" width=\"200\" height=\"200\" srcset=\"https:\/\/obera.fr\/wp-content\/uploads\/2022\/07\/VLEP.jpg 400w, https:\/\/obera.fr\/wp-content\/uploads\/2022\/07\/VLEP-300x300.jpg 300w, https:\/\/obera.fr\/wp-content\/uploads\/2022\/07\/VLEP-150x150.jpg 150w\" sizes=\"(max-width: 200px) 100vw, 200px\" \/><\/figure>\n<\/div>\n\n\n\n<div class=\"wp-block-column is-vertically-aligned-center is-layout-flow wp-block-column-is-layout-flow\" style=\"flex-basis:75%\">\n<p>Ja attiec\u012bgais VLEP ir <strong>ierobe\u017eojo\u0161a normat\u012bv\u0101<\/strong> robe\u017ea, nekav\u0113joties j\u0101\u012bsteno<strong> HCA <\/strong>(b\u012bstamie \u0137\u012bmiskie a\u0123enti) profilakses pas\u0101kumi un piln\u012bb\u0101 j\u0101p\u0101rtrauc darbs attiec\u012bgaj\u0101s darba viet\u0101s, l\u012bdz tiek ieviesti atbilsto\u0161i pas\u0101kumi un aizsardz\u012bba, lai <strong><a href=\"https:\/\/obera.fr\/lv\/musu-padoms\/substances-cmr-risque-exposition-au-travail-quelle-reglementation-prevention\/\" data-type=\"post\" data-id=\"6581\">CMR<\/a><\/strong>.<\/p>\n\n\n\n<p>  Ja attiec\u012bgais VLEP ir <strong>indikat\u012bvs<\/strong>, darba dev\u0113js veic riska nov\u0113rt\u0113jumu, lai noteiktu atbilsto\u0161us profilakses un aizsardz\u012bbas pas\u0101kumus.<\/p>\n<\/div>\n<\/div>\n\n<blockquote class=\"wp-block-quote is-layout-flow wp-block-quote-is-layout-flow\">\n<p>V\u0113rts izlas\u012bt ar\u012b: <a href=\"https:\/\/obera.fr\/lv\/musu-padoms\/vlep-quels-risques-cas-de-non-respect-reglementation\/\" data-type=\"post\" data-id=\"1816\">K\u0101di ir riski, neiev\u0113rojot VLEP<\/a>?<\/p>\n<\/blockquote>\n\n<p>Darba inspektors vai kontrolieris var ar\u012b piepras\u012bt, lai uz\u0146\u0113mums veic normat\u012bvajos aktos noteikto VLEP p\u0101rbaudi akredit\u0113t\u0101 iest\u0101d\u0113.<\/p>\n\n<p>Akredit\u0113t\u0101 iest\u0101de noteiks savu paraugu \u0146em\u0161anas strat\u0113\u0123iju, kas aptvers visu laikposmu, kur\u0101 darbinieks ir pak\u013cauts iedarb\u012bbai, lai \u012bstenotu kori\u0123\u0113jo\u0161os pas\u0101kumus, kurus p\u0113c tam periodiski p\u0101rbaud\u012bs.<\/p>\n\n<p>Pirm\u0101s m\u0113r\u012bjumu kampa\u0146as laik\u0101 (vismaz tr\u012bs m\u0113r\u012bjumi katrai GEH &#8211; viendab\u012bgas iedarb\u012bbas grupai), ja visi rezult\u0101ti ir maz\u0101ki par 10 % no VLEP, t\u0101 p\u0101rsnieg\u0161anas risks ir nulle, un t\u0101p\u0113c nav oblig\u0101ti j\u0101veic p\u0101r\u0113j\u0101s divas kampa\u0146as.<\/p>\n\n<p>Ja TLV ir p\u0101rsniegtas, p\u0113c iesp\u0113jas \u0101tr\u0101k j\u0101veic kori\u0123\u0113jo\u0161i pas\u0101kumi un s\u0101kotn\u0113jais nov\u0113rt\u0113jums ir j\u0101atk\u0101rto.<\/p>\n\n<p>Ja m\u0113r\u012bjuma rezult\u0101ts ir starp 10 % no TLV un <a href=\"https:\/\/obera.fr\/lv\/musu-padoms\/vlep-cobalt-et-composes-valeurs-limites-exposition-professionnelle\/\" data-type=\"post\" data-id=\"6351\">TLV<\/a>, m\u0113r\u012bjumu kampa\u0146a tiek turpin\u0101ta. Tre\u0161\u0101s m\u0113r\u012bjumu kampa\u0146as beig\u0101s ieg\u016btos rezult\u0101tus analiz\u0113, atkal pamatojoties uz statistiskiem apr\u0113\u0137iniem. T\u0101d\u0113j\u0101di ir iesp\u0113jams secin\u0101t \u0161o VLEP p\u0101rsnieg\u0161anas varb\u016bt\u012bbu un par visp\u0101r\u0113jo profilakses principu \u012bsteno\u0161anu.  <\/p>\n\n<p>Darba dev\u0113jiem ir pien\u0101kums sast\u0101d\u012bt visu to \u0137\u012bmisko produktu sarakstu, ar kuriem tiek str\u0101d\u0101ts to telp\u0101s, nov\u0113rt\u0113t risku un apm\u0101c\u012bt darbiniekus. Rezult\u0101ti par katru operatoru ir j\u0101noformul\u0113 person\u012bg\u0101s ekspoz\u012bcijas lap\u0101, kur\u0101 uzskait\u012bti visi m\u0113r\u012bjumi un to rezult\u0101ti. \u0160\u012bs lapas iesniedz uz\u0146\u0113muma \u0101rstam. \u0160ie noteikumi attiecas uz vis\u0101m gar\u0101\u017e\u0101m, \u0137\u012bmiskaj\u0101m t\u012br\u012btav\u0101m, galdniec\u012bb\u0101m, maziem un vid\u0113jiem uz\u0146\u0113mumiem, liel\u0101m grup\u0101m, t\u012br\u012b\u0161anas uz\u0146\u0113mumiem u. c.   <\/p>\n\n<h2 class=\"wp-block-heading\">K\u0101di ir riski darba dev\u0113jiem, kas nepilda \u0161os pien\u0101kumus?<\/h2>\n\n<p>Darba dev\u0113jiem ir liela atbild\u012bba. Vi\u0146i risk\u0113 sa\u0146emt ofici\u0101lu Darba inspekcijas br\u012bdin\u0101jumu, bet galvenok\u0101rt, ja tiek konstat\u0113ta arodslim\u012bba, vi\u0146iem draud civiltiesiska un krimin\u0101latbild\u012bba. <\/p>\n\n<p><strong>To \u0137\u012bmisko a\u0123entu saraksts, kuriem ir saisto\u0161a reglament\u0113t\u0101 arodekspoz\u012bcijas robe\u017ev\u0113rt\u012bba (Francijas Darba kodeksa R. 4412-149. pants)  <\/strong><\/p>\n\n<div class=\"wp-block-columns is-layout-flex wp-container-core-columns-is-layout-28f84493 wp-block-columns-is-layout-flex\">\n<div class=\"wp-block-column is-layout-flow wp-block-column-is-layout-flow\">\n<p>2-butoksietilacet\u0101ts<\/p>\n\n\n\n<p>2-etoksietilacet\u0101ts<\/p>\n\n\n\n<p>Izopentilacet\u0101ts<\/p>\n\n\n\n<p>2-metoksietilacet\u0101ts<\/p>\n\n\n\n<p>2-metoksi-1-metiletilacet\u0101ts<\/p>\n\n\n\n<p>1-metilbutilacet\u0101ts<\/p>\n\n\n\n<p>Pentilacet\u0101ts<\/p>\n\n\n\n<p>Vinilacet\u0101ts<\/p>\n\n\n\n<p>Acetons Acetonitrils<\/p>\n\n\n\n<p>Ci\u0101n\u016bde\u0146ra\u017esk\u0101be<\/p>\n\n\n\n<p>Etilakril\u0101ts<\/p>\n\n\n\n<p>Metilakril\u0101ts<\/p>\n\n\n\n<p>Azbests<\/p>\n\n\n\n<p>Bez\u016bdens amonjaks<\/p>\n\n\n\n<p>N\u0101trija az\u012bds<\/p>\n\n\n\n<p>Benzols Bisfenols A (ieelpojot)<\/p>\n\n\n\n<p>Koks<\/p>\n\n\n\n<p>Brome<\/p>\n\n\n\n<p>Brommet\u0101ns (1)<\/p>\n\n\n\n<p>2-butoksietanols<\/p>\n\n\n\n<p>Hlors<\/p>\n\n\n\n<p>Hlorbenzols<\/p>\n\n\n\n<p>\u016ade\u0146ra\u017ea hlor\u012bds<\/p>\n\n\n\n<p>Vinilhlor\u012bds<\/p>\n\n\n\n<p><a href=\"https:\/\/obera.fr\/lv\/musu-padoms\/vlep-chrome-hexavalent-valeurs-limites-exposition-professionnelle-contraignantes\/\" data-type=\"post\" data-id=\"6418\">Se\u0161v\u0113rt\u012bgais hroms un t\u0101 savienojumi Cr (2014)<\/a><\/p>\n\n\n\n<p>Cumene<\/p>\n\n\n\n<p>Cikloheks\u0101ns<\/p>\n\n\n\n<p>Cikloheksanons<\/p>\n\n\n\n<p>1,2-dihlorbenzols<\/p>\n\n\n\n<p>Dihlormet\u0101ns<\/p>\n\n\n\n<p>Dietilam\u012bns.<\/p>\n\n\n\n<p>N,N-dimetilacetam\u012bds<\/p>\n\n\n\n<p>Trihlormet\u0101ns Trietilam\u012bns<\/p>\n\n\n\n<p>1,2,3-trimetilbenzols<\/p>\n\n\n\n<p>1,2,4-trimetilbenzols<\/p>\n<\/div>\n\n\n\n<div class=\"wp-block-column is-layout-flow wp-block-column-is-layout-flow\">\n<p>Dimetilam\u012bns<\/p>\n\n\n\n<p>Dimetilformam\u012bds<\/p>\n\n\n\n<p>1,4-dioks\u0101ns<\/p>\n\n\n\n<p>Etanolam\u012bns<\/p>\n\n\n\n<p>2-etanola etanola etilamins.<\/p>\n\n\n\n<p>Etilbenzols<\/p>\n\n\n\n<p>Kancerog\u0113nas ugunsiztur\u012bgas keramikas \u0161\u0137iedras<\/p>\n\n\n\n<p>\u016ade\u0146ra\u017ea fluor\u012bds<\/p>\n\n\n\n<p>n-hept\u0101ns<\/p>\n\n\n\n<p>2-heptanons<\/p>\n\n\n\n<p>3-heptanons<\/p>\n\n\n\n<p>n-heks\u0101ns<\/p>\n\n\n\n<p>Fosfora \u016bde\u0146radis<\/p>\n\n\n\n<p>Metilizocian\u0101ts<\/p>\n\n\n\n<p>Dz\u012bvsudrabs un divv\u0113rt\u012bgie neorganiskie savienojumi<\/p>\n\n\n\n<p>Metilmetakril\u0101ts<\/p>\n\n\n\n<p>Metanols<\/p>\n\n\n\n<p>2-metoksietanols (2-metoksimetiltoksi)-propanols<\/p>\n\n\n\n<p>1-metoksi-2-propanols<\/p>\n\n\n\n<p>Metiletilketons<\/p>\n\n\n\n<p>Metilizobutilketons<\/p>\n\n\n\n<p>Morfol\u012bns<\/p>\n\n\n\n<p>Dietila oks\u012bds<\/p>\n\n\n\n<p>Metil-terc-butil\u0113teris n-pent\u0101ns<\/p>\n\n\n\n<p>Fenols<\/p>\n\n\n\n<p>Fosg\u0113ns<\/p>\n\n\n\n<p>Fosfors (pentahlor\u012bds) Met\u0101liskais svins un t\u0101 savienojumi, k\u0101 Pb<\/p>\n\n\n\n<p><a href=\"https:\/\/obera.fr\/lv\/musu-padoms\/vlep-filtration-de-poussiere-reglementation\/\" data-type=\"post\" data-id=\"6346\">Putek\u013ci, kam nav \u012bpa\u0161as ietekmes<\/a><\/p>\n\n\n\n<p>Krist\u0101liskais sil\u012bcijs (sk. 2.2.3. punktu ED 984) kristobal\u012bts kvarcs tridim\u012bts<\/p>\n\n\n\n<p>Sulfotep<\/p>\n\n\n\n<p>Oglek\u013ca sulf\u012bds<\/p>\n\n\n\n<p>\u016ade\u0146ra\u017ea sulf\u012bds<\/p>\n\n\n\n<p>Tetrahloretil\u0113ns<\/p>\n\n\n\n<p>Tetrahidrofur\u0101ns<\/p>\n\n\n\n<p>Toluolsols<\/p>\n\n\n\n<p>1,2,4-trihlorbenzols<\/p>\n<\/div>\n<\/div>\n\n<blockquote class=\"wp-block-quote is-layout-flow wp-block-quote-is-layout-flow\">\n<p>Lasiet ar\u012b: <a href=\"https:\/\/obera.fr\/lv\/musu-padoms\/valeurs-limites-d-exposition-professionnelle-styrene\/\" data-type=\"post\" data-id=\"6412\">Saisto\u0161\u0101s arodekspoz\u012bcijas robe\u017ev\u0113rt\u012bbas un stir\u0113ns<\/a><\/p>\n<\/blockquote>\n","protected":false},"excerpt":{"rendered":"<p>T\u0101s ir atsauces v\u0113rt\u012bbas, ko izmanto, lai nov\u0113rt\u0113tu gaisa iedarb\u012bbas l\u012bmeni, ko cilv\u0113ks var ieelpot noteikt\u0101 laikposm\u0101. T\u0101s tiek izteiktas k\u0101 konkr\u0113tas \u0137\u012bmisk\u0101s vielas koncentr\u0101cija gais\u0101 noteikt\u0101 laika period\u0101.   <\/p>\n","protected":false},"author":4,"featured_media":93876,"comment_status":"closed","ping_status":"closed","sticky":false,"template":"","format":"standard","meta":{"_acf_changed":false,"_seopress_robots_primary_cat":"none","_seopress_titles_title":"Kas ir arodekspoz\u012bcijas robe\u017ev\u0113rt\u012bba (OEL)?","_seopress_titles_desc":"T\u0101 ir atsauces v\u0113rt\u012bba, ko izmanto, lai nov\u0113rt\u0113tu gaisa iedarb\u012bbas l\u012bmeni, ko cilv\u0113ks var ieelpot noteikt\u0101 laikposm\u0101.","_seopress_robots_index":"","footnotes":""},"categories":[132],"tags":[133],"class_list":["post-45563","post","type-post","status-publish","format-standard","has-post-thumbnail","hentry","category-musu-padoms","tag-entete-maza","generate-columns","tablet-grid-50","mobile-grid-100","grid-parent","grid-50","no-featured-image-padding","resize-featured-image"],"acf":[],"_links":{"self":[{"href":"https:\/\/obera.fr\/lv\/wp-json\/wp\/v2\/posts\/45563","targetHints":{"allow":["GET"]}}],"collection":[{"href":"https:\/\/obera.fr\/lv\/wp-json\/wp\/v2\/posts"}],"about":[{"href":"https:\/\/obera.fr\/lv\/wp-json\/wp\/v2\/types\/post"}],"author":[{"embeddable":true,"href":"https:\/\/obera.fr\/lv\/wp-json\/wp\/v2\/users\/4"}],"replies":[{"embeddable":true,"href":"https:\/\/obera.fr\/lv\/wp-json\/wp\/v2\/comments?post=45563"}],"version-history":[{"count":3,"href":"https:\/\/obera.fr\/lv\/wp-json\/wp\/v2\/posts\/45563\/revisions"}],"predecessor-version":[{"id":99750,"href":"https:\/\/obera.fr\/lv\/wp-json\/wp\/v2\/posts\/45563\/revisions\/99750"}],"wp:featuredmedia":[{"embeddable":true,"href":"https:\/\/obera.fr\/lv\/wp-json\/wp\/v2\/media\/93876"}],"wp:attachment":[{"href":"https:\/\/obera.fr\/lv\/wp-json\/wp\/v2\/media?parent=45563"}],"wp:term":[{"taxonomy":"category","embeddable":true,"href":"https:\/\/obera.fr\/lv\/wp-json\/wp\/v2\/categories?post=45563"},{"taxonomy":"post_tag","embeddable":true,"href":"https:\/\/obera.fr\/lv\/wp-json\/wp\/v2\/tags?post=45563"}],"curies":[{"name":"wp","href":"https:\/\/api.w.org\/{rel}","templated":true}]}}