{"id":61714,"date":"2025-02-04T10:50:28","date_gmt":"2025-02-04T08:50:28","guid":{"rendered":"https:\/\/obera.fr\/nase-rada\/interview-sacha-wehrli\/"},"modified":"2025-08-29T09:51:38","modified_gmt":"2025-08-29T07:51:38","slug":"interview-sacha-wehrli","status":"publish","type":"post","link":"https:\/\/obera.fr\/lv\/conseils\/interview-sacha-wehrli\/","title":{"rendered":"Intervija ar Sa\u0161u V\u0113rli: OberA ap\u0146em\u0161an\u0101s r\u016bp\u0113ties par akme\u0146ka\u013cu un amatnieku aizsardz\u012bbu"},"content":{"rendered":"\n<p>P\u0113d\u0113jo piecu gadu laik\u0101 OberA ir k\u013cuvusi par <strong>noz\u012bm\u012bgu WorldSkills dal\u012bbnieku Francij\u0101<\/strong>. Lai uzzin\u0101tu vair\u0101k, m\u0113s run\u0101j\u0101m ar Sacha Wehrli, OberA p\u0101rdo\u0161anas vad\u012bt\u0101ju un Taille de Pierre projekta vad\u012bt\u0101ju. <br\/><\/p>\n\n<figure class=\"wp-block-image aligncenter size-large is-resized\"><img decoding=\"async\" width=\"768\" height=\"1024\" src=\"https:\/\/obera.fr\/wp-content\/uploads\/2025\/02\/interview-sacha-768x1024.jpg\" alt=\"Intervija ar Sa&#x161;u V&#x113;rli\" class=\"wp-image-59741\" style=\"width:324px;height:auto\" srcset=\"https:\/\/obera.fr\/wp-content\/uploads\/2025\/02\/interview-sacha-768x1024.jpg 768w, https:\/\/obera.fr\/wp-content\/uploads\/2025\/02\/interview-sacha-225x300.jpg 225w, https:\/\/obera.fr\/wp-content\/uploads\/2025\/02\/interview-sacha-1152x1536.jpg 1152w, https:\/\/obera.fr\/wp-content\/uploads\/2025\/02\/interview-sacha-1536x2048.jpg 1536w, https:\/\/obera.fr\/wp-content\/uploads\/2025\/02\/interview-sacha-scaled.jpg 1920w\" sizes=\"(max-width: 768px) 100vw, 768px\" \/><\/figure>\n\n<div style=\"height:28px\" aria-hidden=\"true\" class=\"wp-block-spacer\"><\/div>\n\n<hr class=\"wp-block-separator has-alpha-channel-opacity\"\/>\n<div class=\"gb-container gb-container-c3b85eb7\">\n\n<p><strong>Labdien, Sa\u0161a, OberA ir k\u013cuvusi par galveno WorldSkills France partneri. Vai varat mums past\u0101st\u012bt vair\u0101k par \u0161o ap\u0146em\u0161anos? <\/strong><br\/><\/p>\n\n<\/div>\n<p><strong>Sa\u0161a V\u0113rli<\/strong>: Sveiki! P\u0113d\u0113jos piecus gadus m\u0113s esam atbalst\u012bju\u0161i <strong>WorldSkills Francij\u0101<\/strong>. M\u0113s piedal\u012bj\u0101mies nacion\u0101laj\u0101 fin\u0101l\u0101 Bordo 2022. gad\u0101, Lion\u0101 2023. gad\u0101, un 2024. gadu nosl\u0113dz\u0101m ar milz\u012bgu pas\u0101kumu &#8211; Worldskills Mondiales fin\u0101lu, kas notika Lion\u0101. Nesen m\u0113s piedal\u012bj\u0101mies ar\u012b Grand-Est re\u0123ion\u0101laj\u0101 fin\u0101l\u0101 Metz 2025. gada janv\u0101ra beig\u0101s. M\u016bsu m\u0113r\u0137is ir sniegt <strong>praktiskus risin\u0101jumus eso\u0161ajiem un topo\u0161ajiem<\/strong> akme\u0146ka\u013cu <strong>profesion\u0101\u013ciem<\/strong>.    <br\/><\/p>\n\n<p><strong>K\u0101du apr\u012bkojumu j\u016bs pied\u0101v\u0101jat akme\u0146ka\u013ciem?<\/strong><br\/><\/p>\n\n<p><strong>Sa\u0161a V\u0113rli<\/strong>: M\u0113s esam izstr\u0101d\u0101ju\u0161i pilnu produktu kl\u0101stu, kas piel\u0101gots akme\u0146meistaru vajadz\u012bb\u0101m. To vid\u016b ir m\u016bsu <a href=\"https:\/\/obera.fr\/lv\/produits\/depoussiereurs-industriels\/mobiles\/extracteur-poussiere-pulverulente-dustomat-16m\/\">Dustomat 16 r\u016bpnieciskais putek\u013cu nos\u016bc\u0113js<\/a>, kas efekt\u012bvi uztver <strong>smalk\u0101s da\u013ci\u0146as, kas<\/strong> rodas akme\u0146ka\u013cu darbu laik\u0101, un m\u016bsu <strong>p\u0101rvietojam\u0101 put <\/strong> ek\u013cu <strong>nos\u016bc\u0113ja kaste <\/strong>.   <br\/><strong>ePURbox<\/strong>, kas nodro\u0161ina papildu aizsardz\u012bbu marmora str\u0101dniekiem. Varam piemin\u0113t ar\u012b m\u016bsu <a href=\"https:\/\/obera.fr\/lv\/produits\/purificateurs-air\/industriel-epur\/\">ePUR050 att\u012br\u012bt\u0101ju, <\/a>kam ir b\u016btiska loma vides att\u012br\u012b\u0161an\u0101. Ta\u010du m\u016bsu misija neaprobe\u017eojas tikai ar apr\u012bkojumu: mums ir ar\u012b b\u016btiska izgl\u012btojo\u0161a loma.  <br\/><\/p>\n\n<p><strong>J\u016bs piemin\u0113j\u0101t izgl\u012bt\u012bbas lomu. Vai varat mums past\u0101st\u012bt vair\u0101k? <\/strong><br\/><\/p>\n\n<p><strong>Sa\u0161a V\u0113rlijs<\/strong>: Noteikti.<strong> Akme\u0146ka\u013ca amats ir c\u0113la profesija<\/strong>, gandr\u012bz v\u0113sturiska m\u0101ksla Francij\u0101. Kop\u0161 viduslaikiem akme\u0146ka\u013ci ir piedal\u012bju\u0161ies simbolisku \u0113ku celtniec\u012bb\u0101, s\u0101kot no katedr\u0101l\u0113m un beidzot ar pil\u012bm. Ta\u010du \u0161o izcilo kompetenci j\u0101papildina ar\u012b ar optim\u0101lu aizsardz\u012bbu. M\u016bsdien\u0101s elpo\u0161anas ce\u013cu slim\u012bbas ir \u013coti svar\u012bga probl\u0113ma. Piem\u0113ram, akme\u0146ka\u013cu vid\u016b bie\u017ei sastopama slim\u012bba ir <strong>silikoze<\/strong>. Ir \u013coti svar\u012bgi, lai jaun\u0101 paaudze apzin\u0101tos riskus un pie\u0146emtu atbilsto\u0161us risin\u0101jumus.      <br\/><\/p>\n\n<p><strong>J\u016bs sadarbojaties ar\u012b ar \u0161\u012bs jomas ekspertiem, piem\u0113ram, Gijomu K\u0101nu (Guillaume Cahen). Vai varat past\u0101st\u012bt par \u0161o sadarb\u012bbu? <br\/><\/strong><\/p>\n\n<p><strong>Sa\u0161a V\u0113rli<\/strong>: J\u0101, m\u0113s nesen s\u0101k\u0101m sadarboties ar <strong>Guillaume Cahen<\/strong>, <a href=\"https:\/\/obera.fr\/lv\/musu-padoms\/efficacite-depoussieur-purificateur-obera-temoignage-compagnons-devoir-baillargues\/\">akme\u0146ka\u013cu meistaru, ko apm\u0101c\u012bjis Compagnons du Devoir<\/a>. Vi\u0146\u0161 piekr\u012bt m\u016bsu redz\u0113jumam nodot t\u0101l\u0101k \u0161o zin\u0101t\u012bbu, izgl\u012btot un galvenok\u0101rt aizsarg\u0101t jaunos amatniekus. Pateicoties savai pieredzei, vi\u0146\u0161 var veicin\u0101t jaunie\u0161u izpratni par labas prakses noz\u012bmi un atbilsto\u0161a apr\u012bkojuma lieto\u0161anu, lai aizsarg\u0101tu vi\u0146u vesel\u012bbu.<br\/><\/p>\n\n<p><strong>K\u0101di ir OberA n\u0101kotnes pl\u0101ni, lai turpin\u0101tu \u0161o ap\u0146em\u0161anos?<\/strong><br\/><\/p>\n\n<p><strong>Sa\u0161a V\u0113rli<\/strong>: M\u0113s turpin\u0101sim piedal\u012bties noz\u012bm\u012bg\u0101kajos nozares pas\u0101kumos un turpin\u0101sim ieviest inov\u0101cijas, lai <strong>pied\u0101v\u0101tu arvien efekt\u012bv\u0101kus risin\u0101jumus<\/strong>. M\u0113s ar\u012b v\u0113lamies pastiprin\u0101t izpratnes veicin\u0101\u0161anas iniciat\u012bvas, jo \u012bpa\u0161i sadarb\u012bb\u0101 ar skol\u0101m un m\u0101c\u012bbu centriem. M\u0113r\u0137is ir atbalst\u012bt \u0161os jaunie\u0161us vis\u0101 vi\u0146u prakses laik\u0101, lai vi\u0146i var\u0113tu ar aizraut\u012bbu, bet ar\u012b piln\u012bgi dro\u0161i str\u0101d\u0101t \u0161aj\u0101 profesij\u0101.  <br\/><\/p>\n\n<p><strong>Nobeiguma v\u0101rds jaunie\u0161iem, kuri v\u0113las piev\u0113rsties akme\u0146ka\u013cu darbam?<\/strong><br\/><\/p>\n\n<p><strong>Sa\u0161a V\u0113rli<\/strong>: Akme\u0146ka\u013ca amats ir kas vair\u0101k nek\u0101 profesija &#8211; t\u0101 ir kaisl\u012bba, m\u0101ksla, mantojums. Ta\u010du, lai to praktiz\u0113tu ilgtsp\u0113j\u012bgi, ir svar\u012bgi sevi aizsarg\u0101t. OberA ir \u0161eit, lai atbalst\u012btu \u0161o jauno paaudzi, un m\u0113s vienm\u0113r b\u016bsim <strong>ap\u0146\u0113mu\u0161ies str\u0101d\u0101t kop\u0101 ar vi\u0146iem<\/strong>.  <br\/><\/p>\n\n<p><strong>Paldies, Sa\u0161a, par \u0161o aizraujo\u0161o apmai\u0146u!<\/strong><br\/><\/p>\n\n<p><strong>Sa\u0161a V\u0113rli<\/strong>: Paldies, un m\u0113s ar nepaciet\u012bbu gaid\u0101m j\u016bs Worldskills nacion\u0101laj\u0101 fin\u0101l\u0101 Marse\u013c\u0101 2025. gada oktobr\u012b!<br\/><\/p>\n\n<hr class=\"wp-block-separator has-alpha-channel-opacity\"\/>\n\n<p class=\"has-text-align-center\"><strong>Atrodiet visus m\u016bsu akmens grie\u0161anas risin\u0101jumus vietn\u0113 Obera.fr.<\/strong><\/p>\n","protected":false},"excerpt":{"rendered":"<p>P\u0113d\u0113jo piecu gadu laik\u0101 OberA ir k\u013cuvusi par noz\u012bm\u012bgu WorldSkills dal\u012bbnieku Francij\u0101. Lai uzzin\u0101tu vair\u0101k, m\u0113s run\u0101j\u0101m ar Sacha Wehrli, p\u0101rdo\u0161anas vad\u012bt\u0101ju un projekta Taille de Pierre vad\u012bt\u0101ju uz\u0146\u0113mum\u0101 OberA.<\/p>\n","protected":false},"author":13,"featured_media":83125,"comment_status":"open","ping_status":"closed","sticky":false,"template":"","format":"standard","meta":{"_acf_changed":false,"_seopress_robots_primary_cat":"1","_seopress_titles_title":"Intervija ar Sa\u0161u V\u0113rli: OberA ap\u0146em\u0161an\u0101s akme\u0146ka\u013cu darbam","_seopress_titles_desc":"P\u0113d\u0113jo piecu gadu laik\u0101 OberA ir k\u013cuvusi par noz\u012bm\u012bgu WorldSkills dal\u012bbnieku Francij\u0101. Lai uzzin\u0101tu vair\u0101k, m\u0113s run\u0101j\u0101m ar Sacha Wehrli, p\u0101rdo\u0161anas vad\u012bt\u0101ju un projekta Taille de Pierre vad\u012bt\u0101ju uz\u0146\u0113mum\u0101 OberA.","_seopress_robots_index":"","footnotes":""},"categories":[132],"tags":[],"class_list":["post-61714","post","type-post","status-publish","format-standard","has-post-thumbnail","hentry","category-musu-padoms","generate-columns","tablet-grid-50","mobile-grid-100","grid-parent","grid-50","no-featured-image-padding","resize-featured-image"],"acf":[],"_links":{"self":[{"href":"https:\/\/obera.fr\/lv\/wp-json\/wp\/v2\/posts\/61714","targetHints":{"allow":["GET"]}}],"collection":[{"href":"https:\/\/obera.fr\/lv\/wp-json\/wp\/v2\/posts"}],"about":[{"href":"https:\/\/obera.fr\/lv\/wp-json\/wp\/v2\/types\/post"}],"author":[{"embeddable":true,"href":"https:\/\/obera.fr\/lv\/wp-json\/wp\/v2\/users\/13"}],"replies":[{"embeddable":true,"href":"https:\/\/obera.fr\/lv\/wp-json\/wp\/v2\/comments?post=61714"}],"version-history":[{"count":5,"href":"https:\/\/obera.fr\/lv\/wp-json\/wp\/v2\/posts\/61714\/revisions"}],"predecessor-version":[{"id":127693,"href":"https:\/\/obera.fr\/lv\/wp-json\/wp\/v2\/posts\/61714\/revisions\/127693"}],"wp:featuredmedia":[{"embeddable":true,"href":"https:\/\/obera.fr\/lv\/wp-json\/wp\/v2\/media\/83125"}],"wp:attachment":[{"href":"https:\/\/obera.fr\/lv\/wp-json\/wp\/v2\/media?parent=61714"}],"wp:term":[{"taxonomy":"category","embeddable":true,"href":"https:\/\/obera.fr\/lv\/wp-json\/wp\/v2\/categories?post=61714"},{"taxonomy":"post_tag","embeddable":true,"href":"https:\/\/obera.fr\/lv\/wp-json\/wp\/v2\/tags?post=61714"}],"curies":[{"name":"wp","href":"https:\/\/api.w.org\/{rel}","templated":true}]}}