{"id":66185,"date":"2022-05-24T16:54:00","date_gmt":"2022-05-24T14:54:00","guid":{"rendered":"https:\/\/obera.fr\/nase-rada\/qualite-air-salle-classe\/"},"modified":"2025-05-06T10:16:08","modified_gmt":"2025-05-06T08:16:08","slug":"qualite-air-salle-classe","status":"publish","type":"post","link":"https:\/\/obera.fr\/lv\/musu-padoms\/qualite-air-salle-classe\/","title":{"rendered":"K\u0101da gaisa kvalit\u0101te klas\u0113?"},"content":{"rendered":"\n<p><strong> Gaisa kvalit\u0101te klas\u0113<\/strong> var ietekm\u0113t gan skol\u0113nu koncentr\u0113\u0161an\u0101s sp\u0113jas, gan labsaj\u016btu skol\u0101. Da\u017ek\u0101rt tas izraisa galvass\u0101pes vai acu kairin\u0101jumu, un par to ir izdots dekr\u0113ts, kas no 2018. gada piem\u0113rojams noteikt\u0101s iest\u0101d\u0113s.   <\/p>\n\n<p>\u0160eit m\u0113s apl\u016bkojam <strong>noteikumus<\/strong> un <strong>pies\u0101r\u0146ojuma kontroles ier\u012bces<\/strong> klas\u0113.<\/p>\n\n<h2 class=\"wp-block-heading\">Gaisa kvalit\u0101te klas\u0113: noteikumi<\/h2>\n\n<p>2013. gad\u0101 Vesel\u012bbas un Vides ministrijas piev\u0113rs\u0101s jaut\u0101jumam par pies\u0101r\u0146ojumu sabiedriskaj\u0101s viet\u0101s. T\u0101s s\u0101ka \u012bstenot r\u012bc\u012bbas pl\u0101nu, kas pievienots Nacion\u0101lajam vesel\u012bbas un vides aizsardz\u012bbas pl\u0101nam.   <\/p>\n\n<h3 class=\"wp-block-heading\">Attiec\u012bgie uz\u0146\u0113mumi<\/h3>\n\n<p>Francijas Vides kodeksa L. 221-8. un R. 221-30. pant\u0101 noteikts, ka <strong>iek\u0161telpu gaisa kvalit\u0101tes monitoringam<\/strong> j\u0101aptver :  <\/p>\n\n<ul class=\"wp-block-list\">\n<li>b\u0113rnu apr\u016bpes iest\u0101des b\u0113rniem l\u012bdz 6 gadu vecumam, piem\u0113ram, sil\u012btes un b\u0113rnud\u0101rzi;<\/li>\n\n\n\n<li>Visas pamatskolas un vidusskolas;<\/li>\n\n\n\n<li>Atp\u016btas centri.<\/li>\n<\/ul>\n\n<h3 class=\"wp-block-heading\">\u012asteno\u0161anas datums<\/h3>\n\n<p>Ar 2015. gada 17. augusta Dekr\u0113tu Nr. 2015-1000 tika ieviests <strong>gaisa kvalit\u0101tes monitorings klas\u0113s<\/strong> no janv\u0101ra:  <\/p>\n\n<ul class=\"wp-block-list\">\n<li>2018 vis\u0101m pamatskol\u0101m un b\u0113rnud\u0101rziem;<\/li>\n\n\n\n<li>2020. gads br\u012bv\u0101 laika pavad\u012b\u0161anas centriem, koled\u017e\u0101m un <a href=\"https:\/\/obera.fr\/conseils\/un-lycee-nous-fait-confiance\/\">vidusskol\u0101m<\/a>.<\/li>\n<\/ul>\n\n<p>Cit\u0101m publiski pieejam\u0101m iest\u0101d\u0113m atbilst\u012bbas termi\u0146\u0161 ir 2023. gada 1. janv\u0101ris.<\/p>\n\n<h2 class=\"wp-block-heading\">Gaisa kvalit\u0101te skol\u0101s: monitorings<\/h2>\n\n<p>Saska\u0146\u0101 ar likumu <strong>gaisa kvalit\u0101tes monitoringa sist\u0113mai klas\u0113<\/strong> ir 2 komponenti:  <\/p>\n\n<ul class=\"wp-block-list\">\n<li>Ventil\u0101cijas sist\u0113mu rev\u012bzija;<\/li>\n\n\n\n<li>Pies\u0101r\u0146ojo\u0161o vielu m\u0113r\u012b\u0161anas kampa\u0146a.<\/li>\n<\/ul>\n\n<p>Tas ietver ar\u012b p\u0101rbaudi, vai ir pieejama<strong> gaisa cirkul\u0101cijas sist\u0113ma<\/strong>.<\/p>\n\n<h3 class=\"wp-block-heading\">Ventil\u0101cijas nov\u0113rt\u0113jums<\/h3>\n\n<p>Diagnostikas sada\u013c\u0101 nov\u0113rt\u0113 ventil\u0101cijas sist\u0113mu klas\u0113. Jo \u012bpa\u0161i taj\u0101 nov\u0113rt\u0113 klases ventil\u0101cijas atveru st\u0101vokli. <\/p>\n\n<p>\u0145emiet v\u0113r\u0101, ka \u0161o nov\u0113rt\u0113jumu var veikt iest\u0101des tehniskais dienests.  <\/p>\n\n<h3 class=\"wp-block-heading\">Pies\u0101r\u0146ot\u0101ju paraugu \u0146em\u0161ana  <\/h3>\n\n<p>Uz vietas \u0146emtos paraugus var izmantot, lai prec\u012bzi noteiktu :<\/p>\n\n<ul class=\"wp-block-list\">\n<li>Formaldeh\u012bds ;<\/li>\n\n\n\n<li>Benzols ;<\/li>\n\n\n\n<li>Perhloretil\u0113ns ;<\/li>\n\n\n\n<li>CO2 ;<\/li>\n\n\n\n<li>Un t\u0101 t\u0101l\u0101k.<\/li>\n<\/ul>\n\n<p>P\u0113c tam veic divas testu s\u0113rijas ar aptuveni 6 m\u0113ne\u0161u interv\u0101lu.<\/p>\n\n<h2 class=\"wp-block-heading\">Gaisa pies\u0101r\u0146ojuma m\u0113r\u012bjumi klas\u0113<\/h2>\n\n<p>Viens no veidiem, k\u0101 prec\u012bzi uzraudz\u012bt <a href=\"https:\/\/obera.fr\/conseils\/qualite-l-air-interieur-critere-essentiel-industrie\/\" data-type=\"post\" data-id=\"5884\">gaisa kvalit\u0101ti<\/a>, ir uzst\u0101d\u012bt CO2 sensorus. OberA nodro\u0161ina visas skolas ar <strong>ier\u012bc\u0113m gaisa kvalit\u0101tes m\u0113r\u012b\u0161anai klas\u0113<\/strong>. T\u0101s ir tikpat vienk\u0101r\u0161i lietojamas, cik efekt\u012bvas.    <\/p>\n\n<h3 class=\"wp-block-heading\">CO2 sensors<\/h3>\n\n<p>\u0160\u012b neliel\u0101 kaste re\u0101llaik\u0101 p\u0101rbauda gaisa kvalit\u0101ti klas\u0113, prec\u012bz\u0101k, ventil\u0101cijas tr\u016bkumu. <a href=\"https:\/\/obera.fr\/lv\/produits\/analyseurs-air\/capteur-co2-obcare\/\">CO2 sensors<\/a> prec\u012bzi m\u0113ra un par\u0101da oglek\u013ca dioks\u012bda koncentr\u0101ciju ppm (miljonda\u013c\u0101s uz miljonu). Ja ekr\u0101n\u0101 par\u0101d\u0101s sarkana kr\u0101sa, ir laiks v\u0113din\u0101t telpu, atverot logus vai izmantojot gaisa att\u012br\u012bt\u0101ju.    <\/p>\n\n<div class=\"wp-block-columns is-layout-flex wp-container-core-columns-is-layout-28f84493 wp-block-columns-is-layout-flex\">\n<div class=\"wp-block-column is-layout-flow wp-block-column-is-layout-flow\">\n<figure class=\"wp-block-image aligncenter size-medium\"><img decoding=\"async\" width=\"300\" height=\"225\" src=\"https:\/\/obera.fr\/wp-content\/uploads\/2022\/01\/Capteur-CO2-OberA-300x225.jpg\" alt=\"obera co2 sensors\" class=\"wp-image-8381\" srcset=\"https:\/\/obera.fr\/wp-content\/uploads\/2022\/01\/Capteur-CO2-OberA-300x225.jpg 300w, https:\/\/obera.fr\/wp-content\/uploads\/2022\/01\/Capteur-CO2-OberA-1024x768.jpg 1024w, https:\/\/obera.fr\/wp-content\/uploads\/2022\/01\/Capteur-CO2-OberA-768x576.jpg 768w, https:\/\/obera.fr\/wp-content\/uploads\/2022\/01\/Capteur-CO2-OberA-1536x1152.jpg 1536w, https:\/\/obera.fr\/wp-content\/uploads\/2022\/01\/Capteur-CO2-OberA-2048x1536.jpg 2048w\" sizes=\"(max-width: 300px) 100vw, 300px\" \/><figcaption class=\"wp-element-caption\">OBCAR CO2 sensors<\/figcaption><\/figure>\n<\/div>\n\n\n\n<div class=\"wp-block-column is-layout-flow wp-block-column-is-layout-flow\"><\/div>\n<\/div>\n\n<h3 class=\"wp-block-heading\">Gaisa analizators<\/h3>\n\n<p>M\u016bsu gaisa analizators nodro\u0161ina netrauc\u0113tu <strong>pies\u0101r\u0146ot\u0101ju, kas var atrasties klas\u0113<\/strong>, monitoringu. \u0160\u012b diskr\u0113t\u0101, piesl\u0113gt\u0101 ier\u012bce prec\u012bzi analiz\u0113 smalko da\u013ci\u0146u, GOS, temperat\u016bras, mitruma un CO2 koncentr\u0101ciju klas\u0113. P\u0113c tam neapstr\u0101d\u0101tie dati tiek ieg\u016bti un att\u0113loti grafik\u0101.    <\/p>\n\n<blockquote class=\"wp-block-quote is-layout-flow wp-block-quote-is-layout-flow\">\n<p>\u0160ai ier\u012bcei ir br\u012bdin\u0101juma sign\u0101ls, kad tiek p\u0101rsniegts Vesel\u012bbas ministrijas ieteiktais 800 ppm CO2 slieksnis.  <\/p>\n<\/blockquote>\n\n<p>K\u0101 j\u016bs jau esat sapratu\u0161i, tagad <strong>noteikumi<\/strong> nosaka, ka klas\u0113 ir j\u0101uzrauga gaisa kvalit\u0101te. <a href=\"https:\/\/obera.fr\/lv\/\">OberA<\/a> ir vienk\u0101r\u0161as monitoringa ier\u012bces, kas var br\u012bdin\u0101t, ja oglek\u013ca dioks\u012bda l\u012bmenis ir p\u0101r\u0101k augsts. Vienk\u0101r\u0161i izv\u0113diniet telpu vai izmantojiet gaisa att\u012br\u012bt\u0101ju, lai atgrieztos pie vesel\u012bgas vides. Nevilcinieties <strong>sazin\u0101ties ar mums, lai uzzin\u0101tu vair\u0101k.<\/strong>   <\/p>\n\n<div class=\"wp-block-buttons is-horizontal is-content-justification-center is-layout-flex wp-container-core-buttons-is-layout-03627597 wp-block-buttons-is-layout-flex\">\n<div class=\"wp-block-button has-custom-width wp-block-button__width-100\"><a class=\"wp-block-button__link wp-element-button\" href=\"https:\/\/obera.fr\/lv\/sazinieties-ar-mums\/\">Uzziniet vair\u0101k<\/a><\/div>\n<\/div>\n","protected":false},"excerpt":{"rendered":"<p>Gaisa kvalit\u0101te klas\u0113 var ietekm\u0113t gan skol\u0113nu koncentr\u0113\u0161an\u0101s sp\u0113jas, gan labsaj\u016btu skol\u0101. Da\u017ek\u0101rt tas izraisa galvass\u0101pes vai acu kairin\u0101jumu, un par to ir izdots dekr\u0113ts, kas no 2018. gada piem\u0113rojams noteikt\u0101s iest\u0101d\u0113s.   <\/p>\n","protected":false},"author":4,"featured_media":95596,"comment_status":"open","ping_status":"closed","sticky":false,"template":"","format":"standard","meta":{"_acf_changed":false,"_seopress_robots_primary_cat":"none","_seopress_titles_title":"Qualit\u00e9 de l'air salle de classe: r\u00e9glementation et dispositifs","_seopress_titles_desc":"Comment doit \u00eatre la qualit\u00e9 de l\u2019air dans une salle de classe ? OberA vous dit tout sur la r\u00e9glementation et les dispositifs de contr\u00f4le.","_seopress_robots_index":"","footnotes":""},"categories":[132],"tags":[133],"class_list":["post-66185","post","type-post","status-publish","format-standard","has-post-thumbnail","hentry","category-musu-padoms","tag-entete-maza","generate-columns","tablet-grid-50","mobile-grid-100","grid-parent","grid-50","no-featured-image-padding","resize-featured-image"],"acf":[],"_links":{"self":[{"href":"https:\/\/obera.fr\/lv\/wp-json\/wp\/v2\/posts\/66185","targetHints":{"allow":["GET"]}}],"collection":[{"href":"https:\/\/obera.fr\/lv\/wp-json\/wp\/v2\/posts"}],"about":[{"href":"https:\/\/obera.fr\/lv\/wp-json\/wp\/v2\/types\/post"}],"author":[{"embeddable":true,"href":"https:\/\/obera.fr\/lv\/wp-json\/wp\/v2\/users\/4"}],"replies":[{"embeddable":true,"href":"https:\/\/obera.fr\/lv\/wp-json\/wp\/v2\/comments?post=66185"}],"version-history":[{"count":2,"href":"https:\/\/obera.fr\/lv\/wp-json\/wp\/v2\/posts\/66185\/revisions"}],"predecessor-version":[{"id":95720,"href":"https:\/\/obera.fr\/lv\/wp-json\/wp\/v2\/posts\/66185\/revisions\/95720"}],"wp:featuredmedia":[{"embeddable":true,"href":"https:\/\/obera.fr\/lv\/wp-json\/wp\/v2\/media\/95596"}],"wp:attachment":[{"href":"https:\/\/obera.fr\/lv\/wp-json\/wp\/v2\/media?parent=66185"}],"wp:term":[{"taxonomy":"category","embeddable":true,"href":"https:\/\/obera.fr\/lv\/wp-json\/wp\/v2\/categories?post=66185"},{"taxonomy":"post_tag","embeddable":true,"href":"https:\/\/obera.fr\/lv\/wp-json\/wp\/v2\/tags?post=66185"}],"curies":[{"name":"wp","href":"https:\/\/api.w.org\/{rel}","templated":true}]}}