{"id":67530,"date":"2021-09-04T19:00:00","date_gmt":"2021-09-04T17:00:00","guid":{"rendered":"https:\/\/obera.fr\/nase-rada\/purificateurs-air-efficaces-coronavirus\/"},"modified":"2025-05-07T08:58:42","modified_gmt":"2025-05-07T06:58:42","slug":"purificateurs-air-efficaces-coronavirus","status":"publish","type":"post","link":"https:\/\/obera.fr\/lv\/musu-padoms\/purificateurs-air-efficaces-coronavirus\/","title":{"rendered":"Rokasgr\u0101mata par gaisa att\u012br\u012bt\u0101ju efektivit\u0101ti pret v\u012brusiem, COVID-19, koronav\u012briem un bakt\u0113rij\u0101m"},"content":{"rendered":"\n<p><strong> COVID-19 v\u012bruss Francij\u0101 <\/strong>par\u0101d\u012bj\u0101s 2019. gada beig\u0101s un, \u0161\u0137iet, nav gatavs izzust. Par\u0101d\u0101s ar\u012b SARS-CoV-2 paveidi, piem\u0113ram, Omicron. Rea\u0123\u0113jot uz \u0161\u012b SARS-CoV-2 v\u012brusa izplat\u012bbu, ir \u013coti svar\u012bgi par katru cenu p\u0101rtraukt t\u0101 p\u0101rne\u0161anas \u0137\u0113des. Uz sp\u0113les ir likta ikviena cilv\u0113ka vesel\u012bba, bet \u0101rk\u0101rt\u0113jos gad\u012bjumos &#8211; pat da\u017eu cilv\u0113ku dz\u012bv\u012bba. Infic\u0113\u0161an\u0101s risks darb\u0101, skol\u0101, sabiedrisk\u0101s \u0113k\u0101s un visp\u0101r vis\u0101s sabiedr\u012bbai pieejam\u0101s viet\u0101s ir iev\u0113rojams.      <\/p>\n\n<p>M\u016bsu ce\u013cved\u012b apl\u016bkojam<strong> OBERA risin\u0101jumus gaisa kontrolei un att\u012br\u012b\u0161anai<\/strong>. Nodro\u0161iniet savu telpu vesel\u012bbu un dro\u0161\u012bbu, pied\u0101v\u0101jot saviem klientiem un darbiniekiem att\u012br\u012btu gaisu, izmantojot gaisa att\u012br\u012bt\u0101ju, kas ir efekt\u012bvs pret COVID-19. <\/p>\n\n\n<h2 class=\"wp-block-heading\">K\u0101 att\u012br\u012bt gaisu no v\u012brusiem un bakt\u0113rij\u0101m uz\u0146\u0113mumu telp\u0101s un sabiedrisk\u0101s viet\u0101s?<\/h2>\n\n<div class=\"wp-block-columns is-layout-flex wp-container-core-columns-is-layout-28f84493 wp-block-columns-is-layout-flex\">\n<div class=\"wp-block-column is-layout-flow wp-block-column-is-layout-flow\" style=\"flex-basis:45%\">\n<p>Efekt\u012bva gaisa apmai\u0146a samazina aerosolu koncentr\u0101ciju telp\u0101s. <strong>Eksperti iesaka regul\u0101ri un intens\u012bvi v\u0113din\u0101t, <\/strong>lai samazin\u0101tu v\u012brusu un bakt\u0113riju p\u0101rne\u0161anas risku telp\u0101.  <\/p>\n\n\n\n<p>Tom\u0113r ne vis\u0101s iek\u0161telp\u0101s ir pietiekama ventil\u0101cija. T\u0101 tas ir da\u017eos birojos, konferen\u010du z\u0101l\u0113s, m\u0101c\u012bbu telp\u0101s, veikalos, darbn\u012bc\u0101s un noliktav\u0101s. <\/p>\n\n\n\n<p><a href=\"https:\/\/obera.fr\/conseils\/purifier-air-contre-covid-locaux-entreprise-tertiaires\/\" data-type=\"post\" data-id=\"6745\">OBERA gaisa att\u012br\u012bt\u0101ji ir <strong>ide\u0101ls iek\u0161telpu gaisa att\u012br\u012b\u0161anas risin\u0101jums sl\u0113gt\u0101m vai v\u0101ji v\u0113din\u0101m\u0101m telp\u0101m<\/strong><\/a>.<\/p>\n\n\n\n<p>COVID-19 gaisa att\u012br\u012bt\u0101ja izmanto\u0161ana ir \u013coti noder\u012bga telp\u0101s ar logiem. Vienk\u0101r\u0161a logu atv\u0113r\u0161ana nodro\u0161ina tikai da\u013c\u0113ju ventil\u0101ciju. Turkl\u0101t ziem\u0101 tas izraisa strauju telpas temperat\u016bras pazemin\u0101\u0161anos.    <\/p>\n\n\n\n<p><strong>Tikai piespiedu ventil\u0101cija ar gaisa att\u012br\u012bt\u0101ju COVID-19<\/strong> nodro\u0161ina efekt\u012bvu apk\u0101rt\u0113j\u0101 gaisa att\u012br\u012b\u0161anu. \u0160\u0101di filtr\u0113ts gaiss ir att\u012br\u012bts no liel\u0101k\u0101s da\u013cas v\u012brusu un bakt\u0113riju. <\/p>\n<\/div>\n\n\n\n<div class=\"wp-block-column is-layout-flow wp-block-column-is-layout-flow\" style=\"flex-basis:55%\">\n<figure class=\"wp-block-embed is-type-video is-provider-youtube wp-block-embed-youtube wp-embed-aspect-4-3 wp-has-aspect-ratio\"><div class=\"wp-block-embed__wrapper\">\nhttps:\/\/www.youtube.com\/watch?v=A6eb1_zlk6g\n<\/div><\/figure>\n<\/div>\n<\/div>\n\n<h2 class=\"wp-block-heading\">Vai CO2 l\u012bme\u0146a m\u0113r\u012b\u0161anai var izmantot CO2 sensoru, lai nov\u0113rstu COVID-19 p\u0101rne\u0161anu?<\/h2>\n\n<figure class=\"wp-block-image alignright size-full\"><img decoding=\"async\" width=\"300\" height=\"212\" src=\"https:\/\/obera.fr\/wp-content\/uploads\/2021\/11\/Capteur_CO2_OBCARE.png\" alt=\"obcare CO2 sensors\" class=\"wp-image-7611\"\/><figcaption class=\"wp-element-caption\">OBCARE CO2 sensors<\/figcaption><\/figure>\n\n<p>Augsts CO2 (oglek\u013ca dioks\u012bda) l\u012bmenis apk\u0101rt\u0113j\u0101 gais\u0101 nor\u0101da uz augstu v\u012brusu un bakt\u0113riju p\u0101rn\u0113s\u0101\u0161anas risku. <strong>Elpojot m\u0113s izsp\u013caujam CO2, un m\u016bsu plau\u0161u izvad\u012btais gaiss ir pilns ar aerosoliem<\/strong>. \u0160ie aerosoli var infic\u0113t m\u016bsu elpce\u013cus ar v\u012brusiem un bakt\u0113rij\u0101m. T\u0101 k\u0101 tie paliek suspend\u0113ti apk\u0101rt\u0113j\u0101 gais\u0101, COVID-19 p\u0101rne\u0161anas risks ir iev\u0113rojams.  <\/p>\n\n<p>CO2 l\u012bme\u0146a noteik\u0161ana apk\u0101rt\u0113j\u0101 gais\u0101 ir labs r\u0101d\u012bt\u0101js, kas liecina par pat\u0113r\u0113t\u0101 un t\u0101d\u0113j\u0101di potenci\u0101li pies\u0101r\u0146ot\u0101 gaisa daudzumu. <a href=\"https:\/\/obera.fr\/conseils\/mesure-capteur-co2-lutter-contre-transmission-virus-covid-19\/\">R\u016bp\u012bgi novietots CO2 sensors<\/a> nor\u0101da patog\u0113nu p\u0101rne\u0161anas riska l\u012bmeni elpo\u0161anas ce\u013c\u0101.<strong> T\u0101p\u0113c ir svar\u012bgi j\u016bsu vesel\u012bbai uzraudz\u012bt CO2 l\u012bmeni telp\u0101.<\/strong><\/p>\n\n<h2 class=\"wp-block-heading\">Ko m\u0113s varam m\u0101c\u012bties no gaisa izp\u0113tes c\u012b\u0146\u0101 pret COVID-19 izplat\u012bbu?<\/h2>\n\n<p>M\u016bsdien\u0101s nav iesp\u0113jams viegli un prec\u012bzi izm\u0113r\u012bt COVID-19 l\u012bmeni gais\u0101. No otras puses, CO2 l\u012bme\u0146a m\u0113r\u012b\u0161ana par\u0101da izelpot\u0101 gaisa procentu\u0101lo daudzumu apk\u0101rt\u0113j\u0101 gais\u0101. <strong>CO2 koncentr\u0101cija 1200 ppm (parts per million) nor\u0101da, ka gandr\u012bz 2 % telpas gaisa ir izelpoti<\/strong>. Jo augst\u0101ks CO2 l\u012bmenis telp\u0101, jo vair\u0101k gaisa ir &#8220;ieelpots&#8221; un jo vair\u0101k tas ir potenci\u0101li pies\u0101r\u0146ots ar v\u012brusiem un bakt\u0113rij\u0101m.  <\/p>\n\n<p>Turkl\u0101t Francijas un It\u0101lijas zin\u0101tnieku komanda ir konstat\u0113jusi <strong>sp\u0113c\u012bgu afinit\u0101ti starp SARS-CoV-2 un pies\u0101r\u0146ojuma da\u013ci\u0146\u0101m<\/strong>. COVID v\u012bruss \u0161aj\u0101s da\u013ci\u0146\u0101s atrod ide\u0101lu saimniekvalsti. T\u0101s to transport\u0113 un aizsarg\u0101 no UV stariem, pagarinot t\u0101 dz\u012bves ilgumu.    <a href=\"https:\/\/obera.fr\/conseils\/etude-de-l-air-lutte-contre-le-covid\/\">T\u0101p\u0113c ir konstat\u0113ta saikne starp sliktu gaisa kvalit\u0101ti un COVID-19 p\u0101rn\u0113s\u0101\u0161anu.<\/a><\/p>\n\n<h2 class=\"wp-block-heading\">M\u016bsu gaisa att\u012br\u012bt\u0101ji ir 99,5 % efekt\u012bvi pret COVID-19. Sal\u012bdziniet pirms pirk\u0161anas! <\/h2>\n\n<div class=\"wp-block-columns is-layout-flex wp-container-core-columns-is-layout-28f84493 wp-block-columns-is-layout-flex\">\n<div class=\"wp-block-column is-layout-flow wp-block-column-is-layout-flow\" style=\"flex-basis:50%\">\n<p><strong>OBERA gaisa att\u012br\u012bt\u0101ji efekt\u012bvi att\u012bra gaisu<\/strong> un aiztur v\u012brusus un bakt\u0113rijas. Tie att\u012bra telpas no 10 l\u012bdz 1000 m\u00b2, izmantojot augstas efektivit\u0101tes HEPA filtrus. Viens gaisa att\u012br\u012bt\u0101js att\u012bra ieteicamo gaisa daudzumu, kas l\u012bdzv\u0113rt\u012bgs 4 l\u012bdz 6 gaisa apmai\u0146\u0101m telp\u0101 stund\u0101.  <\/p>\n<\/div>\n\n\n\n<div class=\"wp-block-column is-layout-flow wp-block-column-is-layout-flow\" style=\"flex-basis:50%\">\n<p><strong>Gaisa att\u012br\u012bt\u0101ji COVID-19<\/strong> att\u012bra sakarsu\u0161u gaisu, izmantojot augstas efektivit\u0101tes HEPA filtru, kas sertific\u0113ts atbilsto\u0161i EN 1822 (EPA E11 l\u012bdz HEPA 14 Medical atkar\u012bb\u0101 no konfigur\u0101cijas). Mobilais gaisa att\u012br\u012bt\u0101js efekt\u012bvi filtr\u0113 l\u012bdz 99,995 % aerosola v\u012brusu.   <\/p>\n<\/div>\n<\/div>\n\n<div class=\"wp-block-buttons is-horizontal is-content-justification-center is-layout-flex wp-container-core-buttons-is-layout-03627597 wp-block-buttons-is-layout-flex\">\n<div class=\"wp-block-button\"><a class=\"wp-block-button__link wp-element-button\" href=\"https:\/\/obera.fr\/conseils\/comparer-prix-achat-purificateurs-air-anti-virus-covid-19\/\">Sal\u012bdziniet m\u016bsu mode\u013cus ar COVID pirms ieg\u0101des<\/a><\/div>\n<\/div>\n\n<hr class=\"wp-block-separator has-css-opacity\"\/>\n\n<h3 class=\"wp-block-heading\">Iepaz\u012bstiet m\u016bsu COVID-19 gaisa att\u012br\u012bt\u0101ju kl\u0101stu<\/h3>\n\n<p>Iek\u0161telpu gaisa atjauno\u0161ana 5 reizes stund\u0101 saska\u0146\u0101 ar HCSP (Haut Conseil de la Sant\u00e9 Publique) ieteikumiem nodro\u0161ina vesel\u012bgu telpu. <strong>T\u0101d\u0113j\u0101di j\u016bsu telpas var izmantot, neraugoties uz SARS-CoV-2 v\u012brusa un t\u0101 paveidu izplat\u012bbu<\/strong>. Izv\u0113lieties<a href=\"https:\/\/obera.fr\/lv\/produits\/purificateurs-air\/covid-19-pretvirusu-un-antibakterialie-gaisa-attiritaji\/\"> COVID-19 gaisa att\u012br\u012bt\u0101ja modeli <\/a>ar veiktsp\u0113jas l\u012bmeni, kas atbilst att\u012br\u0101majam laukumam: <\/p>\n\n<div class=\"wp-block-columns are-vertically-aligned-top is-layout-flex wp-container-core-columns-is-layout-28f84493 wp-block-columns-is-layout-flex\">\n<div class=\"wp-block-column is-vertically-aligned-top is-layout-flow wp-block-column-is-layout-flow\" style=\"flex-basis:33.33%\">\n<figure class=\"wp-block-image aligncenter size-thumbnail\"><a href=\"https:\/\/obera.fr\/lv\/produits\/purificateurs-air\/industriel-epur\/\"><img decoding=\"async\" width=\"150\" height=\"150\" src=\"https:\/\/obera.fr\/wp-content\/uploads\/2020\/09\/gamme-epur-150x150.jpg\" alt=\"ePUR oberA diapazons\" class=\"wp-image-1016\" srcset=\"https:\/\/obera.fr\/wp-content\/uploads\/2020\/09\/gamme-epur-150x150.jpg 150w, https:\/\/obera.fr\/wp-content\/uploads\/2020\/09\/gamme-epur-300x300.jpg 300w, https:\/\/obera.fr\/wp-content\/uploads\/2020\/09\/gamme-epur.jpg 350w\" sizes=\"(max-width: 150px) 100vw, 150px\" \/><\/a><figcaption class=\"wp-element-caption\">ePUR oberA diapazons<\/figcaption><\/figure>\n\n\n\n<p>ePUR05, kas filtr\u0113 gaisu telp\u0101s l\u012bdz 60 m\u00b2, ar regul\u0113jamu pl\u016bsmas \u0101trumu no 0 l\u012bdz 100%. ePUR 30, kas sp\u0113j apstr\u0101d\u0101t telpas l\u012bdz 400 m\u00b2, ar regul\u0113jamu pl\u016bsmas \u0101trumu no 0 l\u012bdz 100%. Visbeidzot, ePUR 100, ar kuru var apstr\u0101d\u0101t telpas l\u012bdz 700 m\u00b2 plat\u012bb\u0101 un kura pl\u016bsmas \u0101trumu var regul\u0113t no 0 l\u012bdz 100%; <\/p>\n<\/div>\n\n\n\n<div class=\"wp-block-column is-vertically-aligned-top is-layout-flow wp-block-column-is-layout-flow\" style=\"flex-basis:33.33%\">\n<figure class=\"wp-block-image aligncenter size-large\"><a href=\"https:\/\/obera.fr\/lv\/produits\/purificateurs-air\/epur-b01-ecoprime-puteklu-gaisa-attiritajs\/\"><img decoding=\"async\" width=\"150\" height=\"150\" src=\"https:\/\/obera.fr\/wp-content\/uploads\/2020\/09\/epur-b01-ecoprime-150x150-1.png\" alt=\"Putek&#x13C;u sav&#x101;c&#x113;js - gaiss\" class=\"wp-image-1007\"\/><\/a><figcaption class=\"wp-element-caption\">Epur B01 Ecoprime<\/figcaption><\/figure>\n\n\n\n<p class=\"has-text-align-center\">EcoPrime, telp\u0101m l\u012bdz 20m\u00b2, regul\u0113jams pl\u016bsmas \u0101trums no 0 l\u012bdz 100%.<\/p>\n<\/div>\n\n\n\n<div class=\"wp-block-column is-vertically-aligned-top is-layout-flow wp-block-column-is-layout-flow\" style=\"flex-basis:33.33%\">\n<figure class=\"wp-block-image aligncenter size-thumbnail\"><a href=\"https:\/\/obera.fr\/lv\/produits\/purificateurs-air\/covid-19-pretvirusu-un-antibakterialie-gaisa-attiritaji\/virbox-pretvirusu-gaisa-attiritajs\/\"><img decoding=\"async\" width=\"150\" height=\"150\" src=\"https:\/\/obera.fr\/wp-content\/uploads\/2021\/04\/Virbox_2021-removebg-preview-150x150.png\" alt=\"virbox 2021 removebg preview\" class=\"wp-image-5383\" srcset=\"https:\/\/obera.fr\/wp-content\/uploads\/2021\/04\/Virbox_2021-removebg-preview-150x150.png 150w, https:\/\/obera.fr\/wp-content\/uploads\/2021\/04\/Virbox_2021-removebg-preview.png 300w\" sizes=\"(max-width: 150px) 100vw, 150px\" \/><\/a><figcaption class=\"wp-element-caption\">VIRBOX<\/figcaption><\/figure>\n\n\n\n<p class=\"has-text-align-center\">Virbox 750 un 1500, piem\u0113rots telp\u0101m no 200 l\u012bdz 400 m\u00b2, p\u0113c izv\u0113les<sub>CO2<\/sub> sensors, regul\u0113jams pl\u016bsmas \u0101trums no 0 l\u012bdz 100%.<\/p>\n<\/div>\n<\/div>\n\n<p><strong>Iek\u0101rtas var viegli uzst\u0101d\u012bt j\u016bsu telp\u0101s<\/strong>, un t\u0101m nav nepiecie\u0161ama smaga mont\u0101\u017ea vai cauru\u013cvadu ier\u012bko\u0161ana. Tikl\u012bdz j\u016bs nodosiet ekspluat\u0101cij\u0101 savu COVID-19 gaisa att\u012br\u012bt\u0101ju, j\u016bs var\u0113siet elpot kvalitat\u012bvu gaisu, kas ir filtr\u0113ts un att\u012br\u012bts no v\u012brusiem un bakt\u0113rij\u0101m. <\/p>\n\n<h3 class=\"wp-block-heading\">K\u0101 darbojas OBERA COVID-19 gaisa att\u012br\u012bt\u0101ja sist\u0113ma<\/h3>\n\n<p>Gaisa att\u012br\u012bt\u0101ji ir apr\u012bkoti ar apk\u0101rt\u0113j\u0101 gaisa filtr\u0113\u0161anas sist\u0113mu. Suspend\u0113t\u0101s da\u013ci\u0146as un aerosoli, v\u012brusi un bakt\u0113rijas ilgas stundas peld gais\u0101. Galu gal\u0101 t\u0101s sapl\u016bst kop\u0101, nokr\u012bt uz gr\u012bdas vai nos\u0113\u017eas uz m\u0113bel\u0113m. <strong>Gaisa att\u012br\u012bt\u0101ji uztver pies\u0101r\u0146oto gaisu virs tiem.<\/strong> P\u0113c tam iepl\u016bsto\u0161ais gaiss atkar\u012bb\u0101 no ier\u012bces tiek filtr\u0113ts, izmantojot augstas efektivit\u0101tes da\u013ci\u0146u filtrus. Kad gaiss ir att\u012br\u012bts, tas tiek atgriezts atpaka\u013c telp\u0101, atbr\u012bvots no da\u013ci\u0146\u0101m, kas var\u0113tu p\u0101rn\u0113s\u0101t v\u012brusus vai bakt\u0113rijas. J\u016bsu telpa g\u016bst labumu no nep\u0101rtrauktas telpas gaisa atjauno\u0161anas efektivit\u0101tes.     <\/p>\n\n<h2 class=\"wp-block-heading\">Gaisa att\u012br\u012bt\u0101js H14 VIRBOX &#8211; OBERA galvenais ierocis c\u012b\u0146\u0101 pret koronav\u012brusu<\/h2>\n\n<p><a href=\"https:\/\/obera.fr\/lv\/produits\/purificateurs-air\/covid-19-pretvirusu-un-antibakterialie-gaisa-attiritaji\/virbox-pretvirusu-gaisa-attiritajs\/\">Virbox ir COVID-19 gaisa att\u012br\u012bt\u0101js<\/a>, kas \u012bpa\u0161i paredz\u0113ts v\u012brusu apstr\u0101dei. <strong>Tas filtr\u0113 vismaz 99,995 % v\u012brusu un bakt\u0113riju no apk\u0101rt\u0113j\u0101 gaisa<\/strong>. Tas viegli p\u0101rvietojas no telpas uz telpu, ar\u012b caur durv\u012bm. Daudzfunkcion\u0101ls, to var izmantot ar\u012b k\u0101 sazi\u0146as l\u012bdzekli.   <\/p>\n\n<h3 class=\"wp-block-heading\">Ventil\u0101cijas koncepcija ar vai bez att\u012br\u012bt\u0101ja<\/h3>\n\n<figure class=\"wp-block-gallery has-nested-images columns-default is-cropped wp-block-gallery-1 is-layout-flex wp-block-gallery-is-layout-flex\">\n<figure class=\"wp-block-image size-large\"><img decoding=\"async\" width=\"480\" height=\"270\" data-id=\"2081\" src=\"https:\/\/obera.fr\/wp-content\/uploads\/2020\/11\/obera-covid-0001.jpg\" alt=\"Ventil&#x101;cijas koncepcija ar vai bez att&#x12B;r&#x12B;t&#x101;ja\" class=\"wp-image-2081\" srcset=\"https:\/\/obera.fr\/wp-content\/uploads\/2020\/11\/obera-covid-0001.jpg 480w, https:\/\/obera.fr\/wp-content\/uploads\/2020\/11\/obera-covid-0001-300x169.jpg 300w\" sizes=\"(max-width: 480px) 100vw, 480px\" \/><figcaption class=\"wp-element-caption\">Ventil\u0101cijas koncepcija ar att\u012br\u012bt\u0101ju<\/figcaption><\/figure>\n\n\n\n<figure class=\"wp-block-image size-large\"><img decoding=\"async\" width=\"480\" height=\"271\" data-id=\"2080\" src=\"https:\/\/obera.fr\/wp-content\/uploads\/2020\/11\/obera-covid-0002.jpg\" alt=\"Ventil&#x101;cijas koncepcija ar vai bez att&#x12B;r&#x12B;t&#x101;ja\" class=\"wp-image-2080\" srcset=\"https:\/\/obera.fr\/wp-content\/uploads\/2020\/11\/obera-covid-0002.jpg 480w, https:\/\/obera.fr\/wp-content\/uploads\/2020\/11\/obera-covid-0002-300x169.jpg 300w\" sizes=\"(max-width: 480px) 100vw, 480px\" \/><figcaption class=\"wp-element-caption\">Ventil\u0101cijas koncepcija bez att\u012br\u012bt\u0101ja  <\/figcaption><\/figure>\n<\/figure>\n\n<p>Izmantojot OBERA att\u012br\u012bt\u0101ju, aerosolus var uztvert un filtr\u0113t daudz tuv\u0101k to ra\u0161an\u0101s vietai. \u0160im nol\u016bkam ier\u012bces aug\u0161da\u013ca ies\u016bc aerosolus tie\u0161i t\u0101d\u0101 augstum\u0101, k\u0101d\u0101 cilv\u0113ki tos izdala. <\/p>\n\n<h2 class=\"wp-block-heading\">K\u0101 m\u0113s varam nodro\u0161in\u0101t dro\u0161\u012bbu pret koronav\u012brusu b\u0113rnud\u0101rzos, b\u0113rnud\u0101rzos, skol\u0101s un koled\u017e\u0101s?<\/h2>\n\n<div class=\"wp-block-columns is-layout-flex wp-container-core-columns-is-layout-28f84493 wp-block-columns-is-layout-flex\">\n<div class=\"wp-block-column is-layout-flow wp-block-column-is-layout-flow\" style=\"flex-basis:50%\">\n<p>B\u0113rni un pusaud\u017ei ir iztur\u012bg\u0101ki pret COVID-19, ta\u010du vi\u0146i ir infekcijas p\u0101rn\u0113s\u0101t\u0101ji. Katru dienu katrs b\u0113rns vai pusaudzis pirms do\u0161an\u0101s m\u0101j\u0101s saskaras ar desmitiem draugu. <strong>Ir re\u0101las gr\u016bt\u012bbas \u012bstenot barjeras pas\u0101kumus<\/strong> skol\u0101s, jo \u012bpa\u0161i jaun\u0101ko b\u0113rnu vid\u016b. Ja infic\u0113\u0161an\u0101s notiek skol\u0101, past\u0101v risks, ka infic\u0113\u0161an\u0101s var tikt nodota attiec\u012bg\u0101 b\u0113rna vec\u0101kiem, br\u0101\u013ciem, m\u0101s\u0101m un vecvec\u0101kiem. \u0160\u0101di att\u012br\u012bta gaisa kvalit\u0101te aizsarg\u0101 skol\u0113nu vesel\u012bbu.   <\/p>\n<\/div>\n\n\n\n<div class=\"wp-block-column is-layout-flow wp-block-column-is-layout-flow\" style=\"flex-basis:50%\">\n<p><a href=\"https:\/\/obera.fr\/conseils\/purificateurs-d-air-contre-covid-19-creches-maternelles-ecoles-colleges-lycees\/\">Gaisa att\u012br\u012bt\u0101ju COVID-19 uzst\u0101d\u012b\u0161ana klas\u0113<\/a> vai \u0113dn\u012bc\u0101 sniedz re\u0101lu iesp\u0113ju p\u0101rraut p\u0101rneses \u0137\u0113des. B\u016bt\u012bb\u0101 t\u0101s ir sl\u0113gtas telpas, kur\u0101s ventil\u0101cija ne vienm\u0113r ir pietiekama.<strong> T\u0101p\u0113c SARS-CoV-2 koncentr\u0101cijas l\u012bmenis gais\u0101 var b\u016bt augsts<\/strong>. Gaisa att\u012br\u012bt\u0101js COVID-19 ir efekt\u012bvs veids, k\u0101 filtr\u0113t apk\u0101rt\u0113jo gaisu.  <\/p>\n<\/div>\n<\/div>\n\n<figure class=\"wp-block-image aligncenter size-large\"><img decoding=\"async\" width=\"1024\" height=\"768\" src=\"https:\/\/obera.fr\/wp-content\/uploads\/2021\/05\/image_ecole-covid-1024x768.jpg\" alt=\"ventil&#x101;cijas covid skola\" class=\"wp-image-5610\" srcset=\"https:\/\/obera.fr\/wp-content\/uploads\/2021\/05\/image_ecole-covid-1024x768.jpg 1024w, https:\/\/obera.fr\/wp-content\/uploads\/2021\/05\/image_ecole-covid-300x225.jpg 300w, https:\/\/obera.fr\/wp-content\/uploads\/2021\/05\/image_ecole-covid-768x576.jpg 768w, https:\/\/obera.fr\/wp-content\/uploads\/2021\/05\/image_ecole-covid-1536x1152.jpg 1536w, https:\/\/obera.fr\/wp-content\/uploads\/2021\/05\/image_ecole-covid.jpg 2016w\" sizes=\"(max-width: 1024px) 100vw, 1024px\" \/><figcaption class=\"wp-element-caption\">Gaisa ventil\u0101cija klas\u0113<\/figcaption><\/figure>\n\n<h2 class=\"wp-block-heading\">Koronov\u012bruss un CHR: k\u0101 COVID-19 tiek \u0101rst\u0113ts kafejn\u012bc\u0101s, viesn\u012bc\u0101s un restor\u0101nos?<\/h2>\n\n<p>Kafejn\u012bcu un restor\u0101nu darb\u012bbas ats\u0101k\u0161ana Francij\u0101 ir iepriecin\u0101jusi daudzus. Tom\u0113r <strong>\u0161aj\u0101s viet\u0101s ir augsts koronav\u012brusa p\u0101rne\u0161anas ar aerosoliem risks<\/strong>. Ventil\u0101cija nav vienk\u0101r\u0161a, un s\u0113do\u0161ie klienti nelieto maskas. T\u0101s ir galvenok\u0101rt savies\u012bgas vietas, kur diskusijas notiek br\u012bvi un fiziska distanc\u0113\u0161an\u0101s ir neefekt\u012bva. Klepojot vai vienk\u0101r\u0161i run\u0101jot, persona, kas ir SARS-Cov-2 v\u012brusa p\u0101rn\u0113s\u0101t\u0101js, izsmidzina siekalu pilienus. \u0160ie infic\u0113tie aerosoli ilgsto\u0161i br\u012bvi pl\u016bst telpas gais\u0101.     <\/p>\n\n<p><a href=\"https:\/\/obera.fr\/lv\/musu-padoms\/le-covid-19-et-la-restauration\/\">Tikai COVID-19 gaisa att\u012br\u012bt\u0101js telp\u0101<\/a> var nodro\u0161in\u0101t <strong>efekt\u012bvu att\u012br\u012b\u0161anu, krasi samazinot koronav\u012brusa l\u012bmeni<\/strong> apk\u0101rt\u0113j\u0101 gais\u0101. Var uzst\u0101d\u012bt CO2 sensoru, kas nor\u0101da, kad gaiss ir j\u0101maina. Apvienojot augstas efektivit\u0101tes filtr\u0101ciju, dabisko ventil\u0101ciju un att\u0101lumu, j\u016bs iev\u0113rojami samazin\u0101siet v\u012brusu un bakt\u0113riju p\u0101rne\u0161anas risku. Pasarg\u0101jiet savu klientu un darbinieku vesel\u012bbu ar gaisa att\u012br\u012bt\u0101ju COVID-19.   <\/p>\n\n<div class=\"wp-block-buttons is-horizontal is-content-justification-center is-layout-flex wp-container-core-buttons-is-layout-03627597 wp-block-buttons-is-layout-flex\">\n<div class=\"wp-block-button\"><a class=\"wp-block-button__link wp-element-button\" href=\"https:\/\/obera.fr\/lv\/contact\/\">Sazinieties ar mums, lai ieg\u016btu vair\u0101k inform\u0101cijas<\/a><\/div>\n<\/div>\n\n<p>Skatiet ar\u012b lapu<a href=\"https:\/\/obera.fr\/lv\/ils-parlent-de-nous-presse-media\/\" data-type=\"page\" data-id=\"8386\">&#8220;Par mums run\u0101&#8221;<\/a>, kur\u0101 atrodami raksti pres\u0113 un videoieraksti par m\u016bsu uzst\u0101\u0161anos telev\u012bzij\u0101.<\/p>\n","protected":false},"excerpt":{"rendered":"<p>M\u016bsu rokasgr\u0101mat\u0101 apl\u016bkoti OberA risin\u0101jumi gaisa kontrolei un att\u012br\u012b\u0161anai. Nodro\u0161iniet savu telpu vesel\u012bbas dro\u0161\u012bbu, pied\u0101v\u0101jot saviem klientiem un darbiniekiem att\u012br\u012btu gaisu ar gaisa att\u012br\u012bt\u0101ju, kas ir efekt\u012bvs pret COVID-19. <\/p>\n","protected":false},"author":4,"featured_media":97558,"comment_status":"open","ping_status":"closed","sticky":false,"template":"","format":"standard","meta":{"_acf_changed":false,"_seopress_robots_primary_cat":"none","_seopress_titles_title":"Guide des meilleurs purificateurs d'air contre le Covid-19","_seopress_titles_desc":"Le guide pour assurer la s\u00e9curit\u00e9 sanitaire de vos locaux, professionnels ou \u00e0 l'\u00e9cole, avec un purificateur d\u2019air efficace contre le COVID-19","_seopress_robots_index":"","footnotes":""},"categories":[132],"tags":[133],"class_list":["post-67530","post","type-post","status-publish","format-standard","has-post-thumbnail","hentry","category-musu-padoms","tag-entete-maza","generate-columns","tablet-grid-50","mobile-grid-100","grid-parent","grid-50","no-featured-image-padding","resize-featured-image"],"acf":[],"_links":{"self":[{"href":"https:\/\/obera.fr\/lv\/wp-json\/wp\/v2\/posts\/67530","targetHints":{"allow":["GET"]}}],"collection":[{"href":"https:\/\/obera.fr\/lv\/wp-json\/wp\/v2\/posts"}],"about":[{"href":"https:\/\/obera.fr\/lv\/wp-json\/wp\/v2\/types\/post"}],"author":[{"embeddable":true,"href":"https:\/\/obera.fr\/lv\/wp-json\/wp\/v2\/users\/4"}],"replies":[{"embeddable":true,"href":"https:\/\/obera.fr\/lv\/wp-json\/wp\/v2\/comments?post=67530"}],"version-history":[{"count":2,"href":"https:\/\/obera.fr\/lv\/wp-json\/wp\/v2\/posts\/67530\/revisions"}],"predecessor-version":[{"id":97624,"href":"https:\/\/obera.fr\/lv\/wp-json\/wp\/v2\/posts\/67530\/revisions\/97624"}],"wp:featuredmedia":[{"embeddable":true,"href":"https:\/\/obera.fr\/lv\/wp-json\/wp\/v2\/media\/97558"}],"wp:attachment":[{"href":"https:\/\/obera.fr\/lv\/wp-json\/wp\/v2\/media?parent=67530"}],"wp:term":[{"taxonomy":"category","embeddable":true,"href":"https:\/\/obera.fr\/lv\/wp-json\/wp\/v2\/categories?post=67530"},{"taxonomy":"post_tag","embeddable":true,"href":"https:\/\/obera.fr\/lv\/wp-json\/wp\/v2\/tags?post=67530"}],"curies":[{"name":"wp","href":"https:\/\/api.w.org\/{rel}","templated":true}]}}