{"id":96495,"date":"2021-07-16T16:22:06","date_gmt":"2021-07-16T14:22:06","guid":{"rendered":"https:\/\/obera.fr\/nase-rada\/purificateurs-d-air-contre-covid-19-creches-maternelles-ecoles-colleges-lycees\/"},"modified":"2025-05-06T11:08:39","modified_gmt":"2025-05-06T09:08:39","slug":"purificateurs-d-air-contre-covid-19-creches-maternelles-ecoles-colleges-lycees","status":"publish","type":"post","link":"https:\/\/obera.fr\/lv\/musu-padoms\/purificateurs-d-air-contre-covid-19-creches-maternelles-ecoles-colleges-lycees\/","title":{"rendered":"M\u016bsu gaisa att\u012br\u012bt\u0101ji ir efekt\u012bvi pret Covid-19 b\u0113rnud\u0101rzos, b\u0113rnud\u0101rzos, skol\u0101s un koled\u017e\u0101s."},"content":{"rendered":"\n<h2 class=\"wp-block-heading\">Aizsarg\u0101jot savus b\u0113rnus, m\u0113s aizsarg\u0101jam sevi un citus.  <\/h2>\n\n<p>M\u016bsu pien\u0101kums ir b\u016bt modriem, kad runa ir par m\u016bsu b\u0113rnu vesel\u012bbu. Par laimi, vairum\u0101 gad\u012bjumu Sars-Cov-2 slim\u012bba b\u0113rnus un pusaud\u017eus skar tikai viegli un tie paliek veseli, tom\u0113r risks past\u0101v. Galven\u0101 probl\u0113ma skol\u0101s, b\u0113rnud\u0101rzos un b\u0113rnud\u0101rzos ir v\u012brusa izplat\u012b\u0161an\u0101s iesp\u0113jam\u012bba. Viens infic\u0113ts b\u0113rns var infic\u0113t desmitiem citu b\u0113rnu, kuri savuk\u0101rt var p\u0101rnest v\u012brusu vair\u0101kas reizes, izraisot \u0137\u0113des reakciju. Neaizmirstot, ka b\u0113rni ar\u012b atgrie\u017eas m\u0101j\u0101s no b\u0113rnud\u0101rza vai skolas un var infic\u0113t vec\u0101kus, br\u0101\u013cus un m\u0101sas, k\u0101 ar\u012b vec\u0101ka gadag\u0101juma cilv\u0113kus, kas rada iev\u0113rojami liel\u0101ku vesel\u012bbas risku.      <\/p>\n\n<blockquote class=\"wp-block-quote is-layout-flow wp-block-quote-is-layout-flow\">\n<p>Nezaud\u0113sim laiku, bet r\u012bkosimies laikus un p\u0113c iesp\u0113jas \u0101tr\u0101k nodro\u0161in\u0101sim, lai b\u012bstamie v\u012brusi un bakt\u0113rijas neizplat\u012btos.<\/p>\n<\/blockquote>\n\n<figure class=\"wp-block-image alignright size-large is-resized\"><img decoding=\"async\" width=\"1024\" height=\"683\" src=\"https:\/\/obera.fr\/wp-content\/uploads\/2021\/07\/kids-1093758_1920-1024x683.jpg\" alt=\"b&#x113;rni-skol&#x113;ni-skola\" class=\"wp-image-6304\" style=\"width:486px;height:324px\" srcset=\"https:\/\/obera.fr\/wp-content\/uploads\/2021\/07\/kids-1093758_1920-1024x683.jpg 1024w, https:\/\/obera.fr\/wp-content\/uploads\/2021\/07\/kids-1093758_1920-300x200.jpg 300w, https:\/\/obera.fr\/wp-content\/uploads\/2021\/07\/kids-1093758_1920-768x512.jpg 768w, https:\/\/obera.fr\/wp-content\/uploads\/2021\/07\/kids-1093758_1920-1536x1024.jpg 1536w, https:\/\/obera.fr\/wp-content\/uploads\/2021\/07\/kids-1093758_1920.jpg 1920w\" sizes=\"(max-width: 1024px) 100vw, 1024px\" \/><\/figure>\n\n<p>Visur, kur pulc\u0113jas b\u0113rni un pusaud\u017ei, dz\u012bve un darb\u012bba ir garant\u0113ta. Jaunie noteikumi par distanc\u0113\u0161anos un roku dezinfekciju, kas st\u0101j\u0101s sp\u0113k\u0101 p\u0113c SARS-CoV-2 (Covid-19), samazina iesp\u0113jamu infic\u0113\u0161anos, bet diem\u017e\u0113l to piln\u012bb\u0101 nenov\u0113r\u0161. <\/p>\n\n<p>Papildus pilienveida infekcijai aizvien liel\u0101ka uzman\u012bba tiek piev\u0113rsta ar\u012b aerosola infic\u0113\u0161an\u0101s gad\u012bjumiem. \u0160ie aerosoli ilgsto\u0161i uzturas gais\u0101, p\u0101rk\u0101pjot distanc\u0113\u0161an\u0101s noteikumus. Ja b\u0113rni atrodas \u0101rpus telp\u0101m, \u0161is gad\u012bjums ir maz\u0101k problem\u0101tisks, jo \u0101r\u0113jais gaiss izpl\u016bst. Infekcijas risks palielin\u0101s, ja telpas ir sl\u0113gtas.   <\/p>\n\n<p><a href=\"https:\/\/obera.fr\/conseils\/comparer-prix-achat-purificateurs-air-anti-virus-covid-19\/\" data-type=\"post\" data-id=\"6759\">Profesion\u0101li gaisa att\u012br\u012bt\u0101ji ar HEPA filtr\u0113\u0161anas sist\u0113m\u0101m<\/a> filtr\u0113 un atjauno visu gaisu klas\u0113s, san\u0101ksmju telp\u0101s, \u0113dn\u012bc\u0101s, refektorijos un cit\u0101s sl\u0113gt\u0101s telp\u0101s l\u012bdz pat 4 l\u012bdz 8 reiz\u0113m stund\u0101, dro\u0161i neitraliz\u0113jot mikrobus, v\u012brusus un bakt\u0113rijas.<\/p>\n\n<h2 class=\"wp-block-heading\">B\u016btiski krit\u0113riji, lai ieg\u0101d\u0101tos efekt\u012bvu gaisa att\u012br\u012bt\u0101ju skol\u0101m, b\u0113rnud\u0101rziem un pirmsskolas izgl\u012bt\u012bbas iest\u0101d\u0113m :<\/h2>\n\n<ul class=\"wp-block-list\">\n<li>Filtra efektivit\u0101tei j\u0101b\u016bt pietiekami augstai: vismaz HEPA H13 vai H14. HEPA 14 filtr\u0101cija nodro\u0161ina 99,995 % v\u012brusu un bakt\u0113riju filtr\u0101ciju no da\u013ci\u0146\u0101m, kas gais\u0101 suspend\u0113tas &gt; 1 mikronu. <\/li>\n\n\n\n<li>Gaisa pl\u016bsmas \u0101trums un gaisa apmai\u0146as skaits stund\u0101 (gaisa att\u012br\u012bt\u0101ja jauda): Gaisa pl\u016bsmas \u0101trumu, kas izteikts kubikmetros stund\u0101, izmanto, lai noteiktu telpas virsmas laukumu, ko gaisa att\u012br\u012bt\u0101js var att\u012br\u012bt. Citiem v\u0101rdiem sakot, jo vair\u0101k gaisa stund\u0101 izpl\u016bst caur ier\u012bci, jo liel\u0101ka ir telpas plat\u012bba. No \u0161\u012b pl\u016bsmas \u0101truma var apr\u0113\u0137in\u0101t gaisa apmai\u0146as skaitu stund\u0101. Visp\u0101rpie\u0146emtais noteikums ir t\u0101ds, ka gaisa att\u012br\u012bt\u0101jam j\u0101sp\u0113j filtr\u0113t apk\u0101rt\u0113jo gaisu vismaz 5 reizes stund\u0101, lai nodro\u0161in\u0101tu pietiekamu aizsardz\u012bbu pret infekcij\u0101m. Lai ar ekspertu apspriestu sava n\u0101kam\u0101 gaisa att\u012br\u012bt\u0101ja izm\u0113ru noteik\u0161anu, <strong>sazinieties ar mums<\/strong>.    <\/li>\n\n\n\n<li>Trok\u0161\u0146a l\u012bmenis nedr\u012bkst b\u016bt p\u0101r\u0101k augsts: OberA iesaka nep\u0101rsniegt 50 dB ar pilnu jaudu klas\u0113, bet ne vair\u0101k k\u0101 60 dB \u0113damtelp\u0101. Ja trok\u0161\u0146a l\u012bmenis ir liel\u0101ks, tas var trauc\u0113t m\u0101c\u012bbu stundas vai diskusijas. <\/li>\n\n\n\n<li>Iek\u0101rtai j\u0101b\u016bt piem\u0113rotai nep\u0101rtrauktai lieto\u0161anai: t\u0101 k\u0101 v\u012brusam nav p\u0101rtraukuma, gaisa att\u012br\u012bt\u0101jam j\u0101b\u016bt \u0161im nol\u016bkam paredz\u0113tam, lai nodro\u0161in\u0101tu optim\u0101lu skol\u0113nu un m\u0101c\u012bbsp\u0113ku aizsardz\u012bbu. T\u0101p\u0113c ier\u012bces darbojas 7 dienas ned\u0113\u013c\u0101, 24 stundas diennakt\u012b. <\/li>\n\n\n\n<li>Efektivit\u0101te pret \u013coti smalkaj\u0101m da\u013ci\u0146\u0101m: lai p\u0101rliecin\u0101tos, ka gaisa att\u012br\u012bt\u0101js efekt\u012bvi c\u012bn\u0101s pret v\u012brusiem un bakt\u0113rij\u0101m, ir j\u0101p\u0101rbauda t\u0101 filtr\u0113\u0161anas sp\u0113ja pret smalkaj\u0101m da\u013ci\u0146\u0101m. M\u0113s iesak\u0101m izmantot HEPA14 filtr\u0101ciju, kas sp\u0113j filtr\u0113t 99,995 % da\u013ci\u0146u &gt; 1 mikronu. <\/li>\n\n\n\n<li>Ekspluat\u0101cija un apkope: ir svar\u012bgi izv\u0113l\u0113ties iek\u0101rtas ar ilgm\u016b\u017e\u012bgiem filtriem (ar lielu filtra virsmas laukumu) un nodro\u0161in\u0101t, lai apkalpojo\u0161ais person\u0101ls tos var\u0113tu viegli lietot un apkalpot.  <\/li>\n<\/ul>\n\n<div class=\"wp-block-buttons is-horizontal is-content-justification-center is-layout-flex wp-container-core-buttons-is-layout-03627597 wp-block-buttons-is-layout-flex\">\n<div class=\"wp-block-button has-custom-width wp-block-button__width-100\"><a class=\"wp-block-button__link wp-element-button\" href=\"https:\/\/obera.fr\/lv\/sazinieties-ar-mums\/\">Uzziniet vair\u0101k<\/a><\/div>\n<\/div>\n\n<h3 class=\"wp-block-heading\"><strong>OberA pied\u0101v\u0101 pla\u0161u produktu kl\u0101stu, kas sp\u0113j apmierin\u0101t skolas pras\u012bbas un efekt\u012bvi risin\u0101t Covid-19 probl\u0113mas.<\/strong><\/h3>\n\n<div class=\"wp-block-columns is-layout-flex wp-container-core-columns-is-layout-28f84493 wp-block-columns-is-layout-flex\">\n<div class=\"wp-block-column is-vertically-aligned-center is-layout-flow wp-block-column-is-layout-flow\">\n<figure class=\"wp-block-image aligncenter size-full is-resized\"><a href=\"https:\/\/obera.fr\/produits\/purificateurs-air\/poussieres-epur-b01-ecoprime\/\"><img decoding=\"async\" width=\"500\" height=\"500\" src=\"https:\/\/obera.fr\/wp-content\/uploads\/2021\/07\/Sans-titre.png\" alt=\"bez nosaukuma\" class=\"wp-image-6315\" style=\"width:304px;height:304px\" srcset=\"https:\/\/obera.fr\/wp-content\/uploads\/2021\/07\/Sans-titre.png 500w, https:\/\/obera.fr\/wp-content\/uploads\/2021\/07\/Sans-titre-300x300.png 300w, https:\/\/obera.fr\/wp-content\/uploads\/2021\/07\/Sans-titre-150x150.png 150w\" sizes=\"(max-width: 500px) 100vw, 500px\" \/><\/a><figcaption class=\"wp-element-caption\">EcoPrime<\/figcaption><\/figure>\n\n\n\n<p>EcoPrime ir mazs un viegls, t\u0101p\u0113c to ir viegli p\u0101rvietot. Turkl\u0101t t\u0101 zemais darb\u012bbas troksnis noz\u012bm\u0113, ka to var uzst\u0101d\u012bt jebkur\u0101 telp\u0101, piem\u0113ram, konferen\u010du z\u0101l\u0113s, uzgaid\u0101maj\u0101s telp\u0101s, birojos utt.   <\/p>\n\n\n\n<p><strong>EcoPrime gaisa att\u012br\u012bt\u0101ja filtr\u0113\u0161anas jauda ir l\u012bdz 190 kubikmetriem stund\u0101<\/strong>, t\u0101p\u0113c tas ir ide\u0101li piem\u0113rots telp\u0101m l\u012bdz 60 kvadr\u0101tmetriem. Tas ir apr\u012bkots ar V-protect galveno filtru, kas sp\u0113j att\u012br\u012bt v\u012brusus un bakt\u0113rijas, kuru izm\u0113rs ir maz\u0101ks par 0,07 mikroniem, ar vair\u0101k nek\u0101 99,53 % efektivit\u0101ti (ISO 29463 sertifik\u0101ts). <\/p>\n<\/div>\n\n\n\n<div class=\"wp-block-column is-vertically-aligned-top is-layout-flow wp-block-column-is-layout-flow\">\n<figure class=\"wp-block-image aligncenter size-full is-resized\"><a href=\"https:\/\/obera.fr\/produits\/purificateurs-air\/anti-covid-virus-bacteries\/epur05\/\"><img decoding=\"async\" width=\"600\" height=\"600\" src=\"https:\/\/obera.fr\/wp-content\/uploads\/2021\/05\/Sans-titre-17.jpg\" alt=\"epur05\" class=\"wp-image-5552\" style=\"width:326px;height:326px\" srcset=\"https:\/\/obera.fr\/wp-content\/uploads\/2021\/05\/Sans-titre-17.jpg 600w, https:\/\/obera.fr\/wp-content\/uploads\/2021\/05\/Sans-titre-17-300x300.jpg 300w, https:\/\/obera.fr\/wp-content\/uploads\/2021\/05\/Sans-titre-17-150x150.jpg 150w\" sizes=\"(max-width: 600px) 100vw, 600px\" \/><\/a><figcaption class=\"wp-element-caption\">ePUR 05<\/figcaption><\/figure>\n\n\n\n<p><strong>EPUR05 ir gaisa att\u012br\u012bt\u0101js, kas apr\u012bkots ar augstas precizit\u0101tes filtru, kas sp\u0113j att\u012br\u012bt v\u012brusus un bakt\u0113rijas, k\u0101 ar\u012b s\u012bkus putek\u013cus<\/strong>, CMR un aerosolus. \u0160im att\u012br\u012bt\u0101jam ir regul\u0113jams pl\u016bsmas \u0101trums, un tas ir ide\u0101li piem\u0113rots telp\u0101m l\u012bdz 100 kvadr\u0101tmetriem.   <\/p>\n\n\n\n<p>Tas ir konstru\u0113ts t\u0101, lai nodro\u0161in\u0101tu zemu darb\u012bbas troksni &#8211; tikai 47 dB maksim\u0101laj\u0101 darb\u012bbas re\u017e\u012bm\u0101.<\/p>\n<\/div>\n\n\n\n<div class=\"wp-block-column is-vertically-aligned-top is-layout-flow wp-block-column-is-layout-flow\">\n<figure class=\"wp-block-image aligncenter size-full is-resized\"><a href=\"https:\/\/obera.fr\/produits\/purificateurs-air\/anti-covid-virus-bacteries\/virbox\/\"><img decoding=\"async\" width=\"300\" height=\"300\" src=\"https:\/\/obera.fr\/wp-content\/uploads\/2021\/04\/Virbox_2021-removebg-preview.png\" alt=\"virbox 2021\" class=\"wp-image-5383\" style=\"width:326px;height:326px\" srcset=\"https:\/\/obera.fr\/wp-content\/uploads\/2021\/04\/Virbox_2021-removebg-preview.png 300w, https:\/\/obera.fr\/wp-content\/uploads\/2021\/04\/Virbox_2021-removebg-preview-150x150.png 150w\" sizes=\"(max-width: 300px) 100vw, 300px\" \/><\/a><figcaption class=\"wp-element-caption\">VirBox<\/figcaption><\/figure>\n\n\n\n<p>Virbox ir pretv\u012brusu gaisa att\u012br\u012bt\u0101js, kas \u012bpa\u0161i paredz\u0113ts v\u012brusu un bakt\u0113riju apstr\u0101dei. <strong>Virbox var filtr\u0113t 99,995 % v\u012brusu un bakt\u0113riju no apk\u0101rt\u0113j\u0101 gaisa<\/strong>. T\u0101 konstrukcija padara to viegli p\u0101rvietojamu un viegli iek\u013c\u016bstamu caur durv\u012bm. Ar VirBox gaisa att\u012br\u012bt\u0101jiem aerosolus var uztvert un filtr\u0113t p\u0113c iesp\u0113jas tuv\u0101k to izpl\u016bdes vietai. Tas ir iesp\u0113jams, pateicoties perfor\u0101cij\u0101m ier\u012bces aug\u0161pus\u0113, kas \u013cauj aerosolus ieelpot t\u0101d\u0101 augstum\u0101, kur\u0101 cilv\u0113ki tos noraida. VirBox ir daudzfunkcion\u0101ls, un to var izmantot ar\u012b k\u0101 sazi\u0146as l\u012bdzekli.    <\/p>\n<\/div>\n<\/div>\n\n<div class=\"wp-block-columns is-layout-flex wp-container-core-columns-is-layout-28f84493 wp-block-columns-is-layout-flex\">\n<div class=\"wp-block-column is-vertically-aligned-top is-layout-flow wp-block-column-is-layout-flow\">\n<div class=\"wp-block-buttons is-horizontal is-content-justification-center is-layout-flex wp-container-core-buttons-is-layout-03627597 wp-block-buttons-is-layout-flex\">\n<div class=\"wp-block-button\"><a class=\"wp-block-button__link wp-element-button\" href=\"https:\/\/obera.fr\/produits\/purificateurs-air\/poussieres-epur-b01-ecoprime\/\">skat. ecoprime<\/a><\/div>\n<\/div>\n<\/div>\n\n\n\n<div class=\"wp-block-column is-vertically-aligned-top is-layout-flow wp-block-column-is-layout-flow\">\n<div class=\"wp-block-buttons is-horizontal is-content-justification-center is-layout-flex wp-container-core-buttons-is-layout-03627597 wp-block-buttons-is-layout-flex\">\n<div class=\"wp-block-button\"><a class=\"wp-block-button__link wp-element-button\" href=\"https:\/\/obera.fr\/produits\/purificateurs-air\/anti-covid-virus-bacteries\/epur05\/\">skat\u012bt epur 05<\/a><\/div>\n<\/div>\n<\/div>\n\n\n\n<div class=\"wp-block-column is-vertically-aligned-top is-layout-flow wp-block-column-is-layout-flow\">\n<div class=\"wp-block-buttons is-horizontal is-content-justification-center is-layout-flex wp-container-core-buttons-is-layout-03627597 wp-block-buttons-is-layout-flex\">\n<div class=\"wp-block-button\"><a class=\"wp-block-button__link wp-element-button\" href=\"https:\/\/obera.fr\/produits\/purificateurs-air\/anti-covid-virus-bacteries\/virbox\/\">skat\u012bt virbox<\/a><\/div>\n<\/div>\n<\/div>\n<\/div>\n\n<h2 class=\"wp-block-heading\">K\u0101da veida att\u012br\u012bt\u0101js man j\u0101izv\u0113las un k\u0101da veida att\u012br\u012b\u0161anas l\u012bdzeklis man j\u0101izmanto?<\/h2>\n\n<p>Francijas Nacion\u0101lais p\u0113tniec\u012bbas un dro\u0161\u012bbas instit\u016bts (INRS) br\u012bdina, ka da\u017ei fizik\u0101li \u0137\u012bmisk\u0101s apstr\u0101des procesi (fotokatal\u012bze, ozon\u0113\u0161ana, UV u.c.) ne tikai nesamazina v\u012brusa p\u0101rne\u0161anas risku, bet var ar\u012b rad\u012bt jaunus riskus.<\/p>\n\n<p>Jo \u012bpa\u0161i procesi, kas rada UV starojumu un ozonu, jo :<\/p>\n\n<ul class=\"wp-block-list\">\n<li>Telp\u0101 eso\u0161\u0101s ciet\u0101s vielas un g\u0101zes UV starojuma ietekm\u0113 var sadal\u012bties sekund\u0101ros produktos, kas var b\u016bt kait\u012bgi vesel\u012bbai (GOS, jo \u012bpa\u0161i hlor\u0113tie savienojumi).<\/li>\n\n\n\n<li>UV lampas rada ozonu. UV iek\u0101rtas rada ozona koncentr\u0101ciju, kas l\u012bdz pat 100 rei\u017eu p\u0101rsniedz dienas VLEP<a href=\"https:\/\/obera.fr\/conseils\/reglementation-vlep-evaluation-risque-chimique-lieu-de-travail\/\" data-type=\"post\" data-id=\"6575\">(VLEP = arodekspoz\u012bcijas robe\u017ev\u0113rt\u012bba<\/a>). Ozonu absorb\u0113 elpo\u0161anas ce\u013cu g\u013cot\u0101das (deguns, traheja, bronhi, alveolas), un tas rea\u0123\u0113 lok\u0101li, boj\u0101jot \u0161\u016bnu membr\u0101nas. Hroniska iedarb\u012bba izraisa emfiz\u0113mu un plau\u0161u fibrozi. Ozons izraisa g\u0113nu mut\u0101cijas da\u017e\u0101da veida celmos un \u0161\u016bn\u0101s.    <\/li>\n\n\n\n<li>UV lamp\u0101s parasti izmanto dz\u012bvsudraba tvaikus, lai rad\u012btu bakteric\u012bdu UV-C starojumu. Ja lampa tiek izn\u012bcin\u0101ta, izdal\u0101s dz\u012bvsudrabs (Hg ir viela, kas klasific\u0113ta k\u0101 kancerog\u0113na, mutag\u0113na, reprotoksiska). T\u0101p\u0113c nomai\u0146a j\u0101veic apm\u0101c\u012btam un pilnvarotam person\u0101lam. Atkritumus likvid\u0113 k\u0101 b\u012bstamos atkritumus, aizpildot atkritumu uzskaites veidlapu.   <\/li>\n\n\n\n<li>Person\u0101lam, kas pak\u013cauts UV-C starojuma iedarb\u012bbai (piem\u0113ram, nomainot lampas vai nepareizi lietojot apr\u012bkojumu), var rasties iev\u0113rojams risks vesel\u012bbai: <strong>\u0101dai,<\/strong> s\u0101kot no vienk\u0101r\u0161as erit\u0113mas l\u012bdz nopietniem <strong>acu<\/strong> boj\u0101jumiem, kas var izrais\u012bt saules apdegumus.<\/li>\n<\/ul>\n\n<p>INRS secina, ka<strong>,<\/strong> \u0146emot v\u0113r\u0101 <strong>riskus, kas saist\u012bti ar ozona g\u0101zes izmanto\u0161anu, un neskaidr\u012bbas par t\u0101s efektivit\u0101ti attiec\u012bb\u0101 uz SARS-CoV-2<\/strong>, \u0137\u012bmisk\u0101 riska nov\u0113r\u0161anas pieejas piem\u0113ro\u0161ana noz\u012bm\u0113, ka \u0161is process ir j\u0101aizst\u0101j ar citu, maz\u0101k b\u012bstamu, un iesaka izmantot meh\u0101nisk\u0101s filtr\u0113\u0161anas risin\u0101jumus ar vismaz HEPA H13 filtr\u0101ciju.<\/p>\n\n<blockquote class=\"wp-block-quote is-layout-flow wp-block-quote-is-layout-flow\">\n<p><a href=\"https:\/\/obera.fr\/lv\/musu-padoms\/purificateurs-air-efficaces-coronavirus\/\" data-type=\"post\" data-id=\"2074\">OBERA anti-COVID ier\u012bces, ko izmanto ERP un terci\u0101raj\u0101s zon\u0101s, visos aspektos atbilst INRS ieteikumiem<\/a>.<\/p>\n<\/blockquote>\n\n<h2 class=\"wp-block-heading\">K\u0101 uzst\u0101d\u012bt gaisa att\u012br\u012bt\u0101ju klas\u0113?<\/h2>\n\n<p>Gaisa att\u012br\u012bt\u0101jam klas\u0113 ide\u0101l\u0101 gad\u012bjum\u0101 j\u0101b\u016bt novietotam galda priek\u0161\u0101 vai telpas aizmugures centr\u0101. Ja telp\u0101 galdi ir izvietoti U form\u0101, gaisa att\u012br\u012bt\u0101ju var novietot ar\u012b telpas centr\u0101. Gaisa att\u012br\u012bt\u0101ja atra\u0161an\u0101s viet\u0101 griestiem j\u0101b\u016bt p\u0113c iesp\u0113jas glud\u0101kiem. Gaisa att\u012br\u012bt\u0101ja pl\u016bsmas \u0101trumam j\u0101b\u016bt vismaz 5 reizes liel\u0101kam par telpas tilpumu. P\u0101rtraukumu laik\u0101 pl\u016bsmas \u0101trumam j\u0101b\u016bt iestat\u012btam uz maksim\u0101lo jaudu (ja ier\u012bce ir apr\u012bkota ar regul\u0113jamu pl\u016bsmas \u0101trumu). Ieteicams ar\u012b samazin\u0101t CO2 koncentr\u0101ciju telp\u0101. Ja iesp\u0113jams, iesak\u0101m p\u0101rtraukumu laik\u0101 vismaz 3 reizes dien\u0101 atv\u0113rt vai noliekt logu. Tas neietekm\u0113s gaisa att\u012br\u012bt\u0101ja filtr\u0113\u0161anas veiktsp\u0113ju.       <\/p>\n\n<h2 class=\"wp-block-heading\">K\u0101 uzst\u0101d\u012bt gaisa att\u012br\u012bt\u0101ju refektorij\u0101?<\/h2>\n\n<p>Lai samazin\u0101tu netie\u0161o infekcijas risku, ir nepiecie\u0161ami augstas veiktsp\u0113jas gaisa att\u012br\u012bt\u0101ji. Atkar\u012bb\u0101 no situ\u0101cijas un telpas lieluma ieteicams izmantot vair\u0101kas ier\u012bces, lai nodro\u0161in\u0101tu vismaz 6 reizes liel\u0101ku apk\u0101rt\u0113j\u0101 gaisa cirkul\u0101ciju stund\u0101 vis\u0101 \u0113din\u0101\u0161anas zon\u0101 ar augstas efektivit\u0101tes HEPA gaisa att\u012br\u012b\u0161anu. Cilv\u0113ki, kas str\u0101d\u0101 p\u0101rtikas izdal\u012b\u0161anas zon\u0101, b\u016btu j\u0101aizsarg\u0101 ar\u012b ar starpsien\u0101m ar aerosola aizsardz\u012bbas apmali.  <\/p>\n\n<h2 class=\"wp-block-heading\">Neraugoties uz gaisa att\u012br\u012bt\u0101jiem: jums joproj\u0101m ir j\u0101v\u0113dina!<\/h2>\n\n<p>Da\u017eas iest\u0101des ir izv\u0113l\u0113ju\u0161\u0101s uzst\u0101d\u012bt CO2 sensorus, lai nep\u0101rtraukti m\u0113r\u012btu CO2 koncentr\u0101ciju un br\u012bdin\u0101tu, kad telpas ir j\u0101izv\u0113dina, ja ir p\u0101rsniegta robe\u017ev\u0113rt\u012bba. Papildus gaisa att\u012br\u012b\u0161anai m\u0113s iesak\u0101m atv\u0113rt klases logus, ja CO2 l\u012bmenis ir vien\u0101ds ar vai p\u0101rsniedz 1000 ppm. Telpu gaisa att\u012br\u012bt\u0101ju izmanto\u0161ana nav oblig\u0101ta, bet m\u0113s to tom\u0113r iesak\u0101m, lai izvair\u012btos no p\u0101r\u0101k augsta CO2 l\u012bme\u0146a apk\u0101rt\u0113j\u0101 gais\u0101, kas pal\u012bdz samazin\u0101t aerosolu koncentr\u0101ciju.  <\/p>\n\n<h2 class=\"wp-block-heading\">CO2 sensori nor\u0101da, kad v\u0113din\u0101t<\/h2>\n\n<p>Vair\u0101kas skolot\u0101ju arodbiedr\u012bbas aicina uzst\u0101d\u012bt CO2 sensorus, lai past\u0101v\u012bgi uzraudz\u012btu gaisa kvalit\u0101ti. \u0160ie CO2 sensori ir labs veids, k\u0101 padar\u012bt gaisa kvalit\u0101ti klas\u0113s redzamu: &#8220;Klas\u0113s C02 sensori par\u0101da, kad ir sasniegtas robe\u017ev\u0113rt\u012bbas un kad ir j\u0101atver logi.   <\/p>\n\n<p>Daudzos p\u0113t\u012bjumos ir ieteikts izmantot CO2 sensorus iek\u0161telp\u0101s. \u0160aj\u0101 zi\u0146\u0101 b\u016btu \u012bpa\u0161i pr\u0101t\u012bgi tos izmantot vis\u0101s klas\u0113s. \u0160ie m\u0113rinstrumenti iedarbina trauksmes sign\u0101lu, kad telpas ir j\u0101v\u0113dina.    <\/p>\n\n<h2 class=\"wp-block-heading\">Atbalsta programmas skol\u0101m un kopien\u0101m<\/h2>\n\n<p>Vair\u0101ki Francijas re\u0123ioni ir nol\u0113mu\u0161i piln\u012bb\u0101 vai da\u013c\u0113ji finans\u0113t gaisa att\u012br\u012bt\u0101ju izmaksas, lai pal\u012bdz\u0113tu izgl\u012bt\u012bbas iest\u0101d\u0113m tos ieg\u0101d\u0101ties.<\/p>\n\n<p>Over\u0146as-Ronas-Alpu re\u0123ions ir nobalsojis par 10 miljonus eiro v\u0113rtu re\u0123ion\u0101lo ieguld\u012bjumu pl\u0101nu gaisa att\u012br\u012b\u0161anai re\u0123iona vidusskol\u0101s. Ile-de-France re\u0123ions pie\u0161\u0137ir finans\u0113jumu 10 000 EUR apm\u0113r\u0101 vidusskol\u0101m un viet\u0113j\u0101m iest\u0101d\u0113m, lai ieg\u0101d\u0101tos ar vesel\u012bbu saist\u012btu apr\u012bkojumu, piem\u0113ram, gaisa att\u012br\u012bt\u0101jus, piem\u0113ram, m\u016bsu ePUR un VirBox. <\/p>\n","protected":false},"excerpt":{"rendered":"<p>M\u016bsu pien\u0101kums ir b\u016bt modriem, kad runa ir par m\u016bsu b\u0113rnu vesel\u012bbu. Par laimi, vairum\u0101 gad\u012bjumu Sars-Cov-2 slim\u012bba b\u0113rnus un pusaud\u017eus skar tikai viegli un tie paliek veseli, tom\u0113r risks past\u0101v. Galven\u0101 probl\u0113ma skol\u0101s, b\u0113rnud\u0101rzos un b\u0113rnud\u0101rzos ir v\u012brusa izplat\u012b\u0161an\u0101s iesp\u0113jam\u012bba.    <\/p>\n","protected":false},"author":4,"featured_media":96347,"comment_status":"open","ping_status":"closed","sticky":false,"template":"","format":"standard","meta":{"_acf_changed":false,"_seopress_robots_primary_cat":"none","_seopress_titles_title":"Covid-19 \u0101rst\u0113\u0161ana sil\u012bt\u0113s, b\u0113rnud\u0101rzos un skol\u0101s","_seopress_titles_desc":"Obera pied\u0101v\u0101 gaisa att\u012br\u012bt\u0101jus, kas sp\u0113j att\u012br\u012bt v\u012brusus (COVID-19) un bakt\u0113rijas, vienlaikus iev\u0113rojot m\u0101c\u012bbu telpu pras\u012bbas.","_seopress_robots_index":"","footnotes":""},"categories":[132],"tags":[133],"class_list":["post-96495","post","type-post","status-publish","format-standard","has-post-thumbnail","hentry","category-musu-padoms","tag-entete-maza","generate-columns","tablet-grid-50","mobile-grid-100","grid-parent","grid-50","no-featured-image-padding","resize-featured-image"],"acf":[],"_links":{"self":[{"href":"https:\/\/obera.fr\/lv\/wp-json\/wp\/v2\/posts\/96495","targetHints":{"allow":["GET"]}}],"collection":[{"href":"https:\/\/obera.fr\/lv\/wp-json\/wp\/v2\/posts"}],"about":[{"href":"https:\/\/obera.fr\/lv\/wp-json\/wp\/v2\/types\/post"}],"author":[{"embeddable":true,"href":"https:\/\/obera.fr\/lv\/wp-json\/wp\/v2\/users\/4"}],"replies":[{"embeddable":true,"href":"https:\/\/obera.fr\/lv\/wp-json\/wp\/v2\/comments?post=96495"}],"version-history":[{"count":1,"href":"https:\/\/obera.fr\/lv\/wp-json\/wp\/v2\/posts\/96495\/revisions"}],"predecessor-version":[{"id":96497,"href":"https:\/\/obera.fr\/lv\/wp-json\/wp\/v2\/posts\/96495\/revisions\/96497"}],"wp:featuredmedia":[{"embeddable":true,"href":"https:\/\/obera.fr\/lv\/wp-json\/wp\/v2\/media\/96347"}],"wp:attachment":[{"href":"https:\/\/obera.fr\/lv\/wp-json\/wp\/v2\/media?parent=96495"}],"wp:term":[{"taxonomy":"category","embeddable":true,"href":"https:\/\/obera.fr\/lv\/wp-json\/wp\/v2\/categories?post=96495"},{"taxonomy":"post_tag","embeddable":true,"href":"https:\/\/obera.fr\/lv\/wp-json\/wp\/v2\/tags?post=96495"}],"curies":[{"name":"wp","href":"https:\/\/api.w.org\/{rel}","templated":true}]}}