{"id":96798,"date":"2021-07-26T12:25:45","date_gmt":"2021-07-26T10:25:45","guid":{"rendered":"https:\/\/obera.fr\/nase-rada\/gains-productivite-rafraichissement-air-par-evaporation\/"},"modified":"2025-05-06T13:41:59","modified_gmt":"2025-05-06T11:41:59","slug":"gains-productivite-rafraichissement-air-par-evaporation","status":"publish","type":"post","link":"https:\/\/obera.fr\/lv\/musu-padoms\/gains-productivite-rafraichissement-air-par-evaporation\/","title":{"rendered":"Produktivit\u0101tes pieaugums, ko nodro\u0161ina iztvaiko\u0161anas gaisa dzes\u0113\u0161ana"},"content":{"rendered":"\n<h2 class=\"wp-block-heading\">Iztvaices dzes\u0113\u0161ana<\/h2>\n\n<p>Gan \u012bpa\u0161i karstu dienu, gan karstuma rad\u012btu ra\u017eo\u0161anas procesu d\u0113\u013c r\u016bpnieciska m\u0113roga ra\u017eo\u0161anas telpas var \u0101rk\u0101rt\u012bgi \u0101tri k\u013c\u016bt par \u013coti karstu vidi. Papildus ac\u012bmredzamam apdraud\u0113jumam un diskomfortam darbiniekiem nesp\u0113ja p\u0101rvald\u012bt un uztur\u0113t temperat\u016bru pie\u0146emam\u0101 l\u012bmen\u012b var ar\u012b iev\u0113rojami pal\u0113nin\u0101t produktivit\u0101ti. <\/p>\n\n<blockquote class=\"wp-block-quote is-layout-flow wp-block-quote-is-layout-flow\">\n<p>Produkt\u012bvai darba vietai ir b\u016btiska noz\u012bme \u0161o iek\u0101rtu veiksm\u012bg\u0101 darb\u012bb\u0101, un ir veikti vair\u0101ki p\u0113t\u012bjumi, kas pier\u0101da, cik liel\u0101 m\u0113r\u0101 nekontrol\u0113ts karstuma l\u012bmenis ir noteico\u0161ais faktors.  <\/p>\n<\/blockquote>\n\n<p>Piem\u0113ram, NASA veiktie p\u0113t\u012bjumi par produktivit\u0101ti liecina, ka, paaugstinoties temperat\u016brai, eksponenci\u0101li pieaug k\u013c\u016bdu un defektu skaits, kas izraisa l\u0113n\u0101ku ra\u017eo\u0161anu, vair\u0101k defektu un iev\u0113rojamus ie\u0146\u0113mumu zaud\u0113jumus.  <\/p>\n\n<p>Turpm\u0101kaj\u0101 tabul\u0101 ir apkopotas NASA testos konstat\u0113t\u0101s sakar\u012bbas starp temperat\u016bru, ra\u017eojumu un precizit\u0101ti.<\/p>\n\n<table id=\"tablepress-161\" class=\"tablepress tablepress-id-161\">\n<tbody class=\"row-striping row-hover\">\n<tr class=\"row-1\">\n\t<td class=\"column-1\">Temp\u00e9rature effective<\/td><td class=\"column-2\">24\u00baC<\/td><td class=\"column-3\">26\u00baC<\/td><td class=\"column-4\">29\u00baC<\/td><td class=\"column-5\">32\u00baC<\/td><td class=\"column-6\">35\u00baC<\/td><td class=\"column-7\">38\u00baC<\/td><td class=\"column-8\">40\u00baC<\/td>\n<\/tr>\n<tr class=\"row-2\">\n\t<td class=\"column-1\">Perte de production<\/td><td class=\"column-2\">3%<\/td><td class=\"column-3\">8%<\/td><td class=\"column-4\">18%<\/td><td class=\"column-5\">29%<\/td><td class=\"column-6\">45%<\/td><td class=\"column-7\">62%<\/td><td class=\"column-8\">79%<\/td>\n<\/tr>\n<tr class=\"row-3\">\n\t<td class=\"column-1\">Augmentation du taux d'erreur<\/td><td class=\"column-2\">0%<\/td><td class=\"column-3\">5%<\/td><td class=\"column-4\">40%<\/td><td class=\"column-5\">300%<\/td><td class=\"column-6\">700%<\/td><td class=\"column-7\">N\/A<\/td><td class=\"column-8\">N\/A<\/td>\n<\/tr>\n<\/tbody>\n<\/table>\n\n\n<p>Iepriek\u0161 min\u0113tie dati skaidri pier\u0101da, ka paaugstin\u0101ts karstuma l\u012bmenis darba vid\u0113 negat\u012bvi ietekm\u0113 visp\u0101r\u0113jo darba ra\u017e\u012bgumu: paaugstinoties temperat\u016brai, samazin\u0101s koncentr\u0113\u0161an\u0101s l\u012bmenis, rodas nogurums, tiek pie\u013cautas k\u013c\u016bdas un darbinieki maz\u0101k str\u0101d\u0101. Galu gal\u0101 tas j\u016bsu uz\u0146\u0113mumam rada iev\u0113rojamus ie\u0146\u0113mumu zaud\u0113jumus. <\/p>\n\n<h2 class=\"wp-block-heading\">K\u0101p\u0113c r\u016bpniecisk\u0101s ra\u017eo\u0161anas iek\u0101rtas ir tik jut\u012bgas pret karstumu?<\/h2>\n\n<p>Katra darba vieta ir j\u0101veido t\u0101, lai rad\u012btu dro\u0161u darba vidi darbiniekiem. Tom\u0113r r\u016bpniecisk\u0101s ra\u017eo\u0161anas uz\u0146\u0113mumi saskaras ar \u012bpa\u0161\u0101m probl\u0113m\u0101m: <\/p>\n\n<h3 class=\"wp-block-heading\">Praktiski<\/h3>\n\n<p>Ra\u017eotn\u0113 ar augstiem griestiem un ce\u013camajiem celt\u0146iem cauru\u013cvadu sist\u0113mu, piem\u0113ram, gaisa kondicion\u0113\u0161anas iek\u0101rtu, uzst\u0101d\u012b\u0161ana ir d\u0101rga un var k\u013c\u016bt par \u0161\u0137\u0113rsli iek\u0161\u0113jai apstr\u0101dei. Daudzos gad\u012bjumos gaisa kondicion\u0113\u0161anas sist\u0113mas uzst\u0101d\u012b\u0161ana vienk\u0101r\u0161i nav iesp\u0113jama \u0113kas izm\u0113ru d\u0113\u013c. <\/p>\n\n<h3 class=\"wp-block-heading\">Process<\/h3>\n\n<p>Iek\u0101rt\u0101s, kur\u0101s notiek intens\u012bvi siltumietilp\u012bgi ra\u017eo\u0161anas procesi, piem\u0113ram, t\u0113rauda ra\u017eo\u0161an\u0101, lietuv\u0113s, automobi\u013cu ra\u017eo\u0161an\u0101, stikla ra\u017eo\u0161an\u0101, \u0137ie\u0123e\u013cu un fl\u012b\u017eu ra\u017eo\u0161an\u0101, cep\u0161anas kr\u0101sn\u012bs p\u0101rtikas r\u016bpniec\u012bb\u0101, kr\u0101snis, kr\u0101snis un kr\u0101snis tiek izmantotas visas dienas garum\u0101. Lai gan var b\u016bt vilino\u0161i ieguld\u012bt l\u012bdzek\u013cus r\u016bpnieciskos ventilatoros k\u0101 sal\u012bdzino\u0161i l\u0113tu risin\u0101jumu, \u0161\u0101d\u0101s ekstr\u0113m\u0101s vid\u0113s ventilatori vienk\u0101r\u0161i iekustin\u0101s karsto gaisu telp\u0101, faktiski nesamazinot temperat\u016bru. <\/p>\n\n<h3 class=\"wp-block-heading\">Klimata p\u0101rmai\u0146as<\/h3>\n\n<p>Karsto dienu skaits ar katru gadu pieaug. Klimata p\u0101rmai\u0146as k\u013c\u016bst arvien aktu\u0101l\u0101kas, jo temperat\u016bra vis\u0101 pasaul\u0113 paaugstin\u0101s. T\u0101 k\u0101 noteikumi k\u013c\u016bst stingr\u0101ki, k\u013c\u016bst arvien gr\u016bt\u0101k nodro\u0161in\u0101t darbiniekiem dro\u0161us un komfortablus darba apst\u0101k\u013cus. \u0160\u012b probl\u0113ma ir v\u0113l aktu\u0101l\u0101ka, ja runa ir par ra\u017eo\u0161anas un p\u0101rstr\u0101des uz\u0146\u0113mumiem, jo \u0113kas parasti ir lielas, ar augstiem griestiem un bie\u017ei vien ar atv\u0113rtu pl\u0101nojumu. \u0160\u0101da konfigur\u0101cija apgr\u016btina un sad\u0101rdzina to dzes\u0113\u0161anu ar tradicion\u0101lajiem gaisa kondicion\u0113\u0161anas risin\u0101jumiem.    <\/p>\n\n<h2 class=\"wp-block-heading\">K\u0101p\u0113c izv\u0113l\u0113ties iztvaiko\u0161anas dzes\u0113\u0161anu?<\/h2>\n\n<div class=\"wp-block-columns is-layout-flex wp-container-core-columns-is-layout-28f84493 wp-block-columns-is-layout-flex\">\n<div class=\"wp-block-column is-layout-flow wp-block-column-is-layout-flow\" style=\"flex-basis:33.33%\">\n<figure class=\"wp-block-image aligncenter size-large is-resized\"><img decoding=\"async\" width=\"1024\" height=\"682\" src=\"https:\/\/obera.fr\/wp-content\/uploads\/2022\/04\/pexels-aphiwat-chuangchoem-347925-1024x682.jpg\" alt=\"Svaigums\" class=\"wp-image-9729\" srcset=\"https:\/\/obera.fr\/wp-content\/uploads\/2022\/04\/pexels-aphiwat-chuangchoem-347925-1024x682.jpg 1024w, https:\/\/obera.fr\/wp-content\/uploads\/2022\/04\/pexels-aphiwat-chuangchoem-347925-300x200.jpg 300w, https:\/\/obera.fr\/wp-content\/uploads\/2022\/04\/pexels-aphiwat-chuangchoem-347925-768x512.jpg 768w, https:\/\/obera.fr\/wp-content\/uploads\/2022\/04\/pexels-aphiwat-chuangchoem-347925-1536x1024.jpg 1536w, https:\/\/obera.fr\/wp-content\/uploads\/2022\/04\/pexels-aphiwat-chuangchoem-347925-2048x1365.jpg 2048w\" sizes=\"(max-width: 1024px) 100vw, 1024px\" \/><\/figure>\n<\/div>\n\n\n\n<div class=\"wp-block-column is-vertically-aligned-center is-layout-flow wp-block-column-is-layout-flow\" style=\"flex-basis:66.66%\">\n<p><a href=\"https:\/\/obera.fr\/lv\/musu-padoms\/le-rafraichisseur-adiabatique-mobile-repond-aux-situations-de-rafraichissement-durgence-et-aux-besoins-temporaires\/\">Mobil\u0101 iztvaiko\u0161anas dzes\u0113t\u0101ja<\/a> uzst\u0101d\u012b\u0161anas un ekspluat\u0101cijas izmaksas ir iev\u0113rojami zem\u0101kas nek\u0101 standarta gaisa kondicion\u0113\u0161anas iek\u0101rt\u0101m, un tas ir praktiski izmantojams gandr\u012bz jebkur\u0101 silt\u0101 vid\u0113.  <\/p>\n\n\n\n<p>Iztvaic\u0113\u0161anas dzes\u0113\u0161anas iek\u0101rtas izmanto iztvaiko\u0161anas dabisko sp\u0113ku, lai atdzes\u0113tu gaisu telp\u0101. Kad \u016bdens iztvaiko, iztvaiko\u0161anas proces\u0101 tiek pat\u0113r\u0113ta ener\u0123ija; \u0161\u012b ener\u0123ija tiek \u0146emta no gaisa pl\u016bsmas, kas iet caur ier\u012bci, k\u0101 rezult\u0101t\u0101 temperat\u016bra pazemin\u0101s.   <\/p>\n\n\n\n<p>Tas noz\u012bm\u0113, ka, jo silt\u0101ks gaiss ir telp\u0101, jo vair\u0101k \u016bdens var iztvaikot un jo efekt\u012bv\u0101ka k\u013c\u016bst sist\u0113ma. Citiem v\u0101rdiem sakot, j\u016bs sa\u0146emat vair\u0101k dzes\u0113\u0161anas, kad t\u0101 ir visvair\u0101k nepiecie\u0161ama. <\/p>\n<\/div>\n<\/div>\n\n<h2 class=\"wp-block-heading\">K\u0101di ir galvenie adiab\u0101tisk\u0101s iztvaiko\u0161anas dzes\u0113\u0161anas izmanto\u0161anas veidi?<\/h2>\n\n<p><a href=\"https:\/\/obera.fr\/lv\/produits\/rafraichisseurs-air\/\">Adiab\u0101tisko dzes\u0113\u0161anu<\/a> parasti izmanto visur, kur gaisa kondicion\u0113\u0161ana nav iesp\u0113jama, jo to uzst\u0101d\u012b\u0161ana ir p\u0101r\u0101k d\u0101rga vai neiesp\u0113jama.<\/p>\n\n<ul class=\"wp-block-list\">\n<li>\u0112kas, kas ir atv\u0113rtas uz \u0101ru un nav \u013coti herm\u0113tiskas.<\/li>\n\n\n\n<li>Iekrau\u0161anas platforma ar regul\u0101ri atv\u0113rt\u0101m sekciju durv\u012bm<\/li>\n\n\n\n<li>Nepietiekami izol\u0113tas \u0113kas<\/li>\n\n\n\n<li>Darbn\u012bcas un r\u016bpn\u012bcas, kur\u0101s notiek ra\u017eo\u0161anas procesi, kas rada siltumu<\/li>\n\n\n\n<li>Lielas \u0113kas atkl\u0101to darba zonu dzes\u0113\u0161ana (dzes\u0113\u0161anas salas)<\/li>\n\n\n\n<li>Ma\u0161\u012bnu vai tehnisko telpu dzes\u0113\u0161ana (kompresori, motori, s\u016bk\u0146i, tehnisk\u0101s telpas, frekven\u010du p\u0101rveidot\u0101ji utt.).<\/li>\n\n\n\n<li>Darba vietu dzes\u0113\u0161ana pie karst\u0101m iek\u0101rt\u0101m (kr\u0101sn\u012bm, ekstr\u016bderiem, \u017e\u0101v\u0113\u0161anas kr\u0101sn\u012bm utt.).<\/li>\n<\/ul>\n\n<h2 class=\"wp-block-heading\">Kas ir m\u0113r\u0137tiec\u012bga dzes\u0113\u0161ana?<\/h2>\n\n<p>Ar OberA mobilaj\u0101m iek\u0101rt\u0101m var m\u0113r\u0137tiec\u012bgi dzes\u0113t konkr\u0113tas vietas, lai pieg\u0101d\u0101tu v\u0113su gaisu uz konkr\u0113t\u0101m zon\u0101m, kur\u0101s str\u0101d\u0101 darbinieki, net\u0113r\u0113jot ener\u0123iju tuk\u0161u telpu dzes\u0113\u0161anai. Tas ir \u012bpa\u0161i noder\u012bgi liel\u0101s telp\u0101s, kur liel\u0101k\u0101 da\u013ca \u0113kas tiek izmantota uzglab\u0101\u0161anai. <\/p>\n\n<p>Attiec\u012bb\u0101 uz produktivit\u0101ti tas nodro\u0161ina darbiniekiem iesp\u0113ju elast\u012bgi p\u0101rvietot dzes\u0113t\u0101jus p\u0113c vajadz\u012bbas un\/vai novirz\u012bt v\u0113su gaisu uz ma\u0161\u012bn\u0101m, lai samazin\u0101tu d\u012bkst\u0101ves laiku, ko izraisa p\u0101rkar\u0161ana. Turkl\u0101t liel\u0101ku efektivit\u0101ti var pan\u0101kt ar iesp\u0113ju p\u0101rvietot dzes\u0113\u0161anas iek\u0101rtas, ja t\u0101s trauc\u0113 darb\u012bbai. <\/p>\n\n<p>Svar\u012bgi ar\u012b atz\u012bm\u0113t, ka <a href=\"https:\/\/obera.fr\/lv\/musu-padoms\/le-rafraichissement-adiabatique-savere-un-mode-de-climatisation-tres-economique\/\">adiab\u0101tiskie dzes\u0113t\u0101ji dzes\u0113\u0161anai nepat\u0113r\u0113 ener\u0123iju<\/a> (iztvaiko tikai \u016bdens). T\u0101d\u0113j\u0101di tie net\u0113r\u0113 ener\u0123iju un pal\u012bdz samazin\u0101t glob\u0101lo sasil\u0161anu. <\/p>\n\n<p>At\u0161\u0137ir\u012bb\u0101 no, piem\u0113ram, gaisa kondicion\u0113\u0161anas, iztvaiko\u0161anas dzes\u0113\u0161anas proces\u0101 nav nepiecie\u0161amas aukstuma\u0123entas g\u0101zes, no kur\u0101m daudzas ir \u0101rk\u0101rt\u012bgi kait\u012bgas videi. T\u0101 k\u0101 iztvaiko\u0161anas sist\u0113ma sp\u0113j izmantot dabisko iztvaiko\u0161anas sp\u0113ku un tai ir zems ener\u0123ijas pat\u0113ri\u0146\u0161, <strong>iztvaic\u0113jo\u0161\u0101 dzes\u0113\u0161ana ir viens no videi visdraudz\u012bg\u0101kajiem dzes\u0113\u0161anas risin\u0101jumiem<\/strong>.   <\/p>\n\n<p>T\u0101d\u0113j\u0101di iztvaiko\u0161anas dzes\u0113\u0161ana ne tikai pazemina temperat\u016bru j\u016bsu telp\u0101s, lai palielin\u0101tu produktivit\u0101ti, bet ar\u012b pal\u012bdz samazin\u0101t oglek\u013ca dioks\u012bda emisijas nospiedumu.<\/p>\n\n<h3 class=\"wp-block-heading\">S\u0101ciet palielin\u0101t savu produktivit\u0101ti jau \u0161odien  <\/h3>\n\n<p>Sazinieties ar m\u016bsu ekspertu komandu, lai atrastu visefekt\u012bv\u0101kos risin\u0101jumus produktivit\u0101tes palielin\u0101\u0161anai un dro\u0161as, \u0113rtas darba vides rad\u012b\u0161anai j\u016bsu darbiniekiem.<\/p>\n\n<div class=\"wp-block-buttons is-content-justification-center is-layout-flex wp-container-core-buttons-is-layout-a89b3969 wp-block-buttons-is-layout-flex\">\n<div class=\"wp-block-button\"><a class=\"wp-block-button__link wp-element-button\" href=\"https:\/\/obera.fr\/lv\/contact\/\">Sazinieties ar mums<\/a><\/div>\n<\/div>\n","protected":false},"excerpt":{"rendered":"<p>Neatkar\u012bgi no t\u0101, vai iemesls ir karstuma periodi vai ra\u017eo\u0161anas process, kas rada karstumu, r\u016bpnieciska m\u0113roga ra\u017eo\u0161anas telpas \u0101rk\u0101rt\u012bgi \u0101tri var k\u013c\u016bt par \u013coti karstu vidi. Izlasiet m\u016bsu ieteikumus, k\u0101 palielin\u0101t produktivit\u0101ti ar iztvaiko\u0161anas gaisa dzes\u0113\u0161anu. <\/p>\n","protected":false},"author":4,"featured_media":96740,"comment_status":"open","ping_status":"closed","sticky":false,"template":"","format":"standard","meta":{"_acf_changed":false,"_seopress_robots_primary_cat":"none","_seopress_titles_title":"Produktivit\u0101tes ieguvumi no iztvaiko\u0161anas dzes\u0113\u0161anas","_seopress_titles_desc":"Uzziniet, k\u0101du produktivit\u0101tes pieaugumu j\u016bsu darba telpai var sniegt iztvaiko\u0161anas gaisa dzes\u0113\u0161anas sist\u0113ma.","_seopress_robots_index":"","footnotes":""},"categories":[132],"tags":[133],"class_list":["post-96798","post","type-post","status-publish","format-standard","has-post-thumbnail","hentry","category-musu-padoms","tag-entete-maza","generate-columns","tablet-grid-50","mobile-grid-100","grid-parent","grid-50","no-featured-image-padding","resize-featured-image"],"acf":[],"_links":{"self":[{"href":"https:\/\/obera.fr\/lv\/wp-json\/wp\/v2\/posts\/96798","targetHints":{"allow":["GET"]}}],"collection":[{"href":"https:\/\/obera.fr\/lv\/wp-json\/wp\/v2\/posts"}],"about":[{"href":"https:\/\/obera.fr\/lv\/wp-json\/wp\/v2\/types\/post"}],"author":[{"embeddable":true,"href":"https:\/\/obera.fr\/lv\/wp-json\/wp\/v2\/users\/4"}],"replies":[{"embeddable":true,"href":"https:\/\/obera.fr\/lv\/wp-json\/wp\/v2\/comments?post=96798"}],"version-history":[{"count":1,"href":"https:\/\/obera.fr\/lv\/wp-json\/wp\/v2\/posts\/96798\/revisions"}],"predecessor-version":[{"id":96799,"href":"https:\/\/obera.fr\/lv\/wp-json\/wp\/v2\/posts\/96798\/revisions\/96799"}],"wp:featuredmedia":[{"embeddable":true,"href":"https:\/\/obera.fr\/lv\/wp-json\/wp\/v2\/media\/96740"}],"wp:attachment":[{"href":"https:\/\/obera.fr\/lv\/wp-json\/wp\/v2\/media?parent=96798"}],"wp:term":[{"taxonomy":"category","embeddable":true,"href":"https:\/\/obera.fr\/lv\/wp-json\/wp\/v2\/categories?post=96798"},{"taxonomy":"post_tag","embeddable":true,"href":"https:\/\/obera.fr\/lv\/wp-json\/wp\/v2\/tags?post=96798"}],"curies":[{"name":"wp","href":"https:\/\/api.w.org\/{rel}","templated":true}]}}