{"id":97842,"date":"2021-09-03T10:30:49","date_gmt":"2021-09-03T08:30:49","guid":{"rendered":"https:\/\/obera.fr\/nase-rada\/etude-de-l-air-lutte-contre-le-covid\/"},"modified":"2025-05-07T09:06:17","modified_gmt":"2025-05-07T07:06:17","slug":"etude-de-l-air-lutte-contre-le-covid","status":"publish","type":"post","link":"https:\/\/obera.fr\/lv\/musu-padoms\/etude-de-l-air-lutte-contre-le-covid\/","title":{"rendered":"Ko m\u0113s varam m\u0101c\u012bties no gaisa izp\u0113tes c\u012b\u0146\u0101 pret COVID-19?"},"content":{"rendered":"\n<h2 class=\"wp-block-heading\">Vai COVID-19 var izm\u0113r\u012bt gais\u0101?<\/h2>\n\n<p>Pa\u0161laik nav iesp\u0113jams viegli un prec\u012bzi izm\u0113r\u012bt COVID-19 gais\u0101, ta\u010du ir iesp\u0113jams analiz\u0113t gais\u0101 eso\u0161o CO2 un aerosolus. \u0160ie divi faktori ir svar\u012bgi, lai nov\u0113rt\u0113tu <a href=\"https:\/\/obera.fr\/lv\/musu-padoms\/purificateurs-air-efficaces-coronavirus\/\" data-type=\"post\" data-id=\"2074\">COVID-19 kl\u0101tb\u016btni gais\u0101<\/a>. Aerosoli ir v\u012brusu p\u0101rvieto\u0161an\u0101s l\u012bdzeklis. Jo augst\u0101ks aerosolu l\u012bmenis, jo vair\u0101k veidu, k\u0101 v\u012brusi var cirkul\u0113t&#8230; CO2 m\u0113r\u012bjumi pied\u0101v\u0101 ekonomisku risin\u0101jumu, lai klasific\u0113tu pa\u0161reiz\u0113jo potenci\u0101li infekciozu aerosolu risku. Ja m\u0113s atrodamies telp\u0101, kur\u0101 ir vair\u0101ki cilv\u0113ki, CO2 koncentr\u0101cijas m\u0113r\u012b\u0161ana \u013cauj noteikt, cik procentu\u0101li m\u016bsu ieelpot\u0101 gaisa sast\u0101v no gaisa, ko jau izelpoju\u0161i citi cilv\u0113ki. Masas bilance r\u0101da, ka izm\u0113r\u012bt\u0101 CO2 koncentr\u0101cija aptuveni 1200 ppm (miljonda\u013cu) noz\u012bm\u0113, ka gandr\u012bz 2 % no telp\u0101 eso\u0161\u0101 gaisa jau vismaz vienu reizi ir biju\u0161i saskar\u0113 ar plau\u0161\u0101m.        <\/p>\n\n<p>T\u0101p\u0113c CO2 m\u0113r\u012bjumi ir labs r\u0101d\u012bt\u0101js, lai atv\u0113rtu logus un v\u0113din\u0101tu telpas.<\/p>\n\n<div class=\"wp-block-buttons is-horizontal is-content-justification-center is-layout-flex wp-container-core-buttons-is-layout-03627597 wp-block-buttons-is-layout-flex\">\n<div class=\"wp-block-button\"><a class=\"wp-block-button__link wp-element-button\" href=\"https:\/\/obera.fr\/lv\/musu-padoms\/comparer-prix-achat-purificateurs-air-anti-virus-covid-19\/\">COVID-19 pretv\u012brusu un OBERA antibakteri\u0101lie gaisa att\u012br\u012bt\u0101ji: sal\u012bdziniet pirms pirk\u0161anas<\/a><\/div>\n<\/div>\n\n<h2 class=\"wp-block-heading\">K\u0101di gaisa kvalit\u0101tes parametri var samazin\u0101t COVID-19 pies\u0101r\u0146ojuma risku?<\/h2>\n\n<p>K\u0101 paskaidrots iepriek\u0161, CO2 ir svar\u012bga loma COVID-19 pies\u0101r\u0146ojuma riska samazin\u0101\u0161an\u0101. Jo augst\u0101ks CO2 l\u012bmenis, jo liel\u0101ks pilienu skaits gais\u0101 var p\u0101rn\u0113s\u0101t v\u012brusu un infic\u0113t telp\u0101 eso\u0161os cilv\u0113kus. Ja CO2 l\u012bmenis ir augsts, ir \u013coti svar\u012bgi v\u0113din\u0101t caur logiem, lai samazin\u0101tu CO2 l\u012bmeni un vienlaikus ar\u012b pilienu skaitu.  <\/p>\n\n<blockquote class=\"wp-block-quote is-layout-flow wp-block-quote-is-layout-flow\">\n<p>Papildinform\u0101cija: <a href=\"https:\/\/obera.fr\/conseils\/mesure-capteur-co2-lutter-contre-transmission-virus-covid-19\/\" data-type=\"URL\" data-id=\"https:\/\/obera.fr\/conseils\/mesure-capteur-co2-lutter-contre-transmission-virus-covid-19\/\">K\u0101 ar sensora CO2 m\u0113r\u012bjumiem var efekt\u012bvi c\u012bn\u012bties pret v\u012brusa p\u0101rn\u0113s\u0101\u0161anu<\/a>?<\/p>\n<\/blockquote>\n\n<h2 class=\"wp-block-heading\">Vai past\u0101v saikne starp gaisa kvalit\u0101ti, pies\u0101r\u0146ojumu un <meta charset=\"utf-8\"\/>COVID-19 p\u0101rn\u0113s\u0101\u0161anu?<\/h2>\n\n<p>2020. gada pavasar\u012b It\u0101lijas zin\u0101tnieku un Grenobles zin\u0101tnieku komanda nov\u0113roja liel\u0101ku infic\u0113\u0161an\u0101s gad\u012bjumu skaitu Lombardijas re\u0123ion\u0101 nek\u0101 p\u0101r\u0113j\u0101 It\u0101lij\u0101. Vi\u0146i atkl\u0101ja saist\u012bbu starp sliktu gaisa kvalit\u0101ti un koronav\u012brusa cirkul\u0101ciju. Faktiski p\u0113t\u012bjums par\u0101d\u012bja, ka v\u012bruss apmetas uz pies\u0101r\u0146ojuma da\u013ci\u0146\u0101m, jo t\u0101s ir ide\u0101li veidotas, lai koronav\u012bruss tur var\u0113tu justies k\u0101 m\u0101j\u0101s un tikt p\u0101rnests pa gaisu. \u0160\u012bs da\u013ci\u0146as ir tik labi piel\u0101gotas, ka t\u0101s \u013cauj koronav\u012brusam b\u016bt aizsarg\u0101tam ar\u012b no UV stariem, lai tas var\u0113tu ilg\u0101k saglab\u0101t dz\u012bv\u012bbu.   <\/p>\n\n<h2 class=\"wp-block-heading\">K\u0101p\u0113c pies\u0101r\u0146ojuma risks atkl\u0101t\u0101s telp\u0101s ir maz\u0101ks nek\u0101 \u0113k\u0101s?<\/h2>\n\n<p>Pies\u0101r\u0146ojuma risks sl\u0113gt\u0101s telp\u0101s ir liel\u0101ks tikai t\u0101p\u0113c, ka taj\u0101s nav gaisa apmai\u0146as vai kust\u012bbas. Sienas un griesti &#8220;ieslogo&#8221; gaisu. T\u0101p\u0113c gais\u0101 ir daudz CO2 un l\u012bdz ar to ar\u012b v\u012brusu p\u0101rn\u0113s\u0101jo\u0161u da\u013ci\u0146u, kas paliek gais\u0101. \u0100r\u0101 gaiss cirkul\u0113 un da\u013ci\u0146as ar\u012b, t\u0101p\u0113c t\u0101m nav laika p\u0101rn\u0113s\u0101t v\u012brusu. Ja t\u0101s p\u0101rn\u0113s\u0101tu v\u012brusu, t\u0101s nekav\u0113joties virz\u012btos uz aug\u0161u, \u012bpa\u0161i karst\u0101 laik\u0101.   <\/p>\n\n<blockquote class=\"wp-block-quote is-layout-flow wp-block-quote-is-layout-flow\">\n<p>Turpin\u0101t t\u0101l\u0101k : <a href=\"https:\/\/obera.fr\/conseils\/purifier-air-contre-covid-locaux-entreprise-tertiaires\/\" data-type=\"URL\" data-id=\"https:\/\/obera.fr\/conseils\/purifier-air-contre-covid-locaux-entreprise-tertiaires\/\">K\u0101 att\u012br\u012bt gaisu sav\u0101s uz\u0146\u0113muma telp\u0101s un komerctelp\u0101s no v\u012brusiem, bakt\u0113rij\u0101m un COVID<\/a>?<\/p>\n<\/blockquote>\n","protected":false},"excerpt":{"rendered":"<p>Ir iesp\u0113jams analiz\u0113t gais\u0101 eso\u0161o CO2 un aerosolus. \u0160ie divi faktori ir svar\u012bgi, lai nov\u0113rt\u0113tu kov\u012bdu kl\u0101tb\u016btni gais\u0101. Ar aerosoliem v\u012brusi p\u0101rvietojas. Jo augst\u0101ks aerosola l\u012bmenis, jo vair\u0101k ir veidu, k\u0101 v\u012bruss var cirkul\u0113t&#8230;   <\/p>\n","protected":false},"author":4,"featured_media":97741,"comment_status":"closed","ping_status":"closed","sticky":false,"template":"","format":"standard","meta":{"_acf_changed":false,"_seopress_robots_primary_cat":"none","_seopress_titles_title":"Gaisa p\u0113t\u012bjumi un c\u012b\u0146a pret COVID-19: piln\u012bgs ce\u013cvedis","_seopress_titles_desc":"Ir iesp\u0113jams analiz\u0113t gais\u0101 eso\u0161o CO2 un aerosolus. \u0160ie divi faktori ir svar\u012bgi, lai nov\u0113rt\u0113tu COVID-19 kl\u0101tb\u016btni gais\u0101. ","_seopress_robots_index":"","footnotes":""},"categories":[132],"tags":[133],"class_list":["post-97842","post","type-post","status-publish","format-standard","has-post-thumbnail","hentry","category-musu-padoms","tag-entete-maza","generate-columns","tablet-grid-50","mobile-grid-100","grid-parent","grid-50","no-featured-image-padding","resize-featured-image"],"acf":[],"_links":{"self":[{"href":"https:\/\/obera.fr\/lv\/wp-json\/wp\/v2\/posts\/97842","targetHints":{"allow":["GET"]}}],"collection":[{"href":"https:\/\/obera.fr\/lv\/wp-json\/wp\/v2\/posts"}],"about":[{"href":"https:\/\/obera.fr\/lv\/wp-json\/wp\/v2\/types\/post"}],"author":[{"embeddable":true,"href":"https:\/\/obera.fr\/lv\/wp-json\/wp\/v2\/users\/4"}],"replies":[{"embeddable":true,"href":"https:\/\/obera.fr\/lv\/wp-json\/wp\/v2\/comments?post=97842"}],"version-history":[{"count":1,"href":"https:\/\/obera.fr\/lv\/wp-json\/wp\/v2\/posts\/97842\/revisions"}],"predecessor-version":[{"id":97845,"href":"https:\/\/obera.fr\/lv\/wp-json\/wp\/v2\/posts\/97842\/revisions\/97845"}],"wp:featuredmedia":[{"embeddable":true,"href":"https:\/\/obera.fr\/lv\/wp-json\/wp\/v2\/media\/97741"}],"wp:attachment":[{"href":"https:\/\/obera.fr\/lv\/wp-json\/wp\/v2\/media?parent=97842"}],"wp:term":[{"taxonomy":"category","embeddable":true,"href":"https:\/\/obera.fr\/lv\/wp-json\/wp\/v2\/categories?post=97842"},{"taxonomy":"post_tag","embeddable":true,"href":"https:\/\/obera.fr\/lv\/wp-json\/wp\/v2\/tags?post=97842"}],"curies":[{"name":"wp","href":"https:\/\/api.w.org\/{rel}","templated":true}]}}